{"id":2770,"date":"2025-01-05T18:09:33","date_gmt":"2025-01-05T10:09:33","guid":{"rendered":"https:\/\/lydenim.com\/?p=2770"},"modified":"2025-08-23T16:03:00","modified_gmt":"2025-08-23T08:03:00","slug":"the-manufacturing-process-of-denim-fabric-from-raw-material-to-finished-product","status":"publish","type":"post","link":"https:\/\/lydenim.com\/es\/el-proceso-de-fabricacion-de-la-tela-vaquera-desde-la-materia-prima-hasta-el-producto-terminado-2\/","title":{"rendered":"El proceso de fabricaci\u00f3n del tejido vaquero: desde la materia prima hasta el producto terminado"},"content":{"rendered":"<article class=\"group\/turn w-full text-token-text-primary focus-visible:outline-2 focus-visible:outline-offset-[-4px]\" dir=\"auto\" tabindex=\"-1\" data-testid=\"conversation-turn-5\" data-scroll-anchor=\"false\">\n<div class=\"text-base my-auto mx-auto py-[18px] px-6\">\n<div class=\"mx-auto flex flex-1 text-base gap-4 md:gap-5 lg:gap-6 md:max-w-3xl lg:max-w-[40rem] xl:max-w-[48rem]\">\n<div class=\"group\/conversation-turn relative flex w-full min-w-0 flex-col @xs\/thread:px-0 @sm\/thread:px-1.5 @md\/thread:px-4\">\n<div class=\"flex-col gap-1 md:gap-3\">\n<div class=\"flex max-w-full flex-col flex-grow\">\n<div class=\"min-h-8 text-message relative flex w-full flex-col items-end gap-2 whitespace-normal break-words text-start [.text-message+&amp;]:mt-5\" dir=\"auto\" data-message-author-role=\"user\" data-message-id=\"a7df86d0-eeb8-4d6b-8c95-66646d5d5d95\">\n<div class=\"w-full\">\n<div class=\"flex w-full flex-col gap-1 empty:hidden items-end rtl:items-start\">\n<div class=\"relative max-w-[var(--user-chat-width,70%)] rounded-3xl bg-token-message-surface px-5 py-2.5\">\n<div class=\"whitespace-pre-wrap\">\n<h2 dir=\"auto\">Tiempo estimado de lectura: ~5 minutos<\/h2>\n<h2 dir=\"auto\">Introducci\u00f3n a <strong>Producci\u00f3n de tela vaquera<\/strong><\/h2>\n<p dir=\"auto\"><strong>Producci\u00f3n de tejido de mezclilla<\/strong> crea uno de los textiles m\u00e1s emblem\u00e1ticos del mundo, famoso por su <strong>durabilidad<\/strong>Comodidad y un atractivo atemporal. Desde ropa de trabajo resistente hasta prendas b\u00e1sicas de alta costura, el encanto \u00fanico del denim proviene de un proceso meticuloso que transforma el algod\u00f3n crudo en prendas elegantes. Esta gu\u00eda explora las cinco etapas clave de... <strong>producci\u00f3n de tela vaquera<\/strong>\u2014Selecci\u00f3n del algod\u00f3n, hilado y te\u00f1ido, tejido, postratamiento y acabado\u2014 revelando c\u00f3mo cada paso contribuye al legado perdurable de la mezclilla. Ya seas dise\u00f1ador o aficionado, comprender este proceso te permitir\u00e1 descubrir los secretos de la versatilidad de la mezclilla.<\/p>\n<h2 dir=\"auto\">Selecci\u00f3n de materia prima<\/h2>\n<h3 dir=\"auto\">C\u00f3mo elegir algod\u00f3n de alta calidad<\/h3>\n<p dir=\"auto\">La fundaci\u00f3n de <strong>producci\u00f3n de tela vaquera<\/strong> radica en seleccionar <strong>algod\u00f3n de alta calidad<\/strong>. <strong>Algod\u00f3n de fibra larga<\/strong> Se prefiere por sus fibras m\u00e1s largas, que crean un tejido m\u00e1s suave y apretado, mejorando la sensaci\u00f3n de la tela y <strong>durabilidad<\/strong>. De acuerdo a <a href=\"https:\/\/lydenim.com\/es\/guia-de-ventajas-y-desventajas-de-los-tejidos-mas-comunes\/\" target=\"_blank\" rel=\"noopener noreferrer nofollow\">Gu\u00eda de telas de LYDenim<\/a>El algod\u00f3n de primera calidad garantiza una resistencia y comodidad superiores. Muchas marcas optan por... <strong>algod\u00f3n org\u00e1nico<\/strong> Reducir el impacto ambiental, aline\u00e1ndonos con pr\u00e1cticas sustentables y manteniendo la calidad.<\/p>\n<\/div>\n<\/div>\n<\/div>\n<\/div>\n<\/div>\n<\/div>\n<\/div>\n<\/div>\n<\/div>\n<\/div>\n<\/article>\n<article class=\"group\/turn w-full text-token-text-primary focus-visible:outline-2 focus-visible:outline-offset-[-4px]\" dir=\"auto\" tabindex=\"-1\" data-testid=\"conversation-turn-6\" data-scroll-anchor=\"true\">\n<div class=\"text-base my-auto mx-auto py-[18px] px-6\">\n<div class=\"mx-auto flex flex-1 text-base gap-4 md:gap-5 lg:gap-6 md:max-w-3xl lg:max-w-[40rem] xl:max-w-[48rem]\">\n<div class=\"group\/conversation-turn relative flex w-full min-w-0 flex-col agent-turn @xs\/thread:px-0 @sm\/thread:px-1.5 @md\/thread:px-4\">\n<div class=\"flex-col gap-1 md:gap-3\">\n<div class=\"flex max-w-full flex-col flex-grow\">\n<div class=\"min-h-8 text-message relative flex w-full flex-col items-end gap-2 whitespace-normal break-words text-start [.text-message+&amp;]:mt-5\" dir=\"auto\" data-message-author-role=\"assistant\" data-message-id=\"7fff431a-37e0-4657-80e4-d7daacb27947\" data-message-model-slug=\"gpt-4o-mini\">\n<div class=\"flex w-full flex-col gap-1 empty:hidden first:pt-[3px]\">\n<div class=\"markdown prose w-full break-words dark:prose-invert light\">\n<div id=\"attachment_2739\" style=\"width: 310px\" class=\"wp-caption aligncenter\"><img loading=\"lazy\" decoding=\"async\" aria-describedby=\"caption-attachment-2739\" class=\"wp-image-2739\" src=\"https:\/\/lydenim.com\/wp-content\/uploads\/2025\/01\/MJ%E4%B9%8B%E5%A4%A9%E7%A9%BA%E4%B8%8E%E6%A3%89%E8%8A%B1%E8%8C%89%E8%8E%89%E7%89%B9%E5%86%99_1_AI%E8%AE%BE%E8%AE%A1%E5%9C%B0%E9%BC%A0_%E6%9D%A5%E8%87%AA%E5%B0%8F%E7%BA%A2%E4%B9%A6%E7%BD%91%E9%A1%B5%E7%89%88.jpg\" alt=\"Algod\u00f3n\" width=\"300\" height=\"450\" \/><p id=\"caption-attachment-2739\" class=\"wp-caption-text\">Algod\u00f3n<\/p><\/div>\n<div id=\"attachment_2577\" style=\"width: 410px\" class=\"wp-caption aligncenter\"><img loading=\"lazy\" decoding=\"async\" aria-describedby=\"caption-attachment-2577\" class=\"wp-image-2577\" style=\"color: #333333; font-size: 16px;\" src=\"https:\/\/lydenim.com\/wp-content\/uploads\/2024\/12\/\u7eba\u7eb1-1024x683.jpeg\" alt=\"Hilo\" width=\"400\" height=\"267\" srcset=\"https:\/\/lydenim.com\/wp-content\/uploads\/2024\/12\/\u7eba\u7eb1-1024x683.jpeg 1024w, https:\/\/lydenim.com\/wp-content\/uploads\/2024\/12\/\u7eba\u7eb1-150x100.jpeg 150w, https:\/\/lydenim.com\/wp-content\/uploads\/2024\/12\/\u7eba\u7eb1-600x400.jpeg 600w, https:\/\/lydenim.com\/wp-content\/uploads\/2024\/12\/\u7eba\u7eb1-300x200.jpeg 300w, https:\/\/lydenim.com\/wp-content\/uploads\/2024\/12\/\u7eba\u7eb1-768x512.jpeg 768w, https:\/\/lydenim.com\/wp-content\/uploads\/2024\/12\/\u7eba\u7eb1-1536x1025.jpeg 1536w, https:\/\/lydenim.com\/wp-content\/uploads\/2024\/12\/\u7eba\u7eb1-18x12.jpeg 18w, https:\/\/lydenim.com\/wp-content\/uploads\/2024\/12\/\u7eba\u7eb1.jpeg 1619w\" sizes=\"auto, (max-width: 400px) 100vw, 400px\" \/><p id=\"caption-attachment-2577\" class=\"wp-caption-text\">Hilo<\/p><\/div>\n<h2 dir=\"auto\">Hilado y te\u00f1ido<\/h2>\n<h3 dir=\"auto\">Creando mezclilla \u00edndigo<\/h3>\n<p dir=\"auto\">El proceso de te\u00f1ido define el aspecto ic\u00f3nico del denim. <strong>te\u00f1ido \u00edndigo<\/strong> le da al denim su caracter\u00edstico tono azul, que se logra ti\u00f1endo los hilos en lugar de la tela tejida. Las fibras de algod\u00f3n se hilan en <strong>hilo<\/strong>, luego se sumerg\u00edan en ba\u00f1os de \u00edndigo. Este m\u00e9todo, como se indica en <a href=\"https:\/\/lydenim.com\/es\/comprension-de-las-texturas-superficiales-de-la-tela-de-mezclilla-y-las-estructuras-del-tejido-decodificadas\/\" target=\"_blank\" rel=\"noopener noreferrer nofollow\">Gu\u00eda de tejido de LYDenim<\/a>Crea una superficie m\u00e1s oscura con fibras internas m\u00e1s claras, lo que permite una decoloraci\u00f3n natural con el tiempo. El resultado es la profundidad y versatilidad caracter\u00edsticas del denim, perfectas para una est\u00e9tica \u00fanica y desgastada.<\/p>\n<div id=\"attachment_2771\" style=\"width: 410px\" class=\"wp-caption aligncenter\"><img loading=\"lazy\" decoding=\"async\" aria-describedby=\"caption-attachment-2771\" class=\"wp-image-2771\" src=\"https:\/\/lydenim.com\/wp-content\/uploads\/2025\/01\/\u62c9\u7ecf-1024x576.jpg\" alt=\"Preparaci\u00f3n para el te\u00f1ido\" width=\"400\" height=\"225\" srcset=\"https:\/\/lydenim.com\/wp-content\/uploads\/2025\/01\/\u62c9\u7ecf-1024x576.jpg 1024w, https:\/\/lydenim.com\/wp-content\/uploads\/2025\/01\/\u62c9\u7ecf-scaled-150x84.jpg 150w, https:\/\/lydenim.com\/wp-content\/uploads\/2025\/01\/\u62c9\u7ecf-scaled-600x338.jpg 600w, https:\/\/lydenim.com\/wp-content\/uploads\/2025\/01\/\u62c9\u7ecf-300x169.jpg 300w, https:\/\/lydenim.com\/wp-content\/uploads\/2025\/01\/\u62c9\u7ecf-768x432.jpg 768w, https:\/\/lydenim.com\/wp-content\/uploads\/2025\/01\/\u62c9\u7ecf-1536x864.jpg 1536w, https:\/\/lydenim.com\/wp-content\/uploads\/2025\/01\/\u62c9\u7ecf-2048x1152.jpg 2048w, https:\/\/lydenim.com\/wp-content\/uploads\/2025\/01\/\u62c9\u7ecf-18x10.jpg 18w\" sizes=\"auto, (max-width: 400px) 100vw, 400px\" \/><p id=\"caption-attachment-2771\" class=\"wp-caption-text\">Preparaci\u00f3n para el te\u00f1ido<\/p><\/div>\n<div id=\"attachment_2482\" style=\"width: 410px\" class=\"wp-caption aligncenter\"><img loading=\"lazy\" decoding=\"async\" aria-describedby=\"caption-attachment-2482\" class=\"wp-image-2482\" src=\"https:\/\/lydenim.com\/wp-content\/uploads\/2024\/12\/\u5e8f\u5217-Sequence-01.00_04_02_11.Still015-1024x576.jpg\" alt=\"Te\u00f1ido\" width=\"400\" height=\"225\" srcset=\"https:\/\/lydenim.com\/wp-content\/uploads\/2024\/12\/\u5e8f\u5217-Sequence-01.00_04_02_11.Still015-1024x576.jpg 1024w, https:\/\/lydenim.com\/wp-content\/uploads\/2024\/12\/\u5e8f\u5217-Sequence-01.00_04_02_11.Still015-scaled-150x84.jpg 150w, https:\/\/lydenim.com\/wp-content\/uploads\/2024\/12\/\u5e8f\u5217-Sequence-01.00_04_02_11.Still015-scaled-600x338.jpg 600w, https:\/\/lydenim.com\/wp-content\/uploads\/2024\/12\/\u5e8f\u5217-Sequence-01.00_04_02_11.Still015-300x169.jpg 300w, https:\/\/lydenim.com\/wp-content\/uploads\/2024\/12\/\u5e8f\u5217-Sequence-01.00_04_02_11.Still015-768x432.jpg 768w, https:\/\/lydenim.com\/wp-content\/uploads\/2024\/12\/\u5e8f\u5217-Sequence-01.00_04_02_11.Still015-1536x864.jpg 1536w, https:\/\/lydenim.com\/wp-content\/uploads\/2024\/12\/\u5e8f\u5217-Sequence-01.00_04_02_11.Still015-2048x1152.jpg 2048w, https:\/\/lydenim.com\/wp-content\/uploads\/2024\/12\/\u5e8f\u5217-Sequence-01.00_04_02_11.Still015-18x10.jpg 18w, https:\/\/lydenim.com\/wp-content\/uploads\/2024\/12\/\u5e8f\u5217-Sequence-01.00_04_02_11.Still015-scaled-1281x720.jpg 1281w\" sizes=\"auto, (max-width: 400px) 100vw, 400px\" \/><p id=\"caption-attachment-2482\" class=\"wp-caption-text\">Te\u00f1ido<\/p><\/div>\n<h2 dir=\"auto\">Tejer<\/h2>\n<h3 dir=\"auto\">La cl\u00e1sica estructura de sarga<\/h3>\n<p dir=\"auto\">La textura distintiva del denim proviene de su <strong>tejido de sarga<\/strong>, donde menos hilos de urdimbre (verticales) se entrelazan con m\u00e1s hilos de trama (horizontales), formando l\u00edneas diagonales. Esta estructura, detallada en <a href=\"https:\/\/lydenim.com\/es\/comprension-de-las-texturas-superficiales-de-la-tela-de-mezclilla-y-las-estructuras-del-tejido-decodificadas\/\" target=\"_blank\" rel=\"noopener noreferrer nofollow\">Gu\u00eda de tejido de LYDenim<\/a>, mejora <strong>durabilidad<\/strong> y flexibilidad al tiempo que le da al denim su apariencia reconocible. El <strong>Sarga 3\/1<\/strong> Es est\u00e1ndar y equilibra resistencia y ca\u00edda, lo que lo hace ideal para jeans y chaquetas.<\/p>\n<div id=\"attachment_2493\" style=\"width: 410px\" class=\"wp-caption aligncenter\"><img loading=\"lazy\" decoding=\"async\" aria-describedby=\"caption-attachment-2493\" class=\"wp-image-2493\" src=\"https:\/\/lydenim.com\/wp-content\/uploads\/2024\/12\/\u5e8f\u5217-Sequence-01.00_05_01_21.Still026-scaled-e1734622662986-1024x486.jpg\" alt=\"Tejer\" width=\"400\" height=\"190\" srcset=\"https:\/\/lydenim.com\/wp-content\/uploads\/2024\/12\/\u5e8f\u5217-Sequence-01.00_05_01_21.Still026-scaled-e1734622662986-1024x486.jpg 1024w, https:\/\/lydenim.com\/wp-content\/uploads\/2024\/12\/\u5e8f\u5217-Sequence-01.00_05_01_21.Still026-scaled-e1734622662986-150x71.jpg 150w, https:\/\/lydenim.com\/wp-content\/uploads\/2024\/12\/\u5e8f\u5217-Sequence-01.00_05_01_21.Still026-scaled-e1734622662986-600x285.jpg 600w, https:\/\/lydenim.com\/wp-content\/uploads\/2024\/12\/\u5e8f\u5217-Sequence-01.00_05_01_21.Still026-scaled-e1734622662986-300x142.jpg 300w, https:\/\/lydenim.com\/wp-content\/uploads\/2024\/12\/\u5e8f\u5217-Sequence-01.00_05_01_21.Still026-scaled-e1734622662986-768x364.jpg 768w, https:\/\/lydenim.com\/wp-content\/uploads\/2024\/12\/\u5e8f\u5217-Sequence-01.00_05_01_21.Still026-scaled-e1734622662986-1536x728.jpg 1536w, https:\/\/lydenim.com\/wp-content\/uploads\/2024\/12\/\u5e8f\u5217-Sequence-01.00_05_01_21.Still026-scaled-e1734622662986-2048x971.jpg 2048w, https:\/\/lydenim.com\/wp-content\/uploads\/2024\/12\/\u5e8f\u5217-Sequence-01.00_05_01_21.Still026-scaled-e1734622662986-18x9.jpg 18w\" sizes=\"auto, (max-width: 400px) 100vw, 400px\" \/><p id=\"caption-attachment-2493\" class=\"wp-caption-text\">Tejer<\/p><\/div>\n<h2 dir=\"auto\">Post-tratamiento<\/h2>\n<h3 dir=\"auto\">Suavizado y peinado<\/h3>\n<p dir=\"auto\">Despu\u00e9s del tejido, el denim se somete a <strong>postratamiento<\/strong> para lograr la sensaci\u00f3n y el aspecto deseados. Procesos como <strong>lavado<\/strong>, el cepillado y el blanqueamiento suavizan la tela y realzan <strong>que absorbe la humedad<\/strong> propiedades. El <strong>lavado a la piedra<\/strong> t\u00e9cnica, descrita en <a href=\"https:\/\/lydenim.com\/es\/encogimiento-de-la-tela-como-prevenirlo\/\" target=\"_blank\" rel=\"noopener noreferrer nofollow\">Gu\u00eda de encogimiento de LYDenim<\/a>Utiliza piedra p\u00f3mez para crear un efecto vintage descolorido natural, que aumenta la comodidad y el estilo. Estos tratamientos transforman la mezclilla \u00e1spera en un tejido suave y usable.<\/p>\n<div id=\"attachment_2757\" style=\"width: 410px\" class=\"wp-caption aligncenter\"><img loading=\"lazy\" decoding=\"async\" aria-describedby=\"caption-attachment-2757\" class=\"wp-image-2757\" src=\"https:\/\/lydenim.com\/wp-content\/uploads\/2025\/01\/%E4%B8%8B%E8%BD%BD-2.jpeg\" alt=\"Post-tratamiento\" width=\"400\" height=\"400\" \/><p id=\"caption-attachment-2757\" class=\"wp-caption-text\">Post-tratamiento<\/p><\/div>\n<h2 dir=\"auto\">Refinamiento<\/h2>\n<h3 dir=\"auto\">Elaboraci\u00f3n de prendas de mezclilla<\/h3>\n<p dir=\"auto\">La etapa final de <strong>producci\u00f3n de tela vaquera<\/strong> implica <strong>acabado de prendas<\/strong>Los dise\u00f1adores cortan y cosen la mezclilla en <strong>vaqueros<\/strong>Chaquetas, faldas y m\u00e1s, incorporando detalles como remaches o costuras para seguir las tendencias de la moda. Este paso combina la artesan\u00eda con la creatividad, garantizando que la mezclilla satisfaga las preferencias del consumidor tanto en estilo como en funcionalidad, como se destaca en <a href=\"https:\/\/lydenim.com\/es\/guia-de-ventajas-y-desventajas-de-los-tejidos-mas-comunes\/\" target=\"_blank\" rel=\"noopener noreferrer nofollow\">Gu\u00eda de telas de LYDenim<\/a>.<\/p>\n<div id=\"attachment_2471\" style=\"width: 410px\" class=\"wp-caption aligncenter\"><img loading=\"lazy\" decoding=\"async\" aria-describedby=\"caption-attachment-2471\" class=\"wp-image-2471\" src=\"https:\/\/lydenim.com\/wp-content\/uploads\/2024\/12\/pexels-cottonbro-7764611-683x1024.jpg\" alt=\"Vestidos\" width=\"400\" height=\"426\" \/><p id=\"caption-attachment-2471\" class=\"wp-caption-text\">Vestidos<\/p><\/div>\n<h2 dir=\"auto\">Conclusi\u00f3n<\/h2>\n<p dir=\"auto\"><strong>Producci\u00f3n de tejido de mezclilla<\/strong> es una mezcla de tradici\u00f3n e innovaci\u00f3n, transformando <strong>algod\u00f3n de alta calidad<\/strong> en un tejido vers\u00e1til y duradero. Desde <strong>te\u00f1ido \u00edndigo<\/strong> a <strong>tejido de sarga<\/strong> y <strong>lavado a piedra<\/strong>Cada paso crea el encanto ic\u00f3nico de la mezclilla. Comprender este proceso permite a dise\u00f1adores y consumidores apreciar su encanto atemporal. Para m\u00e1s informaci\u00f3n, explora nuestras gu\u00edas sobre Consejos para el Cuidado de la Mezclilla o la Gu\u00eda de Dise\u00f1o Textil.<\/p>\n<h2 dir=\"auto\">Servicios de personalizaci\u00f3n de LYDENIM<\/h2>\n<p dir=\"auto\">\ud83c\udfa8 Quiero <strong>telas de mezclilla personalizadas<\/strong> o\u00a0 <strong>\u00fanico<\/strong> <strong>prenda de mezclilla personalizada<\/strong>?LYDENIM se especializa en soluciones a medida para satisfacer sus necesidades de dise\u00f1o y producci\u00f3n.<\/p>\n<p dir=\"auto\">\ud83d\udecd\ufe0f <strong>Explora e insp\u00edrate<\/strong>:Explore nuestra selecci\u00f3n de telas y descubra ideas de dise\u00f1o en <a href=\"https:\/\/lydenim.com\/es\/\" target=\"_blank\" rel=\"noopener noreferrer nofollow\">LYDenim<\/a>.<\/p>\n<p dir=\"auto\">\ud83c\udf10 <strong>Ropa el\u00e1stica<\/strong>:Consulta nuestras ofertas en <a href=\"http:\/\/liangyuantextile.m.en.alibaba.com\" target=\"_blank\" rel=\"noopener noreferrer nofollow\">Mi Alibaba<\/a>. \ud83d\udce9 <strong>Contacto<\/strong>:Comun\u00edquese con nosotros en <a href=\"mailto:malone@lydenim.com\" target=\"_blank\" rel=\"noopener noreferrer nofollow\">malone@lydenim.com<\/a>.<\/p>\n<p dir=\"auto\">Crea tu obra maestra en denim con LYDENIM, tu socio de confianza para <strong>tejido el\u00e1stico<\/strong> y <strong>soluciones de mezclilla personalizadas<\/strong>.<\/p>\n<\/div>\n<\/div>\n<\/div>\n<\/div>\n<\/div>\n<\/div>\n<\/div>\n<\/div>\n<\/article>","protected":false},"excerpt":{"rendered":"<p>Tiempo estimado de lectura: ~5 minutos Introducci\u00f3n a la producci\u00f3n de tela de mezclilla La producci\u00f3n de tela de mezclilla crea una de las telas m\u00e1s ic\u00f3nicas del mundo.<\/p>","protected":false},"author":1,"featured_media":2833,"comment_status":"open","ping_status":"open","sticky":false,"template":"","format":"standard","meta":{"two_page_speed":[],"footnotes":""},"categories":[67],"tags":[],"class_list":["post-2770","post","type-post","status-publish","format-standard","has-post-thumbnail","hentry","category-market"],"aioseo_notices":[],"_links":{"self":[{"href":"https:\/\/lydenim.com\/es\/wp-json\/wp\/v2\/posts\/2770","targetHints":{"allow":["GET"]}}],"collection":[{"href":"https:\/\/lydenim.com\/es\/wp-json\/wp\/v2\/posts"}],"about":[{"href":"https:\/\/lydenim.com\/es\/wp-json\/wp\/v2\/types\/post"}],"author":[{"embeddable":true,"href":"https:\/\/lydenim.com\/es\/wp-json\/wp\/v2\/users\/1"}],"replies":[{"embeddable":true,"href":"https:\/\/lydenim.com\/es\/wp-json\/wp\/v2\/comments?post=2770"}],"version-history":[{"count":8,"href":"https:\/\/lydenim.com\/es\/wp-json\/wp\/v2\/posts\/2770\/revisions"}],"predecessor-version":[{"id":6203,"href":"https:\/\/lydenim.com\/es\/wp-json\/wp\/v2\/posts\/2770\/revisions\/6203"}],"wp:featuredmedia":[{"embeddable":true,"href":"https:\/\/lydenim.com\/es\/wp-json\/wp\/v2\/media\/2833"}],"wp:attachment":[{"href":"https:\/\/lydenim.com\/es\/wp-json\/wp\/v2\/media?parent=2770"}],"wp:term":[{"taxonomy":"category","embeddable":true,"href":"https:\/\/lydenim.com\/es\/wp-json\/wp\/v2\/categories?post=2770"},{"taxonomy":"post_tag","embeddable":true,"href":"https:\/\/lydenim.com\/es\/wp-json\/wp\/v2\/tags?post=2770"}],"curies":[{"name":"wp","href":"https:\/\/api.w.org\/{rel}","templated":true}]}}