{"id":2776,"date":"2025-01-06T16:00:09","date_gmt":"2025-01-06T08:00:09","guid":{"rendered":"https:\/\/lydenim.com\/?p=2776"},"modified":"2025-08-23T16:03:34","modified_gmt":"2025-08-23T08:03:34","slug":"denim-from-workwear-to-fashion-icon-a-journey-through-time","status":"publish","type":"post","link":"https:\/\/lydenim.com\/es\/el-denim-de-ropa-de-trabajo-a-icono-de-la-moda-un-viaje-a-traves-del-tiempo\/","title":{"rendered":"El denim: de la ropa de trabajo al icono de la moda: un viaje a trav\u00e9s del tiempo"},"content":{"rendered":"<h2 dir=\"auto\">Tiempo estimado de lectura: ~5 minutos<\/h2>\n<h2 dir=\"auto\">Introducci\u00f3n a <strong>Tela de mezclilla<\/strong><\/h2>\n<p dir=\"auto\"><strong>Tela vaquera<\/strong>, famoso por su <strong>durabilidad<\/strong> y versatilidad, ocupa un lugar \u00fanico en el mundo textil. Con or\u00edgenes que se remontan a Nimes, Francia, en el siglo XVII, la historia de este tejido es una mezcla de artesan\u00eda, significado cultural e innovaci\u00f3n. El t\u00e9rmino \u00abdenim\u00bb proviene de la frase francesa \u00ab<a href=\"https:\/\/en.wikipedia.org\/wiki\/Denim\">Serge de Nimes<\/a>\u201d, refiri\u00e9ndose a una tela de sarga resistente, inicialmente hecha de lana o una mezcla de lana y seda. Con el tiempo, se transform\u00f3 en un material a base de algod\u00f3n, reconocido por su robustez y comodidad.<\/p>\n<h2 dir=\"auto\">La evoluci\u00f3n hist\u00f3rica de <strong>Tela de mezclilla<\/strong><\/h2>\n<p dir=\"auto\">En el siglo XVIII, <strong>tela de mezclilla<\/strong> gan\u00f3 relevancia en Estados Unidos, especialmente entre los trabajadores que valoraban su resistencia a los entornos laborales exigentes. <strong>tinte \u00edndigo<\/strong>, importado de la India, jug\u00f3 un papel crucial en la identidad de la mezclilla. Este tinte natural le dio a la mezclilla su caracter\u00edstico tono azul, adhiri\u00e9ndose \u00fanicamente a los hilos exteriores de la tela. Esta propiedad \u00fanica permiti\u00f3 que la mezclilla desarrollara un patr\u00f3n de desvanecimiento distintivo con el tiempo, a\u00f1adiendo encanto e individualidad a cada prenda, como se indica en <a href=\"https:\/\/lydenim.com\/es\/comprension-de-las-texturas-superficiales-de-la-tela-de-mezclilla-y-las-estructuras-del-tejido-decodificadas\/\" target=\"_blank\" rel=\"noopener noreferrer nofollow\">Gu\u00eda de tejido de LYDenim<\/a>.<\/p>\n<div style=\"width: 411px\" class=\"wp-caption aligncenter\"><img loading=\"lazy\" decoding=\"async\" class=\"\" src=\"http:\/\/resource.zhoudaosh.com\/files\/cimages\/2018\/20180504\/3fabd67dc690920ca76b8f4cb4b406d81f97d4f7.jpg!shoudaosh_img\" alt=\"trabajadores de mezclilla\" width=\"401\" height=\"314\" \/><p class=\"wp-caption-text\">trabajadores de mezclilla<\/p><\/div>\n<h2 dir=\"auto\">El ascenso de <strong>Tela de mezclilla<\/strong> en la moda<\/h2>\n<p dir=\"auto\">En el siglo XX, <strong>tela de mezclilla<\/strong> hab\u00eda trascendido sus or\u00edgenes utilitarios para convertirse en un s\u00edmbolo de estilo y rebeli\u00f3n. \u00cdconos como <a href=\"https:\/\/en.wikipedia.org\/wiki\/James_Dean\">James Dean<\/a> y<a href=\"https:\/\/en.wikipedia.org\/wiki\/Marilyn_Monroe\"> Marilyn Monroe<\/a> La mezclilla se populariz\u00f3 a mediados del siglo XX, convirti\u00e9ndola en sin\u00f3nimo de juventud desafiante y moderna. Hoy en d\u00eda, es un pilar de la moda mundial, ofreciendo infinitas posibilidades de dise\u00f1o. Desde jeans ajustados hasta chaquetas oversize, la mezclilla se adapta a las tendencias conservando su esencia atemporal. Los avances modernos en la fabricaci\u00f3n textil, como el lavado \u00e1cido y la impresi\u00f3n l\u00e1ser, se detallan en <a href=\"https:\/\/lydenim.com\/es\/guia-de-ventajas-y-desventajas-de-los-tejidos-mas-comunes\/\" target=\"_blank\" rel=\"noopener noreferrer nofollow\">Gu\u00eda de telas de LYDenim<\/a>, han ampliado la versatilidad del denim con acabados recubiertos, brillos met\u00e1licos y detalles adornados.<\/p>\n<p><img loading=\"lazy\" decoding=\"async\" class=\"aligncenter\" src=\"http:\/\/p3.itc.cn\/q_70\/images03\/20201118\/7c5958141ade4009abe079071a2380b5.png\" width=\"400\" height=\"508\" \/>\u00a0 \u00a0 \u00a0 <img loading=\"lazy\" decoding=\"async\" class=\"aligncenter\" src=\"http:\/\/p9.itc.cn\/q_70\/images03\/20201118\/f86fc5b6cc0f468e8c09b47bbc91a870.jpeg\" width=\"400\" height=\"275\" \/><\/p>\n<h2 dir=\"auto\"><strong>Tela de mezclilla<\/strong> Composici\u00f3n y caracter\u00edsticas<\/h2>\n<p dir=\"auto\"><strong>Tela vaquera<\/strong> Se elabora tradicionalmente a partir de <strong>fibras de algod\u00f3n<\/strong> usando un <strong>tejido de sarga<\/strong>, caracterizado por su nervadura diagonal. Este tejido no solo aporta textura, sino que tambi\u00e9n aumenta la resistencia de la tela y... <strong>durabilidad<\/strong>Si bien el denim cl\u00e1sico es algod\u00f3n 100%, las versiones contempor\u00e1neas a menudo incluyen fibras sint\u00e9ticas como elastano para mayor elasticidad o poli\u00e9ster para una mayor durabilidad, como se explica en <a href=\"https:\/\/lydenim.com\/es\/encogimiento-de-la-tela-como-prevenirlo\/\" target=\"_blank\" rel=\"noopener noreferrer nofollow\">Gu\u00eda de encogimiento de LYDenim<\/a>Una de las caracter\u00edsticas m\u00e1s famosas del denim es su capacidad de envejecer con gracia, ya que el uso y el lavado crean desvanecimientos, marcas y patrones \u00fanicos que personalizan cada pieza.<\/p>\n<p><img loading=\"lazy\" decoding=\"async\" class=\"aligncenter\" src=\"https:\/\/i.pinimg.com\/736x\/58\/21\/14\/582114b8b4aa9d468ca56aca26512689.jpg\" alt=\"Imagen de pin de historia\" width=\"400\" height=\"606\" \/><\/p>\n<h2 dir=\"auto\">Importancia cultural de <strong>Tela de mezclilla<\/strong><\/h2>\n<p dir=\"auto\"><strong>Tela vaquera<\/strong>El impacto de la mezclilla va mucho m\u00e1s all\u00e1 de la moda. Se ha convertido en un s\u00edmbolo cultural que representa la resiliencia y la practicidad. Su asociaci\u00f3n con los trabajadores manuales destaca su uso hist\u00f3rico como ropa de trabajo asequible y duradera. El t\u00e9rmino &quot;trabajador&quot; deriva de los uniformes de mezclilla azul que usaban los trabajadores manuales, consolidando as\u00ed el legado de la mezclilla en la historia de la sociedad. Simult\u00e1neamente, la adopci\u00f3n de la mezclilla por parte de subculturas como los punks y los hippies ha consolidado su estatus como tejido universal para la autoexpresi\u00f3n a lo largo de las generaciones.<\/p>\n<p><img loading=\"lazy\" decoding=\"async\" class=\"aligncenter\" src=\"https:\/\/i.pinimg.com\/736x\/de\/e3\/61\/dee361d0ab1aebea26abaecdb9f96b69.jpg\" width=\"404\" height=\"718\" \/>\u00a0 \u00a0 \u00a0 \u00a0 \u00a0<img loading=\"lazy\" decoding=\"async\" class=\"aligncenter\" src=\"https:\/\/i.pinimg.com\/736x\/d0\/36\/0f\/d0360fe6e2e2f73718eeeeffd43ccfd2.jpg\" width=\"404\" height=\"718\" \/><\/p>\n<p><img loading=\"lazy\" decoding=\"async\" class=\"aligncenter\" src=\"https:\/\/i.pinimg.com\/736x\/64\/80\/20\/6480207d261f0c34a352c7193c521336.jpg\" alt=\"imagen de carrusel 0\" width=\"407\" height=\"611\" \/>\u00a0 \u00a0 \u00a0 \u00a0 \u00a0<img loading=\"lazy\" decoding=\"async\" class=\"aligncenter\" src=\"https:\/\/i.pinimg.com\/736x\/37\/9d\/be\/379dbecf7c47f6c66427a74ae2a3e3dc.jpg\" width=\"409\" height=\"614\" \/><\/p>\n<h2 dir=\"auto\">Conclusi\u00f3n<\/h2>\n<p dir=\"auto\"><strong>Tela vaquera<\/strong>La trayectoria de la tela desde las bulliciosas f\u00e1bricas de Nimes hasta su dominio global en la moda moderna subraya su inigualable versatilidad y su atractivo atemporal. Su rica historia, sumada a su capacidad de evoluci\u00f3n y adaptaci\u00f3n, la convierte en una tela \u00fanica. Ya se trate de unos vaqueros desgastados, un elegante vestido vaquero o una chaqueta adornada, <strong>tela de mezclilla<\/strong> Sigue cautivando tanto a dise\u00f1adores como a consumidores. Sigue siendo m\u00e1s que un simple material, un s\u00edmbolo de innovaci\u00f3n, individualidad y estilo atemporal. Para m\u00e1s informaci\u00f3n, explora nuestras gu\u00edas sobre consejos para el cuidado de la mezclilla o la Gu\u00eda de dise\u00f1o textil.<\/p>\n<h2 dir=\"auto\">Servicios de personalizaci\u00f3n de LYDENIM<\/h2>\n<p dir=\"auto\">\ud83c\udfa8 Quiero <strong>telas de mezclilla personalizadas<\/strong> o\u00a0 <strong>\u00fanico<\/strong> <strong>prenda de mezclilla personalizada<\/strong>?LYDENIM se especializa en soluciones a medida para satisfacer sus necesidades de dise\u00f1o y producci\u00f3n.<\/p>\n<p dir=\"auto\">\ud83d\udecd\ufe0f <strong>Explora e insp\u00edrate<\/strong>:Explore nuestra selecci\u00f3n de telas y descubra ideas de dise\u00f1o en <a href=\"https:\/\/lydenim.com\/es\/\" target=\"_blank\" rel=\"noopener noreferrer nofollow\">LYDenim<\/a>.<\/p>\n<p dir=\"auto\">\ud83c\udf10 <strong>Ropa el\u00e1stica<\/strong>:Consulta nuestras ofertas en <a href=\"http:\/\/liangyuantextile.m.en.alibaba.com\" target=\"_blank\" rel=\"noopener noreferrer nofollow\">Mi Alibaba<\/a>. \ud83d\udce9 <strong>Contacto<\/strong>:Comun\u00edquese con nosotros en <a href=\"mailto:malone@lydenim.com\" target=\"_blank\" rel=\"noopener noreferrer nofollow\">malone@lydenim.com<\/a>.<\/p>\n<p dir=\"auto\">Crea tu obra maestra en denim con LYDENIM, tu socio de confianza para <strong>tejido el\u00e1stico<\/strong> y <strong>soluciones de mezclilla personalizadas<\/strong>.<\/p>","protected":false},"excerpt":{"rendered":"<p>Tiempo estimado de lectura: ~5 minutos Introducci\u00f3n a la tela de mezclilla La tela de mezclilla, reconocida por su durabilidad y versatilidad, posee una<\/p>","protected":false},"author":1,"featured_media":2817,"comment_status":"open","ping_status":"open","sticky":false,"template":"","format":"standard","meta":{"two_page_speed":[],"footnotes":""},"categories":[66],"tags":[],"class_list":["post-2776","post","type-post","status-publish","format-standard","has-post-thumbnail","hentry","category-denim-knowledge"],"aioseo_notices":[],"_links":{"self":[{"href":"https:\/\/lydenim.com\/es\/wp-json\/wp\/v2\/posts\/2776","targetHints":{"allow":["GET"]}}],"collection":[{"href":"https:\/\/lydenim.com\/es\/wp-json\/wp\/v2\/posts"}],"about":[{"href":"https:\/\/lydenim.com\/es\/wp-json\/wp\/v2\/types\/post"}],"author":[{"embeddable":true,"href":"https:\/\/lydenim.com\/es\/wp-json\/wp\/v2\/users\/1"}],"replies":[{"embeddable":true,"href":"https:\/\/lydenim.com\/es\/wp-json\/wp\/v2\/comments?post=2776"}],"version-history":[{"count":12,"href":"https:\/\/lydenim.com\/es\/wp-json\/wp\/v2\/posts\/2776\/revisions"}],"predecessor-version":[{"id":6204,"href":"https:\/\/lydenim.com\/es\/wp-json\/wp\/v2\/posts\/2776\/revisions\/6204"}],"wp:featuredmedia":[{"embeddable":true,"href":"https:\/\/lydenim.com\/es\/wp-json\/wp\/v2\/media\/2817"}],"wp:attachment":[{"href":"https:\/\/lydenim.com\/es\/wp-json\/wp\/v2\/media?parent=2776"}],"wp:term":[{"taxonomy":"category","embeddable":true,"href":"https:\/\/lydenim.com\/es\/wp-json\/wp\/v2\/categories?post=2776"},{"taxonomy":"post_tag","embeddable":true,"href":"https:\/\/lydenim.com\/es\/wp-json\/wp\/v2\/tags?post=2776"}],"curies":[{"name":"wp","href":"https:\/\/api.w.org\/{rel}","templated":true}]}}