{"id":2839,"date":"2025-01-09T12:13:55","date_gmt":"2025-01-09T04:13:55","guid":{"rendered":"https:\/\/lydenim.com\/?p=2839"},"modified":"2025-08-23T16:03:44","modified_gmt":"2025-08-23T08:03:44","slug":"denims-journey-from-miners-workwear-to-an-american-icon","status":"publish","type":"post","link":"https:\/\/lydenim.com\/es\/el-viaje-de-los-vaqueros-desde-ropa-de-trabajo-para-mineros-hasta-un-icono-estadounidense\/","title":{"rendered":"El viaje del denim: de la ropa de trabajo de los mineros a un \u00edcono estadounidense"},"content":{"rendered":"<div class=\"flex-1 overflow-hidden @container\/thread\">\n<div class=\"h-full\">\n<div class=\"react-scroll-to-bottom--css-qzpqx-79elbk h-full\">\n<div class=\"react-scroll-to-bottom--css-qzpqx-1n7m0yu\">\n<div class=\"flex flex-col text-sm md:pb-9\">\n<article class=\"w-full scroll-mb-[var(--thread-trailing-height,150px)] text-token-text-primary focus-visible:outline-2 focus-visible:outline-offset-[-4px]\" dir=\"auto\" data-testid=\"conversation-turn-15\" data-scroll-anchor=\"true\">\n<div class=\"m-auto text-base py-[18px] px-3 md:px-4 w-full md:px-5 lg:px-4 xl:px-5\">\n<div class=\"mx-auto flex flex-1 gap-4 text-base md:gap-5 lg:gap-6 md:max-w-3xl lg:max-w-[40rem] xl:max-w-[48rem]\">\n<div class=\"group\/conversation-turn relative flex w-full min-w-0 flex-col agent-turn\">\n<div class=\"flex-col gap-1 md:gap-3\">\n<div class=\"flex max-w-full flex-col flex-grow\">\n<div class=\"min-h-8 text-message flex w-full flex-col items-end gap-2 whitespace-normal break-words text-start [.text-message+&amp;]:mt-5\" dir=\"auto\" data-message-author-role=\"assistant\" data-message-id=\"402aabb5-5d74-4ddf-9c7d-11a833629832\" data-message-model-slug=\"gpt-4o\">\n<div class=\"flex w-full flex-col gap-1 empty:hidden first:pt-[3px]\">\n<div class=\"markdown prose w-full break-words dark:prose-invert light\">\n<h3 dir=\"ltr\" data-pm-slice=\"1 1 []\">Tiempo estimado de lectura: ~5 minutos<\/h3>\n<h3 dir=\"ltr\" data-pm-slice=\"1 1 []\">El atractivo atemporal de los jeans azules<\/h3>\n<p dir=\"ltr\">Los jeans azules son m\u00e1s que una simple prenda de vestir; son un s\u00edmbolo de la cultura estadounidense, representando durabilidad, individualidad y un estilo atemporal. Desde sus or\u00edgenes como ropa de trabajo resistente hasta su estatus como icono mundial de la moda, los jeans azules han marcado tendencias y trascendido generaciones. Este art\u00edculo explora la rica historia de los jeans azules, su significado cultural y por qu\u00e9 siguen siendo un b\u00e1sico de armario.<\/p>\n<p><img loading=\"lazy\" decoding=\"async\" class=\"aligncenter\" src=\"http:\/\/p7.itc.cn\/q_70\/images03\/20201118\/2c3ab26df88c480c82a0906763caa5f2.png\" width=\"599\" height=\"480\" \/><\/p>\n<h3 dir=\"ltr\" data-pm-slice=\"1 1 []\">El origen del denim<\/h3>\n<p dir=\"ltr\">La historia de los blue jeans comienza con el denim, una tela resistente con ra\u00edces francesas. Originalmente llamada &quot;Serge de N\u00eemes&quot;, que significa &quot;sarga de Nimes&quot;, el t\u00e9rmino &quot;<a href=\"https:\/\/en.wikipedia.org\/wiki\/Denim\">dril&quot;<\/a> Deriva de &quot;de N\u00eemes&quot;. Para el siglo XIX, la mezclilla se populariz\u00f3 en Estados Unidos por su durabilidad y asequibilidad. Mineros, agricultores y ganaderos confiaban en esta tela por su capacidad para soportar condiciones adversas. El ic\u00f3nico color azul de la mezclilla, logrado con tinte \u00edndigo importado de la India, contribuy\u00f3 a su atractivo universal y practicidad.<\/p>\n<p><img loading=\"lazy\" decoding=\"async\" class=\"aligncenter\" src=\"http:\/\/p9.itc.cn\/q_70\/images03\/20201118\/b131b21da82d45828426071439806026.png\" width=\"599\" height=\"387\" \/><\/p>\n<h3 dir=\"ltr\" data-pm-slice=\"1 1 []\">El nacimiento de los pantalones vaqueros azules<\/h3>\n<p dir=\"ltr\">El 20 de mayo de 1873, nacieron oficialmente los pantalones vaqueros azules. El sastre Jacob Davis se asoci\u00f3 con el empresario Levi Strauss para patentar un dise\u00f1o revolucionario: pantalones reforzados con remaches para mayor durabilidad. Conocidos inicialmente como &quot;overoles de cintura&quot;, estos primeros pantalones vaqueros azules contaban con un bolsillo para reloj, bolsillos traseros, botones para tirantes y remaches, para satisfacer las necesidades de los trabajadores. Esta pr\u00e1ctica innovaci\u00f3n sent\u00f3 las bases de los pantalones vaqueros modernos que conocemos hoy.<\/p>\n<div style=\"width: 609px\" class=\"wp-caption aligncenter\"><img loading=\"lazy\" decoding=\"async\" class=\"\" src=\"http:\/\/p7.itc.cn\/q_70\/images03\/20201118\/da0140852cd144608f518dc6c1b135c5.png\" alt=\"Lev\u00ed\" width=\"599\" height=\"400\" \/><p class=\"wp-caption-text\">Lev\u00ed<\/p><\/div>\n<p><img loading=\"lazy\" decoding=\"async\" class=\"aligncenter\" src=\"http:\/\/p8.itc.cn\/q_70\/images03\/20201118\/7fe809f3670b44f782cf0912a6ee955e.jpeg\" width=\"599\" height=\"797\" \/><\/p>\n<h3 dir=\"ltr\" data-pm-slice=\"1 3 []\">De ropa de trabajo a s\u00edmbolo de moda<\/h3>\n<p dir=\"ltr\">Los jeans azules evolucionaron dr\u00e1sticamente a lo largo de las d\u00e9cadas, reflejando los cambios culturales y sociales de Estados Unidos:<\/p>\n<ul class=\"tight\" dir=\"ltr\" data-tight=\"true\">\n<li>\n<p dir=\"ltr\"><strong>D\u00e9cada de 1920-1930<\/strong>Los jeans azules se convirtieron en sin\u00f3nimo de ropa de trabajo resistente para mineros, agricultores y ganaderos. Las pel\u00edculas de Hollywood idealizaron la mezclilla a trav\u00e9s de estrellas como John Wayne y Gary Cooper, transformando los jeans azules en prendas de moda deseables para los hombres.<\/p>\n<p><img loading=\"lazy\" decoding=\"async\" class=\"aligncenter\" src=\"http:\/\/p1.itc.cn\/q_70\/images03\/20201118\/e508b757133341bca5cd08341c585cb1.png\" alt=\"(John Wayne)\" width=\"400\" height=\"600\" \/><\/li>\n<\/ul>\n<ul data-start=\"1464\" data-end=\"2205\">\n<li data-start=\"1715\" data-end=\"1852\">\n<p dir=\"ltr\" data-pm-slice=\"1 1 [&quot;bulletList&quot;,{&quot;tight&quot;:true,&quot;dir&quot;:&quot;ltr&quot;},&quot;listItem&quot;,{}]\"><strong>d\u00e9cada de 1950<\/strong>Los jeans azules se convirtieron en un s\u00edmbolo de rebeld\u00eda, popularizados por \u00edconos como James Dean y Marlon Brando. Su encanto rudo conect\u00f3 con los adolescentes que buscaban desafiar las normas sociales.<\/p>\n<div style=\"width: 408px\" class=\"wp-caption aligncenter\"><img loading=\"lazy\" decoding=\"async\" src=\"http:\/\/p1.itc.cn\/q_70\/images03\/20201118\/b1a65d3e6dd1465fbd0943bf772cd6df.jpeg\" alt=\"(Marilyn Monroe)\" width=\"398\" height=\"302\" \/><p class=\"wp-caption-text\">(Marilyn Monroe)<\/p><\/div>\n<div style=\"width: 384px\" class=\"wp-caption aligncenter\"><img loading=\"lazy\" decoding=\"async\" src=\"http:\/\/p5.itc.cn\/q_70\/images03\/20201118\/e157fe64b4964da69591ecba88ec48d5.png\" alt=\"(Gary Cooper)\" width=\"374\" height=\"561\" \/><p class=\"wp-caption-text\">(Gary Cooper)<\/p><\/div>\n<p><div style=\"width: 379px\" class=\"wp-caption aligncenter\"><img loading=\"lazy\" decoding=\"async\" src=\"http:\/\/p1.itc.cn\/q_70\/images03\/20201118\/c02d5b40cba54196afe96ac8a88fb3a7.png\" alt=\"(Marlon Brando)\" width=\"369\" height=\"486\" \/><p class=\"wp-caption-text\">(Marlon Brando)<\/p><\/div><\/li>\n<li data-start=\"1853\" data-end=\"2037\">\n<p dir=\"ltr\" data-pm-slice=\"1 1 [&quot;bulletList&quot;,{&quot;tight&quot;:true,&quot;dir&quot;:&quot;ltr&quot;},&quot;listItem&quot;,{}]\"><strong>d\u00e9cada de 1960<\/strong>El movimiento hippie adopt\u00f3 los vaqueros azules como s\u00edmbolo de libertad y contracultura. Bordados, parches y pantalones acampanados propiciaron la autoexpresi\u00f3n creativa.<\/p>\n<p><img loading=\"lazy\" decoding=\"async\" class=\"aligncenter\" src=\"http:\/\/p1.itc.cn\/q_70\/images03\/20201118\/e8e1c6cf5a2b486da2d339825d256b3f.png\" alt=\"(Robert Plant)\" width=\"400\" height=\"600\" \/><\/p>\n<p><img loading=\"lazy\" decoding=\"async\" class=\"aligncenter\" src=\"http:\/\/p7.itc.cn\/q_70\/images03\/20201118\/5722e58a94634ba0a93f1a34d919221f.png\" alt=\"(Los hippies usan pantalones acampanados y pantalones con parches)\" width=\"399\" height=\"279\" \/><\/li>\n<li data-start=\"1853\" data-end=\"2037\"><strong data-start=\"2040\" data-end=\"2050\">A\u00f1os 80:<\/strong> Los jeans de dise\u00f1ador se convirtieron en un s\u00edmbolo de estatus, con marcas como Calvin Klein y Jordache elevando el denim a la moda convencional e incluso a entornos de oficina informales.<\/li>\n<\/ul>\n<div style=\"width: 410px\" class=\"wp-caption aligncenter\"><img loading=\"lazy\" decoding=\"async\" class=\"\" src=\"http:\/\/p3.itc.cn\/q_70\/images03\/20201118\/9aa965d39d1f44fb9d5f5081d2bc2d73.png\" alt=\"\uff08Desfile de Calvin Klein en 1976\uff09\" width=\"400\" height=\"600\" \/><p class=\"wp-caption-text\">\uff08Desfile de Calvin Klein en 1976\uff09<\/p><\/div>\n<div style=\"width: 410px\" class=\"wp-caption aligncenter\"><img loading=\"lazy\" decoding=\"async\" class=\"\" src=\"http:\/\/p6.itc.cn\/q_70\/images03\/20201118\/2c508c03131c47c4a284e76c13725c37.png\" alt=\"(Cindy Crawford)\" width=\"400\" height=\"517\" \/><p class=\"wp-caption-text\">(Cindy Crawford)<\/p><\/div>\n<h3 dir=\"ltr\" data-pm-slice=\"1 1 []\">Cultura contempor\u00e1nea del denim<\/h3>\n<p dir=\"ltr\">Hoy en d\u00eda, los jeans azules son un b\u00e1sico de la moda mundial, reconocidos por su versatilidad e individualidad. Desde el azul cl\u00e1sico hasta dise\u00f1os desgastados con rotos, deste\u00f1idos y bordados, cada par cuenta una historia \u00fanica. Los jeans azules siguen siendo un favorito gracias a su durabilidad, comodidad y relevancia cultural, lo que los convierte en un imprescindible en cualquier armario de todo el mundo.<\/p>\n<h3 dir=\"auto\">Servicios de personalizaci\u00f3n de LYDENIM<\/h3>\n<p dir=\"auto\">\ud83c\udfa8 Quiero <strong>telas de mezclilla personalizadas<\/strong> o\u00a0 <strong>\u00fanico<\/strong> <strong>prenda de mezclilla personalizada<\/strong>?LYDENIM se especializa en soluciones a medida para satisfacer sus necesidades de dise\u00f1o y producci\u00f3n.<\/p>\n<p dir=\"auto\">\ud83d\udecd\ufe0f <strong>Explora e insp\u00edrate<\/strong>:Explore nuestra selecci\u00f3n de telas y descubra ideas de dise\u00f1o en <a href=\"https:\/\/lydenim.com\/es\/\" target=\"_blank\" rel=\"noopener noreferrer nofollow\">LYDenim<\/a>.<\/p>\n<p dir=\"auto\">\ud83c\udf10 <strong>Ropa el\u00e1stica<\/strong>:Consulta nuestras ofertas en <a href=\"http:\/\/liangyuantextile.m.en.alibaba.com\" target=\"_blank\" rel=\"noopener noreferrer nofollow\">Mi Alibaba<\/a>. \ud83d\udce9 <strong>Contacto<\/strong>:Comun\u00edquese con nosotros en <a href=\"mailto:malone@lydenim.com\" target=\"_blank\" rel=\"noopener noreferrer nofollow\">malone@lydenim.com<\/a>.<\/p>\n<p dir=\"auto\">Crea tu obra maestra en denim con LYDENIM, tu socio de confianza para <strong>tejido el\u00e1stico<\/strong> y <strong>soluciones de mezclilla personalizadas<\/strong>.<\/p>\n<h3 dir=\"ltr\">Por qu\u00e9 perduran los jeans azules<\/h3>\n<p dir=\"ltr\">El atractivo perdurable de los jeans azules reside en su capacidad de adaptarse a los nuevos tiempos, conservando sus cualidades esenciales: durabilidad, estilo y significado cultural. Ya sea que los usaran los mineros del siglo XIX o los entusiastas de la moda actual, los jeans azules siguen definiendo el estilo estadounidense con su enfoque democr\u00e1tico de la moda.<\/p>\n<\/div>\n<\/div>\n<\/div>\n<\/div>\n<\/div>\n<\/div>\n<\/div>\n<\/div>\n<\/article>\n<\/div>\n<\/div>\n<\/div>\n<\/div>\n<\/div>","protected":false},"excerpt":{"rendered":"<p>Tiempo estimado de lectura: ~5 minutos El atractivo eterno de los jeans azules Los jeans azules son m\u00e1s que solo ropa; son<\/p>","protected":false},"author":1,"featured_media":2909,"comment_status":"open","ping_status":"open","sticky":false,"template":"","format":"standard","meta":{"two_page_speed":[],"footnotes":""},"categories":[66],"tags":[],"class_list":["post-2839","post","type-post","status-publish","format-standard","has-post-thumbnail","hentry","category-denim-knowledge"],"aioseo_notices":[],"_links":{"self":[{"href":"https:\/\/lydenim.com\/es\/wp-json\/wp\/v2\/posts\/2839","targetHints":{"allow":["GET"]}}],"collection":[{"href":"https:\/\/lydenim.com\/es\/wp-json\/wp\/v2\/posts"}],"about":[{"href":"https:\/\/lydenim.com\/es\/wp-json\/wp\/v2\/types\/post"}],"author":[{"embeddable":true,"href":"https:\/\/lydenim.com\/es\/wp-json\/wp\/v2\/users\/1"}],"replies":[{"embeddable":true,"href":"https:\/\/lydenim.com\/es\/wp-json\/wp\/v2\/comments?post=2839"}],"version-history":[{"count":7,"href":"https:\/\/lydenim.com\/es\/wp-json\/wp\/v2\/posts\/2839\/revisions"}],"predecessor-version":[{"id":6205,"href":"https:\/\/lydenim.com\/es\/wp-json\/wp\/v2\/posts\/2839\/revisions\/6205"}],"wp:featuredmedia":[{"embeddable":true,"href":"https:\/\/lydenim.com\/es\/wp-json\/wp\/v2\/media\/2909"}],"wp:attachment":[{"href":"https:\/\/lydenim.com\/es\/wp-json\/wp\/v2\/media?parent=2839"}],"wp:term":[{"taxonomy":"category","embeddable":true,"href":"https:\/\/lydenim.com\/es\/wp-json\/wp\/v2\/categories?post=2839"},{"taxonomy":"post_tag","embeddable":true,"href":"https:\/\/lydenim.com\/es\/wp-json\/wp\/v2\/tags?post=2839"}],"curies":[{"name":"wp","href":"https:\/\/api.w.org\/{rel}","templated":true}]}}