{"id":2912,"date":"2025-01-09T13:24:44","date_gmt":"2025-01-09T05:24:44","guid":{"rendered":"https:\/\/lydenim.com\/?p=2912"},"modified":"2025-08-23T16:04:25","modified_gmt":"2025-08-23T08:04:25","slug":"stretch-your-jeans","status":"publish","type":"post","link":"https:\/\/lydenim.com\/es\/como-estirar-eficazmente-tus-jeans-y-mantenerlos-en-perfectas-condiciones\/","title":{"rendered":"C\u00f3mo estirar eficazmente tus jeans y mantenerlos en perfectas condiciones"},"content":{"rendered":"<h2 data-pm-slice=\"1 1 []\">Tiempo estimado de lectura: ~6 minutos<\/h2>\n<h2 style=\"text-align: left;\" data-pm-slice=\"1 1 []\">Introducci\u00f3n<\/h2>\n<p style=\"text-align: left;\">Los jeans son un art\u00edculo b\u00e1sico atemporal del guardarropa, lo suficientemente vers\u00e1tiles para adaptarse tanto a ocasiones formales como informales. Sin embargo, debido al lavado inadecuado, el uso frecuente o los cambios en la tensi\u00f3n de la tela, los jeans pueden quedar demasiado ajustados, lo que afecta su comodidad. Esta gu\u00eda completa combina informaci\u00f3n de m\u00faltiples fuentes para ayudarlo a estirar eficazmente sus jeans y mantenerlos en \u00f3ptimas condiciones.<\/p>\n<h2 style=\"text-align: left;\"><strong>1. \u00bfPor qu\u00e9 los jeans quedan apretados?<\/strong><\/h2>\n<h3 style=\"text-align: left;\"><strong>Pr\u00e1cticas de lavado<\/strong><\/h3>\n<p style=\"text-align: left;\">El denim es muy sensible al calor. Lavar con agua caliente o usar m\u00e9todos de secado a altas temperaturas puede hacer que las fibras se encojan, lo que da como resultado jeans m\u00e1s ajustados.<br \/>\n\ud83d\udccc <em>Consejo: Lave siempre los jeans con agua fr\u00eda y evite usar secadoras de alta temperatura.<\/em><\/p>\n<h3 style=\"text-align: left;\"><strong>Propiedades del material<\/strong><\/h3>\n<p style=\"text-align: left;\">Los jeans reci\u00e9n comprados, especialmente los de denim crudo, pueden resultar ajustados al principio, pero se aflojar\u00e1n naturalmente con el uso.<\/p>\n<h3 style=\"text-align: left;\"><strong>H\u00e1bitos de vestir<\/strong><\/h3>\n<p style=\"text-align: left;\">El uso prolongado en ambientes c\u00e1lidos o h\u00famedos puede provocar que las fibras se contraigan, haciendo que los jeans se sientan m\u00e1s ajustados con el tiempo.<img loading=\"lazy\" decoding=\"async\" class=\"aligncenter wp-image-5420\" src=\"https:\/\/lydenim.com\/wp-content\/uploads\/2025\/01\/Wash-jeans.jpg\" alt=\"\" width=\"600\" height=\"379\" srcset=\"https:\/\/lydenim.com\/wp-content\/uploads\/2025\/01\/Wash-jeans.jpg 1129w, https:\/\/lydenim.com\/wp-content\/uploads\/2025\/01\/Wash-jeans-300x189.jpg 300w, https:\/\/lydenim.com\/wp-content\/uploads\/2025\/01\/Wash-jeans-1024x647.jpg 1024w, https:\/\/lydenim.com\/wp-content\/uploads\/2025\/01\/Wash-jeans-768x485.jpg 768w, https:\/\/lydenim.com\/wp-content\/uploads\/2025\/01\/Wash-jeans-18x12.jpg 18w, https:\/\/lydenim.com\/wp-content\/uploads\/2025\/01\/Wash-jeans-600x379.jpg 600w, https:\/\/lydenim.com\/wp-content\/uploads\/2025\/01\/Wash-jeans-150x95.jpg 150w\" sizes=\"auto, (max-width: 600px) 100vw, 600px\" \/><\/p>\n<h2 style=\"text-align: left;\"><strong>2. M\u00e9todos efectivos para estirar los jeans<\/strong><\/h2>\n<p style=\"text-align: left;\">A continuaci\u00f3n se presentan varios m\u00e9todos probados para estirar los jeans, cada uno adaptado a necesidades espec\u00edficas.<\/p>\n<h3 style=\"text-align: left;\"><strong>2.1. M\u00e9todo de estiramiento en agua tibia<\/strong><\/h3>\n<h4 style=\"text-align: left;\"><strong>Pasos<\/strong>:<\/h4>\n<ul style=\"text-align: left;\">\n<li style=\"text-align: center;\">Llena una botella rociadora con agua tibia y roc\u00edala uniformemente sobre las \u00e1reas que deseas estirar.<\/li>\n<li style=\"text-align: center;\">Usa tus manos para estirar esas \u00e1reas o ponte los jeans h\u00famedos y mu\u00e9vete durante 10 a 15 minutos.<br \/>\n<strong>Mejor para<\/strong>:Ajuste de zonas espec\u00edficas como la cintura o los muslos.<\/li>\n<\/ul>\n<div id=\"attachment_5417\" style=\"width: 610px\" class=\"wp-caption aligncenter\"><img loading=\"lazy\" decoding=\"async\" aria-describedby=\"caption-attachment-5417\" class=\"wp-image-5417\" src=\"https:\/\/lydenim.com\/wp-content\/uploads\/2025\/01\/stretch-out-jeans-by-water-scaled.webp\" alt=\"estirar los jeans con agua\" width=\"600\" height=\"400\" srcset=\"https:\/\/lydenim.com\/wp-content\/uploads\/2025\/01\/stretch-out-jeans-by-water-scaled.webp 2560w, https:\/\/lydenim.com\/wp-content\/uploads\/2025\/01\/stretch-out-jeans-by-water-300x200.webp 300w, https:\/\/lydenim.com\/wp-content\/uploads\/2025\/01\/stretch-out-jeans-by-water-1024x683.webp 1024w, https:\/\/lydenim.com\/wp-content\/uploads\/2025\/01\/stretch-out-jeans-by-water-768x512.webp 768w, https:\/\/lydenim.com\/wp-content\/uploads\/2025\/01\/stretch-out-jeans-by-water-1536x1024.webp 1536w, https:\/\/lydenim.com\/wp-content\/uploads\/2025\/01\/stretch-out-jeans-by-water-2048x1365.webp 2048w, https:\/\/lydenim.com\/wp-content\/uploads\/2025\/01\/stretch-out-jeans-by-water-18x12.webp 18w, https:\/\/lydenim.com\/wp-content\/uploads\/2025\/01\/stretch-out-jeans-by-water-600x400.webp 600w, https:\/\/lydenim.com\/wp-content\/uploads\/2025\/01\/stretch-out-jeans-by-water-150x100.webp 150w\" sizes=\"auto, (max-width: 600px) 100vw, 600px\" \/><p id=\"caption-attachment-5417\" class=\"wp-caption-text\">estirar los jeans con agua<\/p><\/div>\n<h3 style=\"text-align: left;\"><strong>2.2. M\u00e9todo de remojo y desgaste<\/strong><\/h3>\n<h4 style=\"text-align: left;\"><strong>Pasos<\/strong>:<\/h4>\n<ul style=\"text-align: left;\">\n<li>Sumerge completamente los jeans en agua tibia, esc\u00farrelos suavemente y \u00fasalos h\u00famedos.<\/li>\n<li>Realiza ejercicios ligeros, como sentadillas o estocadas, durante unos 30 minutos hasta que los jeans est\u00e9n semisecos.<br \/>\n<strong>Beneficios<\/strong>:Permite un ajuste general para adaptarse a la forma de su cuerpo.<\/li>\n<\/ul>\n<p style=\"text-align: left;\"><img loading=\"lazy\" decoding=\"async\" class=\"wp-image-2913 aligncenter\" src=\"https:\/\/lydenim.com\/wp-content\/uploads\/2025\/01\/\u6df1\u8e72.jpg\" alt=\"\" width=\"600\" height=\"450\" srcset=\"https:\/\/lydenim.com\/wp-content\/uploads\/2025\/01\/\u6df1\u8e72.jpg 728w, https:\/\/lydenim.com\/wp-content\/uploads\/2025\/01\/\u6df1\u8e72-150x113.jpg 150w, https:\/\/lydenim.com\/wp-content\/uploads\/2025\/01\/\u6df1\u8e72-600x450.jpg 600w, https:\/\/lydenim.com\/wp-content\/uploads\/2025\/01\/\u6df1\u8e72-300x225.jpg 300w, https:\/\/lydenim.com\/wp-content\/uploads\/2025\/01\/\u6df1\u8e72-16x12.jpg 16w\" sizes=\"auto, (max-width: 600px) 100vw, 600px\" \/><\/p>\n<p style=\"text-align: left;\">Roc\u00ede las zonas tensas clave (cintura, muslos) con agua tibia, luego p\u00f3ngase los jeans h\u00famedos y realice movimientos como sentadillas o zancadas hasta que se sequen. Los m\u00e9todos de calor (secador de pelo o vaporizador) y la tracci\u00f3n manual mejoran los resultados. Solo para la cintura, use un tensor durante la noche. Esto relaja las fibras de la mezclilla para un mejor ajuste. <em data-start=\"1131\" data-end=\"1165\">Fuente: Cosmopolitan, Mott &amp; Bow<\/em><\/p>\n<h2 style=\"text-align: left;\"><strong>3. M\u00e9todo de estiramiento asistido con toalla<\/strong><\/h2>\n<h3 style=\"text-align: left;\"><strong>Pasos<\/strong>:<\/h3>\n<ul style=\"text-align: left;\">\n<li>Coloque una toalla h\u00fameda sobre el \u00e1rea que desea estirar.<\/li>\n<li>Utilice una plancha a temperatura media para vaporizar las fibras y relajarlas.<br \/>\n<strong>Mejor para<\/strong>:Ajustes espec\u00edficos como las rodillas o las caderas.<\/p>\n<p><div id=\"attachment_5419\" style=\"width: 610px\" class=\"wp-caption aligncenter\"><img loading=\"lazy\" decoding=\"async\" aria-describedby=\"caption-attachment-5419\" class=\"wp-image-5419\" src=\"https:\/\/lydenim.com\/wp-content\/uploads\/2025\/01\/use-heat-to-stretch-jeans.jpg\" alt=\"usa calor para estirar los jeans\" width=\"600\" height=\"289\" srcset=\"https:\/\/lydenim.com\/wp-content\/uploads\/2025\/01\/use-heat-to-stretch-jeans.jpg 1200w, https:\/\/lydenim.com\/wp-content\/uploads\/2025\/01\/use-heat-to-stretch-jeans-300x145.jpg 300w, https:\/\/lydenim.com\/wp-content\/uploads\/2025\/01\/use-heat-to-stretch-jeans-1024x493.jpg 1024w, https:\/\/lydenim.com\/wp-content\/uploads\/2025\/01\/use-heat-to-stretch-jeans-768x370.jpg 768w, https:\/\/lydenim.com\/wp-content\/uploads\/2025\/01\/use-heat-to-stretch-jeans-18x9.jpg 18w, https:\/\/lydenim.com\/wp-content\/uploads\/2025\/01\/use-heat-to-stretch-jeans-600x289.jpg 600w, https:\/\/lydenim.com\/wp-content\/uploads\/2025\/01\/use-heat-to-stretch-jeans-150x72.jpg 150w\" sizes=\"auto, (max-width: 600px) 100vw, 600px\" \/><p id=\"caption-attachment-5419\" class=\"wp-caption-text\">usa calor para estirar los jeans<\/p><\/div><\/li>\n<\/ul>\n<h2 style=\"text-align: left;\"><strong>4. Herramientas profesionales para estiramientos<\/strong><\/h2>\n<h3 style=\"text-align: left;\"><strong>Herramientas<\/strong>:Extensores, abrazaderas o camillas para cinturillas.<br \/>\n<strong>Pasos<\/strong>:<\/h3>\n<ul style=\"text-align: left;\">\n<li>Coloque la herramienta en el \u00e1rea objetivo y aj\u00fastela gradualmente hasta el tama\u00f1o deseado.<\/li>\n<li>D\u00e9jalo reposar durante la noche para permitir que las fibras se estiren naturalmente.<br \/>\n<strong>Mejor para<\/strong>:Soluciones r\u00e1pidas para regiones espec\u00edficas.<\/p>\n<p><div id=\"attachment_5421\" style=\"width: 610px\" class=\"wp-caption aligncenter\"><img loading=\"lazy\" decoding=\"async\" aria-describedby=\"caption-attachment-5421\" class=\"wp-image-5421\" src=\"https:\/\/lydenim.com\/wp-content\/uploads\/2025\/01\/IMG_6404.jpg\" alt=\"\" width=\"600\" height=\"525\" srcset=\"https:\/\/lydenim.com\/wp-content\/uploads\/2025\/01\/IMG_6404.jpg 761w, https:\/\/lydenim.com\/wp-content\/uploads\/2025\/01\/IMG_6404-300x263.jpg 300w, https:\/\/lydenim.com\/wp-content\/uploads\/2025\/01\/IMG_6404-14x12.jpg 14w, https:\/\/lydenim.com\/wp-content\/uploads\/2025\/01\/IMG_6404-600x525.jpg 600w, https:\/\/lydenim.com\/wp-content\/uploads\/2025\/01\/IMG_6404-150x131.jpg 150w\" sizes=\"auto, (max-width: 600px) 100vw, 600px\" \/><p id=\"caption-attachment-5421\" class=\"wp-caption-text\">Cintura el\u00e1stica para jeans<\/p><\/div><\/li>\n<\/ul>\n<h2 style=\"text-align: left;\"><strong>5. Servicios profesionales de reformas<\/strong><\/h2>\n<p style=\"text-align: left;\">Para realizar ajustes de tama\u00f1o importantes, considere visitar a un sastre que pueda agregar paneles de tela o realizar modificaciones precisas para mejorar la comodidad y el ajuste.<\/p>\n<p style=\"text-align: left;\"><img loading=\"lazy\" decoding=\"async\" class=\"aligncenter wp-image-1999\" src=\"https:\/\/lydenim.com\/wp-content\/uploads\/2024\/12\/b836105d7def565fea2a5b3c9c7ae47-1.jpg\" alt=\"Infraestructura\" width=\"600\" height=\"400\" srcset=\"https:\/\/lydenim.com\/wp-content\/uploads\/2024\/12\/b836105d7def565fea2a5b3c9c7ae47-1.jpg 1920w, https:\/\/lydenim.com\/wp-content\/uploads\/2024\/12\/b836105d7def565fea2a5b3c9c7ae47-1-150x100.jpg 150w, https:\/\/lydenim.com\/wp-content\/uploads\/2024\/12\/b836105d7def565fea2a5b3c9c7ae47-1-600x400.jpg 600w, https:\/\/lydenim.com\/wp-content\/uploads\/2024\/12\/b836105d7def565fea2a5b3c9c7ae47-1-300x200.jpg 300w, https:\/\/lydenim.com\/wp-content\/uploads\/2024\/12\/b836105d7def565fea2a5b3c9c7ae47-1-1024x683.jpg 1024w, https:\/\/lydenim.com\/wp-content\/uploads\/2024\/12\/b836105d7def565fea2a5b3c9c7ae47-1-768x512.jpg 768w, https:\/\/lydenim.com\/wp-content\/uploads\/2024\/12\/b836105d7def565fea2a5b3c9c7ae47-1-1536x1024.jpg 1536w\" sizes=\"auto, (max-width: 600px) 100vw, 600px\" \/><\/p>\n<h2 style=\"text-align: left;\"><strong>6. Consejos para el mantenimiento diario de tus jeans<\/strong><\/h2>\n<p style=\"text-align: left;\">Para evitar que los jeans vuelvan a quedar apretados, es esencial un mantenimiento adecuado.<\/p>\n<h3 style=\"text-align: left;\"><strong>1. Consejos de lavado<\/strong><\/h3>\n<ul style=\"text-align: left;\">\n<li>Utilice siempre agua fr\u00eda con un detergente suave para proteger la tela.<\/li>\n<li>Lave los jeans s\u00f3lo cuando sea necesario para minimizar el desgaste de las fibras.<\/li>\n<\/ul>\n<div id=\"attachment_5422\" style=\"width: 610px\" class=\"wp-caption aligncenter\"><img loading=\"lazy\" decoding=\"async\" aria-describedby=\"caption-attachment-5422\" class=\"wp-image-5422\" src=\"https:\/\/lydenim.com\/wp-content\/uploads\/2025\/01\/Washing-machine-to-wash-jeans.jpg\" alt=\"Lavadora para lavar jeans\" width=\"600\" height=\"327\" srcset=\"https:\/\/lydenim.com\/wp-content\/uploads\/2025\/01\/Washing-machine-to-wash-jeans.jpg 1200w, https:\/\/lydenim.com\/wp-content\/uploads\/2025\/01\/Washing-machine-to-wash-jeans-300x164.jpg 300w, https:\/\/lydenim.com\/wp-content\/uploads\/2025\/01\/Washing-machine-to-wash-jeans-1024x558.jpg 1024w, https:\/\/lydenim.com\/wp-content\/uploads\/2025\/01\/Washing-machine-to-wash-jeans-768x419.jpg 768w, https:\/\/lydenim.com\/wp-content\/uploads\/2025\/01\/Washing-machine-to-wash-jeans-18x10.jpg 18w, https:\/\/lydenim.com\/wp-content\/uploads\/2025\/01\/Washing-machine-to-wash-jeans-600x327.jpg 600w, https:\/\/lydenim.com\/wp-content\/uploads\/2025\/01\/Washing-machine-to-wash-jeans-150x82.jpg 150w\" sizes=\"auto, (max-width: 600px) 100vw, 600px\" \/><p id=\"caption-attachment-5422\" class=\"wp-caption-text\">Lavadora para lavar jeans<\/p><\/div>\n<h3 style=\"text-align: left;\"><strong>2. T\u00e9cnicas adecuadas de secado<\/strong><\/h3>\n<ul style=\"text-align: left;\">\n<li>Evite las secadoras; en su lugar, seque los jeans al aire de forma natural para evitar que las fibras se encojan.<\/li>\n<li>Al colgar los jeans, col\u00f3quelos en posici\u00f3n horizontal para evitar que se deformen.<\/li>\n<\/ul>\n<p style=\"text-align: left;\"><img decoding=\"async\" class=\"aligncenter\" src=\"https:\/\/i.pinimg.com\/736x\/8b\/7f\/6a\/8b7f6a0431619f471229b84463d02d6d.jpg\" alt=\"Esto puede contener: varios pares de jeans azules colgados en un tendedero.\" \/><\/p>\n<h3 style=\"text-align: left;\"><strong>3. C\u00f3mo llevarlo y guardarlo de forma inteligente<\/strong><\/h3>\n<ul style=\"text-align: left;\">\n<li>Deje que los jeans descansen despu\u00e9s de un uso prolongado para que recuperen su elasticidad.<\/li>\n<li>Guarde los jeans en un lugar seco y bien ventilado para evitar la humedad y el olor.<\/li>\n<\/ul>\n<p style=\"text-align: left;\"><img loading=\"lazy\" decoding=\"async\" class=\"aligncenter wp-image-2110\" src=\"https:\/\/lydenim.com\/wp-content\/uploads\/2024\/12\/close-up-fabric-folded-stacked_23-2148882858.jpg\" alt=\"Tejidos no el\u00e1sticos\" width=\"600\" height=\"600\" srcset=\"https:\/\/lydenim.com\/wp-content\/uploads\/2024\/12\/close-up-fabric-folded-stacked_23-2148882858.jpg 1000w, https:\/\/lydenim.com\/wp-content\/uploads\/2024\/12\/close-up-fabric-folded-stacked_23-2148882858-300x300.jpg 300w, https:\/\/lydenim.com\/wp-content\/uploads\/2024\/12\/close-up-fabric-folded-stacked_23-2148882858-150x150.jpg 150w, https:\/\/lydenim.com\/wp-content\/uploads\/2024\/12\/close-up-fabric-folded-stacked_23-2148882858-600x600.jpg 600w, https:\/\/lydenim.com\/wp-content\/uploads\/2024\/12\/close-up-fabric-folded-stacked_23-2148882858-768x768.jpg 768w\" sizes=\"auto, (max-width: 600px) 100vw, 600px\" \/><\/p>\n<h2 style=\"text-align: left;\"><strong>Conclusi\u00f3n<\/strong><\/h2>\n<p style=\"text-align: left;\">Como prenda b\u00e1sica de moda atemporal, los jeans requieren un cuidado adecuado y ajustes ocasionales para mantener su comodidad y ajuste. Si sigue las t\u00e9cnicas de estiramiento y los consejos de mantenimiento que se describen aqu\u00ed, sus jeans se mantendr\u00e1n tan elegantes y c\u00f3modos como siempre.<\/p>\n<h2 dir=\"auto\">Servicios de personalizaci\u00f3n de LYDENIM<\/h2>\n<p dir=\"auto\">\ud83c\udfa8 Quiero <strong>telas de mezclilla personalizadas<\/strong> o\u00a0 <strong>\u00fanico<\/strong> <strong>prenda de mezclilla personalizada<\/strong>?LYDENIM se especializa en soluciones a medida para satisfacer sus necesidades de dise\u00f1o y producci\u00f3n.<\/p>\n<p dir=\"auto\">\ud83d\udecd\ufe0f <strong>Explora e insp\u00edrate<\/strong>:Explore nuestra selecci\u00f3n de telas y descubra ideas de dise\u00f1o en <a href=\"https:\/\/lydenim.com\/es\/\" target=\"_blank\" rel=\"noopener noreferrer nofollow\">LYDenim<\/a>.<\/p>\n<p dir=\"auto\">\ud83c\udf10 <strong>Ropa el\u00e1stica<\/strong>:Consulta nuestras ofertas en <a href=\"http:\/\/liangyuantextile.m.en.alibaba.com\" target=\"_blank\" rel=\"noopener noreferrer nofollow\">Mi Alibaba<\/a>. \ud83d\udce9 <strong>Contacto<\/strong>:Comun\u00edquese con nosotros en <a href=\"mailto:malone@lydenim.com\" target=\"_blank\" rel=\"noopener noreferrer nofollow\">malone@lydenim.com<\/a>.<\/p>\n<p dir=\"auto\">Crea tu obra maestra en denim con LYDENIM, tu socio de confianza para <strong>tejido el\u00e1stico<\/strong> y <strong>soluciones de mezclilla personalizadas<\/strong>.<\/p>","protected":false},"excerpt":{"rendered":"<p>Tiempo estimado de lectura: ~6 minutos Introducci\u00f3n Los jeans son un b\u00e1sico de guardarropa atemporal, lo suficientemente vers\u00e1tiles para adaptarse tanto a ocasiones casuales como formales.<\/p>","protected":false},"author":1,"featured_media":2916,"comment_status":"open","ping_status":"open","sticky":false,"template":"","format":"standard","meta":{"two_page_speed":[],"footnotes":""},"categories":[66],"tags":[],"class_list":["post-2912","post","type-post","status-publish","format-standard","has-post-thumbnail","hentry","category-denim-knowledge"],"aioseo_notices":[],"_links":{"self":[{"href":"https:\/\/lydenim.com\/es\/wp-json\/wp\/v2\/posts\/2912","targetHints":{"allow":["GET"]}}],"collection":[{"href":"https:\/\/lydenim.com\/es\/wp-json\/wp\/v2\/posts"}],"about":[{"href":"https:\/\/lydenim.com\/es\/wp-json\/wp\/v2\/types\/post"}],"author":[{"embeddable":true,"href":"https:\/\/lydenim.com\/es\/wp-json\/wp\/v2\/users\/1"}],"replies":[{"embeddable":true,"href":"https:\/\/lydenim.com\/es\/wp-json\/wp\/v2\/comments?post=2912"}],"version-history":[{"count":8,"href":"https:\/\/lydenim.com\/es\/wp-json\/wp\/v2\/posts\/2912\/revisions"}],"predecessor-version":[{"id":6206,"href":"https:\/\/lydenim.com\/es\/wp-json\/wp\/v2\/posts\/2912\/revisions\/6206"}],"wp:featuredmedia":[{"embeddable":true,"href":"https:\/\/lydenim.com\/es\/wp-json\/wp\/v2\/media\/2916"}],"wp:attachment":[{"href":"https:\/\/lydenim.com\/es\/wp-json\/wp\/v2\/media?parent=2912"}],"wp:term":[{"taxonomy":"category","embeddable":true,"href":"https:\/\/lydenim.com\/es\/wp-json\/wp\/v2\/categories?post=2912"},{"taxonomy":"post_tag","embeddable":true,"href":"https:\/\/lydenim.com\/es\/wp-json\/wp\/v2\/tags?post=2912"}],"curies":[{"name":"wp","href":"https:\/\/api.w.org\/{rel}","templated":true}]}}