{"id":3722,"date":"2025-02-20T18:48:19","date_gmt":"2025-02-20T10:48:19","guid":{"rendered":"https:\/\/lydenim.com\/?p=3722"},"modified":"2025-08-23T16:05:29","modified_gmt":"2025-08-23T08:05:29","slug":"bell-bottom-jeans","status":"publish","type":"post","link":"https:\/\/lydenim.com\/es\/pantalones-vaqueros-de-campana\/","title":{"rendered":"Innovaciones en tejidos de mezclilla y jeans acampanados: una revoluci\u00f3n de estilo global"},"content":{"rendered":"<h2 data-pm-slice=\"1 1 []\">Tiempo estimado de lectura: ~4 minutos<\/h2>\n<h2 style=\"text-align: left;\" data-pm-slice=\"1 1 []\">Introducci\u00f3n<\/h2>\n<p style=\"text-align: left;\">El denim ha evolucionado desde la ropa de trabajo del siglo XIX hasta convertirse en un icono de la moda mundial. El resurgimiento de los pantalones vaqueros acampanados en 2025 ejemplifica su atractivo atemporal, impulsado por la innovaci\u00f3n tecnol\u00f3gica, las pr\u00e1cticas sostenibles y el dise\u00f1o intercultural. En este art\u00edculo, exploramos la evoluci\u00f3n del tejido denim, examinamos los avances ecol\u00f3gicos y destacamos las tendencias clave que definen el futuro del denim.<br \/>\n<a href=\"https:\/\/www.vogue.com\"><em>Descubre m\u00e1s sobre moda sostenible en Vogue<\/em><\/a><em>.<\/em><\/p>\n<h2 style=\"text-align: left;\">1. Evoluci\u00f3n del tejido denim: fusi\u00f3n de tradici\u00f3n e innovaci\u00f3n<\/h2>\n<p style=\"text-align: left;\">El denim moderno va m\u00e1s all\u00e1 de la tradicional sarga de algod\u00f3n. Innovaciones como el denim de punto, inspirado en tejidos de jersey y mezclas de algod\u00f3n Tencel\u2122, ofrecen mayor transpirabilidad, especialmente para climas tropicales. Por ejemplo, el denim flameado con trama cruzada, caracterizado por texturas de hilo irregulares, se ha popularizado por su est\u00e9tica artesanal y mayor durabilidad.<\/p>\n<div style=\"width: 534px\" class=\"wp-caption aligncenter\"><img loading=\"lazy\" decoding=\"async\" src=\"https:\/\/i.pinimg.com\/736x\/35\/65\/0d\/35650d1524298500a23c5a88df7e1f4f.jpg\" alt=\"Tejido de mezclilla tradicional\" width=\"524\" height=\"787\" \/><p class=\"wp-caption-text\">Tela vaquera tradicional<\/p><\/div>\n<div style=\"width: 517px\" class=\"wp-caption aligncenter\"><img loading=\"lazy\" decoding=\"async\" src=\"https:\/\/m.media-amazon.com\/images\/I\/A1i-waxRzlL._AC_SY879_.jpg\" alt=\"Tejido de mezclilla de punto\" width=\"507\" height=\"762\" \/><p class=\"wp-caption-text\">Tejido de mezclilla de punto<\/p><\/div>\n<div style=\"width: 565px\" class=\"wp-caption aligncenter\"><img loading=\"lazy\" decoding=\"async\" src=\"https:\/\/i.pinimg.com\/736x\/c1\/92\/c6\/c192c6d5d45cd30799a9226cd6cbb19b.jpg\" alt=\"Textura de tela vaquera azul Tencel \" width=\"555\" height=\"555\" \/><p class=\"wp-caption-text\">Tela vaquera Tencel<\/p><\/div>\n<h2 style=\"text-align: left;\">2. Vaqueros acampanados: un legado intercultural<\/h2>\n<p style=\"text-align: left;\"><strong>Ra\u00edces hist\u00f3ricas:<\/strong><br \/>\nLa silueta de los pantalones acampanados, que tiene su origen en la cultura disco de los a\u00f1os 70 y los uniformes navales (ver <a href=\"https:\/\/en.wikipedia.org\/wiki\/Bell-bottoms\">Wikipedia: Pantalones de campana<\/a>)\u2014ha resurgido en 2025, fusionando la nostalgia retro con la sastrer\u00eda moderna.<\/p>\n<p style=\"text-align: left;\"><img loading=\"lazy\" decoding=\"async\" class=\"aligncenter\" src=\"https:\/\/i.pinimg.com\/736x\/64\/39\/39\/643939dacd9278c0c9be809e0892287b.jpg\" alt=\"imagen de carrusel 1\" width=\"493\" height=\"657\" \/><img loading=\"lazy\" decoding=\"async\" class=\"aligncenter\" src=\"https:\/\/i.pinimg.com\/736x\/4d\/05\/62\/4d056217cd11df0b898070b3757096d7.jpg\" alt=\"imagen de carrusel 0\" width=\"492\" height=\"656\" \/><\/p>\n<h2 style=\"text-align: left;\">3. Sostenibilidad: El futuro del denim<\/h2>\n<p style=\"text-align: left;\">Las pr\u00e1cticas ecol\u00f3gicas est\u00e1n a la vanguardia de la innovaci\u00f3n en denim:<\/p>\n<ul style=\"text-align: left;\" data-spread=\"false\">\n<li><strong>Te\u00f1ido sin agua:<\/strong> Este m\u00e9todo reduce el consumo de agua hasta en un 70%, como se destaca en un <a href=\"https:\/\/www.scientific.net\">Estudio de Scientific.Net<\/a>.<\/li>\n<li><strong>Moda circular:<\/strong> Marcas como Nudie Jeans est\u00e1n estableciendo nuevos puntos de referencia al reciclar y reutilizar el denim, en colaboraci\u00f3n con la <a href=\"https:\/\/www.ellenmacarthurfoundation.org\">Fundaci\u00f3n Ellen MacArthur<\/a>.<\/li>\n<\/ul>\n<h2 style=\"text-align: left;\">4. Gu\u00eda de estilo 2025: Colores y tendencias Pantone<\/h2>\n<p style=\"text-align: left;\"><strong>Paleta Pantone 2025:<\/strong><\/p>\n<ul style=\"text-align: left;\" data-spread=\"false\">\n<li><strong>Azul cl\u00e1sico (19-4052 TCX):<\/strong> Emblem\u00e1tico de la estabilidad, perfecto para conjuntos monocrom\u00e1ticos.<img decoding=\"async\" class=\"aligncenter\" src=\"https:\/\/www.pantone.com\/media\/color-finder\/img\/chips\/pantone-color-chip-19-4052-tcx.webp\" alt=\"Chip de color PANTONE &lt;sup&gt;\u00ae&lt;\/sup&gt; 19-4052 TCX\" \/><\/li>\n<li><strong>Rojo fuego (18-1664 TCX):<\/strong> Ofrece acentos atrevidos a dise\u00f1os minimalistas.<img decoding=\"async\" class=\"aligncenter\" src=\"https:\/\/www.pantone.com\/media\/color-finder\/img\/chips\/pantone-color-chip-18-1664-tcx.webp\" alt=\"Chip de color PANTONE &lt;sup&gt;\u00ae&lt;\/sup&gt; 18-1664 TCX\" \/><\/li>\n<\/ul>\n<h2 style=\"text-align: left;\">Conclusi\u00f3n<\/h2>\n<p style=\"text-align: left;\">La innovadora fusi\u00f3n de las tecnolog\u00edas m\u00e1s avanzadas en tela vaquera y el ic\u00f3nico dise\u00f1o de los jeans acampanados anuncia una revoluci\u00f3n de estilo global en 2025. Tanto si eres dise\u00f1ador de moda como consumidor atento a las tendencias, el futuro de la mezclilla reside en la innovaci\u00f3n sostenible y el dise\u00f1o atemporal. Mantente a la vanguardia con estas tendencias din\u00e1micas y las perspectivas de expertos de las principales fuentes del sector.<\/p>\n<h2 dir=\"auto\">Servicios de personalizaci\u00f3n de LYDENIM<\/h2>\n<p dir=\"auto\">\ud83c\udfa8 Quiero <strong>telas de mezclilla personalizadas<\/strong> o\u00a0 <strong>\u00fanico<\/strong> <strong>prenda de mezclilla personalizada<\/strong>?LYDENIM se especializa en soluciones a medida para satisfacer sus necesidades de dise\u00f1o y producci\u00f3n.<\/p>\n<p dir=\"auto\">\ud83d\udecd\ufe0f <strong>Explora e insp\u00edrate<\/strong>:Explore nuestra selecci\u00f3n de telas y descubra ideas de dise\u00f1o en <a href=\"https:\/\/lydenim.com\/es\/\" target=\"_blank\" rel=\"noopener noreferrer nofollow\">LYDenim<\/a>.<\/p>\n<p dir=\"auto\">\ud83c\udf10 <strong>Ropa el\u00e1stica<\/strong>:Consulta nuestras ofertas en <a href=\"http:\/\/liangyuantextile.m.en.alibaba.com\" target=\"_blank\" rel=\"noopener noreferrer nofollow\">Mi Alibaba<\/a>. \ud83d\udce9 <strong>Contacto<\/strong>:Comun\u00edquese con nosotros en <a href=\"mailto:malone@lydenim.com\" target=\"_blank\" rel=\"noopener noreferrer nofollow\">malone@lydenim.com<\/a>.<\/p>\n<p dir=\"auto\">Crea tu obra maestra en denim con LYDENIM, tu socio de confianza para <strong>tejido el\u00e1stico<\/strong> y <strong>soluciones de mezclilla personalizadas<\/strong>.<\/p>","protected":false},"excerpt":{"rendered":"<p>Tiempo estimado de lectura: ~4 minutos Introducci\u00f3n El denim ha evolucionado desde la ropa de trabajo del siglo XIX hasta convertirse en un \u00edcono de la moda mundial. El resurgimiento de<\/p>","protected":false},"author":1,"featured_media":3733,"comment_status":"open","ping_status":"open","sticky":false,"template":"","format":"standard","meta":{"two_page_speed":[],"footnotes":""},"categories":[66,67],"tags":[],"class_list":["post-3722","post","type-post","status-publish","format-standard","has-post-thumbnail","hentry","category-denim-knowledge","category-market"],"aioseo_notices":[],"_links":{"self":[{"href":"https:\/\/lydenim.com\/es\/wp-json\/wp\/v2\/posts\/3722","targetHints":{"allow":["GET"]}}],"collection":[{"href":"https:\/\/lydenim.com\/es\/wp-json\/wp\/v2\/posts"}],"about":[{"href":"https:\/\/lydenim.com\/es\/wp-json\/wp\/v2\/types\/post"}],"author":[{"embeddable":true,"href":"https:\/\/lydenim.com\/es\/wp-json\/wp\/v2\/users\/1"}],"replies":[{"embeddable":true,"href":"https:\/\/lydenim.com\/es\/wp-json\/wp\/v2\/comments?post=3722"}],"version-history":[{"count":16,"href":"https:\/\/lydenim.com\/es\/wp-json\/wp\/v2\/posts\/3722\/revisions"}],"predecessor-version":[{"id":6208,"href":"https:\/\/lydenim.com\/es\/wp-json\/wp\/v2\/posts\/3722\/revisions\/6208"}],"wp:featuredmedia":[{"embeddable":true,"href":"https:\/\/lydenim.com\/es\/wp-json\/wp\/v2\/media\/3733"}],"wp:attachment":[{"href":"https:\/\/lydenim.com\/es\/wp-json\/wp\/v2\/media?parent=3722"}],"wp:term":[{"taxonomy":"category","embeddable":true,"href":"https:\/\/lydenim.com\/es\/wp-json\/wp\/v2\/categories?post=3722"},{"taxonomy":"post_tag","embeddable":true,"href":"https:\/\/lydenim.com\/es\/wp-json\/wp\/v2\/tags?post=3722"}],"curies":[{"name":"wp","href":"https:\/\/api.w.org\/{rel}","templated":true}]}}