{"id":3739,"date":"2025-02-21T15:06:55","date_gmt":"2025-02-21T07:06:55","guid":{"rendered":"https:\/\/lydenim.com\/?p=3739"},"modified":"2025-08-23T15:57:33","modified_gmt":"2025-08-23T07:57:33","slug":"fabric-shrinkage","status":"publish","type":"post","link":"https:\/\/lydenim.com\/es\/encogimiento-de-la-tela\/","title":{"rendered":"Comprender el encogimiento de la tela vaquera: una gu\u00eda completa"},"content":{"rendered":"<h2 data-pm-slice=\"1 1 []\">Tiempo estimado de lectura: ~5 minutos<\/h2>\n<h2 style=\"text-align: left;\" data-pm-slice=\"1 1 []\">Introducci\u00f3n<\/h2>\n<p class=\"break-words\" style=\"text-align: left;\">El denim, la ic\u00f3nica tela de sarga de algod\u00f3n, sin\u00f3nimo de los jeans, es apreciado en todo el mundo por su durabilidad y estilo. Sin embargo, un desaf\u00edo constante para los entusiastas y fabricantes del denim es el encogimiento. Tanto si eres un aficionado a la moda como un profesional del sector textil, es crucial comprender las causas del encogimiento del denim y c\u00f3mo gestionarlo. Este art\u00edculo explora la ciencia detr\u00e1s del encogimiento del denim, los factores clave que lo influyen y consejos pr\u00e1cticos de prevenci\u00f3n, respaldados por datos, perspectivas de expertos y fuentes fidedignas.<\/p>\n<h2 style=\"text-align: left;\">\u00bfPor qu\u00e9 se encoge el denim?<\/h2>\n<p class=\"break-words\" style=\"text-align: left;\">El denim se encoge gracias a su componente principal: el algod\u00f3n. Como fibra natural, el algod\u00f3n se contrae al exponerse a la humedad y al calor. Seg\u00fan... <a href=\"https:\/\/www.homegrowncotton.us\/blog\/what-you-need-to-know-about-cotton-shrinking\" target=\"_blank\" rel=\"noopener noreferrer\">Algod\u00f3n de cosecha propia<\/a>Las fibras de algod\u00f3n se hinchan y acortan al mojarse, liberando la tensi\u00f3n acumulada durante el hilado y el tejido. Este proceso se intensifica con el calor durante el lavado o el secado, lo que hace que la mezclilla cruda (sin lavar ni tratar durante la producci\u00f3n) sea especialmente propensa a encoger.<\/p>\n<h2 style=\"text-align: left;\">Factores clave que influyen en el encogimiento de la mezclilla<\/h2>\n<p class=\"break-words\" style=\"text-align: left;\">Varios factores determinan cu\u00e1nto se encoge el denim:<\/p>\n<div style=\"text-align: left;\">\n<ul>\n<li class=\"break-words\"><strong>Contenido de fibra<\/strong>La mezclilla de algod\u00f3n puro se encoge m\u00e1s que las mezclas con fibras sint\u00e9ticas como el poli\u00e9ster. Investigaci\u00f3n de <a href=\"https:\/\/northshorecrafts.com\/will-70-cotton-30-polyester-shrink\/\" target=\"_blank\" rel=\"noopener noreferrer\">Artesan\u00edas de la costa norte<\/a> muestra que una mezcla de algod\u00f3n 70% y poli\u00e9ster 30% tiene una contracci\u00f3n reducida debido a la estabilidad del poli\u00e9ster.<\/li>\n<\/ul>\n<ul>\n<li class=\"break-words\"><strong>Tipo de tejido<\/strong>Los tejidos m\u00e1s apretados, como la sarga tradicional del denim, se encogen m\u00e1s debido a la mayor tensi\u00f3n del hilo. <a href=\"https:\/\/sino-silk.com\/the-difference-between-plain-twill-and-satin-weave\/\" target=\"_blank\" rel=\"noopener noreferrer\">Sinosilk<\/a> explica que los hilos flotantes de la sarga permiten una mayor contracci\u00f3n que los tejidos lisos.<\/li>\n<\/ul>\n<ul>\n<li class=\"break-words\"><strong>Tratamiento<\/strong>La mezclilla prelavada o sanforizada se somete a tratamientos para minimizar el encogimiento, a diferencia de la mezclilla cruda. La mezclilla no el\u00e1stica puede incluso alcanzar un encogimiento 0% con t\u00e9cnicas avanzadas, como se indica en <a href=\"https:\/\/denimhunters.com\/denim-wiki\/denim-explained\/sanforization\/\" target=\"_blank\" rel=\"noopener noreferrer\">Cazadores de vaqueros<\/a>.<\/li>\n<\/ul>\n<ul>\n<li class=\"break-words\"><strong>Condiciones de lavado y secado<\/strong>:El agua caliente y el secado a altas temperaturas agravan la contracci\u00f3n. <a href=\"https:\/\/www.whirlpool.com\/blog\/washers-and-dryers\/does-hot-water-shrink-clothes.html\" target=\"_blank\" rel=\"noopener noreferrer\">Torbellino<\/a> confirma que el agua caliente puede encoger las telas de algod\u00f3n hasta 20%.<\/li>\n<\/ul>\n<\/div>\n<div style=\"width: 560px\" class=\"wp-caption aligncenter\"><img loading=\"lazy\" decoding=\"async\" src=\"https:\/\/www.mdpi.com\/molecules\/molecules-26-05831\/article_deploy\/html\/images\/molecules-26-05831-g001-550.jpg\" alt=\"Vista microsc\u00f3pica de las fibras de algod\u00f3n\" width=\"550\" height=\"196\" \/><p class=\"wp-caption-text\">Vista microsc\u00f3pica de las fibras de algod\u00f3n<\/p><\/div>\n<h2 style=\"text-align: left;\">Datos sobre la contracci\u00f3n del denim<\/h2>\n<p class=\"break-words\" style=\"text-align: left;\">Las tasas de encogimiento var\u00edan seg\u00fan el tipo de mezclilla y su procesamiento. Bas\u00e1ndonos en datos de mercado y an\u00e1lisis del sector, presentamos una tabla detallada:<\/p>\n<table class=\"table-fixed alignleft\" style=\"height: 147px;\" width=\"1425\">\n<thead>\n<tr>\n<th class=\"break-words\"><strong>Tipo de mezclilla<\/strong><\/th>\n<th class=\"break-words\"><strong>Tasa de contracci\u00f3n (longitud)<\/strong><\/th>\n<th class=\"break-words\"><strong>Tasa de contracci\u00f3n (ancho)<\/strong><\/th>\n<th class=\"break-words\"><strong>Fuente<\/strong><\/th>\n<\/tr>\n<\/thead>\n<tbody>\n<tr>\n<td class=\"break-words\">Mezclilla cruda<\/td>\n<td class=\"break-words\">6-7%<\/td>\n<td class=\"break-words\">15-16%<\/td>\n<td class=\"break-words\">Datos de mercado<\/td>\n<\/tr>\n<tr>\n<td class=\"break-words\">Mezclilla prelavada<\/td>\n<td class=\"break-words\">1-3%<\/td>\n<td class=\"break-words\">1-2%<\/td>\n<td class=\"break-words\"><a href=\"https:\/\/www.denimology.com\/\" target=\"_blank\" rel=\"noopener noreferrer\">Denimolog\u00eda<\/a><\/td>\n<\/tr>\n<tr>\n<td class=\"break-words\">Sanforizado\/No el\u00e1stico<\/td>\n<td class=\"break-words\">0-1% (0% con procesamiento especial)<\/td>\n<td class=\"break-words\">0-1% (0% con procesamiento especial)<\/td>\n<td class=\"break-words\"><a href=\"https:\/\/www.textileworld.com\/\" target=\"_blank\" rel=\"noopener noreferrer\">Perspectivas textiles<\/a><\/td>\n<\/tr>\n<\/tbody>\n<\/table>\n<p class=\"break-words\" style=\"text-align: left;\"><em>Nota: Las tarifas dependen de las propiedades de la tela (p. ej., elasticidad) y de las condiciones de cuidado. La mezclilla no el\u00e1stica puede lograr un encogimiento cero con procesos especializados.<\/em><br \/>\nCuriosamente, la contracci\u00f3n del ancho (15-16%) excede la contracci\u00f3n del largo (6-7%) en el denim crudo, contrariamente a las expectativas tradicionales (por ejemplo, 3-5% de contracci\u00f3n del ancho por <a href=\"https:\/\/en.wikipedia.org\/wiki\/Denim\" target=\"_blank\" rel=\"noopener noreferrer\">Wikipedia: Mezclilla<\/a>), posiblemente debido a la tensi\u00f3n \u00fanica del tejido o la alineaci\u00f3n de las fibras en telas de mercados espec\u00edficos.<\/p>\n<h2 style=\"text-align: left;\">C\u00f3mo evitar que la mezclilla se encoja<\/h2>\n<p class=\"break-words\" style=\"text-align: left;\">Mant\u00e9n tus jeans en \u00f3ptimas condiciones con estas estrategias respaldadas por expertos:<\/p>\n<ul style=\"text-align: left;\">\n<li style=\"list-style-type: none;\">\n<ul>\n<li class=\"break-words\"><strong>Lavado en fr\u00edo<\/strong>:Use agua fr\u00eda para minimizar la contracci\u00f3n de las fibras. <a href=\"https:\/\/www.epa.gov\/greenerproducts\/partnering-epa-promote-energy-efficient-washing-machines\" target=\"_blank\" rel=\"noopener noreferrer\">Agencia de Protecci\u00f3n Ambiental de los Estados Unidos (EPA)<\/a> Destaca que el lavado en fr\u00edo tambi\u00e9n ahorra energ\u00eda.<\/li>\n<\/ul>\n<\/li>\n<\/ul>\n<ul style=\"text-align: left;\">\n<li style=\"list-style-type: none;\">\n<ul>\n<li class=\"break-words\"><strong>Secar al aire<\/strong>:Evite la secadora; el secado al aire conserva la forma del denim, como lo recomienda <a href=\"https:\/\/www.thespruce.com\/best-way-to-dry-clothes-without-a-dryer-2146153\" target=\"_blank\" rel=\"noopener noreferrer\">El abeto<\/a>.<\/li>\n<\/ul>\n<\/li>\n<\/ul>\n<ul style=\"text-align: left;\">\n<li style=\"list-style-type: none;\">\n<ul>\n<li class=\"break-words\"><strong>Elija Pre-encogido<\/strong>Opte por mezclilla sanforizada o prelavada, o telas no el\u00e1sticas procesadas para evitar que encojan. M\u00e1s informaci\u00f3n en <a href=\"https:\/\/www.tellason.com\/the-journal\/sanforized-vs-unsanforized-denim\/\" target=\"_blank\" rel=\"noopener noreferrer\">Tellason<\/a>.<\/li>\n<\/ul>\n<\/li>\n<\/ul>\n<div style=\"width: 610px\" class=\"wp-caption aligncenter\"><img loading=\"lazy\" decoding=\"async\" class=\"\" src=\"https:\/\/i.pinimg.com\/1200x\/ca\/ab\/00\/caab001719d6207a4c5ced7800df64ea.jpg\" alt=\"C\u00d3MO CUIDAR LA TEJIDO VAQUERO\" width=\"600\" height=\"900\" \/><p class=\"wp-caption-text\">C\u00d3MO CUIDAR LA TEJIDO VAQUERO<\/p><\/div>\n<h2 style=\"text-align: left;\">La ciencia detr\u00e1s de la sanforizaci\u00f3n<\/h2>\n<p class=\"break-words\" style=\"text-align: left;\">La sanforizaci\u00f3n, patentada en la d\u00e9cada de 1930, preencoge la tela vaquera mediante estiramiento mec\u00e1nico y vapor. Seg\u00fan... <a href=\"https:\/\/www.sciencedirect.com\/topics\/engineering\/sanforization\" target=\"_blank\" rel=\"noopener noreferrer\">Ciencia directa<\/a>Esto reduce la contracci\u00f3n residual a menos de 1%. En el caso de la mezclilla no el\u00e1stica, el procesamiento avanzado puede eliminar la contracci\u00f3n por completo, revolucionando la producci\u00f3n de mezclilla.<\/p>\n<h2 style=\"text-align: left;\">Conclusi\u00f3n<\/h2>\n<p class=\"break-words\" style=\"text-align: left;\">El encogimiento de la mezclilla es un fen\u00f3meno natural ligado a las propiedades del algod\u00f3n, pero es manejable con un cuidado y procesamiento adecuados. Ya sea que ames la autenticidad de la mezclilla cruda o prefieras la comodidad de la preencogida, comprender el encogimiento prolonga la vida \u00fatil de tu mezclilla. Para un conocimiento m\u00e1s profundo de los textiles, explora <a href=\"https:\/\/www.textileworld.com\/\" target=\"_blank\" rel=\"noopener noreferrer\">Mundo Textil<\/a> o <a href=\"https:\/\/en.wikipedia.org\/wiki\/Denim\" target=\"_blank\" rel=\"noopener noreferrer\">Wikipedia: Mezclilla<\/a>.<\/p>\n<h2 dir=\"auto\">Servicios de personalizaci\u00f3n de LYDENIM<\/h2>\n<p dir=\"auto\">\ud83c\udfa8 Quiero <strong>telas de mezclilla personalizadas<\/strong> o\u00a0 <strong>\u00fanico<\/strong> <strong>prenda de mezclilla personalizada<\/strong>?LYDENIM se especializa en soluciones a medida para satisfacer sus necesidades de dise\u00f1o y producci\u00f3n.<\/p>\n<p dir=\"auto\">\ud83d\udecd\ufe0f <strong>Explora e insp\u00edrate<\/strong>:Explore nuestra selecci\u00f3n de telas y descubra ideas de dise\u00f1o en <a href=\"https:\/\/lydenim.com\/es\/\" target=\"_blank\" rel=\"noopener noreferrer nofollow\">LYDenim<\/a>.<\/p>\n<p dir=\"auto\">\ud83c\udf10 <strong>Ropa el\u00e1stica<\/strong>:Consulta nuestras ofertas en <a href=\"http:\/\/liangyuantextile.m.en.alibaba.com\" target=\"_blank\" rel=\"noopener noreferrer nofollow\">Mi Alibaba<\/a>. \ud83d\udce9 <strong>Contacto<\/strong>:Comun\u00edquese con nosotros en <a href=\"mailto:malone@lydenim.com\" target=\"_blank\" rel=\"noopener noreferrer nofollow\">malone@lydenim.com<\/a>.<\/p>\n<p dir=\"auto\">Crea tu obra maestra en denim con LYDENIM, tu socio de confianza para <strong>tejido el\u00e1stico<\/strong> y <strong>soluciones de mezclilla personalizadas<\/strong>.<\/p>","protected":false},"excerpt":{"rendered":"<p>Tiempo estimado de lectura: ~5 minutos Introducci\u00f3n El denim, la ic\u00f3nica tela de sarga de algod\u00f3n sin\u00f3nimo de los jeans, es apreciada en todo el mundo por su<\/p>","protected":false},"author":1,"featured_media":3743,"comment_status":"open","ping_status":"open","sticky":false,"template":"","format":"standard","meta":{"two_page_speed":[],"footnotes":""},"categories":[66],"tags":[],"class_list":["post-3739","post","type-post","status-publish","format-standard","has-post-thumbnail","hentry","category-denim-knowledge"],"aioseo_notices":[],"_links":{"self":[{"href":"https:\/\/lydenim.com\/es\/wp-json\/wp\/v2\/posts\/3739","targetHints":{"allow":["GET"]}}],"collection":[{"href":"https:\/\/lydenim.com\/es\/wp-json\/wp\/v2\/posts"}],"about":[{"href":"https:\/\/lydenim.com\/es\/wp-json\/wp\/v2\/types\/post"}],"author":[{"embeddable":true,"href":"https:\/\/lydenim.com\/es\/wp-json\/wp\/v2\/users\/1"}],"replies":[{"embeddable":true,"href":"https:\/\/lydenim.com\/es\/wp-json\/wp\/v2\/comments?post=3739"}],"version-history":[{"count":8,"href":"https:\/\/lydenim.com\/es\/wp-json\/wp\/v2\/posts\/3739\/revisions"}],"predecessor-version":[{"id":6193,"href":"https:\/\/lydenim.com\/es\/wp-json\/wp\/v2\/posts\/3739\/revisions\/6193"}],"wp:featuredmedia":[{"embeddable":true,"href":"https:\/\/lydenim.com\/es\/wp-json\/wp\/v2\/media\/3743"}],"wp:attachment":[{"href":"https:\/\/lydenim.com\/es\/wp-json\/wp\/v2\/media?parent=3739"}],"wp:term":[{"taxonomy":"category","embeddable":true,"href":"https:\/\/lydenim.com\/es\/wp-json\/wp\/v2\/categories?post=3739"},{"taxonomy":"post_tag","embeddable":true,"href":"https:\/\/lydenim.com\/es\/wp-json\/wp\/v2\/tags?post=3739"}],"curies":[{"name":"wp","href":"https:\/\/api.w.org\/{rel}","templated":true}]}}