{"id":3858,"date":"2025-03-05T12:44:57","date_gmt":"2025-03-05T04:44:57","guid":{"rendered":"https:\/\/lydenim.com\/?p=3858"},"modified":"2025-08-23T15:41:35","modified_gmt":"2025-08-23T07:41:35","slug":"making-your-denim-jacket-a-year-round-staple","status":"publish","type":"post","link":"https:\/\/lydenim.com\/es\/hacer-de-tu-chaqueta-vaquera-una-prenda-basica-durante-todo-el-ano\/","title":{"rendered":"C\u00f3mo hacer de tu chaqueta vaquera una prenda b\u00e1sica para todo el a\u00f1o"},"content":{"rendered":"<h2 data-pm-slice=\"1 1 []\">Tiempo estimado de lectura: ~3 minutos<\/h2>\n<h2 style=\"text-align: left;\" data-pm-slice=\"1 1 []\">Introducci\u00f3n<\/h2>\n<p class=\"break-words\">Las chaquetas vaqueras son un b\u00e1sico atemporal, apreciadas por su versatilidad y durabilidad. Ya seas un entusiasta de la moda, un dise\u00f1ador o simplemente alguien que ama el estilo, una chaqueta vaquera puede realzar cualquier atuendo. Esta gu\u00eda ofrece consejos de estilo para transformar tu chaqueta vaquera en una prenda esencial para todo el a\u00f1o, ideal para cualquier temporada y ocasi\u00f3n.<\/p>\n<h2><strong>Estilo de primavera: fresco y ligero<\/strong><\/h2>\n<p class=\"break-words\">La primavera invita a capas ligeras y tonos vibrantes. Combina tu <strong>chaqueta vaquera<\/strong> Con un vestido floral o vaqueros pastel para un look refrescante. A\u00f1ade una bufanda ligera para las ma\u00f1anas frescas.<\/p>\n<div style=\"width: 610px\" class=\"wp-caption aligncenter\"><img loading=\"lazy\" decoding=\"async\" src=\"https:\/\/i.pinimg.com\/736x\/79\/23\/af\/7923afe8af4a09b6b5991655f5879ad1.jpg\" alt=\"Top vaquero con falda\" width=\"600\" height=\"924\" \/><p class=\"wp-caption-text\">Vestido vaquero de primavera para compartir<\/p><\/div>\n<h2><strong>Estilo de verano: fresco e informal<\/strong><\/h2>\n<p class=\"break-words\">Mant\u00e9n la frescura del verano combinando tu <strong>chaqueta vaquera<\/strong> Con shorts y camiseta de tirantes. Para un look playero, ll\u00e9valo sobre un vestido veraniego.<\/p>\n<div style=\"width: 610px\" class=\"wp-caption aligncenter\"><img loading=\"lazy\" decoding=\"async\" class=\"\" src=\"https:\/\/i.pinimg.com\/736x\/2b\/a7\/90\/2ba7901f03d77e33695f5239c5700b14.jpg\" alt=\"Denim V\u00edstete en verano\" width=\"600\" height=\"738\" \/><p class=\"wp-caption-text\">Denim V\u00edstete en verano<\/p><\/div>\n<h2><strong>Estilo de oto\u00f1o: capas acogedoras<\/strong><\/h2>\n<p class=\"break-words\">A medida que el clima se enfr\u00eda, ponte capas de ropa. <strong>chaqueta vaquera<\/strong> Con un su\u00e9ter abrigado y una bufanda. Completa el look con botines para un conjunto acogedor y elegante.<\/p>\n<div style=\"width: 610px\" class=\"wp-caption aligncenter\"><img loading=\"lazy\" decoding=\"async\" src=\"https:\/\/i.pinimg.com\/736x\/e1\/38\/9c\/e1389cf49fa5f14df768424bab981f88.jpg\" alt=\"Conjunto vaquero de oto\u00f1o\" width=\"600\" height=\"915\" \/><p class=\"wp-caption-text\">Conjunto vaquero de oto\u00f1o<\/p><\/div>\n<h2><strong>Estilo de invierno: c\u00e1lido y elegante<\/strong><\/h2>\n<p class=\"break-words\">En invierno, usa tu <strong>chaqueta vaquera<\/strong> Bajo un abrigo grueso para mayor calidez. Complementa con un gorro y guantes para estar abrigado.<\/p>\n<div style=\"width: 610px\" class=\"wp-caption aligncenter\"><img loading=\"lazy\" decoding=\"async\" src=\"https:\/\/i.pinimg.com\/736x\/81\/76\/2d\/81762d45d4ea019a46c054e12c7318f1.jpg\" alt=\"Compartir ropa vaquera de invierno\" width=\"600\" height=\"739\" \/><p class=\"wp-caption-text\">Compartir ropa vaquera de invierno<\/p><\/div>\n<h2><strong>Estilo seg\u00fan la ocasi\u00f3n<\/strong><\/h2>\n<ul class=\"marker:text-secondary\">\n<li style=\"list-style-type: none;\">\n<ul class=\"marker:text-secondary\">\n<li class=\"break-words\"><strong>Casual<\/strong>Comb\u00ednalo con unos jeans y una camiseta para conseguir un estilo doble denim atemporal.<\/li>\n<\/ul>\n<\/li>\n<\/ul>\n<ul class=\"marker:text-secondary\">\n<li style=\"list-style-type: none;\">\n<ul class=\"marker:text-secondary\">\n<li class=\"break-words\"><strong>Trabajar<\/strong>Comb\u00ednalo con pantalones a medida y una blusa para lograr un atuendo informal elegante.<\/li>\n<\/ul>\n<\/li>\n<\/ul>\n<ul class=\"marker:text-secondary\">\n<li style=\"list-style-type: none;\">\n<ul class=\"marker:text-secondary\">\n<li class=\"break-words\"><strong>Noche<\/strong>:Realza tu look con un vestido elegante y joyas llamativas para salir por la noche.<\/li>\n<\/ul>\n<\/li>\n<\/ul>\n<div style=\"width: 610px\" class=\"wp-caption aligncenter\"><img loading=\"lazy\" decoding=\"async\" src=\"https:\/\/i.pinimg.com\/736x\/a5\/87\/ac\/a587acbb8da85e47821bb64244bb0057.jpg\" alt=\"Inspiraci\u00f3n para atuendos vaqueros cotidianos\" width=\"600\" height=\"900\" \/><p class=\"wp-caption-text\">Inspiraci\u00f3n para atuendos vaqueros cotidianos<\/p><\/div>\n<div style=\"width: 610px\" class=\"wp-caption aligncenter\"><img loading=\"lazy\" decoding=\"async\" src=\"https:\/\/i.pinimg.com\/736x\/e4\/2a\/92\/e42a925d8b778a5ecf933ec8caf1ac5c.jpg\" alt=\"Inspiraci\u00f3n para atuendos vaqueros de trabajo\" width=\"600\" height=\"1016\" \/><p class=\"wp-caption-text\">Inspiraci\u00f3n para atuendos vaqueros de trabajo<\/p><\/div>\n<div style=\"width: 610px\" class=\"wp-caption aligncenter\"><img loading=\"lazy\" decoding=\"async\" class=\"\" src=\"https:\/\/i.pinimg.com\/736x\/2e\/39\/50\/2e3950b2eea1b3be425446043a9512af.jpg\" alt=\"Inspiraci\u00f3n para atuendos de fiesta con vaqueros\" width=\"600\" height=\"1189\" \/><p class=\"wp-caption-text\">Inspiraci\u00f3n para atuendos de fiesta con vaqueros<\/p><\/div>\n<h2><strong>Consejos para el cuidado de la mezclilla<\/strong><\/h2>\n<p class=\"break-words\">Para garantizar su <strong>chaqueta vaquera<\/strong> Sigue siendo un <strong>alimento b\u00e1sico durante todo el a\u00f1o<\/strong>L\u00e1vala del rev\u00e9s con agua fr\u00eda y no uses lej\u00eda. Para m\u00e1s informaci\u00f3n <strong>cuidado de la mezclilla<\/strong> Consejos, visita este <a href=\"https:\/\/lydenim.com\/es\/how-to-effectively-stretch-your-jeans-and-keep-them-in-perfect-condition\/\" target=\"_blank\" rel=\"noopener noreferrer\">gu\u00eda de cuidado de la mezclilla<\/a>.<\/p>\n<h2><strong>Conclusi\u00f3n<\/strong><\/h2>\n<p class=\"break-words\">A <strong>chaqueta vaquera<\/strong> No es solo ropa, es una piedra angular <strong>moda vers\u00e1til<\/strong> Se adapta a cualquier temporada y ocasi\u00f3n. Listo para ordenar. <strong>mezclilla de alta calidad<\/strong> \u00bfQuieres saber m\u00e1s sobre nuestras telas? Cont\u00e1ctanos. <a href=\"mailto:malone@lydenim.com\" target=\"_blank\" rel=\"noopener noreferrer\">malone@lydenim.com<\/a> o visite <a href=\"https:\/\/lydenim.com\/es\/\" target=\"_blank\" rel=\"noopener noreferrer\">www.lydenim.com<\/a> para asesoramiento experto y soluciones personalizadas.<\/p>","protected":false},"excerpt":{"rendered":"<p>Tiempo estimado de lectura: ~3 minutos Introducci\u00f3n Las chaquetas vaqueras son un b\u00e1sico atemporal del armario, apreciadas por su versatilidad y durabilidad.<\/p>","protected":false},"author":1,"featured_media":3860,"comment_status":"open","ping_status":"open","sticky":false,"template":"","format":"standard","meta":{"two_page_speed":[],"footnotes":""},"categories":[66],"tags":[],"class_list":["post-3858","post","type-post","status-publish","format-standard","has-post-thumbnail","hentry","category-denim-knowledge"],"aioseo_notices":[],"_links":{"self":[{"href":"https:\/\/lydenim.com\/es\/wp-json\/wp\/v2\/posts\/3858","targetHints":{"allow":["GET"]}}],"collection":[{"href":"https:\/\/lydenim.com\/es\/wp-json\/wp\/v2\/posts"}],"about":[{"href":"https:\/\/lydenim.com\/es\/wp-json\/wp\/v2\/types\/post"}],"author":[{"embeddable":true,"href":"https:\/\/lydenim.com\/es\/wp-json\/wp\/v2\/users\/1"}],"replies":[{"embeddable":true,"href":"https:\/\/lydenim.com\/es\/wp-json\/wp\/v2\/comments?post=3858"}],"version-history":[{"count":3,"href":"https:\/\/lydenim.com\/es\/wp-json\/wp\/v2\/posts\/3858\/revisions"}],"predecessor-version":[{"id":6177,"href":"https:\/\/lydenim.com\/es\/wp-json\/wp\/v2\/posts\/3858\/revisions\/6177"}],"wp:featuredmedia":[{"embeddable":true,"href":"https:\/\/lydenim.com\/es\/wp-json\/wp\/v2\/media\/3860"}],"wp:attachment":[{"href":"https:\/\/lydenim.com\/es\/wp-json\/wp\/v2\/media?parent=3858"}],"wp:term":[{"taxonomy":"category","embeddable":true,"href":"https:\/\/lydenim.com\/es\/wp-json\/wp\/v2\/categories?post=3858"},{"taxonomy":"post_tag","embeddable":true,"href":"https:\/\/lydenim.com\/es\/wp-json\/wp\/v2\/tags?post=3858"}],"curies":[{"name":"wp","href":"https:\/\/api.w.org\/{rel}","templated":true}]}}