{"id":3863,"date":"2025-03-06T12:35:30","date_gmt":"2025-03-06T04:35:30","guid":{"rendered":"https:\/\/lydenim.com\/?p=3863"},"modified":"2025-08-23T16:02:21","modified_gmt":"2025-08-23T08:02:21","slug":"the-role-of-denim-in-fashion-retail","status":"publish","type":"post","link":"https:\/\/lydenim.com\/es\/el-papel-del-denim-en-el-comercio-minorista-de-moda\/","title":{"rendered":"El papel del denim en el comercio minorista de moda"},"content":{"rendered":"<h2 data-pm-slice=\"1 1 []\">Tiempo estimado de lectura: ~3 minutos<\/h2>\n<h2 style=\"text-align: left;\" data-pm-slice=\"1 1 []\">Introducci\u00f3n<\/h2>\n<p>El denim ha sido durante mucho tiempo un pilar del comercio minorista de moda, evolucionando desde sus humildes or\u00edgenes como ropa de trabajo hasta convertirse en un producto b\u00e1sico de la moda global. Su versatilidad, durabilidad y atractivo atemporal lo convierten en un favorito tanto para consumidores como para minoristas. En esta entrada del blog, exploraremos el papel multifac\u00e9tico del denim en el comercio minorista de moda, desde su importancia hist\u00f3rica hasta sus tendencias actuales y su potencial futuro.<\/p>\n<h2><strong>La importancia hist\u00f3rica del denim en el comercio minorista de moda<\/strong><\/h2>\n<p>El viaje del denim en el comercio minorista de moda comenz\u00f3 a fines del siglo XIX cuando Levi Strauss &amp; Co. fue pionero en su uso en ropa de trabajo duradera, como la ic\u00f3nica chaqueta de denim y los jeans.<a href=\"https:\/\/en.wikipedia.org\/wiki\/Levi_Strauss_%26_Co.\" target=\"_blank\" rel=\"noopener noreferrer\">Wikipedia, Levi Strauss &amp; Co.<\/a>Para las d\u00e9cadas de 1950 y 1960, la mezclilla trascendi\u00f3 sus ra\u00edces utilitarias y se convirti\u00f3 en un s\u00edmbolo de rebeld\u00eda y cultura juvenil. Los minoristas aprovecharon este cambio, ofreciendo la mezclilla como una opci\u00f3n de moda para el d\u00eda a d\u00eda. Hoy en d\u00eda, la mezclilla es un fen\u00f3meno global, con marcas que incorporan variaciones especializadas como\u00a0<strong>mezclilla con orillo<\/strong>\u2014una tela premium de tejido apretado, famosa por su durabilidad y artesan\u00eda (<a href=\"https:\/\/denimhunters.com\/denim-wiki\/denim-explained\/selvedge\/\" target=\"_blank\" rel=\"noopener noreferrer\">Gu\u00eda de mezclilla con orillo<\/a>).<\/p>\n<div style=\"width: 610px\" class=\"wp-caption aligncenter\"><img loading=\"lazy\" decoding=\"async\" class=\"\" src=\"https:\/\/thejeansblog.com\/wp-content\/uploads\/2019\/05\/LTS_DenimGraphic_Final.jpg\" alt=\"Cambios en los jeans de 1950 a 2019\" width=\"600\" height=\"962\" \/><p class=\"wp-caption-text\">Cambios en los jeans de 1950 a 2019<\/p><\/div>\n<h2><strong>Tendencias actuales en el comercio minorista de moda vaquera<\/strong><\/h2>\n<p>En los \u00faltimos a\u00f1os, el denim ha ganado popularidad, impulsado por\u00a0<strong>moda sostenible<\/strong>\u00a0y el auge de la ropa informal. Los consumidores buscan cada vez m\u00e1s opciones ecol\u00f3gicas, lo que impulsa a los minoristas a adoptar pr\u00e1cticas como el cultivo de algod\u00f3n org\u00e1nico y materiales reciclados. Por ejemplo, la Fundaci\u00f3n Ellen MacArthur...\u00a0<em>Redise\u00f1o de jeans<\/em> La iniciativa describe las pautas para crear mezclilla duradera y reciclable (<a href=\"https:\/\/assets.ellenmacarthurfoundation.org.cn\/PDF\/publications\/%E7%89%9B%E4%BB%94%20%E5%86%8D%E9%80%A0%E6%8C%87%E5%8D%97.pdf\">Gu\u00eda para rehacer mezclilla (versi\u00f3n china)<\/a>).<\/p>\n<p>Las ventas de denim sostenible han crecido un\u00a0<strong>35%<\/strong>\u00a0desde 2018, lo que refleja las prioridades cambiantes de los consumidores (<a href=\"https:\/\/www.statista.com\/topics\/5959\/denim-market-worldwide\/\" target=\"_blank\" rel=\"noopener noreferrer\">Statista, 2023<\/a>). Innovaciones como\u00a0<strong>mezclilla el\u00e1stica<\/strong>\u00a0y\u00a0<strong>mezclilla cruda<\/strong>\u00a0atender diversas preferencias, mientras que los minoristas ampl\u00edan sus ofertas para incluir vestidos de mezclilla, monos y accesorios.<\/p>\n<p><img loading=\"lazy\" decoding=\"async\" class=\"aligncenter\" src=\"https:\/\/www.marketresearchfuture.com\/uploads\/infographics\/Denim_Fabrics_Market.jpg\" alt=\"Descripci\u00f3n general del mercado de tejidos de mezclilla\" width=\"600\" height=\"300\" \/><\/p>\n<h2><strong>El futuro del denim en el comercio minorista de moda<\/strong><\/h2>\n<p>El futuro del denim reside en combinar la tradici\u00f3n con la innovaci\u00f3n. Los avances en la tecnolog\u00eda de los tejidos, como\u00a0<strong>mezclilla que absorbe la humedad<\/strong>\u00a0(por ejemplo, Cotton Incorporated)\u00a0<a href=\"https:\/\/www.cottoninc.com\/innovation\/transdry-technology\/\" target=\"_blank\" rel=\"noopener noreferrer\">TransDRY\u00ae<\/a>) y los textiles termorreguladores mejoran la funcionalidad de la ropa deportiva y de alto rendimiento. La personalizaci\u00f3n es otra frontera: marcas como\u00a0<em>Sin hilar<\/em> Utilice el escaneo 3D para crear jeans a medida, reduciendo el desperdicio y aumentando la participaci\u00f3n del consumidor.<\/p>\n<p>Los minoristas tambi\u00e9n est\u00e1n explorando la circularidad, con iniciativas como\u00a0<em>Programas de reciclaje de mezclilla<\/em>\u00a0ganando terreno. Como se destaca en el\u00a0<em>Revista de investigaci\u00f3n textil<\/em>Los tintes biodegradables para mezclilla y los sistemas de producci\u00f3n de circuito cerrado podr\u00edan redefinir la sostenibilidad en la industria (<a href=\"https:\/\/journals.sagepub.com\/action\/doSearch?AllField=denim\" target=\"_blank\" rel=\"noopener noreferrer\">Revistas SAGE<\/a>).<\/p>\n<div id=\"attachment_3865\" style=\"width: 610px\" class=\"wp-caption aligncenter\"><img loading=\"lazy\" decoding=\"async\" aria-describedby=\"caption-attachment-3865\" class=\"size-full wp-image-3865\" src=\"https:\/\/lydenim.com\/wp-content\/uploads\/2025\/03\/\u4e0b\u8f7d-e1741234514365.png\" alt=\"\" width=\"600\" height=\"600\" \/><p id=\"caption-attachment-3865\" class=\"wp-caption-text\">Enso\u00f1aci\u00f3n futurista del denim<\/p><\/div>\n<h2><strong>Conclusi\u00f3n<\/strong><\/h2>\n<p>El papel del denim en el comercio minorista de moda es tan din\u00e1mico como el propio tejido. Desde sus or\u00edgenes en la ropa de trabajo hasta su estatus como un producto b\u00e1sico sostenible y tecnol\u00f3gico, el denim sigue marcando la pauta en la industria. Los minoristas que adopten la innovaci\u00f3n y la \u00e9tica prosperar\u00e1n en este panorama en constante evoluci\u00f3n.<\/p>\n<h2 dir=\"auto\">Servicios de personalizaci\u00f3n de LYDENIM<\/h2>\n<p dir=\"auto\">\ud83c\udfa8 Quiero <strong>telas de mezclilla personalizadas<\/strong> o\u00a0 <strong>\u00fanico<\/strong> <strong>prenda de mezclilla personalizada<\/strong>?LYDENIM se especializa en soluciones a medida para satisfacer sus necesidades de dise\u00f1o y producci\u00f3n.<\/p>\n<p dir=\"auto\">\ud83d\udecd\ufe0f <strong>Explora e insp\u00edrate<\/strong>:Explore nuestra selecci\u00f3n de telas y descubra ideas de dise\u00f1o en <a href=\"https:\/\/lydenim.com\/es\/\" target=\"_blank\" rel=\"noopener noreferrer nofollow\">LYDenim<\/a>.<\/p>\n<p dir=\"auto\">\ud83c\udf10 <strong>Ropa el\u00e1stica<\/strong>:Consulta nuestras ofertas en <a href=\"http:\/\/liangyuantextile.m.en.alibaba.com\" target=\"_blank\" rel=\"noopener noreferrer nofollow\">Mi Alibaba<\/a>. \ud83d\udce9 <strong>Contacto<\/strong>:Comun\u00edquese con nosotros en <a href=\"mailto:malone@lydenim.com\" target=\"_blank\" rel=\"noopener noreferrer nofollow\">malone@lydenim.com<\/a>.<\/p>\n<p dir=\"auto\">Crea tu obra maestra en denim con LYDENIM, tu socio de confianza para <strong>tejido el\u00e1stico<\/strong> y <strong>soluciones de mezclilla personalizadas<\/strong>.<\/p>","protected":false},"excerpt":{"rendered":"<p>Tiempo estimado de lectura: ~3 minutos Introducci\u00f3n El denim ha sido durante mucho tiempo una piedra angular del comercio minorista de moda, evolucionando desde sus humildes or\u00edgenes<\/p>","protected":false},"author":1,"featured_media":3913,"comment_status":"open","ping_status":"open","sticky":false,"template":"","format":"standard","meta":{"two_page_speed":[],"footnotes":""},"categories":[67],"tags":[],"class_list":["post-3863","post","type-post","status-publish","format-standard","has-post-thumbnail","hentry","category-market"],"aioseo_notices":[],"_links":{"self":[{"href":"https:\/\/lydenim.com\/es\/wp-json\/wp\/v2\/posts\/3863","targetHints":{"allow":["GET"]}}],"collection":[{"href":"https:\/\/lydenim.com\/es\/wp-json\/wp\/v2\/posts"}],"about":[{"href":"https:\/\/lydenim.com\/es\/wp-json\/wp\/v2\/types\/post"}],"author":[{"embeddable":true,"href":"https:\/\/lydenim.com\/es\/wp-json\/wp\/v2\/users\/1"}],"replies":[{"embeddable":true,"href":"https:\/\/lydenim.com\/es\/wp-json\/wp\/v2\/comments?post=3863"}],"version-history":[{"count":5,"href":"https:\/\/lydenim.com\/es\/wp-json\/wp\/v2\/posts\/3863\/revisions"}],"predecessor-version":[{"id":6201,"href":"https:\/\/lydenim.com\/es\/wp-json\/wp\/v2\/posts\/3863\/revisions\/6201"}],"wp:featuredmedia":[{"embeddable":true,"href":"https:\/\/lydenim.com\/es\/wp-json\/wp\/v2\/media\/3913"}],"wp:attachment":[{"href":"https:\/\/lydenim.com\/es\/wp-json\/wp\/v2\/media?parent=3863"}],"wp:term":[{"taxonomy":"category","embeddable":true,"href":"https:\/\/lydenim.com\/es\/wp-json\/wp\/v2\/categories?post=3863"},{"taxonomy":"post_tag","embeddable":true,"href":"https:\/\/lydenim.com\/es\/wp-json\/wp\/v2\/tags?post=3863"}],"curies":[{"name":"wp","href":"https:\/\/api.w.org\/{rel}","templated":true}]}}