{"id":3896,"date":"2025-03-08T18:00:47","date_gmt":"2025-03-08T10:00:47","guid":{"rendered":"https:\/\/lydenim.com\/?p=3896"},"modified":"2025-08-23T16:09:31","modified_gmt":"2025-08-23T08:09:31","slug":"understanding-denim-fabrics-a-comprehensive-guide","status":"publish","type":"post","link":"https:\/\/lydenim.com\/es\/comprender-las-telas-de-mezclilla-una-guia-completa\/","title":{"rendered":"Comprensi\u00f3n de las telas de mezclilla: una gu\u00eda completa"},"content":{"rendered":"<h2 data-pm-slice=\"1 1 []\">Tiempo estimado de lectura: ~6 minutos<\/h2>\n<h2 style=\"text-align: left;\" data-pm-slice=\"1 1 []\">Introducci\u00f3n<\/h2>\n<p data-start=\"56\" data-end=\"339\">Al seleccionar telas de mezclilla para sus dise\u00f1os o prendas, es fundamental comprender los diferentes tipos disponibles. Esta gu\u00eda ofrece una descripci\u00f3n general de los tipos comunes de tela de mezclilla, destacando sus caracter\u00edsticas, ventajas y desventajas clave para ayudarle a tomar decisiones informadas.<\/p>\n<h2 data-start=\"341\" data-end=\"365\">1. 100% <a href=\"https:\/\/en.wikipedia.org\/wiki\/Cotton\">Algod\u00f3n<\/a> Dril<\/h2>\n<h3 data-start=\"366\" data-end=\"375\"><strong data-start=\"366\" data-end=\"375\">Ventajas:<\/strong><\/h3>\n<ul data-start=\"376\" data-end=\"847\">\n<li data-start=\"376\" data-end=\"479\"><strong data-start=\"378\" data-end=\"394\">C\u00f3modo:<\/strong> Fabricado con algod\u00f3n natural, este denim es transpirable y suave, ideal para climas c\u00e1lidos.<\/li>\n<li data-start=\"480\" data-end=\"565\"><strong data-start=\"482\" data-end=\"499\">Ecol\u00f3gico:<\/strong> El algod\u00f3n es biodegradable, lo que convierte a este tejido en una opci\u00f3n sostenible.<\/li>\n<li data-start=\"566\" data-end=\"659\"><strong data-start=\"568\" data-end=\"580\">Durable:<\/strong> El denim de algod\u00f3n puro es conocido por su robustez y resistencia al desgaste.<\/li>\n<li data-start=\"660\" data-end=\"745\"><strong data-start=\"662\" data-end=\"680\">Agradable para la piel:<\/strong> Adecuado para pieles sensibles ya que est\u00e1 elaborado con materiales naturales.<\/li>\n<li data-start=\"746\" data-end=\"847\"><strong data-start=\"748\" data-end=\"768\">Mirada estructurada:<\/strong> El denim de algod\u00f3n de alta densidad y peso pesado ofrece una silueta fuerte y estructurada.<\/li>\n<\/ul>\n<h3 data-start=\"849\" data-end=\"858\"><strong data-start=\"849\" data-end=\"858\">Contras:<\/strong><\/h3>\n<ul data-start=\"859\" data-end=\"1120\">\n<li data-start=\"859\" data-end=\"941\"><strong data-start=\"861\" data-end=\"880\">Se encoge f\u00e1cilmente:<\/strong> La tela de algod\u00f3n puede encogerse significativamente despu\u00e9s de varios lavados.<\/li>\n<li data-start=\"942\" data-end=\"1033\"><strong data-start=\"944\" data-end=\"961\">Desvanecimiento del color:<\/strong> El denim de algod\u00f3n puro tiende a perder su color m\u00e1s r\u00e1pido que las mezclas sint\u00e9ticas.<\/li>\n<li data-start=\"1034\" data-end=\"1120\"><strong data-start=\"1036\" data-end=\"1051\">Sensaci\u00f3n de rigidez:<\/strong> Sin elasticidad, este denim puede restringir el movimiento durante las actividades.<\/li>\n<\/ul>\n<div id=\"attachment_3898\" style=\"width: 327px\" class=\"wp-caption aligncenter\"><img loading=\"lazy\" decoding=\"async\" aria-describedby=\"caption-attachment-3898\" class=\"size-full wp-image-3898\" src=\"https:\/\/lydenim.com\/wp-content\/uploads\/2025\/03\/IMG_4196-e1741427174774.jpg\" alt=\"100% Mezclilla de algod\u00f3n\" width=\"317\" height=\"299\" srcset=\"https:\/\/lydenim.com\/wp-content\/uploads\/2025\/03\/IMG_4196-e1741427174774.jpg 317w, https:\/\/lydenim.com\/wp-content\/uploads\/2025\/03\/IMG_4196-e1741427174774-300x283.jpg 300w, https:\/\/lydenim.com\/wp-content\/uploads\/2025\/03\/IMG_4196-e1741427174774-13x12.jpg 13w, https:\/\/lydenim.com\/wp-content\/uploads\/2025\/03\/IMG_4196-e1741427174774-150x141.jpg 150w\" sizes=\"auto, (max-width: 317px) 100vw, 317px\" \/><p id=\"caption-attachment-3898\" class=\"wp-caption-text\">100% Mezclilla de algod\u00f3n<\/p><\/div>\n<h2 data-start=\"1122\" data-end=\"1151\">2. Algod\u00f3n + <a href=\"https:\/\/en.wikipedia.org\/wiki\/Spandex\">Spandex<\/a> Dril<\/h2>\n<h3 data-start=\"1152\" data-end=\"1161\"><strong data-start=\"1152\" data-end=\"1161\">Ventajas:<\/strong><\/h3>\n<ul data-start=\"1162\" data-end=\"1312\">\n<li data-start=\"1162\" data-end=\"1233\"><strong data-start=\"1164\" data-end=\"1181\">Ajuste flexible:<\/strong> El spandex agrega elasticidad, mejorando el ajuste y la comodidad.<\/li>\n<li data-start=\"1234\" data-end=\"1312\"><strong data-start=\"1236\" data-end=\"1251\">Respirable:<\/strong> Esta mezcla mantiene las propiedades de absorci\u00f3n de humedad del algod\u00f3n.<\/li>\n<\/ul>\n<h3 data-start=\"1314\" data-end=\"1323\"><strong data-start=\"1314\" data-end=\"1323\">Contras:<\/strong><\/h3>\n<ul data-start=\"1324\" data-end=\"1464\">\n<li data-start=\"1324\" data-end=\"1398\"><strong data-start=\"1326\" data-end=\"1341\">P\u00e9rdida de forma:<\/strong> El contenido excesivo de elastano puede provocar deformaciones en el tejido.<\/li>\n<li data-start=\"1399\" data-end=\"1464\"><strong data-start=\"1401\" data-end=\"1412\">Costoso:<\/strong> Los mayores costos de producci\u00f3n pueden incrementar los precios minoristas.<\/li>\n<\/ul>\n<div id=\"attachment_3899\" style=\"width: 410px\" class=\"wp-caption aligncenter\"><img loading=\"lazy\" decoding=\"async\" aria-describedby=\"caption-attachment-3899\" class=\"wp-image-3899\" src=\"https:\/\/lydenim.com\/wp-content\/uploads\/2025\/03\/IMG_4197-e1741427300636.jpg\" alt=\"Mezclilla de algod\u00f3n y elastano\" width=\"400\" height=\"376\" srcset=\"https:\/\/lydenim.com\/wp-content\/uploads\/2025\/03\/IMG_4197-e1741427300636.jpg 1002w, https:\/\/lydenim.com\/wp-content\/uploads\/2025\/03\/IMG_4197-e1741427300636-300x282.jpg 300w, https:\/\/lydenim.com\/wp-content\/uploads\/2025\/03\/IMG_4197-e1741427300636-768x723.jpg 768w, https:\/\/lydenim.com\/wp-content\/uploads\/2025\/03\/IMG_4197-e1741427300636-13x12.jpg 13w, https:\/\/lydenim.com\/wp-content\/uploads\/2025\/03\/IMG_4197-e1741427300636-600x565.jpg 600w, https:\/\/lydenim.com\/wp-content\/uploads\/2025\/03\/IMG_4197-e1741427300636-150x141.jpg 150w\" sizes=\"auto, (max-width: 400px) 100vw, 400px\" \/><p id=\"caption-attachment-3899\" class=\"wp-caption-text\">Mezclilla de algod\u00f3n y elastano<\/p><\/div>\n<h2 data-start=\"1466\" data-end=\"1507\">3. Algod\u00f3n + <a href=\"https:\/\/en.wikipedia.org\/wiki\/Polyester\">Poli\u00e9ster<\/a> + Mezclilla de elastano<\/h2>\n<h3 data-start=\"1508\" data-end=\"1517\"><strong data-start=\"1508\" data-end=\"1517\">Ventajas:<\/strong><\/h3>\n<ul data-start=\"1518\" data-end=\"1717\">\n<li data-start=\"1518\" data-end=\"1575\"><strong data-start=\"1520\" data-end=\"1535\">Asequible:<\/strong> Las fibras mezcladas reducen los costos de producci\u00f3n.<\/li>\n<li data-start=\"1576\" data-end=\"1643\"><strong data-start=\"1578\" data-end=\"1590\">Durable:<\/strong> El poli\u00e9ster mejora la resistencia a la abrasi\u00f3n y la fuerza.<\/li>\n<li data-start=\"1644\" data-end=\"1717\"><strong data-start=\"1646\" data-end=\"1668\">Resistente a las arrugas:<\/strong> Requiere menos planchado y se mantiene limpio por m\u00e1s tiempo.<\/li>\n<\/ul>\n<h3 data-start=\"1719\" data-end=\"1728\"><strong data-start=\"1719\" data-end=\"1728\">Contras:<\/strong><\/h3>\n<ul data-start=\"1729\" data-end=\"1896\">\n<li data-start=\"1729\" data-end=\"1791\"><strong data-start=\"1731\" data-end=\"1748\">Riesgo de formaci\u00f3n de bolitas:<\/strong> Las fibras de poli\u00e9ster pueden formar bolitas con el tiempo.<\/li>\n<li data-start=\"1792\" data-end=\"1896\"><strong data-start=\"1794\" data-end=\"1826\">Absorci\u00f3n de humedad limitada:<\/strong> Esta mezcla puede atrapar la humedad, causando incomodidad en condiciones de humedad.<\/li>\n<\/ul>\n<div id=\"attachment_3900\" style=\"width: 410px\" class=\"wp-caption aligncenter\"><img loading=\"lazy\" decoding=\"async\" aria-describedby=\"caption-attachment-3900\" class=\"wp-image-3900\" src=\"https:\/\/lydenim.com\/wp-content\/uploads\/2025\/03\/IMG_4198-e1741427367569.jpg\" alt=\"Algod\u00f3n + poli\u00e9ster + spandex Denim\" width=\"400\" height=\"377\" srcset=\"https:\/\/lydenim.com\/wp-content\/uploads\/2025\/03\/IMG_4198-e1741427367569.jpg 1024w, https:\/\/lydenim.com\/wp-content\/uploads\/2025\/03\/IMG_4198-e1741427367569-300x282.jpg 300w, https:\/\/lydenim.com\/wp-content\/uploads\/2025\/03\/IMG_4198-e1741427367569-768x723.jpg 768w, https:\/\/lydenim.com\/wp-content\/uploads\/2025\/03\/IMG_4198-e1741427367569-13x12.jpg 13w, https:\/\/lydenim.com\/wp-content\/uploads\/2025\/03\/IMG_4198-e1741427367569-600x565.jpg 600w, https:\/\/lydenim.com\/wp-content\/uploads\/2025\/03\/IMG_4198-e1741427367569-150x141.jpg 150w\" sizes=\"auto, (max-width: 400px) 100vw, 400px\" \/><p id=\"caption-attachment-3900\" class=\"wp-caption-text\">Algod\u00f3n + poli\u00e9ster + spandex Denim<\/p><\/div>\n<h2 data-start=\"1898\" data-end=\"1917\">4. <a href=\"https:\/\/en.wikipedia.org\/wiki\/Lyocell\">Tencel<\/a> Dril<\/h2>\n<h3 data-start=\"1918\" data-end=\"1927\"><strong data-start=\"1918\" data-end=\"1927\">Ventajas:<\/strong><\/h3>\n<ul data-start=\"1928\" data-end=\"2164\">\n<li data-start=\"1928\" data-end=\"2005\"><strong data-start=\"1930\" data-end=\"1951\">Control de humedad:<\/strong> Tencel se destaca por absorber la humedad, manteni\u00e9ndote seco.<\/li>\n<li data-start=\"2006\" data-end=\"2081\"><strong data-start=\"2008\" data-end=\"2028\">Suave y liso:<\/strong> Conocido por su tacto sedoso, ideal para pieles sensibles.<\/li>\n<li data-start=\"2082\" data-end=\"2164\"><strong data-start=\"2084\" data-end=\"2101\">Ecol\u00f3gico:<\/strong> El Tencel se deriva de pulpa de madera natural y es biodegradable.<\/li>\n<\/ul>\n<h3 data-start=\"2166\" data-end=\"2175\"><strong data-start=\"2166\" data-end=\"2175\">Contras:<\/strong><\/h3>\n<ul data-start=\"2176\" data-end=\"2315\">\n<li data-start=\"2176\" data-end=\"2244\"><strong data-start=\"2178\" data-end=\"2192\">Caro:<\/strong> Las propiedades premium de Tencel tienen un precio m\u00e1s alto.<\/li>\n<li data-start=\"2245\" data-end=\"2315\"><strong data-start=\"2247\" data-end=\"2270\">Estructura delicada:<\/strong> Su naturaleza liviana puede limitar la durabilidad.<\/li>\n<\/ul>\n<div id=\"attachment_3901\" style=\"width: 410px\" class=\"wp-caption aligncenter\"><img loading=\"lazy\" decoding=\"async\" aria-describedby=\"caption-attachment-3901\" class=\"wp-image-3901\" src=\"https:\/\/lydenim.com\/wp-content\/uploads\/2025\/03\/IMG_4199-e1741427471580.jpg\" alt=\"Mezclilla Tencel\" width=\"400\" height=\"376\" srcset=\"https:\/\/lydenim.com\/wp-content\/uploads\/2025\/03\/IMG_4199-e1741427471580.jpg 1020w, https:\/\/lydenim.com\/wp-content\/uploads\/2025\/03\/IMG_4199-e1741427471580-300x282.jpg 300w, https:\/\/lydenim.com\/wp-content\/uploads\/2025\/03\/IMG_4199-e1741427471580-768x723.jpg 768w, https:\/\/lydenim.com\/wp-content\/uploads\/2025\/03\/IMG_4199-e1741427471580-13x12.jpg 13w, https:\/\/lydenim.com\/wp-content\/uploads\/2025\/03\/IMG_4199-e1741427471580-600x565.jpg 600w, https:\/\/lydenim.com\/wp-content\/uploads\/2025\/03\/IMG_4199-e1741427471580-150x141.jpg 150w\" sizes=\"auto, (max-width: 400px) 100vw, 400px\" \/><p id=\"caption-attachment-3901\" class=\"wp-caption-text\">Mezclilla Tencel<\/p><\/div>\n<h2 data-start=\"2317\" data-end=\"2337\">5. Mezclilla de punto<\/h2>\n<h3 data-start=\"2338\" data-end=\"2347\"><strong data-start=\"2338\" data-end=\"2347\">Ventajas:<\/strong><\/h3>\n<ul data-start=\"2348\" data-end=\"2521\">\n<li data-start=\"2348\" data-end=\"2408\"><strong data-start=\"2350\" data-end=\"2371\">Alta flexibilidad:<\/strong> Ofrece elasticidad y comodidad superiores.<\/li>\n<li data-start=\"2409\" data-end=\"2521\"><strong data-start=\"2411\" data-end=\"2432\">Caracter\u00edsticas especiales:<\/strong> Algunos tejidos de mezclilla incluyen propiedades antibacterianas, que absorben el sudor o son resistentes a los rayos UV.<\/li>\n<\/ul>\n<h3 data-start=\"2523\" data-end=\"2532\"><strong data-start=\"2523\" data-end=\"2532\">Contras:<\/strong><\/h3>\n<ul data-start=\"2533\" data-end=\"2610\">\n<li data-start=\"2533\" data-end=\"2610\"><strong data-start=\"2535\" data-end=\"2557\">Inestabilidad del color:<\/strong> Requiere un lavado cuidadoso para mantener la vitalidad del color.<\/li>\n<\/ul>\n<div id=\"attachment_3902\" style=\"width: 410px\" class=\"wp-caption aligncenter\"><img loading=\"lazy\" decoding=\"async\" aria-describedby=\"caption-attachment-3902\" class=\"wp-image-3902\" src=\"https:\/\/lydenim.com\/wp-content\/uploads\/2025\/03\/IMG_4200-e1741427548196.jpg\" alt=\"Mezclilla de punto\" width=\"400\" height=\"418\" srcset=\"https:\/\/lydenim.com\/wp-content\/uploads\/2025\/03\/IMG_4200-e1741427548196.jpg 866w, https:\/\/lydenim.com\/wp-content\/uploads\/2025\/03\/IMG_4200-e1741427548196-287x300.jpg 287w, https:\/\/lydenim.com\/wp-content\/uploads\/2025\/03\/IMG_4200-e1741427548196-768x803.jpg 768w, https:\/\/lydenim.com\/wp-content\/uploads\/2025\/03\/IMG_4200-e1741427548196-11x12.jpg 11w, https:\/\/lydenim.com\/wp-content\/uploads\/2025\/03\/IMG_4200-e1741427548196-600x627.jpg 600w, https:\/\/lydenim.com\/wp-content\/uploads\/2025\/03\/IMG_4200-e1741427548196-150x157.jpg 150w\" sizes=\"auto, (max-width: 400px) 100vw, 400px\" \/><p id=\"caption-attachment-3902\" class=\"wp-caption-text\">Mezclilla de punto<\/p><\/div>\n<h2 data-start=\"2612\" data-end=\"2632\">6. Denim de acetato<\/h2>\n<h3 data-start=\"2633\" data-end=\"2642\"><strong data-start=\"2633\" data-end=\"2642\">Ventajas:<\/strong><\/h3>\n<ul data-start=\"2643\" data-end=\"2871\">\n<li data-start=\"2643\" data-end=\"2726\"><strong data-start=\"2645\" data-end=\"2663\">Consciente del medio ambiente:<\/strong> Las fibras de acetato son biodegradables y respetuosas con el medio ambiente.<\/li>\n<li data-start=\"2727\" data-end=\"2784\"><strong data-start=\"2729\" data-end=\"2746\">Acabado brillante:<\/strong> Ofrece un aspecto naturalmente brillante.<\/li>\n<li data-start=\"2785\" data-end=\"2871\"><strong data-start=\"2787\" data-end=\"2808\">Suave y fluido:<\/strong> Proporciona un aspecto elegante y drapeado, ideal para dise\u00f1os sofisticados.<\/li>\n<\/ul>\n<h3 data-start=\"2873\" data-end=\"2882\"><strong data-start=\"2873\" data-end=\"2882\">Contras:<\/strong><\/h3>\n<ul data-start=\"2883\" data-end=\"2964\">\n<li data-start=\"2883\" data-end=\"2964\"><strong data-start=\"2885\" data-end=\"2904\">Sensible al calor:<\/strong> El acetato requiere lavado a baja temperatura para evitar da\u00f1os.<\/li>\n<\/ul>\n<div id=\"attachment_3903\" style=\"width: 410px\" class=\"wp-caption aligncenter\"><img loading=\"lazy\" decoding=\"async\" aria-describedby=\"caption-attachment-3903\" class=\"wp-image-3903\" src=\"https:\/\/lydenim.com\/wp-content\/uploads\/2025\/03\/IMG_4201-e1741427615381.jpg\" alt=\"Denim de acetato\" width=\"400\" height=\"399\" srcset=\"https:\/\/lydenim.com\/wp-content\/uploads\/2025\/03\/IMG_4201-e1741427615381.jpg 913w, https:\/\/lydenim.com\/wp-content\/uploads\/2025\/03\/IMG_4201-e1741427615381-300x300.jpg 300w, https:\/\/lydenim.com\/wp-content\/uploads\/2025\/03\/IMG_4201-e1741427615381-150x150.jpg 150w, https:\/\/lydenim.com\/wp-content\/uploads\/2025\/03\/IMG_4201-e1741427615381-768x765.jpg 768w, https:\/\/lydenim.com\/wp-content\/uploads\/2025\/03\/IMG_4201-e1741427615381-12x12.jpg 12w, https:\/\/lydenim.com\/wp-content\/uploads\/2025\/03\/IMG_4201-e1741427615381-600x598.jpg 600w\" sizes=\"auto, (max-width: 400px) 100vw, 400px\" \/><p id=\"caption-attachment-3903\" class=\"wp-caption-text\">Denim de acetato<\/p><\/div>\n<h2 data-start=\"2966\" data-end=\"2983\">7. Mezclilla de seda<\/h2>\n<h3 data-start=\"2984\" data-end=\"2993\"><strong data-start=\"2984\" data-end=\"2993\">Ventajas:<\/strong><\/h3>\n<ul data-start=\"2994\" data-end=\"3127\">\n<li data-start=\"2994\" data-end=\"3073\"><strong data-start=\"2996\" data-end=\"3018\">Textura lujosa:<\/strong> El denim de seda se siente excepcionalmente suave y liviano.<\/li>\n<li data-start=\"3074\" data-end=\"3127\"><strong data-start=\"3076\" data-end=\"3100\">Transpirable y fresco:<\/strong> Ideal para prendas de verano.<\/li>\n<\/ul>\n<h3 data-start=\"3129\" data-end=\"3138\"><strong data-start=\"3129\" data-end=\"3138\">Contras:<\/strong><\/h3>\n<ul data-start=\"3139\" data-end=\"3213\">\n<li data-start=\"3139\" data-end=\"3213\"><strong data-start=\"3141\" data-end=\"3162\">Alto mantenimiento:<\/strong> La seda requiere un cuidado delicado para conservar su textura.<\/li>\n<\/ul>\n<div id=\"attachment_3904\" style=\"width: 410px\" class=\"wp-caption aligncenter\"><img loading=\"lazy\" decoding=\"async\" aria-describedby=\"caption-attachment-3904\" class=\"wp-image-3904\" src=\"https:\/\/lydenim.com\/wp-content\/uploads\/2025\/03\/IMG_4202-e1741427660583.jpg\" alt=\"Mezclilla de seda\" width=\"400\" height=\"400\" srcset=\"https:\/\/lydenim.com\/wp-content\/uploads\/2025\/03\/IMG_4202-e1741427660583.jpg 913w, https:\/\/lydenim.com\/wp-content\/uploads\/2025\/03\/IMG_4202-e1741427660583-300x300.jpg 300w, https:\/\/lydenim.com\/wp-content\/uploads\/2025\/03\/IMG_4202-e1741427660583-150x150.jpg 150w, https:\/\/lydenim.com\/wp-content\/uploads\/2025\/03\/IMG_4202-e1741427660583-768x768.jpg 768w, https:\/\/lydenim.com\/wp-content\/uploads\/2025\/03\/IMG_4202-e1741427660583-12x12.jpg 12w, https:\/\/lydenim.com\/wp-content\/uploads\/2025\/03\/IMG_4202-e1741427660583-600x600.jpg 600w\" sizes=\"auto, (max-width: 400px) 100vw, 400px\" \/><p id=\"caption-attachment-3904\" class=\"wp-caption-text\">Mezclilla de seda<\/p><\/div>\n<h2 data-start=\"3215\" data-end=\"3236\">8. Mezclilla de cachemira<\/h2>\n<h3 data-start=\"3237\" data-end=\"3246\"><strong data-start=\"3237\" data-end=\"3246\">Ventajas:<\/strong><\/h3>\n<ul data-start=\"3247\" data-end=\"3402\">\n<li data-start=\"3247\" data-end=\"3341\"><strong data-start=\"3249\" data-end=\"3269\">Calidez superior:<\/strong> Las fibras de cachemira ofrecen un aislamiento excepcional, ideal para la moda invernal.<\/li>\n<li data-start=\"3342\" data-end=\"3402\"><strong data-start=\"3344\" data-end=\"3359\">Tacto suave:<\/strong> El denim de cachemira proporciona una comodidad inigualable.<\/li>\n<\/ul>\n<h3 data-start=\"3404\" data-end=\"3413\"><strong data-start=\"3404\" data-end=\"3413\">Contras:<\/strong><\/h3>\n<ul data-start=\"3414\" data-end=\"3562\">\n<li data-start=\"3414\" data-end=\"3487\"><strong data-start=\"3416\" data-end=\"3430\">Caro:<\/strong> La calidad superior del cachemir exige un precio m\u00e1s elevado.<\/li>\n<li data-start=\"3488\" data-end=\"3562\"><strong data-start=\"3490\" data-end=\"3514\">Versatilidad limitada:<\/strong> M\u00e1s adecuado para el clima fr\u00edo debido a su calidez.<\/li>\n<\/ul>\n<div id=\"attachment_3905\" style=\"width: 410px\" class=\"wp-caption aligncenter\"><img loading=\"lazy\" decoding=\"async\" aria-describedby=\"caption-attachment-3905\" class=\"wp-image-3905\" src=\"https:\/\/lydenim.com\/wp-content\/uploads\/2025\/03\/IMG_4203-e1741427717462.jpg\" alt=\"Mezclilla de cachemira\" width=\"400\" height=\"408\" srcset=\"https:\/\/lydenim.com\/wp-content\/uploads\/2025\/03\/IMG_4203-e1741427717462.jpg 905w, https:\/\/lydenim.com\/wp-content\/uploads\/2025\/03\/IMG_4203-e1741427717462-294x300.jpg 294w, https:\/\/lydenim.com\/wp-content\/uploads\/2025\/03\/IMG_4203-e1741427717462-768x782.jpg 768w, https:\/\/lydenim.com\/wp-content\/uploads\/2025\/03\/IMG_4203-e1741427717462-12x12.jpg 12w, https:\/\/lydenim.com\/wp-content\/uploads\/2025\/03\/IMG_4203-e1741427717462-600x611.jpg 600w, https:\/\/lydenim.com\/wp-content\/uploads\/2025\/03\/IMG_4203-e1741427717462-150x153.jpg 150w\" sizes=\"auto, (max-width: 400px) 100vw, 400px\" \/><p id=\"caption-attachment-3905\" class=\"wp-caption-text\">Mezclilla de cachemira<\/p><\/div>\n<h2 data-start=\"3564\" data-end=\"3614\">C\u00f3mo elegir la tela vaquera adecuada para tus necesidades<\/h2>\n<p data-start=\"3615\" data-end=\"3866\">Para seleccionar la mejor mezclilla para tu proyecto, considera factores como la comodidad, la durabilidad y los requisitos de cuidado. Para ropa informal de diario, las mezclas de algod\u00f3n o elastano ofrecen versatilidad. Para la moda m\u00e1s sofisticada, la mezclilla de seda o cachemira aporta un toque refinado.<\/p>\n<h2 data-start=\"3868\" data-end=\"3886\">Llamada a la acci\u00f3n<\/h2>\n<p data-start=\"3887\" data-end=\"4157\">\u00bfListo para realzar tus dise\u00f1os con telas de mezclilla premium? Explora <a href=\"https:\/\/lydenim.com\/es\/contacto\/\">LYDENIM.COM<\/a> Colecci\u00f3n exclusiva de materiales de calidad dise\u00f1ados para dise\u00f1adores de moda, fabricantes de prendas y vendedores de telas. <a href=\"https:\/\/lydenim.com\/es\/productos\/\" rel=\"noopener\" data-start=\"4081\" data-end=\"4109\">Explora nuestro cat\u00e1logo ahora<\/a> \u00a1Para encontrar el ajuste perfecto para tu pr\u00f3xima creaci\u00f3n!<\/p>\n<h2 dir=\"auto\">Servicios de personalizaci\u00f3n de LYDENIM<\/h2>\n<p dir=\"auto\">\ud83c\udfa8 Quiero <strong>telas de mezclilla personalizadas<\/strong> o\u00a0 <strong>\u00fanico<\/strong> <strong>prenda de mezclilla personalizada<\/strong>?LYDENIM se especializa en soluciones a medida para satisfacer sus necesidades de dise\u00f1o y producci\u00f3n.<\/p>\n<p dir=\"auto\">\ud83d\udecd\ufe0f <strong>Explora e insp\u00edrate<\/strong>:Explore nuestra selecci\u00f3n de telas y descubra ideas de dise\u00f1o en <a href=\"https:\/\/lydenim.com\/es\/\" target=\"_blank\" rel=\"noopener noreferrer nofollow\">LYDenim<\/a>.<\/p>\n<p dir=\"auto\">\ud83c\udf10 <strong>Ropa el\u00e1stica<\/strong>:Consulta nuestras ofertas en <a href=\"http:\/\/liangyuantextile.m.en.alibaba.com\" target=\"_blank\" rel=\"noopener noreferrer nofollow\">Mi Alibaba<\/a>. \ud83d\udce9 <strong>Contacto<\/strong>:Comun\u00edquese con nosotros en <a href=\"mailto:malone@lydenim.com\" target=\"_blank\" rel=\"noopener noreferrer nofollow\">malone@lydenim.com<\/a>.<\/p>\n<p dir=\"auto\">Crea tu obra maestra en denim con LYDENIM, tu socio de confianza para <strong>tejido el\u00e1stico<\/strong> y <strong>soluciones de mezclilla personalizadas<\/strong>.<\/p>","protected":false},"excerpt":{"rendered":"<p>Tiempo estimado de lectura: ~6 minutos Introducci\u00f3n Al seleccionar telas de mezclilla para sus dise\u00f1os o prendas, es fundamental comprender las<\/p>","protected":false},"author":1,"featured_media":3897,"comment_status":"open","ping_status":"open","sticky":false,"template":"","format":"standard","meta":{"two_page_speed":[],"footnotes":""},"categories":[66,67],"tags":[],"class_list":["post-3896","post","type-post","status-publish","format-standard","has-post-thumbnail","hentry","category-denim-knowledge","category-market"],"aioseo_notices":[],"_links":{"self":[{"href":"https:\/\/lydenim.com\/es\/wp-json\/wp\/v2\/posts\/3896","targetHints":{"allow":["GET"]}}],"collection":[{"href":"https:\/\/lydenim.com\/es\/wp-json\/wp\/v2\/posts"}],"about":[{"href":"https:\/\/lydenim.com\/es\/wp-json\/wp\/v2\/types\/post"}],"author":[{"embeddable":true,"href":"https:\/\/lydenim.com\/es\/wp-json\/wp\/v2\/users\/1"}],"replies":[{"embeddable":true,"href":"https:\/\/lydenim.com\/es\/wp-json\/wp\/v2\/comments?post=3896"}],"version-history":[{"count":4,"href":"https:\/\/lydenim.com\/es\/wp-json\/wp\/v2\/posts\/3896\/revisions"}],"predecessor-version":[{"id":6215,"href":"https:\/\/lydenim.com\/es\/wp-json\/wp\/v2\/posts\/3896\/revisions\/6215"}],"wp:featuredmedia":[{"embeddable":true,"href":"https:\/\/lydenim.com\/es\/wp-json\/wp\/v2\/media\/3897"}],"wp:attachment":[{"href":"https:\/\/lydenim.com\/es\/wp-json\/wp\/v2\/media?parent=3896"}],"wp:term":[{"taxonomy":"category","embeddable":true,"href":"https:\/\/lydenim.com\/es\/wp-json\/wp\/v2\/categories?post=3896"},{"taxonomy":"post_tag","embeddable":true,"href":"https:\/\/lydenim.com\/es\/wp-json\/wp\/v2\/tags?post=3896"}],"curies":[{"name":"wp","href":"https:\/\/api.w.org\/{rel}","templated":true}]}}