{"id":4088,"date":"2025-03-14T13:43:44","date_gmt":"2025-03-14T05:43:44","guid":{"rendered":"https:\/\/lydenim.com\/?p=4088"},"modified":"2025-08-23T16:10:17","modified_gmt":"2025-08-23T08:10:17","slug":"colored-denim","status":"publish","type":"post","link":"https:\/\/lydenim.com\/es\/mezclilla-de-colores\/","title":{"rendered":"\u00bfPor qu\u00e9 es popular la mezclilla de colores? Descubre su auge en la moda."},"content":{"rendered":"<h2 data-pm-slice=\"1 1 []\">Tiempo estimado de lectura: ~5 minutos<\/h2>\n<h2>Una breve introducci\u00f3n a la tela vaquera<\/h2>\n<p>El denim, una tela de sarga de algod\u00f3n resistente y vers\u00e1til, ha sido un elemento b\u00e1sico en la moda y el dise\u00f1o durante siglos. Sus or\u00edgenes se remontan a finales del siglo XVII en Nimes, Francia, donde se produjo inicialmente como &quot;serg\u00e9 de N\u00eemes&quot;, nombre que posteriormente se acort\u00f3 a &quot;denim&quot;. Inicialmente elaborado para ser duradero, el denim se tej\u00eda a partir de algod\u00f3n y se dise\u00f1aba para soportar un uso intensivo, lo que lo convirti\u00f3 en una opci\u00f3n popular para la ropa de trabajo, especialmente entre mineros y obreros durante la Fiebre del Oro estadounidense del siglo XIX. Hoy en d\u00eda, el denim ha evolucionado mucho m\u00e1s all\u00e1 de sus ra\u00edces utilitarias, convirti\u00e9ndose en un \u00edcono de la moda global que se adapta a las tendencias y las innovaciones.<\/p>\n<h2>\u00bfPor qu\u00e9 el denim era originalmente azul?<\/h2>\n<p>El ic\u00f3nico tono azul de la mezclilla tiene una historia fascinante ligada a su proceso de producci\u00f3n. Tradicionalmente, la mezclilla se te\u00f1\u00eda con \u00edndigo, un tinte natural extra\u00eddo de la planta de \u00edndigo. El \u00edndigo se eligi\u00f3 no solo por su color intenso y profundo, sino tambi\u00e9n por su propiedad \u00fanica: se adhiere a la superficie de las fibras de algod\u00f3n en lugar de penetrarlas por completo. Esto crea un efecto de desvanecimiento con el tiempo, d\u00e1ndole a la mezclilla su caracter\u00edstico aspecto desgastado, sin\u00f3nimo de autenticidad robusta. El color azul tambi\u00e9n disimulaba la suciedad y el desgaste, haci\u00e9ndolo pr\u00e1ctico para los trabajadores. A medida que la mezclilla ganaba popularidad, este tono azul se convirti\u00f3 en su caracter\u00edstica distintiva, integr\u00e1ndose en la percepci\u00f3n cultural de la tela.<\/p>\n<h2>La evoluci\u00f3n de los estilos de mezclilla<\/h2>\n<p>A medida que la moda evolucion\u00f3, tambi\u00e9n lo hizo el denim, diversific\u00e1ndose en diversos estilos para satisfacer los gustos y las demandas cambiantes. Aqu\u00ed hay algunas variaciones notables que surgieron:<\/p>\n<ul data-spread=\"false\">\n<li><strong>Mezclilla irregular:<\/strong> Caracterizado por sus hilos irregulares y texturizados, el denim flameado aporta un toque r\u00fastico y artesanal a las prendas. El grosor irregular de los hilos crea una superficie \u00fanica y t\u00e1ctil que destaca en la ropa informal.<\/li>\n<li><strong>Mezclilla jacquard:<\/strong> Inspirado en la intrincada t\u00e9cnica de tejido inventada por Joseph Marie Jacquard, este estilo incorpora patrones complejos directamente en la tela. A diferencia del denim tradicional, el denim jacquard ofrece un atractivo sofisticado y decorativo, ideal tanto para prendas de vestir como para la decoraci\u00f3n del hogar.<\/li>\n<\/ul>\n<div id=\"attachment_3981\" style=\"width: 610px\" class=\"wp-caption aligncenter\"><img loading=\"lazy\" decoding=\"async\" aria-describedby=\"caption-attachment-3981\" class=\"wp-image-3981\" src=\"https:\/\/lydenim.com\/wp-content\/uploads\/2025\/03\/\u659c\u7eb9.jpeg\" alt=\"Tejido liso\" width=\"600\" height=\"301\" srcset=\"https:\/\/lydenim.com\/wp-content\/uploads\/2025\/03\/\u659c\u7eb9.jpeg 1156w, https:\/\/lydenim.com\/wp-content\/uploads\/2025\/03\/\u659c\u7eb9-300x151.jpeg 300w, https:\/\/lydenim.com\/wp-content\/uploads\/2025\/03\/\u659c\u7eb9-1024x514.jpeg 1024w, https:\/\/lydenim.com\/wp-content\/uploads\/2025\/03\/\u659c\u7eb9-768x385.jpeg 768w, https:\/\/lydenim.com\/wp-content\/uploads\/2025\/03\/\u659c\u7eb9-18x9.jpeg 18w, https:\/\/lydenim.com\/wp-content\/uploads\/2025\/03\/\u659c\u7eb9-600x301.jpeg 600w, https:\/\/lydenim.com\/wp-content\/uploads\/2025\/03\/\u659c\u7eb9-150x75.jpeg 150w\" sizes=\"auto, (max-width: 600px) 100vw, 600px\" \/><p id=\"caption-attachment-3981\" class=\"wp-caption-text\">Tejido liso<\/p><\/div>\n<div id=\"attachment_3986\" style=\"width: 610px\" class=\"wp-caption aligncenter\"><img loading=\"lazy\" decoding=\"async\" aria-describedby=\"caption-attachment-3986\" class=\"wp-image-3986\" src=\"https:\/\/lydenim.com\/wp-content\/uploads\/2025\/03\/IMG_4210.jpg\" alt=\"Jacquard\" width=\"600\" height=\"281\" srcset=\"https:\/\/lydenim.com\/wp-content\/uploads\/2025\/03\/IMG_4210.jpg 1181w, https:\/\/lydenim.com\/wp-content\/uploads\/2025\/03\/IMG_4210-300x140.jpg 300w, https:\/\/lydenim.com\/wp-content\/uploads\/2025\/03\/IMG_4210-1024x479.jpg 1024w, https:\/\/lydenim.com\/wp-content\/uploads\/2025\/03\/IMG_4210-768x360.jpg 768w, https:\/\/lydenim.com\/wp-content\/uploads\/2025\/03\/IMG_4210-18x8.jpg 18w, https:\/\/lydenim.com\/wp-content\/uploads\/2025\/03\/IMG_4210-600x281.jpg 600w, https:\/\/lydenim.com\/wp-content\/uploads\/2025\/03\/IMG_4210-150x70.jpg 150w\" sizes=\"auto, (max-width: 600px) 100vw, 600px\" \/><p id=\"caption-attachment-3986\" class=\"wp-caption-text\">Jacquard<\/p><\/div>\n<h2>Adapt\u00e1ndonos a las tendencias modernas: nuestra colecci\u00f3n de mezclilla de colores<\/h2>\n<p>Para seguir el ritmo del cambiante mundo de la moda y el dise\u00f1o, hemos ampliado nuestra oferta de mezclilla para incluir opciones vibrantes y a la vanguardia. Nuestra \u00faltima colecci\u00f3n incluye tres tipos distintos de mezclilla de color, cada uno dise\u00f1ado para realzar el estilo y la versatilidad:<\/p>\n<h3><strong>Tela vaquera de color no el\u00e1stica<\/strong><\/h3>\n<p>Nuestra mezclilla de color sin elasticidad es una versi\u00f3n moderna de la mezclilla cl\u00e1sica, que conserva su durabilidad y estructura sin elasticidad. Hecha de <strong>Algod\u00f3n 75%, poli\u00e9ster 3% y Tencel (Lyocell) 22%<\/strong>Esta tela se ti\u00f1e en una gama de tonos vibrantes, que van m\u00e1s all\u00e1 del azul tradicional para incluir tonos como el rojo, el verde y el amarillo mostaza. Su rigidez la hace ideal para prendas estructuradas como chaquetas, faldas y pantalones de sastre, ofreciendo una silueta definida que conserva su forma con el paso del tiempo. Este tipo de denim es perfecto para dise\u00f1adores que buscan una base atemporal y colorida para sus creaciones.<\/p>\n<div id=\"attachment_3870\" style=\"width: 610px\" class=\"wp-caption aligncenter\"><a href=\"https:\/\/lydenim.com\/es\/producto\/denim-sin-estiramiento-18-opciones-de-color-personalizacion-profesional\/\"><img loading=\"lazy\" decoding=\"async\" aria-describedby=\"caption-attachment-3870\" class=\"wp-image-3870\" src=\"https:\/\/lydenim.com\/wp-content\/uploads\/2025\/03\/IMG_5422-scaled.jpg\" alt=\"Tela colorida no el\u00e1stica\" width=\"600\" height=\"600\" srcset=\"https:\/\/lydenim.com\/wp-content\/uploads\/2025\/03\/IMG_5422-scaled.jpg 2560w, https:\/\/lydenim.com\/wp-content\/uploads\/2025\/03\/IMG_5422-300x300.jpg 300w, https:\/\/lydenim.com\/wp-content\/uploads\/2025\/03\/IMG_5422-1024x1024.jpg 1024w, https:\/\/lydenim.com\/wp-content\/uploads\/2025\/03\/IMG_5422-150x150.jpg 150w, https:\/\/lydenim.com\/wp-content\/uploads\/2025\/03\/IMG_5422-768x768.jpg 768w, https:\/\/lydenim.com\/wp-content\/uploads\/2025\/03\/IMG_5422-1536x1536.jpg 1536w, https:\/\/lydenim.com\/wp-content\/uploads\/2025\/03\/IMG_5422-2048x2048.jpg 2048w, https:\/\/lydenim.com\/wp-content\/uploads\/2025\/03\/IMG_5422-12x12.jpg 12w, https:\/\/lydenim.com\/wp-content\/uploads\/2025\/03\/IMG_5422-600x600.jpg 600w\" sizes=\"auto, (max-width: 600px) 100vw, 600px\" \/><\/a><p id=\"caption-attachment-3870\" class=\"wp-caption-text\">Haga clic en la imagen para obtener m\u00e1s informaci\u00f3n sobre el producto.<\/p><\/div>\n<h3><strong>Tela vaquera el\u00e1stica de colores<\/strong><\/h3>\n<p>Para quienes priorizan la comodidad junto con el estilo, nuestro denim el\u00e1stico de colores combina <strong>Algod\u00f3n 50%, elastano 2%, Tencel (Lyocell) 22% y poli\u00e9ster 26%<\/strong>Esta mezcla aporta flexibilidad, permitiendo que la tela se adapte a la figura de quien la usa, conservando el estilo caracter\u00edstico del denim. Disponible en 18 vibrantes colores, desde suaves pasteles como el lavanda hasta tonos llamativos como el verde esmeralda, esta tela es ideal para jeans, leggings y vestidos ajustados. Su elasticidad la hace ideal para el d\u00eda a d\u00eda, sin renunciar al estilo.<\/p>\n<div id=\"attachment_3874\" style=\"width: 610px\" class=\"wp-caption aligncenter\"><a href=\"https:\/\/lydenim.com\/es\/producto\/\ud83c\udf08-denim-elastico-de-color-18-opciones-de-color-personalizacion-profesional\/\"><img loading=\"lazy\" decoding=\"async\" aria-describedby=\"caption-attachment-3874\" class=\"wp-image-3874\" src=\"https:\/\/lydenim.com\/wp-content\/uploads\/2025\/03\/IMG_5432-scaled.jpg\" alt=\"Tela vaquera el\u00e1stica de colores\" width=\"600\" height=\"600\" srcset=\"https:\/\/lydenim.com\/wp-content\/uploads\/2025\/03\/IMG_5432-scaled.jpg 2560w, https:\/\/lydenim.com\/wp-content\/uploads\/2025\/03\/IMG_5432-300x300.jpg 300w, https:\/\/lydenim.com\/wp-content\/uploads\/2025\/03\/IMG_5432-1024x1024.jpg 1024w, https:\/\/lydenim.com\/wp-content\/uploads\/2025\/03\/IMG_5432-150x150.jpg 150w, https:\/\/lydenim.com\/wp-content\/uploads\/2025\/03\/IMG_5432-768x768.jpg 768w, https:\/\/lydenim.com\/wp-content\/uploads\/2025\/03\/IMG_5432-1536x1536.jpg 1536w, https:\/\/lydenim.com\/wp-content\/uploads\/2025\/03\/IMG_5432-2048x2048.jpg 2048w, https:\/\/lydenim.com\/wp-content\/uploads\/2025\/03\/IMG_5432-12x12.jpg 12w, https:\/\/lydenim.com\/wp-content\/uploads\/2025\/03\/IMG_5432-600x600.jpg 600w\" sizes=\"auto, (max-width: 600px) 100vw, 600px\" \/><\/a><p id=\"caption-attachment-3874\" class=\"wp-caption-text\">Haga clic en la imagen para obtener m\u00e1s informaci\u00f3n sobre el producto.<\/p><\/div>\n<h3><strong>Tejido vaquero el\u00e1stico jacquard de colores<\/strong><\/h3>\n<p>Combinando arte y funcionalidad, nuestro denim el\u00e1stico jacquard de colores eleva la tela a nuevas cotas. Este tipo presenta intrincados patrones tejidos \u2014como dise\u00f1os florales, geom\u00e9tricos o abstractos\u2014 con propiedades el\u00e1sticas para mayor comodidad. Te\u00f1ido en 18 llamativos tonos, como el burdeos intenso y el turquesa brillante, este denim combina un color intenso con textura, lo que lo convierte en una opci\u00f3n destacada para prendas llamativas como vestidos, blazers o incluso tapicer\u00eda. Es perfecto para quienes buscan a\u00f1adir un toque de elegancia e individualidad a sus proyectos.<\/p>\n<div id=\"attachment_4140\" style=\"width: 610px\" class=\"wp-caption aligncenter\"><a href=\"https:\/\/lydenim.com\/es\/product\/18-colored-no-st\u2026h-jacquard-denim\/\"><img loading=\"lazy\" decoding=\"async\" aria-describedby=\"caption-attachment-4140\" class=\"wp-image-4140\" src=\"https:\/\/lydenim.com\/wp-content\/uploads\/2025\/03\/IMG_5714.jpg\" alt=\"\" width=\"600\" height=\"600\" srcset=\"https:\/\/lydenim.com\/wp-content\/uploads\/2025\/03\/IMG_5714.jpg 2196w, https:\/\/lydenim.com\/wp-content\/uploads\/2025\/03\/IMG_5714-300x300.jpg 300w, https:\/\/lydenim.com\/wp-content\/uploads\/2025\/03\/IMG_5714-1024x1024.jpg 1024w, https:\/\/lydenim.com\/wp-content\/uploads\/2025\/03\/IMG_5714-150x150.jpg 150w, https:\/\/lydenim.com\/wp-content\/uploads\/2025\/03\/IMG_5714-768x768.jpg 768w, https:\/\/lydenim.com\/wp-content\/uploads\/2025\/03\/IMG_5714-1536x1536.jpg 1536w, https:\/\/lydenim.com\/wp-content\/uploads\/2025\/03\/IMG_5714-2048x2048.jpg 2048w, https:\/\/lydenim.com\/wp-content\/uploads\/2025\/03\/IMG_5714-12x12.jpg 12w, https:\/\/lydenim.com\/wp-content\/uploads\/2025\/03\/IMG_5714-600x600.jpg 600w\" sizes=\"auto, (max-width: 600px) 100vw, 600px\" \/><\/a><p id=\"caption-attachment-4140\" class=\"wp-caption-text\">Haga clic en la imagen para obtener m\u00e1s informaci\u00f3n sobre el producto.<\/p><\/div>\n<h2>Un espectro de opciones para la moda y m\u00e1s all\u00e1<\/h2>\n<p>Con 18 colores distintos en nuestras l\u00edneas de mezclilla sin elastizada, elastizada y con elastizado jacquard, ofrecemos una paleta que se adapta a cada visi\u00f3n. Ya sea que dise\u00f1e ropa de vanguardia, cree accesorios \u00fanicos o realce la decoraci\u00f3n de interiores, nuestra mezclilla de colores ofrece infinitas posibilidades. Estas telas aportan un toque fresco y moderno a jeans, chaquetas, faldas, bolsos e incluso muebles para el hogar, permiti\u00e9ndole infundir personalidad y modernidad a su trabajo.<\/p>\n<h2>Llamada a la acci\u00f3n<\/h2>\n<p>\u00bfListo para explorar el mundo del denim de colores? Sum\u00e9rgete en nuestra colecci\u00f3n y descubre c\u00f3mo estas vibrantes telas pueden transformar tu pr\u00f3ximo proyecto. Cont\u00e1ctanos hoy mismo para solicitar muestras, explorar nuestra gama de 18 colores y empezar a crear dise\u00f1os que destaquen. Para obtener asesoramiento experto y soluciones a medida, cont\u00e1ctanos en <a><strong>malone@lydenim.com<\/strong><\/a> o visite <a><strong>www.lydenim.com<\/strong><\/a> Para m\u00e1s informaci\u00f3n.<\/p>\n<h2 dir=\"auto\">Servicios de personalizaci\u00f3n de LYDENIM<\/h2>\n<p dir=\"auto\">\ud83c\udfa8 Quiero <strong>telas de mezclilla personalizadas<\/strong> o\u00a0 <strong>\u00fanico<\/strong> <strong>prenda de mezclilla personalizada<\/strong>?LYDENIM se especializa en soluciones a medida para satisfacer sus necesidades de dise\u00f1o y producci\u00f3n.<\/p>\n<p dir=\"auto\">\ud83d\udecd\ufe0f <strong>Explora e insp\u00edrate<\/strong>:Explore nuestra selecci\u00f3n de telas y descubra ideas de dise\u00f1o en <a href=\"https:\/\/lydenim.com\/es\/\" target=\"_blank\" rel=\"noopener noreferrer nofollow\">LYDenim<\/a>.<\/p>\n<p dir=\"auto\">\ud83c\udf10 <strong>Ropa el\u00e1stica<\/strong>:Consulta nuestras ofertas en <a href=\"http:\/\/liangyuantextile.m.en.alibaba.com\" target=\"_blank\" rel=\"noopener noreferrer nofollow\">Mi Alibaba<\/a>. \ud83d\udce9 <strong>Contacto<\/strong>:Comun\u00edquese con nosotros en <a href=\"mailto:malone@lydenim.com\" target=\"_blank\" rel=\"noopener noreferrer nofollow\">malone@lydenim.com<\/a>.<\/p>\n<p dir=\"auto\">Crea tu obra maestra en denim con LYDENIM, tu socio de confianza para <strong>tejido el\u00e1stico<\/strong> y <strong>soluciones de mezclilla personalizadas<\/strong>.<\/p>","protected":false},"excerpt":{"rendered":"<p>Tiempo estimado de lectura: ~5 minutos Una breve introducci\u00f3n a la tela de mezclilla La mezclilla, una tela de sarga de algod\u00f3n resistente y vers\u00e1til, tiene<\/p>","protected":false},"author":1,"featured_media":4174,"comment_status":"open","ping_status":"open","sticky":false,"template":"","format":"standard","meta":{"two_page_speed":[],"footnotes":""},"categories":[66,67],"tags":[],"class_list":["post-4088","post","type-post","status-publish","format-standard","has-post-thumbnail","hentry","category-denim-knowledge","category-market"],"aioseo_notices":[],"_links":{"self":[{"href":"https:\/\/lydenim.com\/es\/wp-json\/wp\/v2\/posts\/4088","targetHints":{"allow":["GET"]}}],"collection":[{"href":"https:\/\/lydenim.com\/es\/wp-json\/wp\/v2\/posts"}],"about":[{"href":"https:\/\/lydenim.com\/es\/wp-json\/wp\/v2\/types\/post"}],"author":[{"embeddable":true,"href":"https:\/\/lydenim.com\/es\/wp-json\/wp\/v2\/users\/1"}],"replies":[{"embeddable":true,"href":"https:\/\/lydenim.com\/es\/wp-json\/wp\/v2\/comments?post=4088"}],"version-history":[{"count":7,"href":"https:\/\/lydenim.com\/es\/wp-json\/wp\/v2\/posts\/4088\/revisions"}],"predecessor-version":[{"id":6186,"href":"https:\/\/lydenim.com\/es\/wp-json\/wp\/v2\/posts\/4088\/revisions\/6186"}],"wp:featuredmedia":[{"embeddable":true,"href":"https:\/\/lydenim.com\/es\/wp-json\/wp\/v2\/media\/4174"}],"wp:attachment":[{"href":"https:\/\/lydenim.com\/es\/wp-json\/wp\/v2\/media?parent=4088"}],"wp:term":[{"taxonomy":"category","embeddable":true,"href":"https:\/\/lydenim.com\/es\/wp-json\/wp\/v2\/categories?post=4088"},{"taxonomy":"post_tag","embeddable":true,"href":"https:\/\/lydenim.com\/es\/wp-json\/wp\/v2\/tags?post=4088"}],"curies":[{"name":"wp","href":"https:\/\/api.w.org\/{rel}","templated":true}]}}