{"id":4090,"date":"2025-03-12T15:40:52","date_gmt":"2025-03-12T07:40:52","guid":{"rendered":"https:\/\/lydenim.com\/?p=4090"},"modified":"2025-08-23T16:10:02","modified_gmt":"2025-08-23T08:10:02","slug":"what-is-non-fading-denim-innovation-meets-timeless-style","status":"publish","type":"post","link":"https:\/\/lydenim.com\/es\/que-es-el-denim-resistente-la-innovacion-se-une-al-estilo-atemporal\/","title":{"rendered":"\u00bfQu\u00e9 es el denim resistente? Innovaci\u00f3n y estilo atemporal."},"content":{"rendered":"<h2 data-pm-slice=\"1 1 []\">Tiempo estimado de lectura: ~5 minutos<\/h2>\n<h2 data-start=\"66\" data-end=\"103\">Parte 1: El origen de la tela vaquera<\/h2>\n<p data-start=\"105\" data-end=\"578\">El denim, una resistente tela de sarga de algod\u00f3n, ha sido un elemento b\u00e1sico de la moda mundial desde el siglo XIX. Originalmente dise\u00f1ado para soportar las exigencias de los trabajadores y mineros, su distintivo ribete diagonal proporciona una durabilidad excepcional. El t\u00e9rmino \u00abdenim\u00bb deriva de la frase francesa <em data-start=\"385\" data-end=\"401\">Serge de Nimes<\/em>, en referencia a una tela producida en Nimes, Francia. Fueron Levi Strauss y Jacob Davis quienes transformaron la mezclilla en los modernos jeans azules reforzando la tela con remaches de cobre.<\/p>\n<h2 data-start=\"670\" data-end=\"711\">Parte 2: \u00bfPor qu\u00e9 el denim era originalmente azul?<\/h2>\n<p data-start=\"713\" data-end=\"1177\">El ic\u00f3nico tono azul del denim tradicional se consigue con tinte \u00edndigo, un color natural extra\u00eddo de la planta Indigofera. Gracias a su estructura molecular, el \u00edndigo se adhiere \u00fanicamente a la superficie de las fibras de algod\u00f3n, sin penetrarlas por completo. Esta caracter\u00edstica hace que la tela adquiera gradualmente un aspecto desgastado con el lavado y el uso. Adem\u00e1s, el azul result\u00f3 pr\u00e1ctico: disimulaba eficazmente la suciedad y las manchas, lo que lo hac\u00eda ideal para entornos de trabajo exigentes.<\/p>\n<h2 data-start=\"1281\" data-end=\"1342\">Parte 3: \u00bfPor qu\u00e9 se decolora la mezclilla? Factores clave de la p\u00e9rdida de color<\/h2>\n<p data-start=\"1344\" data-end=\"1400\">La decoloraci\u00f3n del denim se produce debido a varios factores que contribuyen:<\/p>\n<ul data-start=\"1402\" data-end=\"1788\">\n<li data-start=\"1402\" data-end=\"1491\"><strong data-start=\"1404\" data-end=\"1417\">Tipo de tinte:<\/strong> La uni\u00f3n a nivel superficial del \u00edndigo lo hace susceptible a ser lavado.<\/li>\n<li data-start=\"1492\" data-end=\"1582\"><strong data-start=\"1494\" data-end=\"1513\">H\u00e1bitos de lavado:<\/strong> Los detergentes fuertes, el agua caliente y los lavados frecuentes aceleran la p\u00e9rdida de tinte.<\/li>\n<li data-start=\"1583\" data-end=\"1697\"><strong data-start=\"1585\" data-end=\"1598\">Fricci\u00f3n:<\/strong> Las actividades diarias, especialmente en zonas de alto contacto como las rodillas y los muslos, erosionan gradualmente el tinte.<\/li>\n<li data-start=\"1698\" data-end=\"1788\"><strong data-start=\"1700\" data-end=\"1727\">Exposici\u00f3n ambiental:<\/strong> Los rayos ultravioleta y la humedad pueden descomponer las mol\u00e9culas de tinte con el tiempo.<\/li>\n<\/ul>\n<p data-start=\"1790\" data-end=\"1924\">Si bien el efecto de decoloraci\u00f3n se considera parte del car\u00e1cter del denim, la p\u00e9rdida excesiva de color puede comprometer tanto la est\u00e9tica como la durabilidad.<\/p>\n<h2 data-start=\"2006\" data-end=\"2067\">Parte 4: Presentamos el denim resistente a la decoloraci\u00f3n: una innovaci\u00f3n moderna<\/h2>\n<p data-start=\"2069\" data-end=\"2431\">En respuesta a los desaf\u00edos de la mezclilla tradicional, presentamos con orgullo nuestra tela vaquera resistente a la decoloraci\u00f3n. Aprovechando la resistencia natural del algod\u00f3n, nuestra innovadora tecnolog\u00eda emplea t\u00e9cnicas avanzadas de te\u00f1ido y estabilizadores sint\u00e9ticos. A diferencia del \u00edndigo convencional, estos tintes penetran profundamente en las fibras, garantizando una retenci\u00f3n de color uniforme incluso despu\u00e9s de m\u00faltiples lavados.<\/p>\n<h3 data-start=\"2433\" data-end=\"2478\">Nuestra colecci\u00f3n de mezclilla que no se decolora incluye:<\/h3>\n<ul data-start=\"2480\" data-end=\"2861\">\n<li data-start=\"2480\" data-end=\"2622\"><strong data-start=\"2482\" data-end=\"2504\">Opciones de espesor:<\/strong> Disponible en telas de mezclilla de 7, 8 y 10 hilos, satisfaciendo diversos requisitos de estilo y rendimiento.<\/li>\n<li data-start=\"2623\" data-end=\"2731\"><strong data-start=\"2625\" data-end=\"2647\">El\u00e1stico vs. R\u00edgido:<\/strong> Elija entre opciones que ofrecen comodidad con elasticidad o una sensaci\u00f3n cl\u00e1sica y estructurada.<\/li>\n<li data-start=\"2732\" data-end=\"2861\"><strong data-start=\"2734\" data-end=\"2767\">Con o sin textura slub:<\/strong> Personalice su acabado: opte por una superficie lisa o agregue detalles r\u00fasticos para lograr profundidad visual.<\/li>\n<\/ul>\n<div id=\"attachment_4128\" style=\"width: 610px\" class=\"wp-caption aligncenter\"><img loading=\"lazy\" decoding=\"async\" aria-describedby=\"caption-attachment-4128\" class=\"wp-image-4128 size-full\" src=\"https:\/\/lydenim.com\/wp-content\/uploads\/2025\/03\/IMG_5571-e1741764048760.jpg\" alt=\"Serie de tejido de mezclilla resistente a la decoloraci\u00f3n 7S-10S\" width=\"600\" height=\"600\" \/><p id=\"caption-attachment-4128\" class=\"wp-caption-text\">Serie de tejido de mezclilla resistente a la decoloraci\u00f3n 7S-10S<\/p><\/div>\n<h2 data-start=\"2994\" data-end=\"3048\">Parte 5: Innovaciones futuras y aplicaciones vers\u00e1tiles<\/h2>\n<p data-start=\"3050\" data-end=\"3294\">Nuestro viaje no termina aqu\u00ed. Exploramos continuamente nuevos grosores y acabados especializados para ampliar nuestra colecci\u00f3n de mezclilla resistente a la decoloraci\u00f3n. Este tejido revolucionario no se limita a los jeans; est\u00e1 destinado a transformar diversas aplicaciones:<\/p>\n<ul data-start=\"3296\" data-end=\"3557\">\n<li data-start=\"3296\" data-end=\"3379\"><strong data-start=\"3298\" data-end=\"3310\">Vestir:<\/strong> Chaquetas, faldas, camisas y m\u00e1s que mantienen su color vibrante.<\/li>\n<li data-start=\"3380\" data-end=\"3462\"><strong data-start=\"3382\" data-end=\"3397\">Decoraci\u00f3n del hogar:<\/strong> Tapicer\u00eda duradera, cortinas llamativas y cojines elegantes.<\/li>\n<li data-start=\"3463\" data-end=\"3557\"><strong data-start=\"3465\" data-end=\"3481\">Accesorios:<\/strong> Bolsos de moda, sombreros y otros art\u00edculos de moda con colores duraderos.<\/li>\n<\/ul>\n<p data-start=\"3559\" data-end=\"3659\"><img loading=\"lazy\" decoding=\"async\" class=\"wp-image-4129 aligncenter\" src=\"https:\/\/lydenim.com\/wp-content\/uploads\/2025\/03\/Non-fading-denim-fabric1.jpeg\" alt=\"Tela vaquera que no se decolora\" width=\"600\" height=\"800\" srcset=\"https:\/\/lydenim.com\/wp-content\/uploads\/2025\/03\/Non-fading-denim-fabric1.jpeg 750w, https:\/\/lydenim.com\/wp-content\/uploads\/2025\/03\/Non-fading-denim-fabric1-225x300.jpeg 225w, https:\/\/lydenim.com\/wp-content\/uploads\/2025\/03\/Non-fading-denim-fabric1-9x12.jpeg 9w, https:\/\/lydenim.com\/wp-content\/uploads\/2025\/03\/Non-fading-denim-fabric1-600x800.jpeg 600w, https:\/\/lydenim.com\/wp-content\/uploads\/2025\/03\/Non-fading-denim-fabric1-150x200.jpeg 150w\" sizes=\"auto, (max-width: 600px) 100vw, 600px\" \/> <img loading=\"lazy\" decoding=\"async\" class=\"wp-image-4130 aligncenter\" src=\"https:\/\/lydenim.com\/wp-content\/uploads\/2025\/03\/Non-fading-denim-fabric2.jpeg\" alt=\"\" width=\"600\" height=\"800\" srcset=\"https:\/\/lydenim.com\/wp-content\/uploads\/2025\/03\/Non-fading-denim-fabric2.jpeg 750w, https:\/\/lydenim.com\/wp-content\/uploads\/2025\/03\/Non-fading-denim-fabric2-225x300.jpeg 225w, https:\/\/lydenim.com\/wp-content\/uploads\/2025\/03\/Non-fading-denim-fabric2-9x12.jpeg 9w, https:\/\/lydenim.com\/wp-content\/uploads\/2025\/03\/Non-fading-denim-fabric2-600x800.jpeg 600w, https:\/\/lydenim.com\/wp-content\/uploads\/2025\/03\/Non-fading-denim-fabric2-150x200.jpeg 150w\" sizes=\"auto, (max-width: 600px) 100vw, 600px\" \/> <img loading=\"lazy\" decoding=\"async\" class=\"wp-image-4131 aligncenter\" src=\"https:\/\/lydenim.com\/wp-content\/uploads\/2025\/03\/Non-fading-denim-fabric3.jpeg\" alt=\"Tela vaquera que no se decolora\" width=\"600\" height=\"800\" srcset=\"https:\/\/lydenim.com\/wp-content\/uploads\/2025\/03\/Non-fading-denim-fabric3.jpeg 750w, https:\/\/lydenim.com\/wp-content\/uploads\/2025\/03\/Non-fading-denim-fabric3-225x300.jpeg 225w, https:\/\/lydenim.com\/wp-content\/uploads\/2025\/03\/Non-fading-denim-fabric3-9x12.jpeg 9w, https:\/\/lydenim.com\/wp-content\/uploads\/2025\/03\/Non-fading-denim-fabric3-600x800.jpeg 600w, https:\/\/lydenim.com\/wp-content\/uploads\/2025\/03\/Non-fading-denim-fabric3-150x200.jpeg 150w\" sizes=\"auto, (max-width: 600px) 100vw, 600px\" \/><\/p>\n<h2 style=\"text-align: left;\">Conclusi\u00f3n<\/h2>\n<p data-start=\"3685\" data-end=\"3959\">Experimenta la mezclilla que resiste el paso del tiempo. Dile adi\u00f3s a la decoloraci\u00f3n y realza tu estilo con nuestra innovadora tela vaquera resistente a la decoloraci\u00f3n. Ya seas dise\u00f1ador o un entusiasta de la moda, nuestra colecci\u00f3n est\u00e1 dise\u00f1ada para satisfacer tus necesidades con un estilo y durabilidad duraderos.<\/p>\n<h2 dir=\"auto\">Servicios de personalizaci\u00f3n de LYDENIM<\/h2>\n<p dir=\"auto\">\ud83c\udfa8 Quiero <strong>telas de mezclilla personalizadas<\/strong> o\u00a0 <strong>\u00fanico<\/strong> <strong>prenda de mezclilla personalizada<\/strong>?LYDENIM se especializa en soluciones a medida para satisfacer sus necesidades de dise\u00f1o y producci\u00f3n.<\/p>\n<p dir=\"auto\">\ud83d\udecd\ufe0f <strong>Explora e insp\u00edrate<\/strong>:Explore nuestra selecci\u00f3n de telas y descubra ideas de dise\u00f1o en <a href=\"https:\/\/lydenim.com\/es\/\" target=\"_blank\" rel=\"noopener noreferrer nofollow\">LYDenim<\/a>.<\/p>\n<p dir=\"auto\">\ud83c\udf10 <strong>Ropa el\u00e1stica<\/strong>:Consulta nuestras ofertas en <a href=\"http:\/\/liangyuantextile.m.en.alibaba.com\" target=\"_blank\" rel=\"noopener noreferrer nofollow\">Mi Alibaba<\/a>. \ud83d\udce9 <strong>Contacto<\/strong>:Comun\u00edquese con nosotros en <a href=\"mailto:malone@lydenim.com\" target=\"_blank\" rel=\"noopener noreferrer nofollow\">malone@lydenim.com<\/a>.<\/p>\n<p dir=\"auto\">Crea tu obra maestra en denim con LYDENIM, tu socio de confianza para <strong>tejido el\u00e1stico<\/strong> y <strong>soluciones de mezclilla personalizadas<\/strong>.<\/p>","protected":false},"excerpt":{"rendered":"<p>Tiempo estimado de lectura: ~5 minutos Parte 1: El origen de la tela vaquera La tela vaquera, una tela de sarga de algod\u00f3n resistente, ha sido<\/p>","protected":false},"author":1,"featured_media":4132,"comment_status":"open","ping_status":"open","sticky":false,"template":"","format":"standard","meta":{"two_page_speed":[],"footnotes":""},"categories":[66,67],"tags":[],"class_list":["post-4090","post","type-post","status-publish","format-standard","has-post-thumbnail","hentry","category-denim-knowledge","category-market"],"aioseo_notices":[],"_links":{"self":[{"href":"https:\/\/lydenim.com\/es\/wp-json\/wp\/v2\/posts\/4090","targetHints":{"allow":["GET"]}}],"collection":[{"href":"https:\/\/lydenim.com\/es\/wp-json\/wp\/v2\/posts"}],"about":[{"href":"https:\/\/lydenim.com\/es\/wp-json\/wp\/v2\/types\/post"}],"author":[{"embeddable":true,"href":"https:\/\/lydenim.com\/es\/wp-json\/wp\/v2\/users\/1"}],"replies":[{"embeddable":true,"href":"https:\/\/lydenim.com\/es\/wp-json\/wp\/v2\/comments?post=4090"}],"version-history":[{"count":6,"href":"https:\/\/lydenim.com\/es\/wp-json\/wp\/v2\/posts\/4090\/revisions"}],"predecessor-version":[{"id":6217,"href":"https:\/\/lydenim.com\/es\/wp-json\/wp\/v2\/posts\/4090\/revisions\/6217"}],"wp:featuredmedia":[{"embeddable":true,"href":"https:\/\/lydenim.com\/es\/wp-json\/wp\/v2\/media\/4132"}],"wp:attachment":[{"href":"https:\/\/lydenim.com\/es\/wp-json\/wp\/v2\/media?parent=4090"}],"wp:term":[{"taxonomy":"category","embeddable":true,"href":"https:\/\/lydenim.com\/es\/wp-json\/wp\/v2\/categories?post=4090"},{"taxonomy":"post_tag","embeddable":true,"href":"https:\/\/lydenim.com\/es\/wp-json\/wp\/v2\/tags?post=4090"}],"curies":[{"name":"wp","href":"https:\/\/api.w.org\/{rel}","templated":true}]}}