{"id":4196,"date":"2025-03-22T12:01:35","date_gmt":"2025-03-22T04:01:35","guid":{"rendered":"https:\/\/lydenim.com\/?p=4196"},"modified":"2025-08-23T16:01:11","modified_gmt":"2025-08-23T08:01:11","slug":"are-jeans-business-casual-for-women-a-modern-guide-to-denim-in-the-workplace","status":"publish","type":"post","link":"https:\/\/lydenim.com\/es\/son-los-jeans-un-estilo-informal-de-negocios-para-mujeres-una-guia-moderna-sobre-el-denim-en-el-lugar-de-trabajo\/","title":{"rendered":"\u00bfSon los jeans informales de negocios para mujeres? Una gu\u00eda moderna sobre el denim en el trabajo."},"content":{"rendered":"<h2>Tiempo estimado de lectura: ~3 minutos<\/h2>\n<h2>Introducci\u00f3n: La evoluci\u00f3n del denim en la moda<\/h2>\n<p class=\"break-words\">El denim ha evolucionado mucho desde sus or\u00edgenes como tejido resistente para los trabajadores del siglo XIX. Hoy en d\u00eda, es un b\u00e1sico vers\u00e1til en los armarios de todo el mundo, pero la pregunta sigue en pie: <em>\u00bfLos jeans son un estilo casual de negocios para las mujeres?<\/em> Con la evoluci\u00f3n de los c\u00f3digos de vestimenta en el trabajo, la mezclilla es cada vez m\u00e1s aceptada en entornos profesionales, siempre que se combine correctamente. En esta gu\u00eda, exploraremos de qu\u00e9 est\u00e1 hecha la tela vaquera, c\u00f3mo elegir los jeans adecuados y consejos para que funcionen en un entorno informal de negocios.<\/p>\n<h2>\u00bfDe qu\u00e9 est\u00e1 hecha la tela vaquera?<\/h2>\n<p class=\"break-words\">El denim se elabora tradicionalmente a partir de <strong>100% <a href=\"https:\/\/en.wikipedia.org\/wiki\/Cotton\">algod\u00f3n<\/a><\/strong>Tejido con un patr\u00f3n de sarga resistente que le otorga su durabilidad y textura caracter\u00edsticas. El denim moderno a menudo incorpora mezclas como <strong>algod\u00f3n con <a href=\"https:\/\/en.wikipedia.org\/wiki\/Polyester\">poli\u00e9ster<\/a> o <a href=\"https:\/\/en.wikipedia.org\/wiki\/Spandex\">elastano<\/a><\/strong> (Denim el\u00e1stico) para mayor comodidad y flexibilidad, ideal para usar todo el d\u00eda en la oficina. Comprender la composici\u00f3n del denim te ayudar\u00e1 a elegir el par adecuado: un denim estructurado de algod\u00f3n puro ofrece un aspecto elegante, mientras que el denim el\u00e1stico proporciona comodidad para una jornada laboral intensa.<\/p>\n<div id=\"attachment_3962\" style=\"width: 610px\" class=\"wp-caption aligncenter\"><a href=\"https:\/\/lydenim.com\/es\/producto\/634635-tela-vaquera-de-tejido-liso-de-32s\/\"><img loading=\"lazy\" decoding=\"async\" aria-describedby=\"caption-attachment-3962\" class=\"wp-image-3962\" src=\"https:\/\/lydenim.com\/wp-content\/uploads\/2025\/03\/IMG_5131.jpg\" alt=\"634# 635#\" width=\"600\" height=\"600\" srcset=\"https:\/\/lydenim.com\/wp-content\/uploads\/2025\/03\/IMG_5131.jpg 2196w, https:\/\/lydenim.com\/wp-content\/uploads\/2025\/03\/IMG_5131-300x300.jpg 300w, https:\/\/lydenim.com\/wp-content\/uploads\/2025\/03\/IMG_5131-1024x1024.jpg 1024w, https:\/\/lydenim.com\/wp-content\/uploads\/2025\/03\/IMG_5131-150x150.jpg 150w, https:\/\/lydenim.com\/wp-content\/uploads\/2025\/03\/IMG_5131-768x768.jpg 768w, https:\/\/lydenim.com\/wp-content\/uploads\/2025\/03\/IMG_5131-1536x1536.jpg 1536w, https:\/\/lydenim.com\/wp-content\/uploads\/2025\/03\/IMG_5131-2048x2048.jpg 2048w, https:\/\/lydenim.com\/wp-content\/uploads\/2025\/03\/IMG_5131-12x12.jpg 12w, https:\/\/lydenim.com\/wp-content\/uploads\/2025\/03\/IMG_5131-600x600.jpg 600w\" sizes=\"auto, (max-width: 600px) 100vw, 600px\" \/><\/a><p id=\"caption-attachment-3962\" class=\"wp-caption-text\">C:100% ART\u00cdCULO 634# 635#<\/p><\/div>\n<div id=\"attachment_4097\" style=\"width: 610px\" class=\"wp-caption aligncenter\"><a href=\"https:\/\/lydenim.com\/es\/producto\/119-2-tejido-de-mezclilla-elastico-de-tejido-irregular-azul-para-diseno-de-moda-2\/\"><img loading=\"lazy\" decoding=\"async\" aria-describedby=\"caption-attachment-4097\" class=\"wp-image-4097\" src=\"https:\/\/lydenim.com\/wp-content\/uploads\/2025\/03\/IMG_5608-scaled.jpg\" alt=\"algod\u00f3n con poli\u00e9ster o elastano ART\u00cdCULO:119-2\" width=\"600\" height=\"600\" srcset=\"https:\/\/lydenim.com\/wp-content\/uploads\/2025\/03\/IMG_5608-scaled.jpg 2560w, https:\/\/lydenim.com\/wp-content\/uploads\/2025\/03\/IMG_5608-300x300.jpg 300w, https:\/\/lydenim.com\/wp-content\/uploads\/2025\/03\/IMG_5608-1024x1024.jpg 1024w, https:\/\/lydenim.com\/wp-content\/uploads\/2025\/03\/IMG_5608-150x150.jpg 150w, https:\/\/lydenim.com\/wp-content\/uploads\/2025\/03\/IMG_5608-768x768.jpg 768w, https:\/\/lydenim.com\/wp-content\/uploads\/2025\/03\/IMG_5608-1536x1536.jpg 1536w, https:\/\/lydenim.com\/wp-content\/uploads\/2025\/03\/IMG_5608-2048x2048.jpg 2048w, https:\/\/lydenim.com\/wp-content\/uploads\/2025\/03\/IMG_5608-12x12.jpg 12w, https:\/\/lydenim.com\/wp-content\/uploads\/2025\/03\/IMG_5608-600x600.jpg 600w\" sizes=\"auto, (max-width: 600px) 100vw, 600px\" \/><\/a><p id=\"caption-attachment-4097\" class=\"wp-caption-text\">algod\u00f3n con poli\u00e9ster o elastano ART\u00cdCULO:119-2<\/p><\/div>\n<h2>\u00bfPueden los jeans ser un estilo casual de negocios?<\/h2>\n<p class=\"break-words\">S\u00ed, los jeans pueden ser un look casual de negocios para mujeres, pero depende del ajuste, el lavado y el estilo. Aqu\u00ed te explicamos c\u00f3mo lograrlo:<\/p>\n<ol class=\"marker:text-secondary\">\n<li class=\"break-words\"><strong>Elige el ajuste correcto<\/strong><br \/>\nOptar por <strong>Vaqueros ajustados o de pierna recta<\/strong> Sobre estilos holgados o demasiado ajustados. Estos cortes logran un equilibrio entre profesionalidad y comodidad. Evita la mezclilla rota o desgastada; res\u00e9rvala para los viernes informales.<\/li>\n<li class=\"break-words\"><strong>Qu\u00e9date con los lavados oscuros<\/strong><br \/>\nMezclilla m\u00e1s oscura, como <strong>negro, azul marino o \u00edndigo intenso<\/strong>Se percibe como m\u00e1s sofisticado que los lavados claros o deste\u00f1idos. Por ejemplo, unos jeans negros de tela vaquera pueden imitar la elegancia de unos pantalones de vestir.<\/li>\n<li class=\"break-words\"><strong>Par con piezas pulidas<\/strong><br \/>\nRealza tus jeans con un <strong>blazer impecable<\/strong>, a <strong>blusa de seda<\/strong>, o <strong>tacones estructurados<\/strong>Accesorios como un collar llamativo o un bolso de cuero tambi\u00e9n pueden aportar un toque profesional.<\/li>\n<\/ol>\n<p class=\"break-words\"><img loading=\"lazy\" decoding=\"async\" class=\"aligncenter\" src=\"https:\/\/i.pinimg.com\/736x\/0c\/c8\/b2\/0cc8b2ed72208b9774557f66be71a9b0.jpg\" width=\"600\" height=\"707\" \/><\/p>\n<h2>C\u00f3mo combinar el denim para el trabajo<\/h2>\n<p class=\"break-words\">Combinar mezclilla para un look casual de negocios es cuesti\u00f3n de equilibrio. Aqu\u00ed tienes algunas ideas basadas en las tendencias m\u00e1s populares de mezclilla:<\/p>\n<ul class=\"marker:text-secondary\">\n<li class=\"break-words\"><strong>Combinaci\u00f3n de chaqueta vaquera<\/strong>Combina una chaqueta vaquera a medida con un vestido o falda para darle un toque moderno. Elige un color s\u00f3lido y oscuro para mantener el estilo profesional.<\/li>\n<li class=\"break-words\"><strong>Opci\u00f3n de falda vaquera<\/strong>Una falda vaquera de corte A hasta la rodilla combinada con una blusa metida por dentro y mocasines ofrece un look fresco y apropiado para la oficina.<\/li>\n<li class=\"break-words\"><strong>Magia monocrom\u00e1tica<\/strong>Prueba un denim completamente negro (arriba y abajo) con accesorios met\u00e1licos para lograr un estilo elegante y minimalista.<\/li>\n<\/ul>\n<p class=\"break-words\"><img loading=\"lazy\" decoding=\"async\" class=\"size-full wp-image-4212 aligncenter\" src=\"https:\/\/lydenim.com\/wp-content\/uploads\/2025\/03\/WechatIMG1614-e1742275176692.jpeg\" alt=\"\" width=\"598\" height=\"861\" srcset=\"https:\/\/lydenim.com\/wp-content\/uploads\/2025\/03\/WechatIMG1614-e1742275176692.jpeg 598w, https:\/\/lydenim.com\/wp-content\/uploads\/2025\/03\/WechatIMG1614-e1742275176692-208x300.jpeg 208w, https:\/\/lydenim.com\/wp-content\/uploads\/2025\/03\/WechatIMG1614-e1742275176692-8x12.jpeg 8w, https:\/\/lydenim.com\/wp-content\/uploads\/2025\/03\/WechatIMG1614-e1742275176692-150x216.jpeg 150w\" sizes=\"auto, (max-width: 598px) 100vw, 598px\" \/><\/p>\n<h2>Por qu\u00e9 el denim es ideal para las oficinas modernas<\/h2>\n<p class=\"break-words\">El auge del trabajo h\u00edbrido y los c\u00f3digos de vestimenta relajados han convertido la mezclilla en una opci\u00f3n predilecta. Palabras clave como &quot;tela vaquera&quot; (4400 b\u00fasquedas mensuales) y &quot;\u00bfde qu\u00e9 est\u00e1 hecha la tela vaquera?&quot; (1600 b\u00fasquedas) muestran un creciente inter\u00e9s por este tejido. Su durabilidad, versatilidad y su capacidad para adaptarse de lo informal a lo sofisticado lo hacen ideal para los din\u00e1micos entornos laborales actuales.<\/p>\n<h2>Consejos finales para la confianza<\/h2>\n<p class=\"break-words\">Antes de usar jeans para ir a la oficina, consulta el c\u00f3digo de vestimenta de tu empresa. En caso de duda, prueba un d\u00eda menos formal. La clave est\u00e1 en la confianza: cuando te sientes bien con tu atuendo, se nota.<\/p>\n<h2 dir=\"auto\">Servicios de personalizaci\u00f3n de LYDENIM<\/h2>\n<p dir=\"auto\">\ud83c\udfa8 Quiero <strong>telas de mezclilla personalizadas<\/strong> o\u00a0 <strong>\u00fanico<\/strong> <strong>prenda de mezclilla personalizada<\/strong>?LYDENIM se especializa en soluciones a medida para satisfacer sus necesidades de dise\u00f1o y producci\u00f3n.<\/p>\n<p dir=\"auto\">\ud83d\udecd\ufe0f <strong>Explora e insp\u00edrate<\/strong>:Explore nuestra selecci\u00f3n de telas y descubra ideas de dise\u00f1o en <a href=\"https:\/\/lydenim.com\/es\/\" target=\"_blank\" rel=\"noopener noreferrer nofollow\">LYDenim<\/a>.<\/p>\n<p dir=\"auto\">\ud83c\udf10 <strong>Ropa el\u00e1stica<\/strong>:Consulta nuestras ofertas en <a href=\"http:\/\/liangyuantextile.m.en.alibaba.com\" target=\"_blank\" rel=\"noopener noreferrer nofollow\">Mi Alibaba<\/a>. \ud83d\udce9 <strong>Contacto<\/strong>:Comun\u00edquese con nosotros en <a href=\"mailto:malone@lydenim.com\" target=\"_blank\" rel=\"noopener noreferrer nofollow\">malone@lydenim.com<\/a>.<\/p>\n<p dir=\"auto\">Crea tu obra maestra en denim con LYDENIM, tu socio de confianza para <strong>tejido el\u00e1stico<\/strong> y <strong>soluciones de mezclilla personalizadas<\/strong>.<\/p>","protected":false},"excerpt":{"rendered":"<p>Tiempo estimado de lectura: ~3 minutos Introducci\u00f3n: La evoluci\u00f3n del denim en la moda El denim ha recorrido un largo camino desde su<\/p>","protected":false},"author":1,"featured_media":4215,"comment_status":"open","ping_status":"open","sticky":false,"template":"","format":"standard","meta":{"two_page_speed":[],"footnotes":""},"categories":[66],"tags":[],"class_list":["post-4196","post","type-post","status-publish","format-standard","has-post-thumbnail","hentry","category-denim-knowledge"],"aioseo_notices":[],"_links":{"self":[{"href":"https:\/\/lydenim.com\/es\/wp-json\/wp\/v2\/posts\/4196","targetHints":{"allow":["GET"]}}],"collection":[{"href":"https:\/\/lydenim.com\/es\/wp-json\/wp\/v2\/posts"}],"about":[{"href":"https:\/\/lydenim.com\/es\/wp-json\/wp\/v2\/types\/post"}],"author":[{"embeddable":true,"href":"https:\/\/lydenim.com\/es\/wp-json\/wp\/v2\/users\/1"}],"replies":[{"embeddable":true,"href":"https:\/\/lydenim.com\/es\/wp-json\/wp\/v2\/comments?post=4196"}],"version-history":[{"count":3,"href":"https:\/\/lydenim.com\/es\/wp-json\/wp\/v2\/posts\/4196\/revisions"}],"predecessor-version":[{"id":6199,"href":"https:\/\/lydenim.com\/es\/wp-json\/wp\/v2\/posts\/4196\/revisions\/6199"}],"wp:featuredmedia":[{"embeddable":true,"href":"https:\/\/lydenim.com\/es\/wp-json\/wp\/v2\/media\/4215"}],"wp:attachment":[{"href":"https:\/\/lydenim.com\/es\/wp-json\/wp\/v2\/media?parent=4196"}],"wp:term":[{"taxonomy":"category","embeddable":true,"href":"https:\/\/lydenim.com\/es\/wp-json\/wp\/v2\/categories?post=4196"},{"taxonomy":"post_tag","embeddable":true,"href":"https:\/\/lydenim.com\/es\/wp-json\/wp\/v2\/tags?post=4196"}],"curies":[{"name":"wp","href":"https:\/\/api.w.org\/{rel}","templated":true}]}}