{"id":4357,"date":"2025-03-27T13:38:50","date_gmt":"2025-03-27T05:38:50","guid":{"rendered":"https:\/\/lydenim.com\/?p=4357"},"modified":"2025-08-24T12:11:09","modified_gmt":"2025-08-24T04:11:09","slug":"cotton-and-its-role-in-denim-fabric","status":"publish","type":"post","link":"https:\/\/lydenim.com\/es\/el-algodon-y-su-papel-en-el-tejido-denim\/","title":{"rendered":"El algod\u00f3n y su papel en la tela vaquera"},"content":{"rendered":"<h2 data-pm-slice=\"1 1 []\">Tiempo estimado de lectura: ~3 minutos<\/h2>\n<h2 style=\"text-align: left;\" data-pm-slice=\"1 1 []\">Introducci\u00f3n<\/h2>\n<p class=\"break-words\">Cuando piensas en mezclilla, \u00bfqu\u00e9 te viene a la mente? \u00bfTejanos resistentes, chaquetas elegantes o quiz\u00e1s ese cl\u00e1sico tono azul? La esencia de la mezclilla es el algod\u00f3n, una fibra natural y vers\u00e1til que define su comodidad, durabilidad y atractivo. En esta entrada del blog, profundizaremos en las propiedades f\u00edsicas del algod\u00f3n, por qu\u00e9 es la tela vaquera predilecta y c\u00f3mo le da forma a los jeans que te encantan. Ya sea que busques &quot;de qu\u00e9 est\u00e1 hecha la tela vaquera&quot; o tengas curiosidad por &quot;tela vaquera por yarda&quot;, tenemos lo que necesitas.<\/p>\n<h2>Las propiedades f\u00edsicas del algod\u00f3n: \u00bfQu\u00e9 lo hace especial?<\/h2>\n<p class=\"break-words\">Las caracter\u00edsticas \u00fanicas del algod\u00f3n lo convierten en la piedra angular de la producci\u00f3n de mezclilla. Analicemos sus propiedades f\u00edsicas clave:<\/p>\n<ol class=\"marker:text-secondary\">\n<li class=\"break-words\"><strong>Longitud de la grapa<\/strong><br \/>\nLa longitud de las fibras de algod\u00f3n, o longitud de la fibra, es el factor m\u00e1s cr\u00edtico. Para la mezclilla, <em>Algod\u00f3n de las tierras altas<\/em>\u2014una variedad de fibra corta con una longitud de aproximadamente una pulgada\u2014 se usa ampliamente. Es rentable y combina bien con el hilo grueso t\u00edpico del tejido de mezclilla. Sin embargo, la mezclilla premium puede presentar <em>grapa extra larga (ELS)<\/em> algodones como el egipcio Giza o el indio Suvin, que ofrecen un acabado m\u00e1s suave y fuerte.<\/li>\n<li class=\"break-words\"><strong>Finura y Madurez<\/strong><br \/>\nMedida en micronaire (permeabilidad al aire del algod\u00f3n prensado), la finura y la madurez determinan la calidad de la fibra. Las fibras m\u00e1s finas y maduras producen un hilo m\u00e1s suave con menos desperdicio, mientras que el algod\u00f3n con menor micronaire puede resultar en un hilo &quot;neppy&quot;, esas peque\u00f1as imperfecciones que se pueden observar en telas m\u00e1s econ\u00f3micas.<\/li>\n<li class=\"break-words\"><strong>Fortaleza<\/strong><br \/>\nLa resistencia a la tracci\u00f3n mide la carga que una fibra puede soportar antes de romperse. Las fibras de algod\u00f3n m\u00e1s resistentes se traducen en una mezclilla m\u00e1s duradera, ideal para soportar el desgaste diario.<\/li>\n<li class=\"break-words\"><strong>Color<\/strong><br \/>\nAunque la mezclilla suele te\u00f1irse de azul, el color natural del algod\u00f3n puede influir en las telas sin te\u00f1ir. Var\u00eda seg\u00fan el lote y las condiciones de cultivo, lo que aporta una sutil singularidad a cada pieza.<\/li>\n<\/ol>\n<p class=\"break-words\"><img loading=\"lazy\" decoding=\"async\" class=\"aligncenter wp-image-2739\" src=\"https:\/\/lydenim.com\/wp-content\/uploads\/2025\/01\/MJ\u4e4b\u5929\u7a7a\u4e0e\u68c9\u82b1\u8309\u8389\u7279\u5199_1_AI\u8bbe\u8ba1\u5730\u9f20_\u6765\u81ea\u5c0f\u7ea2\u4e66\u7f51\u9875\u7248.jpg\" alt=\"\" width=\"600\" height=\"900\" srcset=\"https:\/\/lydenim.com\/wp-content\/uploads\/2025\/01\/MJ\u4e4b\u5929\u7a7a\u4e0e\u68c9\u82b1\u8309\u8389\u7279\u5199_1_AI\u8bbe\u8ba1\u5730\u9f20_\u6765\u81ea\u5c0f\u7ea2\u4e66\u7f51\u9875\u7248.jpg 896w, https:\/\/lydenim.com\/wp-content\/uploads\/2025\/01\/MJ\u4e4b\u5929\u7a7a\u4e0e\u68c9\u82b1\u8309\u8389\u7279\u5199_1_AI\u8bbe\u8ba1\u5730\u9f20_\u6765\u81ea\u5c0f\u7ea2\u4e66\u7f51\u9875\u7248-150x225.jpg 150w, https:\/\/lydenim.com\/wp-content\/uploads\/2025\/01\/MJ\u4e4b\u5929\u7a7a\u4e0e\u68c9\u82b1\u8309\u8389\u7279\u5199_1_AI\u8bbe\u8ba1\u5730\u9f20_\u6765\u81ea\u5c0f\u7ea2\u4e66\u7f51\u9875\u7248-600x900.jpg 600w, https:\/\/lydenim.com\/wp-content\/uploads\/2025\/01\/MJ\u4e4b\u5929\u7a7a\u4e0e\u68c9\u82b1\u8309\u8389\u7279\u5199_1_AI\u8bbe\u8ba1\u5730\u9f20_\u6765\u81ea\u5c0f\u7ea2\u4e66\u7f51\u9875\u7248-200x300.jpg 200w, https:\/\/lydenim.com\/wp-content\/uploads\/2025\/01\/MJ\u4e4b\u5929\u7a7a\u4e0e\u68c9\u82b1\u8309\u8389\u7279\u5199_1_AI\u8bbe\u8ba1\u5730\u9f20_\u6765\u81ea\u5c0f\u7ea2\u4e66\u7f51\u9875\u7248-683x1024.jpg 683w, https:\/\/lydenim.com\/wp-content\/uploads\/2025\/01\/MJ\u4e4b\u5929\u7a7a\u4e0e\u68c9\u82b1\u8309\u8389\u7279\u5199_1_AI\u8bbe\u8ba1\u5730\u9f20_\u6765\u81ea\u5c0f\u7ea2\u4e66\u7f51\u9875\u7248-768x1152.jpg 768w, https:\/\/lydenim.com\/wp-content\/uploads\/2025\/01\/MJ\u4e4b\u5929\u7a7a\u4e0e\u68c9\u82b1\u8309\u8389\u7279\u5199_1_AI\u8bbe\u8ba1\u5730\u9f20_\u6765\u81ea\u5c0f\u7ea2\u4e66\u7f51\u9875\u7248-8x12.jpg 8w\" sizes=\"auto, (max-width: 600px) 100vw, 600px\" \/><\/p>\n<h2>Por qu\u00e9 el algod\u00f3n domina la producci\u00f3n de mezclilla<\/h2>\n<p class=\"break-words\">Entonces, \u00bfpor qu\u00e9 el algod\u00f3n es la estrella de la tela vaquera? Sus ventajas son insuperables:<\/p>\n<ul class=\"marker:text-secondary\">\n<li class=\"break-words\"><strong>Comodidad y transpirabilidad<\/strong>Las fibras naturales del algod\u00f3n permiten que el aire circule, lo que hace que el denim sea c\u00f3modo para usar durante todo el d\u00eda.<\/li>\n<li class=\"break-words\"><strong>Durabilidad<\/strong>La resistencia del algod\u00f3n garantiza que el denim pueda soportar un uso intensivo, ideal para jeans y chaquetas.<\/li>\n<li class=\"break-words\"><strong>Versatilidad<\/strong>El algod\u00f3n se entrelaza maravillosamente con el ic\u00f3nico patr\u00f3n de sarga del denim, creando esa textura y apariencia caracter\u00edsticas.<\/li>\n<li class=\"break-words\"><strong>Atractivo est\u00e9tico<\/strong>Cuando se ti\u00f1e (especialmente \u00edndigo), el algod\u00f3n adquiere tonos intensos y descoloridos que le dan al denim su encanto vintage.<\/li>\n<\/ul>\n<h2>C\u00f3mo el algod\u00f3n se convierte en mezclilla: un vistazo r\u00e1pido<\/h2>\n<p class=\"break-words\">\u00bfAlguna vez te has preguntado c\u00f3mo se fabrica la tela vaquera? Todo empieza con el algod\u00f3n cosechado en los campos, ya sea mec\u00e1nicamente o a mano, seg\u00fan la regi\u00f3n. Las fibras se limpian, se cardan y se hilan para obtener hilo grueso. Este hilo se teje en un patr\u00f3n de sarga, generalmente con hilos de urdimbre te\u00f1idos (azul) e hilos de trama sin te\u00f1ir (blanco), creando el aspecto cl\u00e1sico de la tela vaquera. \u00bfEl resultado? Una tela resistente y elegante que se vende como &quot;tela vaquera por yarda&quot; para todo tipo de prendas, desde vaqueros hasta tapicer\u00eda.<\/p>\n<p class=\"break-words\"><img loading=\"lazy\" decoding=\"async\" class=\"aligncenter wp-image-2498\" src=\"https:\/\/lydenim.com\/wp-content\/uploads\/2024\/12\/\u5e8f\u5217-Sequence-01.00_05_27_10.Still031-scaled.jpg\" alt=\"\" width=\"600\" height=\"338\" srcset=\"https:\/\/lydenim.com\/wp-content\/uploads\/2024\/12\/\u5e8f\u5217-Sequence-01.00_05_27_10.Still031-scaled.jpg 2560w, https:\/\/lydenim.com\/wp-content\/uploads\/2024\/12\/\u5e8f\u5217-Sequence-01.00_05_27_10.Still031-scaled-150x84.jpg 150w, https:\/\/lydenim.com\/wp-content\/uploads\/2024\/12\/\u5e8f\u5217-Sequence-01.00_05_27_10.Still031-scaled-600x338.jpg 600w, https:\/\/lydenim.com\/wp-content\/uploads\/2024\/12\/\u5e8f\u5217-Sequence-01.00_05_27_10.Still031-300x169.jpg 300w, https:\/\/lydenim.com\/wp-content\/uploads\/2024\/12\/\u5e8f\u5217-Sequence-01.00_05_27_10.Still031-1024x576.jpg 1024w, https:\/\/lydenim.com\/wp-content\/uploads\/2024\/12\/\u5e8f\u5217-Sequence-01.00_05_27_10.Still031-768x432.jpg 768w, https:\/\/lydenim.com\/wp-content\/uploads\/2024\/12\/\u5e8f\u5217-Sequence-01.00_05_27_10.Still031-1536x864.jpg 1536w, https:\/\/lydenim.com\/wp-content\/uploads\/2024\/12\/\u5e8f\u5217-Sequence-01.00_05_27_10.Still031-2048x1152.jpg 2048w, https:\/\/lydenim.com\/wp-content\/uploads\/2024\/12\/\u5e8f\u5217-Sequence-01.00_05_27_10.Still031-18x10.jpg 18w\" sizes=\"auto, (max-width: 600px) 100vw, 600px\" \/><\/p>\n<h2>Calidad del algod\u00f3n: m\u00e1s all\u00e1 de lo b\u00e1sico<\/h2>\n<p class=\"break-words\">No todo el algod\u00f3n es igual. La calidad depende de la longitud de la fibra, la finura, la resistencia y las condiciones de cultivo. Por ejemplo, mientras que el algod\u00f3n ELS de Zimbabue se recolecta a mano y es muy apreciado, el algod\u00f3n Upland de EE. UU. predomina en la mezclilla debido a su asequibilidad y disponibilidad. Factores estacionales como las precipitaciones o la calidad del suelo tambi\u00e9n influyen, desmintiendo el mito de que la ubicaci\u00f3n determina la calidad por s\u00ed sola.<\/p>\n<h2>Por qu\u00e9 es importante para usted<\/h2>\n<p class=\"break-words\">Ya seas un entusiasta de la mezclilla o un artesano que busca la tela perfecta, comprender el papel del algod\u00f3n en la mezclilla te ayudar\u00e1 a elegir con sabidur\u00eda. Desde jeans resistentes hasta chaquetas ligeras, las propiedades del algod\u00f3n dan forma al producto final.<\/p>\n<h2 dir=\"auto\">Servicios de personalizaci\u00f3n de LYDENIM<\/h2>\n<p dir=\"auto\">\ud83c\udfa8 Quiero <strong>telas de mezclilla personalizadas<\/strong> o\u00a0 <strong>\u00fanico<\/strong> <strong>prenda de mezclilla personalizada<\/strong>?LYDENIM se especializa en soluciones a medida para satisfacer sus necesidades de dise\u00f1o y producci\u00f3n.<\/p>\n<p dir=\"auto\">\ud83d\udecd\ufe0f <strong>Explora e insp\u00edrate<\/strong>:Explore nuestra selecci\u00f3n de telas y descubra ideas de dise\u00f1o en <a href=\"https:\/\/lydenim.com\/es\/\" target=\"_blank\" rel=\"noopener noreferrer nofollow\">LYDenim<\/a>.<\/p>\n<p dir=\"auto\">\ud83c\udf10 <strong>Ropa el\u00e1stica<\/strong>:Consulta nuestras ofertas en <a href=\"http:\/\/liangyuantextile.m.en.alibaba.com\" target=\"_blank\" rel=\"noopener noreferrer nofollow\">Mi Alibaba<\/a>. \ud83d\udce9 <strong>Contacto<\/strong>:Comun\u00edquese con nosotros en <a href=\"mailto:malone@lydenim.com\" target=\"_blank\" rel=\"noopener noreferrer nofollow\">malone@lydenim.com<\/a>.<\/p>\n<p dir=\"auto\">Crea tu obra maestra en denim con LYDENIM, tu socio de confianza para <strong>tejido el\u00e1stico<\/strong> y <strong>soluciones de mezclilla personalizadas<\/strong>.<\/p>\n<p class=\"break-words\">","protected":false},"excerpt":{"rendered":"<p>Tiempo estimado de lectura: ~3 minutos Introducci\u00f3n Cuando piensas en mezclilla, \u00bfqu\u00e9 te viene a la mente? Vaqueros resistentes, chaquetas elegantes o<\/p>","protected":false},"author":1,"featured_media":4401,"comment_status":"open","ping_status":"open","sticky":false,"template":"","format":"standard","meta":{"two_page_speed":[],"footnotes":""},"categories":[66],"tags":[],"class_list":["post-4357","post","type-post","status-publish","format-standard","has-post-thumbnail","hentry","category-denim-knowledge"],"aioseo_notices":[],"_links":{"self":[{"href":"https:\/\/lydenim.com\/es\/wp-json\/wp\/v2\/posts\/4357","targetHints":{"allow":["GET"]}}],"collection":[{"href":"https:\/\/lydenim.com\/es\/wp-json\/wp\/v2\/posts"}],"about":[{"href":"https:\/\/lydenim.com\/es\/wp-json\/wp\/v2\/types\/post"}],"author":[{"embeddable":true,"href":"https:\/\/lydenim.com\/es\/wp-json\/wp\/v2\/users\/1"}],"replies":[{"embeddable":true,"href":"https:\/\/lydenim.com\/es\/wp-json\/wp\/v2\/comments?post=4357"}],"version-history":[{"count":5,"href":"https:\/\/lydenim.com\/es\/wp-json\/wp\/v2\/posts\/4357\/revisions"}],"predecessor-version":[{"id":6235,"href":"https:\/\/lydenim.com\/es\/wp-json\/wp\/v2\/posts\/4357\/revisions\/6235"}],"wp:featuredmedia":[{"embeddable":true,"href":"https:\/\/lydenim.com\/es\/wp-json\/wp\/v2\/media\/4401"}],"wp:attachment":[{"href":"https:\/\/lydenim.com\/es\/wp-json\/wp\/v2\/media?parent=4357"}],"wp:term":[{"taxonomy":"category","embeddable":true,"href":"https:\/\/lydenim.com\/es\/wp-json\/wp\/v2\/categories?post=4357"},{"taxonomy":"post_tag","embeddable":true,"href":"https:\/\/lydenim.com\/es\/wp-json\/wp\/v2\/tags?post=4357"}],"curies":[{"name":"wp","href":"https:\/\/api.w.org\/{rel}","templated":true}]}}