{"id":4359,"date":"2025-04-07T12:12:20","date_gmt":"2025-04-07T04:12:20","guid":{"rendered":"https:\/\/lydenim.com\/?p=4359"},"modified":"2025-08-24T12:27:11","modified_gmt":"2025-08-24T04:27:11","slug":"denim-fabric-from-weaving-to-finishing","status":"publish","type":"post","link":"https:\/\/lydenim.com\/es\/tejido-de-mezclilla-desde-el-tejido-hasta-el-acabado\/","title":{"rendered":"Tejido vaquero: desde el tejido hasta el acabado"},"content":{"rendered":"<h2 data-pm-slice=\"1 1 []\">Tiempo estimado de lectura: ~3 minutos<\/h2>\n<h2>Introducci\u00f3n a la tela vaquera<\/h2>\n<p class=\"break-words\">La mezclilla es una tela que representa tanto la importancia cultural como la fuerza y la moda. Su composici\u00f3n sigue siendo un misterio para muchos. Su estructura fundamental consiste en una sarga de algod\u00f3n gruesa con su tradicional patr\u00f3n de canal\u00e9 diagonal. Este art\u00edculo ofrece informaci\u00f3n completa sobre la producci\u00f3n de la mezclilla y su proceso de tejido, detallando todos los pasos hasta su acabado.<\/p>\n<div id=\"attachment_4429\" style=\"width: 610px\" class=\"wp-caption aligncenter\"><img loading=\"lazy\" decoding=\"async\" aria-describedby=\"caption-attachment-4429\" class=\"wp-image-4429\" src=\"https:\/\/lydenim.com\/wp-content\/uploads\/2025\/03\/IMG_6205.jpg\" alt=\"Detalle de orillo de mezclilla\" width=\"600\" height=\"600\" srcset=\"https:\/\/lydenim.com\/wp-content\/uploads\/2025\/03\/IMG_6205.jpg 2196w, https:\/\/lydenim.com\/wp-content\/uploads\/2025\/03\/IMG_6205-300x300.jpg 300w, https:\/\/lydenim.com\/wp-content\/uploads\/2025\/03\/IMG_6205-1024x1024.jpg 1024w, https:\/\/lydenim.com\/wp-content\/uploads\/2025\/03\/IMG_6205-150x150.jpg 150w, https:\/\/lydenim.com\/wp-content\/uploads\/2025\/03\/IMG_6205-768x768.jpg 768w, https:\/\/lydenim.com\/wp-content\/uploads\/2025\/03\/IMG_6205-1536x1536.jpg 1536w, https:\/\/lydenim.com\/wp-content\/uploads\/2025\/03\/IMG_6205-2048x2048.jpg 2048w, https:\/\/lydenim.com\/wp-content\/uploads\/2025\/03\/IMG_6205-12x12.jpg 12w, https:\/\/lydenim.com\/wp-content\/uploads\/2025\/03\/IMG_6205-600x600.jpg 600w\" sizes=\"auto, (max-width: 600px) 100vw, 600px\" \/><p id=\"caption-attachment-4429\" class=\"wp-caption-text\">Detalle de orillo de mezclilla<\/p><\/div>\n<h2>El arte de tejer mezclilla<\/h2>\n<p class=\"break-words\">La producci\u00f3n de mezclilla comienza con el tejido, cuando se tejen dos conjuntos de hilos, llamados urdimbre y trama. Los hilos de urdimbre se extienden verticalmente como hilos te\u00f1idos con \u00edndigo, mientras que los hilos de trama permanecen sin te\u00f1ir, ya que se extienden horizontalmente. El textil crea su patr\u00f3n \u00fanico con tela azul por un lado, mientras que el otro permanece blanco.<\/p>\n<ul class=\"marker:text-secondary\">\n<li class=\"break-words\"><strong>Mezclilla con orillo<\/strong>La mezclilla con orillo se destaca como la opci\u00f3n preferida por los amantes de la mezclilla. Los telares tradicionales con lanzadera producen mezclilla con orillo, logrando bordes con acabado propio que conservan la calidad premium de la tela. El m\u00e9todo de producci\u00f3n de la mezclilla con orillo difiere de los productos fabricados en masa con telares anchos (telares sin lanzadera), ya que proporciona una sensaci\u00f3n artesanal individualizada.<\/li>\n<li class=\"break-words\"><strong>Tejidos de sarga<\/strong>El patr\u00f3n diagonal del denim proviene de su tejido de sarga, que puede ser de derecha a izquierda o roto. La elecci\u00f3n del tipo de tela influye directamente en las caracter\u00edsticas del material, por lo que es fundamental que los dise\u00f1adores la consideren.<\/li>\n<\/ul>\n<div id=\"attachment_4430\" style=\"width: 610px\" class=\"wp-caption aligncenter\"><img loading=\"lazy\" decoding=\"async\" aria-describedby=\"caption-attachment-4430\" class=\"wp-image-4430\" src=\"https:\/\/lydenim.com\/wp-content\/uploads\/2025\/03\/loom.jpeg\" alt=\"TELAR\" width=\"600\" height=\"995\" srcset=\"https:\/\/lydenim.com\/wp-content\/uploads\/2025\/03\/loom.jpeg 1179w, https:\/\/lydenim.com\/wp-content\/uploads\/2025\/03\/loom-181x300.jpeg 181w, https:\/\/lydenim.com\/wp-content\/uploads\/2025\/03\/loom-617x1024.jpeg 617w, https:\/\/lydenim.com\/wp-content\/uploads\/2025\/03\/loom-768x1274.jpeg 768w, https:\/\/lydenim.com\/wp-content\/uploads\/2025\/03\/loom-926x1536.jpeg 926w, https:\/\/lydenim.com\/wp-content\/uploads\/2025\/03\/loom-7x12.jpeg 7w, https:\/\/lydenim.com\/wp-content\/uploads\/2025\/03\/loom-600x995.jpeg 600w, https:\/\/lydenim.com\/wp-content\/uploads\/2025\/03\/loom-150x249.jpeg 150w\" sizes=\"auto, (max-width: 600px) 100vw, 600px\" \/><p id=\"caption-attachment-4430\" class=\"wp-caption-text\">TELAR<\/p><\/div>\n<h2>Acabado de tejidos: perfeccionando el denim<\/h2>\n<p class=\"break-words\">La etapa de acabado de la tela sigue a las operaciones de tejido para mejorar las propiedades de la mezclilla. Estos m\u00e9todos de procesamiento la hacen ideal para la producci\u00f3n de prendas y tapicer\u00eda dom\u00e9stica.<\/p>\n<ul class=\"marker:text-secondary\">\n<li class=\"break-words\"><strong>Mezclilla Loomstate<\/strong>Reci\u00e9n salido del telar, este denim sin tratar es crudo y r\u00edgido, y resulta atractivo para los puristas que disfrutan abland\u00e1ndolo con el tiempo.<\/li>\n<li class=\"break-words\"><strong>Sanforizaci\u00f3n<\/strong>:Un proceso de preencogimiento que estabiliza el denim, evitando encogimientos no deseados despu\u00e9s del lavado, ideal para compras de \u201ctela de denim por yarda\u201d.<\/li>\n<li class=\"break-words\"><strong>Mercerizaci\u00f3n<\/strong>:Este tratamiento suaviza las fibras, aportando brillo y fuerza.<\/li>\n<li class=\"break-words\"><strong>Chamuscando<\/strong>:Quemar la pelusa de la superficie mediante chamuscado produce un acabado pulido y al mismo tiempo deja la tela m\u00e1s suave.<\/li>\n<\/ul>\n<p class=\"break-words\">Los distintos acabados disponibles sirven para distintos prop\u00f3sitos, como por ejemplo para crear chaquetas de mezclilla y tejido de mezclilla el\u00e1stico para confeccionar jeans ajustados.<\/p>\n<h2>Por qu\u00e9 perdura el denim<\/h2>\n<p class=\"break-words\">Las diversas aplicaciones de los productos de mezclilla impulsan su amplia aceptaci\u00f3n entre los consumidores, ya que su base de algod\u00f3n proporciona durabilidad y comodidad, mientras que las tecnolog\u00edas de tejido el\u00e1stico mejoran su idoneidad. La tela de mezclilla existe en diversas presentaciones, incluyendo telas con orillo y ligeras, ideales para aplicaciones de moda, decoraci\u00f3n del hogar y otros usos.<\/p>\n<p class=\"break-words\"><img loading=\"lazy\" decoding=\"async\" class=\"aligncenter wp-image-4130\" src=\"https:\/\/lydenim.com\/wp-content\/uploads\/2025\/03\/Non-fading-denim-fabric2.jpeg\" alt=\"\" width=\"600\" height=\"800\" srcset=\"https:\/\/lydenim.com\/wp-content\/uploads\/2025\/03\/Non-fading-denim-fabric2.jpeg 750w, https:\/\/lydenim.com\/wp-content\/uploads\/2025\/03\/Non-fading-denim-fabric2-225x300.jpeg 225w, https:\/\/lydenim.com\/wp-content\/uploads\/2025\/03\/Non-fading-denim-fabric2-9x12.jpeg 9w, https:\/\/lydenim.com\/wp-content\/uploads\/2025\/03\/Non-fading-denim-fabric2-600x800.jpeg 600w, https:\/\/lydenim.com\/wp-content\/uploads\/2025\/03\/Non-fading-denim-fabric2-150x200.jpeg 150w\" sizes=\"auto, (max-width: 600px) 100vw, 600px\" \/><\/p>\n<h2>Empieza hoy mismo con el denim<\/h2>\n<p class=\"break-words\">Ha llegado el momento de explorar la mezclilla. Comprender c\u00f3mo se fabrica ayuda tanto a los artesanos que buscan telas de calidad como a los dise\u00f1adores que trabajan con orillos a apreciarla m\u00e1s profundamente. Puedes encontrar mezclilla premium en <a href=\"https:\/\/lydenim.com\/es\/\">es.lydenim.com<\/a> Mientras que Malone@lydenim.com proporciona <a href=\"http:\/\/liangyuantextile.m.en.alibaba.com\">Asesoramiento personalizado a los clientes<\/a>\u00a1Tu pr\u00f3xima obra maestra en denim te espera!<\/p>\n<h2 dir=\"auto\">Servicios de personalizaci\u00f3n de LYDENIM<\/h2>\n<p dir=\"auto\">\ud83c\udfa8 Quiero <strong>telas de mezclilla personalizadas<\/strong> o\u00a0 <strong>\u00fanico<\/strong> <strong>prenda de mezclilla personalizada<\/strong>?LYDENIM se especializa en soluciones a medida para satisfacer sus necesidades de dise\u00f1o y producci\u00f3n.<\/p>\n<p dir=\"auto\">\ud83d\udecd\ufe0f <strong>Explora e insp\u00edrate<\/strong>:Explore nuestra selecci\u00f3n de telas y descubra ideas de dise\u00f1o en <a href=\"https:\/\/lydenim.com\/es\/\" target=\"_blank\" rel=\"noopener noreferrer nofollow\">LYDenim<\/a>.<\/p>\n<p dir=\"auto\">\ud83c\udf10 <strong>Ropa el\u00e1stica<\/strong>:Consulta nuestras ofertas en <a href=\"http:\/\/liangyuantextile.m.en.alibaba.com\" target=\"_blank\" rel=\"noopener noreferrer nofollow\">Mi Alibaba<\/a>. \ud83d\udce9 <strong>Contacto<\/strong>:Comun\u00edquese con nosotros en <a href=\"mailto:malone@lydenim.com\" target=\"_blank\" rel=\"noopener noreferrer nofollow\">malone@lydenim.com<\/a>.<\/p>\n<p dir=\"auto\">Crea tu obra maestra en denim con LYDENIM, tu socio de confianza para <strong>tejido el\u00e1stico<\/strong> y <strong>soluciones de mezclilla personalizadas<\/strong>.<\/p>","protected":false},"excerpt":{"rendered":"<p>Tiempo estimado de lectura: ~3 minutos Introducci\u00f3n a la tela de mezclilla La tela de mezclilla existe como un tejido que representa tanto el significado cultural como<\/p>","protected":false},"author":1,"featured_media":4431,"comment_status":"open","ping_status":"open","sticky":false,"template":"","format":"standard","meta":{"two_page_speed":[],"footnotes":""},"categories":[66],"tags":[],"class_list":["post-4359","post","type-post","status-publish","format-standard","has-post-thumbnail","hentry","category-denim-knowledge"],"aioseo_notices":[],"_links":{"self":[{"href":"https:\/\/lydenim.com\/es\/wp-json\/wp\/v2\/posts\/4359","targetHints":{"allow":["GET"]}}],"collection":[{"href":"https:\/\/lydenim.com\/es\/wp-json\/wp\/v2\/posts"}],"about":[{"href":"https:\/\/lydenim.com\/es\/wp-json\/wp\/v2\/types\/post"}],"author":[{"embeddable":true,"href":"https:\/\/lydenim.com\/es\/wp-json\/wp\/v2\/users\/1"}],"replies":[{"embeddable":true,"href":"https:\/\/lydenim.com\/es\/wp-json\/wp\/v2\/comments?post=4359"}],"version-history":[{"count":5,"href":"https:\/\/lydenim.com\/es\/wp-json\/wp\/v2\/posts\/4359\/revisions"}],"predecessor-version":[{"id":6255,"href":"https:\/\/lydenim.com\/es\/wp-json\/wp\/v2\/posts\/4359\/revisions\/6255"}],"wp:featuredmedia":[{"embeddable":true,"href":"https:\/\/lydenim.com\/es\/wp-json\/wp\/v2\/media\/4431"}],"wp:attachment":[{"href":"https:\/\/lydenim.com\/es\/wp-json\/wp\/v2\/media?parent=4359"}],"wp:term":[{"taxonomy":"category","embeddable":true,"href":"https:\/\/lydenim.com\/es\/wp-json\/wp\/v2\/categories?post=4359"},{"taxonomy":"post_tag","embeddable":true,"href":"https:\/\/lydenim.com\/es\/wp-json\/wp\/v2\/tags?post=4359"}],"curies":[{"name":"wp","href":"https:\/\/api.w.org\/{rel}","templated":true}]}}