{"id":4411,"date":"2025-04-02T19:06:38","date_gmt":"2025-04-02T11:06:38","guid":{"rendered":"https:\/\/lydenim.com\/?p=4411"},"modified":"2025-08-24T12:19:15","modified_gmt":"2025-08-24T04:19:15","slug":"denim-dyeing","status":"publish","type":"post","link":"https:\/\/lydenim.com\/es\/tenido-de-mezclilla\/","title":{"rendered":"El arte de te\u00f1ir mezclilla: del hilo a la tela"},"content":{"rendered":"<h2 data-pm-slice=\"1 1 []\">Tiempo estimado de lectura: ~5 minutos<\/h2>\n<h2>Introducci\u00f3n a la tela vaquera<\/h2>\n<p class=\"break-words\">La mezclilla es m\u00e1s que una tela resistente: es un \u00edcono cultural conocido por su caracter\u00edstico tono azul y su textura robusta. Pero \u00bfalguna vez te has preguntado? <em>\u00bfQu\u00e9 es la tela vaquera?<\/em> \u00bfY c\u00f3mo consigue ese aspecto tan distintivo? El secreto reside en el proceso de te\u00f1ido, un fascinante proceso que transforma el hilo crudo en la tela vaquera que conocemos y amamos. En esta publicaci\u00f3n, profundizaremos en c\u00f3mo se ti\u00f1e la mezclilla, exploraremos las t\u00e9cnicas de su creaci\u00f3n y responderemos algunas de las preguntas m\u00e1s frecuentes sobre este material atemporal.<\/p>\n<h2>\u00bfDe qu\u00e9 est\u00e1 hecha la tela vaquera?<\/h2>\n<p class=\"break-words\">La mezclilla se fabrica t\u00edpicamente con algod\u00f3n, aunque las variaciones modernas pueden incluir mezclas como la tela vaquera el\u00e1stica con elastano. Su aspecto \u00fanico se debe a su forma de tejer y te\u00f1ir. A diferencia de la mayor\u00eda de las telas, donde todos los hilos se ti\u00f1en uniformemente, la mezclilla presenta hilos de urdimbre te\u00f1idos (los hilos verticales) e hilos de trama sin te\u00f1ir o blanqueados (los hilos horizontales). Esto crea el cl\u00e1sico azul por delante y blanco por detr\u00e1s que define la mezclilla.<\/p>\n<div id=\"attachment_4429\" style=\"width: 610px\" class=\"wp-caption aligncenter\"><img loading=\"lazy\" decoding=\"async\" aria-describedby=\"caption-attachment-4429\" class=\"wp-image-4429\" src=\"https:\/\/lydenim.com\/wp-content\/uploads\/2025\/03\/IMG_6205.jpg\" alt=\"Detalle de orillo de mezclilla\" width=\"600\" height=\"600\" srcset=\"https:\/\/lydenim.com\/wp-content\/uploads\/2025\/03\/IMG_6205.jpg 2196w, https:\/\/lydenim.com\/wp-content\/uploads\/2025\/03\/IMG_6205-300x300.jpg 300w, https:\/\/lydenim.com\/wp-content\/uploads\/2025\/03\/IMG_6205-1024x1024.jpg 1024w, https:\/\/lydenim.com\/wp-content\/uploads\/2025\/03\/IMG_6205-150x150.jpg 150w, https:\/\/lydenim.com\/wp-content\/uploads\/2025\/03\/IMG_6205-768x768.jpg 768w, https:\/\/lydenim.com\/wp-content\/uploads\/2025\/03\/IMG_6205-1536x1536.jpg 1536w, https:\/\/lydenim.com\/wp-content\/uploads\/2025\/03\/IMG_6205-2048x2048.jpg 2048w, https:\/\/lydenim.com\/wp-content\/uploads\/2025\/03\/IMG_6205-12x12.jpg 12w, https:\/\/lydenim.com\/wp-content\/uploads\/2025\/03\/IMG_6205-600x600.jpg 600w\" sizes=\"auto, (max-width: 600px) 100vw, 600px\" \/><p id=\"caption-attachment-4429\" class=\"wp-caption-text\">Detalle de orillo de mezclilla<\/p><\/div>\n<h2>\u00bfC\u00f3mo se ti\u00f1e la tela de mezclilla?<\/h2>\n<p class=\"break-words\">El proceso de te\u00f1ido es donde la mezclilla realmente cobra vida. Aqu\u00ed te explicamos c\u00f3mo funciona:<\/p>\n<ol class=\"marker:text-secondary\">\n<li class=\"break-words\">\n<p class=\"break-words\"><strong>El papel del tinte \u00edndigo<\/strong><br \/>\nEl colorante m\u00e1s com\u00fan para la mezclilla es el \u00edndigo, un tinte natural o sint\u00e9tico que le da su ic\u00f3nico tono azul. Hist\u00f3ricamente extra\u00eddo de plantas, el \u00edndigo ahora se produce sint\u00e9ticamente para lograr consistencia y escala.<\/p>\n<\/li>\n<li class=\"break-words\">\n<p class=\"break-words\"><strong>Te\u00f1ir el hilo<\/strong><br \/>\nEl te\u00f1ido consiste en remojar el hilo en un l\u00edquido que contiene \u00edndigo. En el caso de la mezclilla, solo se ti\u00f1en los hilos de urdimbre. Estos hilos se atan en cuerdas o se extienden en l\u00e1minas y se pasan por m\u00faltiples ba\u00f1os de te\u00f1ido. Este proceso garantiza una penetraci\u00f3n profunda del tinte, mientras que los hilos de trama permanecen sin te\u00f1ir, preservando as\u00ed el efecto bicolor de la mezclilla.<\/p>\n<\/li>\n<li class=\"break-words\">\n<p class=\"break-words\"><strong>T\u00e9cnicas de te\u00f1ido industrial<\/strong><\/p>\n<ul class=\"marker:text-secondary\">\n<li class=\"break-words\"><em>Te\u00f1ido de cuerdas<\/em>Los hilos se retuercen en cuerdas y se sumergen en ba\u00f1os de \u00edndigo varias veces, creando un color intenso y uniforme. Este m\u00e9todo es muy apreciado para producir tela vaquera con orillo de alta calidad.<\/li>\n<li class=\"break-words\"><em>Te\u00f1ido de corte<\/em>:Los hilos se extienden de forma plana y se pasan por ba\u00f1os de te\u00f1ido en un proceso continuo, ideal para la producci\u00f3n en masa de tela de mezclilla por yarda.<\/li>\n<\/ul>\n<p class=\"break-words\">Ambos m\u00e9todos forman parte de lo que se denomina \u201cgamas de te\u00f1ido continuo\u201d, una evoluci\u00f3n mecanizada de las t\u00e9cnicas tradicionales de te\u00f1ido manual.<\/p>\n<\/li>\n<\/ol>\n<div id=\"attachment_4445\" style=\"width: 610px\" class=\"wp-caption aligncenter\"><img loading=\"lazy\" decoding=\"async\" aria-describedby=\"caption-attachment-4445\" class=\"wp-image-4445\" src=\"https:\/\/lydenim.com\/wp-content\/uploads\/2025\/03\/Slasher-Dyeing-and-Rope-Dyeing.jpg\" alt=\"Te\u00f1ido de corte y te\u00f1ido de cuerda\" width=\"600\" height=\"600\" srcset=\"https:\/\/lydenim.com\/wp-content\/uploads\/2025\/03\/Slasher-Dyeing-and-Rope-Dyeing.jpg 1000w, https:\/\/lydenim.com\/wp-content\/uploads\/2025\/03\/Slasher-Dyeing-and-Rope-Dyeing-300x300.jpg 300w, https:\/\/lydenim.com\/wp-content\/uploads\/2025\/03\/Slasher-Dyeing-and-Rope-Dyeing-150x150.jpg 150w, https:\/\/lydenim.com\/wp-content\/uploads\/2025\/03\/Slasher-Dyeing-and-Rope-Dyeing-768x768.jpg 768w, https:\/\/lydenim.com\/wp-content\/uploads\/2025\/03\/Slasher-Dyeing-and-Rope-Dyeing-12x12.jpg 12w, https:\/\/lydenim.com\/wp-content\/uploads\/2025\/03\/Slasher-Dyeing-and-Rope-Dyeing-600x600.jpg 600w\" sizes=\"auto, (max-width: 600px) 100vw, 600px\" \/><p id=\"caption-attachment-4445\" class=\"wp-caption-text\">Te\u00f1ido de corte y te\u00f1ido de cuerda<\/p><\/div>\n<h2>\u00bfPor qu\u00e9 el denim es azul en la parte delantera y blanco en la parte trasera?<\/h2>\n<p class=\"break-words\">La respuesta reside en el proceso de te\u00f1ido selectivo. Al te\u00f1ir solo los hilos de urdimbre y dejar los hilos de trama al natural o blanqueados, la mezclilla logra su contraste caracter\u00edstico. Al observar un par de vaqueros, el exterior azul refleja la urdimbre te\u00f1ida, mientras que el interior blanco revela la trama sin te\u00f1ir, un sello distintivo de la aut\u00e9ntica tela vaquera.<\/p>\n<h2>Del te\u00f1ido a tu armario<\/h2>\n<p class=\"break-words\">Una vez te\u00f1idos, los hilos se tejen en tela vaquera, que a menudo se vende como <em>tela de mezclilla por yarda<\/em> Para confeccionar jeans, chaquetas o incluso tapicer\u00eda. El proceso de te\u00f1ido no solo afecta el color, sino tambi\u00e9n la textura y la durabilidad, lo que convierte a la mezclilla en una opci\u00f3n vers\u00e1til para todo, desde ropa casual hasta decoraci\u00f3n del hogar.<\/p>\n<div id=\"attachment_2566\" style=\"width: 610px\" class=\"wp-caption aligncenter\"><img loading=\"lazy\" decoding=\"async\" aria-describedby=\"caption-attachment-2566\" class=\"wp-image-2566\" src=\"https:\/\/lydenim.com\/wp-content\/uploads\/2024\/12\/\u5b58\u8d27-scaled.jpg\" alt=\"almac\u00e9n de mezclilla\" width=\"600\" height=\"338\" srcset=\"https:\/\/lydenim.com\/wp-content\/uploads\/2024\/12\/\u5b58\u8d27-scaled.jpg 2560w, https:\/\/lydenim.com\/wp-content\/uploads\/2024\/12\/\u5b58\u8d27-scaled-150x84.jpg 150w, https:\/\/lydenim.com\/wp-content\/uploads\/2024\/12\/\u5b58\u8d27-scaled-600x338.jpg 600w, https:\/\/lydenim.com\/wp-content\/uploads\/2024\/12\/\u5b58\u8d27-300x169.jpg 300w, https:\/\/lydenim.com\/wp-content\/uploads\/2024\/12\/\u5b58\u8d27-1024x576.jpg 1024w, https:\/\/lydenim.com\/wp-content\/uploads\/2024\/12\/\u5b58\u8d27-768x432.jpg 768w, https:\/\/lydenim.com\/wp-content\/uploads\/2024\/12\/\u5b58\u8d27-1536x864.jpg 1536w, https:\/\/lydenim.com\/wp-content\/uploads\/2024\/12\/\u5b58\u8d27-2048x1152.jpg 2048w, https:\/\/lydenim.com\/wp-content\/uploads\/2024\/12\/\u5b58\u8d27-18x10.jpg 18w\" sizes=\"auto, (max-width: 600px) 100vw, 600px\" \/><p id=\"caption-attachment-2566\" class=\"wp-caption-text\">almac\u00e9n de mezclilla<\/p><\/div>\n<h2>Dato curioso: La evoluci\u00f3n del te\u00f1ido<\/h2>\n<p class=\"break-words\">Si bien la mezclilla actual se ti\u00f1e con maquinaria avanzada, los m\u00e9todos tradicionales se basaban en el te\u00f1ido manual con \u00edndigo natural. Este proceso laborioso conect\u00f3 a los artesanos con las ra\u00edces de la tela, un legado que perdura en l\u00edneas de mezclilla premium como la tela de mezclilla japonesa con orillo.<\/p>\n<h2>Conclusi\u00f3n<\/h2>\n<p class=\"break-words\">El arte de te\u00f1ir mezclilla es una mezcla de tradici\u00f3n y tecnolog\u00eda, que convierte un simple hilo de algod\u00f3n en una tela funcional y a la moda. Ya sea que sientas curiosidad por... <em>\u00bfC\u00f3mo se fabrica la tela vaquera?<\/em> o buscando comprar <em>tela de mezclilla por yarda<\/em> Para su pr\u00f3ximo proyecto, comprender este proceso profundizar\u00e1 su apreciaci\u00f3n por este material cotidiano.<\/p>\n<h2 dir=\"auto\">Servicios de personalizaci\u00f3n de LYDENIM<\/h2>\n<p dir=\"auto\">\ud83c\udfa8 Quiero <strong>telas de mezclilla personalizadas<\/strong> o\u00a0 <strong>\u00fanico<\/strong> <strong>prenda de mezclilla personalizada<\/strong>?LYDENIM se especializa en soluciones a medida para satisfacer sus necesidades de dise\u00f1o y producci\u00f3n.<\/p>\n<p dir=\"auto\">\ud83d\udecd\ufe0f <strong>Explora e insp\u00edrate<\/strong>:Explore nuestra selecci\u00f3n de telas y descubra ideas de dise\u00f1o en <a href=\"https:\/\/lydenim.com\/es\/\" target=\"_blank\" rel=\"noopener noreferrer nofollow\">LYDenim<\/a>.<\/p>\n<p dir=\"auto\">\ud83c\udf10 <strong>Ropa el\u00e1stica<\/strong>:Consulta nuestras ofertas en <a href=\"http:\/\/liangyuantextile.m.en.alibaba.com\" target=\"_blank\" rel=\"noopener noreferrer nofollow\">Mi Alibaba<\/a>. \ud83d\udce9 <strong>Contacto<\/strong>:Comun\u00edquese con nosotros en <a href=\"mailto:malone@lydenim.com\" target=\"_blank\" rel=\"noopener noreferrer nofollow\">malone@lydenim.com<\/a>.<\/p>\n<p dir=\"auto\">Crea tu obra maestra en denim con LYDENIM, tu socio de confianza para <strong>tejido el\u00e1stico<\/strong> y <strong>soluciones de mezclilla personalizadas<\/strong>.<\/p>","protected":false},"excerpt":{"rendered":"<p>Tiempo estimado de lectura: ~5 minutos Introducci\u00f3n a la tela de mezclilla La tela de mezclilla es m\u00e1s que solo una tela resistente: es un \u00edcono cultural.<\/p>","protected":false},"author":1,"featured_media":4446,"comment_status":"open","ping_status":"open","sticky":false,"template":"","format":"standard","meta":{"two_page_speed":[],"footnotes":""},"categories":[66],"tags":[],"class_list":["post-4411","post","type-post","status-publish","format-standard","has-post-thumbnail","hentry","category-denim-knowledge"],"aioseo_notices":[],"_links":{"self":[{"href":"https:\/\/lydenim.com\/es\/wp-json\/wp\/v2\/posts\/4411","targetHints":{"allow":["GET"]}}],"collection":[{"href":"https:\/\/lydenim.com\/es\/wp-json\/wp\/v2\/posts"}],"about":[{"href":"https:\/\/lydenim.com\/es\/wp-json\/wp\/v2\/types\/post"}],"author":[{"embeddable":true,"href":"https:\/\/lydenim.com\/es\/wp-json\/wp\/v2\/users\/1"}],"replies":[{"embeddable":true,"href":"https:\/\/lydenim.com\/es\/wp-json\/wp\/v2\/comments?post=4411"}],"version-history":[{"count":4,"href":"https:\/\/lydenim.com\/es\/wp-json\/wp\/v2\/posts\/4411\/revisions"}],"predecessor-version":[{"id":6247,"href":"https:\/\/lydenim.com\/es\/wp-json\/wp\/v2\/posts\/4411\/revisions\/6247"}],"wp:featuredmedia":[{"embeddable":true,"href":"https:\/\/lydenim.com\/es\/wp-json\/wp\/v2\/media\/4446"}],"wp:attachment":[{"href":"https:\/\/lydenim.com\/es\/wp-json\/wp\/v2\/media?parent=4411"}],"wp:term":[{"taxonomy":"category","embeddable":true,"href":"https:\/\/lydenim.com\/es\/wp-json\/wp\/v2\/categories?post=4411"},{"taxonomy":"post_tag","embeddable":true,"href":"https:\/\/lydenim.com\/es\/wp-json\/wp\/v2\/tags?post=4411"}],"curies":[{"name":"wp","href":"https:\/\/api.w.org\/{rel}","templated":true}]}}