{"id":4413,"date":"2025-04-03T11:56:21","date_gmt":"2025-04-03T03:56:21","guid":{"rendered":"https:\/\/lydenim.com\/?p=4413"},"modified":"2025-08-24T12:21:22","modified_gmt":"2025-08-24T04:21:22","slug":"rope-dyeing","status":"publish","type":"post","link":"https:\/\/lydenim.com\/es\/tenido-de-cuerdas\/","title":{"rendered":"Te\u00f1ido de cuerdas: el arte detr\u00e1s de la producci\u00f3n de tela vaquera"},"content":{"rendered":"<h2 data-pm-slice=\"1 1 []\">Tiempo estimado de lectura: ~3 minutos<\/h2>\n<h2 style=\"text-align: left;\" data-pm-slice=\"1 1 []\">Introducci\u00f3n<\/h2>\n<p class=\"break-words\">La tela vaquera es un pilar de la moda, apreciada por su durabilidad y su atractivo atemporal. Pero \u00bfte has preguntado alguna vez? <em>\u00bfDe qu\u00e9 est\u00e1 hecha la tela de mezclilla?<\/em> y <em>\u00bfC\u00f3mo se fabrica la tela vaquera?<\/em>Uno de los procesos clave que definen el denim de alta calidad es <strong>te\u00f1ido de cuerdas<\/strong>Una t\u00e9cnica tradicional que distingue a la mezclilla premium. En esta publicaci\u00f3n, nos sumergiremos en el fascinante mundo del te\u00f1ido en cuerda, exploraremos su importancia y revelaremos c\u00f3mo moldea la tela vaquera que usas a diario.<\/p>\n<h2>\u00bfQu\u00e9 es el te\u00f1ido de cuerdas?<\/h2>\n<p class=\"break-words\">El te\u00f1ido en cuerda es un m\u00e9todo laborioso, inventado en 1915, que se utiliza principalmente en la producci\u00f3n de mezclilla. A diferencia del te\u00f1ido de corte, m\u00e1s com\u00fan, el te\u00f1ido en cuerda es reconocido por su capacidad para crear tonos \u00edndigo profundos y uniformes que le dan a la mezclilla su aspecto caracter\u00edstico. As\u00ed es como funciona:<\/p>\n<ol class=\"marker:text-secondary\">\n<li class=\"break-words\"><strong>Preparaci\u00f3n<\/strong>El proceso comienza urdiendo el hilo de algod\u00f3n en un plegador. Normalmente, se atan entre 380 y 420 hilos individuales en &quot;cuerdas&quot; (24 cuerdas es el est\u00e1ndar, aunque las m\u00e1quinas modernas pueden manejar hasta 48). Antes del te\u00f1ido, el hilo se enjuaga en cajas con sosa c\u00e1ustica y un agente humectante para eliminar los aceites naturales y las impurezas, asegurando una absorci\u00f3n uniforme del tinte.<\/li>\n<li class=\"break-words\"><strong>Te\u00f1ido<\/strong>Las cuerdas se sumergen en cajas de te\u00f1ido de \u00edndigo durante 20-30 segundos cada una. Tras cada inmersi\u00f3n, el hilo se oxida (o se &quot;esquila&quot;) durante 60-180 segundos, lo que permite que el \u00edndigo se adhiera al algod\u00f3n. La mayor\u00eda de las gamas de te\u00f1ido cuentan con seis cajas de te\u00f1ido (seis inmersiones), aunque las configuraciones avanzadas pueden tener hasta 12.<\/li>\n<li class=\"break-words\"><strong>Refinamiento<\/strong>Despu\u00e9s del te\u00f1ido, el hilo se lava en tres cajas de enjuague, y en la \u00faltima se a\u00f1ade un suavizante para neutralizar los qu\u00edmicos y facilitar la separaci\u00f3n de las cuerdas. Posteriormente, el hilo se seca y se vuelve a enhebrar.<\/li>\n<li class=\"break-words\"><strong>Apresto<\/strong>:Se aplica una capa de almid\u00f3n para proteger el hilo durante el tejido, reduciendo la rotura y la vellosidad. Este almid\u00f3n, combinado con un tejido apretado, le da al denim crudo su rigidez ic\u00f3nica, perfecta para jeans o <em>tela de mezclilla por yarda<\/em>.<\/li>\n<\/ol>\n<div style=\"width: 610px\" class=\"wp-caption aligncenter\"><img loading=\"lazy\" decoding=\"async\" class=\"\" src=\"https:\/\/media.licdn.com\/dms\/image\/v2\/C5612AQHkZ1wHddu6lA\/article-cover_image-shrink_720_1280\/article-cover_image-shrink_720_1280\/0\/1520153833926?e=1748476800&amp;v=beta&amp;t=Cx4XqwvUjVjMBwKrOMnJ5pY2S0JjfHhzzkC12tM4fhs\" alt=\"Te\u00f1ido de cuerdas\" width=\"600\" height=\"400\" \/><p class=\"wp-caption-text\">Te\u00f1ido de cuerdas<\/p><\/div>\n<h2>Por qu\u00e9 es importante te\u00f1ir cuerdas<\/h2>\n<p class=\"break-words\">El te\u00f1ido en cuerda no es solo un proceso; es un arte que eleva la calidad de la mezclilla. Las m\u00faltiples inmersiones crean un efecto \u00edndigo en capas, donde el tinte penetra las capas externas del hilo mientras deja el n\u00facleo blanco. Esto da como resultado una mezclilla que se decolora maravillosamente con el tiempo; piense en jeans vintage con patrones de desgaste \u00fanicos. No es de extra\u00f1ar que la mezclilla te\u00f1ida en cuerda sea la favorita de las marcas premium y los aficionados al bricolaje que buscan... <em>tela vaquera en venta<\/em>.<\/p>\n<h2>Te\u00f1ido de cuerdas vs. otros m\u00e9todos<\/h2>\n<p class=\"break-words\">En comparaci\u00f3n con el te\u00f1ido por corte, el te\u00f1ido en cuerda es m\u00e1s complejo y costoso, pero ofrece una profundidad y consistencia de color inigualables. Las gamas modernas de te\u00f1ido en cuerda incluyen incluso vaporizadores y cajas de tratamiento adicionales, lo que permite a los fabricantes mezclar tintes y adaptarse a tendencias como las telas el\u00e1sticas o de mezclilla de color.<\/p>\n<h2>Aplicaciones del denim te\u00f1ido con cuerda<\/h2>\n<p class=\"break-words\">De <em>tela de mezclilla por yarda<\/em> Para proyectos personalizados y jeans listos para usar, la tela vaquera te\u00f1ida con cuerda es vers\u00e1til. Su durabilidad la hace ideal para tapicer\u00eda.<em>tela de tapicer\u00eda de mezclilla<\/em>) o accesorios como <em>parches de tela vaquera<\/em>Ya seas dise\u00f1ador o amante del denim, comprender este proceso te ayudar\u00e1 a apreciar la artesan\u00eda detr\u00e1s de cada pieza.<\/p>\n<h2>Conclusi\u00f3n<\/h2>\n<p class=\"break-words\">El te\u00f1ido con cuerdas es m\u00e1s que una t\u00e9cnica: es un legado que define <em>\u00bfQu\u00e9 tela de mezclilla?<\/em> Realmente es: una mezcla de tradici\u00f3n e innovaci\u00f3n. La pr\u00f3xima vez que te pongas tus jeans favoritos o navegues por la ciudad... <em>d\u00f3nde comprar tela vaquera<\/em>Piensa en el viaje desde el hilo hasta la obra maestra.<\/p>\n<h2 dir=\"auto\">Servicios de personalizaci\u00f3n de LYDENIM<\/h2>\n<p dir=\"auto\">\ud83c\udfa8 Quiero <strong>telas de mezclilla personalizadas<\/strong> o\u00a0 <strong>\u00fanico<\/strong> <strong>prenda de mezclilla personalizada<\/strong>?LYDENIM se especializa en soluciones a medida para satisfacer sus necesidades de dise\u00f1o y producci\u00f3n.<\/p>\n<p dir=\"auto\">\ud83d\udecd\ufe0f <strong>Explora e insp\u00edrate<\/strong>:Explore nuestra selecci\u00f3n de telas y descubra ideas de dise\u00f1o en <a href=\"https:\/\/lydenim.com\/es\/\" target=\"_blank\" rel=\"noopener noreferrer nofollow\">LYDenim<\/a>.<\/p>\n<p dir=\"auto\">\ud83c\udf10 <strong>Ropa el\u00e1stica<\/strong>:Consulta nuestras ofertas en <a href=\"http:\/\/liangyuantextile.m.en.alibaba.com\" target=\"_blank\" rel=\"noopener noreferrer nofollow\">Mi Alibaba<\/a>. \ud83d\udce9 <strong>Contacto<\/strong>:Comun\u00edquese con nosotros en <a href=\"mailto:malone@lydenim.com\" target=\"_blank\" rel=\"noopener noreferrer nofollow\">malone@lydenim.com<\/a>.<\/p>\n<p dir=\"auto\">Crea tu obra maestra en denim con LYDENIM, tu socio de confianza para <strong>tejido el\u00e1stico<\/strong> y <strong>soluciones de mezclilla personalizadas<\/strong>.<\/p>","protected":false},"excerpt":{"rendered":"<p>Tiempo estimado de lectura: ~3 minutos Introducci\u00f3n La tela de mezclilla es una piedra angular de la moda, amada por su durabilidad y atractivo atemporal.<\/p>","protected":false},"author":1,"featured_media":4441,"comment_status":"open","ping_status":"open","sticky":false,"template":"","format":"standard","meta":{"two_page_speed":[],"footnotes":""},"categories":[66],"tags":[],"class_list":["post-4413","post","type-post","status-publish","format-standard","has-post-thumbnail","hentry","category-denim-knowledge"],"aioseo_notices":[],"_links":{"self":[{"href":"https:\/\/lydenim.com\/es\/wp-json\/wp\/v2\/posts\/4413","targetHints":{"allow":["GET"]}}],"collection":[{"href":"https:\/\/lydenim.com\/es\/wp-json\/wp\/v2\/posts"}],"about":[{"href":"https:\/\/lydenim.com\/es\/wp-json\/wp\/v2\/types\/post"}],"author":[{"embeddable":true,"href":"https:\/\/lydenim.com\/es\/wp-json\/wp\/v2\/users\/1"}],"replies":[{"embeddable":true,"href":"https:\/\/lydenim.com\/es\/wp-json\/wp\/v2\/comments?post=4413"}],"version-history":[{"count":4,"href":"https:\/\/lydenim.com\/es\/wp-json\/wp\/v2\/posts\/4413\/revisions"}],"predecessor-version":[{"id":6249,"href":"https:\/\/lydenim.com\/es\/wp-json\/wp\/v2\/posts\/4413\/revisions\/6249"}],"wp:featuredmedia":[{"embeddable":true,"href":"https:\/\/lydenim.com\/es\/wp-json\/wp\/v2\/media\/4441"}],"wp:attachment":[{"href":"https:\/\/lydenim.com\/es\/wp-json\/wp\/v2\/media?parent=4413"}],"wp:term":[{"taxonomy":"category","embeddable":true,"href":"https:\/\/lydenim.com\/es\/wp-json\/wp\/v2\/categories?post=4413"},{"taxonomy":"post_tag","embeddable":true,"href":"https:\/\/lydenim.com\/es\/wp-json\/wp\/v2\/tags?post=4413"}],"curies":[{"name":"wp","href":"https:\/\/api.w.org\/{rel}","templated":true}]}}