{"id":4419,"date":"2025-04-04T08:53:34","date_gmt":"2025-04-04T00:53:34","guid":{"rendered":"https:\/\/lydenim.com\/?p=4419"},"modified":"2025-08-24T12:23:28","modified_gmt":"2025-08-24T04:23:28","slug":"rope-dyeing-vs-slasher-dyeing","status":"publish","type":"post","link":"https:\/\/lydenim.com\/es\/tenido-con-cuerda-vs-tenido-con-slasher\/","title":{"rendered":"Te\u00f1ido con cuerdas vs. te\u00f1ido con corte: \u00bfQu\u00e9 t\u00e9cnica de mezclilla es la ganadora?"},"content":{"rendered":"<h2 data-pm-slice=\"1 1 []\">Tiempo estimado de lectura: ~3 minutos<\/h2>\n<h2 style=\"text-align: left;\" data-pm-slice=\"1 1 []\">Introducci\u00f3n<\/h2>\n<p class=\"break-words\">Cuando piensas en mezclilla, ya sea un par de jeans cl\u00e1sicos, una elegante chaqueta vaquera o incluso tela vaquera por metros para tu pr\u00f3ximo proyecto de bricolaje, probablemente te venga a la mente su ic\u00f3nico tono azul y su deste\u00f1ido \u00fanico. Pero \u00bfalguna vez te has preguntado...? <em>\u00bfC\u00f3mo se fabrica la tela vaquera?<\/em> \u00bfPara lograr ese look caracter\u00edstico? El secreto est\u00e1 en el proceso de te\u00f1ido, y dos t\u00e9cnicas dominan la industria: <strong>te\u00f1ido de cuerdas<\/strong> y <strong>te\u00f1ido slasher<\/strong>En esta publicaci\u00f3n, desglosaremos las diferencias, las ventajas y por qu\u00e9 una podr\u00eda adaptarse mejor a tus necesidades de mezclilla que la otra.<\/p>\n<h2>\u00bfQu\u00e9 es la tela vaquera y por qu\u00e9 es importante te\u00f1irla?<\/h2>\n<p class=\"break-words\">La mezclilla es una tela resistente de sarga de algod\u00f3n, tejida tradicionalmente con hilos de urdimbre te\u00f1idos con \u00edndigo e hilos de trama sin te\u00f1ir, lo que le da su cl\u00e1sica apariencia azul y blanca. El proceso de te\u00f1ido es crucial, ya que determina el aspecto, el desgaste y la decoloraci\u00f3n de la tela con el tiempo, factores clave para los amantes de la mezclilla. Analicemos los dos m\u00e9todos principales.<\/p>\n<h2><a href=\"https:\/\/lydenim.com\/es\/tenido-de-cuerdas\/\">Te\u00f1ido de cuerdas<\/a>:El Rey del Desvanecimiento<\/h2>\n<p class=\"break-words\">El te\u00f1ido en cuerda es un m\u00e9todo tradicional en el que los hilos se retuercen formando cuerdas (normalmente de 300 a 400 hebras) antes de sumergirlos en ba\u00f1os de \u00edndigo varias veces. He aqu\u00ed por qu\u00e9 es uno de los favoritos:<\/p>\n<ul class=\"marker:text-secondary\">\n<li class=\"break-words\"><strong>Efecto de desvanecimiento superior<\/strong>El te\u00f1ido en cuerda crea un efecto de te\u00f1ido en anillo, donde solo se ti\u00f1e la capa exterior del hilo, dejando el n\u00facleo blanco. Esto produce desvanecimientos espectaculares con el uso, perfectos para ese look vintage.<\/li>\n<li class=\"break-words\"><strong>Alta capacidad de producci\u00f3n<\/strong>:Es eficiente para la producci\u00f3n de tela de mezclilla a gran escala, lo que lo hace ideal para los fabricantes.<\/li>\n<li class=\"break-words\"><strong>Mejor consistencia de color<\/strong>:La tensi\u00f3n en las cuerdas asegura una penetraci\u00f3n uniforme del tinte, reduciendo la variaci\u00f3n de tono y brindando azules m\u00e1s ricos y profundos.<\/li>\n<li class=\"break-words\"><strong>Eco-Friendly Edge<\/strong>:Utiliza menos agente reductor y concentraci\u00f3n de tinte, adem\u00e1s de generar menos desperdicio de hilo.<\/li>\n<\/ul>\n<div style=\"width: 610px\" class=\"wp-caption aligncenter\"><img loading=\"lazy\" decoding=\"async\" class=\"\" src=\"https:\/\/media.licdn.com\/dms\/image\/v2\/C5612AQHkZ1wHddu6lA\/article-cover_image-shrink_720_1280\/article-cover_image-shrink_720_1280\/0\/1520153833926?e=1748476800&amp;v=beta&amp;t=Cx4XqwvUjVjMBwKrOMnJ5pY2S0JjfHhzzkC12tM4fhs\" alt=\"Te\u00f1ido de cuerdas\" width=\"600\" height=\"400\" \/><p class=\"wp-caption-text\">Te\u00f1ido de cuerdas<\/p><\/div>\n<h2><a href=\"https:\/\/lydenim.com\/es\/tenido-slasher\/\">Te\u00f1ido de corte<\/a>:La flexibilidad se une a la delicadeza<\/h2>\n<p class=\"break-words\">El te\u00f1ido en l\u00e1minas (o te\u00f1ido en banda) consiste en extender los hilos en una l\u00e1mina plana y pasarlos por ba\u00f1os de te\u00f1ido. Es una alternativa moderna con sus propias ventajas:<\/p>\n<ul class=\"marker:text-secondary\">\n<li class=\"break-words\"><strong>M\u00e1s suave con el hilo<\/strong>:Menos tensi\u00f3n lo hace perfecto para hilos m\u00e1s finos, ideal para telas de mezclilla livianas o telas de mezclilla el\u00e1sticas por yarda.<\/li>\n<li class=\"break-words\"><strong>Variedad de colores<\/strong>:El te\u00f1ido uniforme de las hojas permite una mayor flexibilidad para lograr colores consistentes y vibrantes m\u00e1s all\u00e1 del \u00edndigo tradicional.<\/li>\n<li class=\"break-words\"><strong>M\u00ednimos m\u00e1s bajos<\/strong>:Es ideal para lotes m\u00e1s peque\u00f1os y resulta atractivo para productores boutique o proyectos personalizados.<\/li>\n<li class=\"break-words\"><strong>Eficiencia energ\u00e9tica<\/strong>:Por lo general, consume menos energ\u00eda, lo que lo convierte en una opci\u00f3n m\u00e1s ecol\u00f3gica en algunas configuraciones.<\/li>\n<\/ul>\n<div id=\"attachment_2483\" style=\"width: 610px\" class=\"wp-caption aligncenter\"><img loading=\"lazy\" decoding=\"async\" aria-describedby=\"caption-attachment-2483\" class=\"wp-image-2483\" src=\"https:\/\/lydenim.com\/wp-content\/uploads\/2024\/12\/\u5e8f\u5217-Sequence-01.00_04_07_12.Still016-scaled.jpg\" alt=\"Te\u00f1ido\" width=\"600\" height=\"338\" srcset=\"https:\/\/lydenim.com\/wp-content\/uploads\/2024\/12\/\u5e8f\u5217-Sequence-01.00_04_07_12.Still016-scaled.jpg 2560w, https:\/\/lydenim.com\/wp-content\/uploads\/2024\/12\/\u5e8f\u5217-Sequence-01.00_04_07_12.Still016-scaled-150x84.jpg 150w, https:\/\/lydenim.com\/wp-content\/uploads\/2024\/12\/\u5e8f\u5217-Sequence-01.00_04_07_12.Still016-scaled-600x338.jpg 600w, https:\/\/lydenim.com\/wp-content\/uploads\/2024\/12\/\u5e8f\u5217-Sequence-01.00_04_07_12.Still016-300x169.jpg 300w, https:\/\/lydenim.com\/wp-content\/uploads\/2024\/12\/\u5e8f\u5217-Sequence-01.00_04_07_12.Still016-1024x576.jpg 1024w, https:\/\/lydenim.com\/wp-content\/uploads\/2024\/12\/\u5e8f\u5217-Sequence-01.00_04_07_12.Still016-768x432.jpg 768w, https:\/\/lydenim.com\/wp-content\/uploads\/2024\/12\/\u5e8f\u5217-Sequence-01.00_04_07_12.Still016-1536x864.jpg 1536w, https:\/\/lydenim.com\/wp-content\/uploads\/2024\/12\/\u5e8f\u5217-Sequence-01.00_04_07_12.Still016-2048x1152.jpg 2048w, https:\/\/lydenim.com\/wp-content\/uploads\/2024\/12\/\u5e8f\u5217-Sequence-01.00_04_07_12.Still016-18x10.jpg 18w\" sizes=\"auto, (max-width: 600px) 100vw, 600px\" \/><p id=\"caption-attachment-2483\" class=\"wp-caption-text\">Te\u00f1ido<\/p><\/div>\n<h2>Te\u00f1ido con cuerdas vs. te\u00f1ido con cuchillas: el duelo<\/h2>\n<div class=\"overflow-x-auto my-2\">\n<table style=\"height: 184px;\" width=\"1178\">\n<thead class=\"border-b border-primary\/20\">\n<tr class=\"border-primary\/10\">\n<th class=\"break-words\"><strong>Caracter\u00edstica<\/strong><\/th>\n<th class=\"break-words\"><strong>Te\u00f1ido de cuerdas<\/strong><\/th>\n<th class=\"break-words\"><strong>Te\u00f1ido de corte<\/strong><\/th>\n<\/tr>\n<\/thead>\n<tbody>\n<tr class=\"border-primary\/10\">\n<td class=\"break-words\"><strong>Calidad de desvanecimiento<\/strong><\/td>\n<td class=\"break-words\">Excelente (efecto de te\u00f1ido de anillo)<\/td>\n<td class=\"break-words\">Moderado (desvanecimientos menos pronunciados)<\/td>\n<\/tr>\n<tr class=\"border-primary\/10\">\n<td class=\"break-words\"><strong>Escala de producci\u00f3n<\/strong><\/td>\n<td class=\"break-words\">Alta capacidad<\/td>\n<td class=\"break-words\">Mejor para tiradas m\u00e1s peque\u00f1as<\/td>\n<\/tr>\n<tr class=\"border-primary\/10\">\n<td class=\"break-words\"><strong>Tensi\u00f3n del hilo<\/strong><\/td>\n<td class=\"break-words\">Penetraci\u00f3n m\u00e1s alta y uniforme<\/td>\n<td class=\"break-words\">M\u00e1s bajo, m\u00e1s suave con hilos finos.<\/td>\n<\/tr>\n<tr class=\"border-primary\/10\">\n<td class=\"break-words\"><strong>Flexibilidad de color<\/strong><\/td>\n<td class=\"break-words\">Ideal para tonos \u00edndigo profundos.<\/td>\n<td class=\"break-words\">M\u00e1s vers\u00e1til para colores variados.<\/td>\n<\/tr>\n<tr class=\"border-primary\/10\">\n<td class=\"break-words\"><strong>Sostenibilidad<\/strong><\/td>\n<td class=\"break-words\">Menos tinte y desperdicio<\/td>\n<td class=\"break-words\">Menor consumo de energ\u00eda<\/td>\n<\/tr>\n<\/tbody>\n<\/table>\n<\/div>\n<h2>\u00bfCu\u00e1l deber\u00edas elegir?<\/h2>\n<ul class=\"marker:text-secondary\">\n<li class=\"break-words\"><strong>Para los amantes del denim cl\u00e1sico<\/strong>Si buscas una tela vaquera aut\u00e9ntica y resistente al deste\u00f1ido, como la mezclilla con orillo o la mezclilla cruda, el te\u00f1ido en cuerda es la soluci\u00f3n ideal. Su consistencia y su potencial de deste\u00f1ido la convierten en un b\u00e1sico para vaqueros de alta gama.<\/li>\n<li class=\"break-words\"><strong>Para proyectos creativos<\/strong>\u00bfNecesitas tela vaquera por yarda para un dise\u00f1o \u00fanico o una prenda ligera? La flexibilidad del te\u00f1ido por corte y su idoneidad para hilos m\u00e1s finos podr\u00edan ser la mejor opci\u00f3n.<\/li>\n<\/ul>\n<h2>Reflexiones finales<\/h2>\n<p class=\"break-words\">Tanto el te\u00f1ido en cuerda como el te\u00f1ido en slasher tienen su lugar en el mundo de la producci\u00f3n de tela vaquera. Su elecci\u00f3n depende del aspecto, la textura y el prop\u00f3sito de su mezclilla, ya sea un par de jeans resistentes o una tela vibrante para tapicer\u00eda. \u00bfLe interesa explorar opciones de mezclilla de alta calidad o aprender m\u00e1s sobre...? <em>\u00bfDe qu\u00e9 tela est\u00e1 hecho el denim?<\/em>? Verificar <strong>es.lydenim.com<\/strong>\u00a0Para telas de mezclilla de primera calidad, o comun\u00edquese con <strong>Malone@l denim.com<\/strong> para obtener asesoramiento experto adaptado a sus necesidades.<\/p>\n<h2 dir=\"auto\">Servicios de personalizaci\u00f3n de LYDENIM<\/h2>\n<p dir=\"auto\">\ud83c\udfa8 Quiero <strong>telas de mezclilla personalizadas<\/strong> o\u00a0 <strong>\u00fanico<\/strong> <strong>prenda de mezclilla personalizada<\/strong>?LYDENIM se especializa en soluciones a medida para satisfacer sus necesidades de dise\u00f1o y producci\u00f3n.<\/p>\n<p dir=\"auto\">\ud83d\udecd\ufe0f <strong>Explora e insp\u00edrate<\/strong>:Explore nuestra selecci\u00f3n de telas y descubra ideas de dise\u00f1o en <a href=\"https:\/\/lydenim.com\/es\/\" target=\"_blank\" rel=\"noopener noreferrer nofollow\">LYDenim<\/a>.<\/p>\n<p dir=\"auto\">\ud83c\udf10 <strong>Ropa el\u00e1stica<\/strong>:Consulta nuestras ofertas en <a href=\"http:\/\/liangyuantextile.m.en.alibaba.com\" target=\"_blank\" rel=\"noopener noreferrer nofollow\">Mi Alibaba<\/a>. \ud83d\udce9 <strong>Contacto<\/strong>:Comun\u00edquese con nosotros en <a href=\"mailto:malone@lydenim.com\" target=\"_blank\" rel=\"noopener noreferrer nofollow\">malone@lydenim.com<\/a>.<\/p>\n<p dir=\"auto\">Crea tu obra maestra en denim con LYDENIM, tu socio de confianza para <strong>tejido el\u00e1stico<\/strong> y <strong>soluciones de mezclilla personalizadas<\/strong>.<\/p>","protected":false},"excerpt":{"rendered":"<p>Tiempo estimado de lectura: ~3 minutos Introducci\u00f3n Cuando piensas en mezclilla, ya sea un par de jeans cl\u00e1sicos, una mezclilla elegante<\/p>","protected":false},"author":1,"featured_media":4451,"comment_status":"open","ping_status":"open","sticky":false,"template":"","format":"standard","meta":{"two_page_speed":[],"footnotes":""},"categories":[66],"tags":[],"class_list":["post-4419","post","type-post","status-publish","format-standard","has-post-thumbnail","hentry","category-denim-knowledge"],"aioseo_notices":[],"_links":{"self":[{"href":"https:\/\/lydenim.com\/es\/wp-json\/wp\/v2\/posts\/4419","targetHints":{"allow":["GET"]}}],"collection":[{"href":"https:\/\/lydenim.com\/es\/wp-json\/wp\/v2\/posts"}],"about":[{"href":"https:\/\/lydenim.com\/es\/wp-json\/wp\/v2\/types\/post"}],"author":[{"embeddable":true,"href":"https:\/\/lydenim.com\/es\/wp-json\/wp\/v2\/users\/1"}],"replies":[{"embeddable":true,"href":"https:\/\/lydenim.com\/es\/wp-json\/wp\/v2\/comments?post=4419"}],"version-history":[{"count":4,"href":"https:\/\/lydenim.com\/es\/wp-json\/wp\/v2\/posts\/4419\/revisions"}],"predecessor-version":[{"id":6251,"href":"https:\/\/lydenim.com\/es\/wp-json\/wp\/v2\/posts\/4419\/revisions\/6251"}],"wp:featuredmedia":[{"embeddable":true,"href":"https:\/\/lydenim.com\/es\/wp-json\/wp\/v2\/media\/4451"}],"wp:attachment":[{"href":"https:\/\/lydenim.com\/es\/wp-json\/wp\/v2\/media?parent=4419"}],"wp:term":[{"taxonomy":"category","embeddable":true,"href":"https:\/\/lydenim.com\/es\/wp-json\/wp\/v2\/categories?post=4419"},{"taxonomy":"post_tag","embeddable":true,"href":"https:\/\/lydenim.com\/es\/wp-json\/wp\/v2\/tags?post=4419"}],"curies":[{"name":"wp","href":"https:\/\/api.w.org\/{rel}","templated":true}]}}