{"id":4421,"date":"2025-04-06T09:59:35","date_gmt":"2025-04-06T01:59:35","guid":{"rendered":"https:\/\/lydenim.com\/?p=4421"},"modified":"2025-08-24T12:26:14","modified_gmt":"2025-08-24T04:26:14","slug":"hank-dyeing","status":"publish","type":"post","link":"https:\/\/lydenim.com\/es\/tenido-de-madejas\/","title":{"rendered":"Te\u00f1ido de madejas: el arte detr\u00e1s de la tela vaquera"},"content":{"rendered":"<h2 data-pm-slice=\"1 1 []\">Tiempo estimado de lectura: ~3 minutos<\/h2>\n<h2>Introducci\u00f3n a la tela vaquera y sus or\u00edgenes<\/h2>\n<p class=\"break-words\">Si alguna vez te lo has preguntado, <em>\u201c\u00bfQu\u00e9 es la tela vaquera?\u201d<\/em> o <em>\u201c\u00bfC\u00f3mo se fabrica la tela vaquera?\u201d<\/em>No est\u00e1s solo. La mezclilla es una de las telas m\u00e1s ic\u00f3nicas del mundo, conocida por su durabilidad y atractivo atemporal. Pero antes de que la mezclilla se convirtiera en el material de producci\u00f3n en masa que conocemos hoy, se elaboraba con m\u00e9todos tradicionales como... <strong>te\u00f1ido de madejas<\/strong>\u2014una t\u00e9cnica que est\u00e1 volviendo a ponerse de moda entre los artesanos y los entusiastas del denim.<\/p>\n<p class=\"break-words\">En esta publicaci\u00f3n, nos sumergiremos en el fascinante mundo del te\u00f1ido de madejas, exploraremos c\u00f3mo moldea la tela vaquera y explicaremos por qu\u00e9 sigue siendo relevante hoy en d\u00eda. Ya sea que busques &quot;tela vaquera por yarda&quot; o tengas curiosidad por el proceso detr\u00e1s de tus jeans favoritos, esta gu\u00eda te ayudar\u00e1.<\/p>\n<h2>\u00bfQu\u00e9 es el te\u00f1ido en madeja?<\/h2>\n<p class=\"break-words\">El te\u00f1ido de madejas, tambi\u00e9n conocido como te\u00f1ido de madejas, es uno de los m\u00e9todos m\u00e1s antiguos para te\u00f1ir hilo, con siglos de antig\u00fcedad. A diferencia de las modernas plantas de te\u00f1ido continuo que producen r\u00e1pidamente metros de tela vaquera, el te\u00f1ido de madejas es un proceso lento y manual. As\u00ed es como funciona:<\/p>\n<ol class=\"marker:text-secondary\">\n<li class=\"break-words\"><strong>Preparaci\u00f3n<\/strong>:Los manojos de hilo, llamados madejas, se enjuagan para abrir las fibras y prepararlas para absorber el tinte.<\/li>\n<li class=\"break-words\"><strong>Te\u00f1ido<\/strong>:Las madejas se sumergen en un tanque de tinte (generalmente \u00edndigo natural) varias veces para aumentar la profundidad del color.<\/li>\n<li class=\"break-words\"><strong>Lavado y repetici\u00f3n<\/strong>:Despu\u00e9s de cada inmersi\u00f3n, el hilo se lava y se vuelve a sumergir hasta lograr el tono deseado.<\/li>\n<li class=\"break-words\"><strong>Arreglando el color<\/strong>:Por \u00faltimo, el hilo se cuece al vapor para fijar el tinte y garantizar que se mantenga vibrante.<\/li>\n<\/ol>\n<div id=\"attachment_2743\" style=\"width: 610px\" class=\"wp-caption aligncenter\"><img loading=\"lazy\" decoding=\"async\" aria-describedby=\"caption-attachment-2743\" class=\"wp-image-2743\" src=\"https:\/\/lydenim.com\/wp-content\/uploads\/2025\/01\/\u540e\u6765\u624d\u53d1\u73b0\uff0c\u9762\u6599\u624d\u662f\u4e00\u5207\uff5c\u5148\u67d3\u540e\u7ec7\u5de5\u827a_1_chinshi777_\u6765\u81ea\u5c0f\u7ea2\u4e66\u7f51\u9875\u7248.jpg\" alt=\"te\u00f1ido de madejas\" width=\"600\" height=\"800\" srcset=\"https:\/\/lydenim.com\/wp-content\/uploads\/2025\/01\/\u540e\u6765\u624d\u53d1\u73b0\uff0c\u9762\u6599\u624d\u662f\u4e00\u5207\uff5c\u5148\u67d3\u540e\u7ec7\u5de5\u827a_1_chinshi777_\u6765\u81ea\u5c0f\u7ea2\u4e66\u7f51\u9875\u7248.jpg 1048w, https:\/\/lydenim.com\/wp-content\/uploads\/2025\/01\/\u540e\u6765\u624d\u53d1\u73b0\uff0c\u9762\u6599\u624d\u662f\u4e00\u5207\uff5c\u5148\u67d3\u540e\u7ec7\u5de5\u827a_1_chinshi777_\u6765\u81ea\u5c0f\u7ea2\u4e66\u7f51\u9875\u7248-150x200.jpg 150w, https:\/\/lydenim.com\/wp-content\/uploads\/2025\/01\/\u540e\u6765\u624d\u53d1\u73b0\uff0c\u9762\u6599\u624d\u662f\u4e00\u5207\uff5c\u5148\u67d3\u540e\u7ec7\u5de5\u827a_1_chinshi777_\u6765\u81ea\u5c0f\u7ea2\u4e66\u7f51\u9875\u7248-600x800.jpg 600w, https:\/\/lydenim.com\/wp-content\/uploads\/2025\/01\/\u540e\u6765\u624d\u53d1\u73b0\uff0c\u9762\u6599\u624d\u662f\u4e00\u5207\uff5c\u5148\u67d3\u540e\u7ec7\u5de5\u827a_1_chinshi777_\u6765\u81ea\u5c0f\u7ea2\u4e66\u7f51\u9875\u7248-225x300.jpg 225w, https:\/\/lydenim.com\/wp-content\/uploads\/2025\/01\/\u540e\u6765\u624d\u53d1\u73b0\uff0c\u9762\u6599\u624d\u662f\u4e00\u5207\uff5c\u5148\u67d3\u540e\u7ec7\u5de5\u827a_1_chinshi777_\u6765\u81ea\u5c0f\u7ea2\u4e66\u7f51\u9875\u7248-768x1024.jpg 768w, https:\/\/lydenim.com\/wp-content\/uploads\/2025\/01\/\u540e\u6765\u624d\u53d1\u73b0\uff0c\u9762\u6599\u624d\u662f\u4e00\u5207\uff5c\u5148\u67d3\u540e\u7ec7\u5de5\u827a_1_chinshi777_\u6765\u81ea\u5c0f\u7ea2\u4e66\u7f51\u9875\u7248-9x12.jpg 9w\" sizes=\"auto, (max-width: 600px) 100vw, 600px\" \/><p id=\"caption-attachment-2743\" class=\"wp-caption-text\">te\u00f1ido de madejas<\/p><\/div>\n<h2>\u00bfPor qu\u00e9 es importante te\u00f1ir madejas en la tela vaquera?<\/h2>\n<p class=\"break-words\">Entonces, \u00bfpor qu\u00e9 destaca el te\u00f1ido en madeja en la creaci\u00f3n de tela vaquera? Analic\u00e9moslo:<\/p>\n<ul class=\"marker:text-secondary\">\n<li class=\"break-words\"><strong>Colores ricos y profundos<\/strong>El proceso de inmersi\u00f3n repetida da como resultado una intensidad de color dif\u00edcil de replicar con m\u00e9todos modernos. Esto es perfecto para telas de mezclilla de primera calidad, que suelen venderse por yarda para proyectos personalizados.<\/li>\n<li class=\"break-words\"><strong>M\u00e1s suave con el hilo<\/strong>:En comparaci\u00f3n con el te\u00f1ido continuo de alta velocidad, el te\u00f1ido en madejas ejerce menos presi\u00f3n sobre las fibras, preservando su resistencia y textura, lo que resulta ideal para jeans de mezclilla duraderos.<\/li>\n<li class=\"break-words\"><strong>Est\u00e9tica \u00fanica<\/strong>Aunque algunos creen que la mezclilla te\u00f1ida con \u00edndigo natural no se decolora con el contraste, en realidad es la t\u00e9cnica de te\u00f1ido en madeja la que minimiza el efecto de &quot;te\u00f1ido en anillo&quot; (donde el hilo exterior se ti\u00f1e m\u00e1s que el n\u00facleo). Esto crea un aspecto sutil y artesanal.<\/li>\n<\/ul>\n<h2>Las desventajas del te\u00f1ido de madejas<\/h2>\n<p class=\"break-words\">Si bien el te\u00f1ido en madejas ofrece una calidad inigualable, no est\u00e1 exento de desaf\u00edos:<\/p>\n<ul class=\"marker:text-secondary\">\n<li class=\"break-words\"><strong>Requiere mucho tiempo<\/strong>:El proceso requiere mucha mano de obra y m\u00faltiples inmersiones y lavados, lo que ralentiza la producci\u00f3n.<\/li>\n<li class=\"break-words\"><strong>Costos m\u00e1s altos<\/strong>:Una menor producci\u00f3n significa precios m\u00e1s altos, algo a tener en cuenta si est\u00e1s comprando \u201ctela de mezclilla por yarda\u201d para un proyecto.<\/li>\n<li class=\"break-words\"><strong>Menos desvanecimiento del contraste<\/strong>Para los amantes del denim que anhelan ese desvanecimiento desgastado y de alto contraste, el te\u00f1ido en madeja puede no brindar el mismo efecto dram\u00e1tico que los hilos te\u00f1idos en anillo.<\/li>\n<\/ul>\n<p class=\"break-words\">A pesar de estos compromisos, marcas como STORY mfg han adoptado el te\u00f1ido en madeja para crear denim sustentable y de alta calidad que se destaca en un mundo de producci\u00f3n en masa.<\/p>\n<h2>C\u00f3mo el te\u00f1ido de madejas encaja en el denim moderno<\/h2>\n<p class=\"break-words\">Hoy en d\u00eda, el te\u00f1ido en madejas es una tendencia de nicho, pero en auge, especialmente entre quienes buscan mezclilla ecol\u00f3gica o artesanal. A menudo se combina con \u00edndigo natural, en l\u00ednea con la demanda de moda sostenible. \u00bfTe interesa saber de qu\u00e9 tela est\u00e1 hecha la mezclilla? Tradicionalmente, se usa algod\u00f3n, pero el proceso de te\u00f1ido, al igual que el te\u00f1ido en madejas, define su car\u00e1cter.<\/p>\n<p class=\"break-words\">Si eres un aficionado al bricolaje y buscas comprar tela vaquera por metros, las opciones te\u00f1idas en madeja ofrecen un punto de partida \u00fanico para proyectos de chaquetas, vaqueros o tapicer\u00eda a medida. \u00bfEl resultado? Una pieza que no es solo ropa, sino una historia de artesan\u00eda.<\/p>\n<div id=\"attachment_4448\" style=\"width: 610px\" class=\"wp-caption aligncenter\"><img loading=\"lazy\" decoding=\"async\" aria-describedby=\"caption-attachment-4448\" class=\"wp-image-4448\" src=\"https:\/\/lydenim.com\/wp-content\/uploads\/2025\/03\/ank-dyed-denim-jacket-on-a-wooden-hanger.png\" alt=\"Chaqueta vaquera te\u00f1ida en madeja en una percha de madera\" width=\"600\" height=\"600\" srcset=\"https:\/\/lydenim.com\/wp-content\/uploads\/2025\/03\/ank-dyed-denim-jacket-on-a-wooden-hanger.png 640w, https:\/\/lydenim.com\/wp-content\/uploads\/2025\/03\/ank-dyed-denim-jacket-on-a-wooden-hanger-300x300.png 300w, https:\/\/lydenim.com\/wp-content\/uploads\/2025\/03\/ank-dyed-denim-jacket-on-a-wooden-hanger-150x150.png 150w, https:\/\/lydenim.com\/wp-content\/uploads\/2025\/03\/ank-dyed-denim-jacket-on-a-wooden-hanger-12x12.png 12w, https:\/\/lydenim.com\/wp-content\/uploads\/2025\/03\/ank-dyed-denim-jacket-on-a-wooden-hanger-600x600.png 600w\" sizes=\"auto, (max-width: 600px) 100vw, 600px\" \/><p id=\"caption-attachment-4448\" class=\"wp-caption-text\">Chaqueta vaquera te\u00f1ida en madeja en una percha de madera<\/p><\/div>\n<h4>Conclusi\u00f3n: Descubre el arte del denim<\/h4>\n<p class=\"break-words\">El te\u00f1ido en madeja puede ser una t\u00e9cnica tradicional, pero su influencia en la tela vaquera es atemporal. Desde sus ricos colores hasta su delicado proceso, nos recuerda que la calidad requiere tiempo. Ya sea que est\u00e9s explorando c\u00f3mo se fabrica la tela vaquera o buscando materiales de primera calidad para tu pr\u00f3ximo proyecto, la tela vaquera te\u00f1ida en madeja ofrece algo especial.<\/p>\n<h2 dir=\"auto\">Servicios de personalizaci\u00f3n de LYDENIM<\/h2>\n<p dir=\"auto\">\ud83c\udfa8 Quiero <strong>telas de mezclilla personalizadas<\/strong> o\u00a0 <strong>\u00fanico<\/strong> <strong>prenda de mezclilla personalizada<\/strong>?LYDENIM se especializa en soluciones a medida para satisfacer sus necesidades de dise\u00f1o y producci\u00f3n.<\/p>\n<p dir=\"auto\">\ud83d\udecd\ufe0f <strong>Explora e insp\u00edrate<\/strong>:Explore nuestra selecci\u00f3n de telas y descubra ideas de dise\u00f1o en <a href=\"https:\/\/lydenim.com\/es\/\" target=\"_blank\" rel=\"noopener noreferrer nofollow\">LYDenim<\/a>.<\/p>\n<p dir=\"auto\">\ud83c\udf10 <strong>Ropa el\u00e1stica<\/strong>:Consulta nuestras ofertas en <a href=\"http:\/\/liangyuantextile.m.en.alibaba.com\" target=\"_blank\" rel=\"noopener noreferrer nofollow\">Mi Alibaba<\/a>. \ud83d\udce9 <strong>Contacto<\/strong>:Comun\u00edquese con nosotros en <a href=\"mailto:malone@lydenim.com\" target=\"_blank\" rel=\"noopener noreferrer nofollow\">malone@lydenim.com<\/a>.<\/p>\n<p dir=\"auto\">Crea tu obra maestra en denim con LYDENIM, tu socio de confianza para <strong>tejido el\u00e1stico<\/strong> y <strong>soluciones de mezclilla personalizadas<\/strong>.<\/p>","protected":false},"excerpt":{"rendered":"<p>Tiempo estimado de lectura: ~3 minutos Introducci\u00f3n a la tela de mezclilla y sus ra\u00edces Si alguna vez te has preguntado, &quot;\u00bfQu\u00e9 es la tela de mezclilla?&quot;<\/p>","protected":false},"author":1,"featured_media":4449,"comment_status":"open","ping_status":"open","sticky":false,"template":"","format":"standard","meta":{"two_page_speed":[],"footnotes":""},"categories":[66],"tags":[],"class_list":["post-4421","post","type-post","status-publish","format-standard","has-post-thumbnail","hentry","category-denim-knowledge"],"aioseo_notices":[],"_links":{"self":[{"href":"https:\/\/lydenim.com\/es\/wp-json\/wp\/v2\/posts\/4421","targetHints":{"allow":["GET"]}}],"collection":[{"href":"https:\/\/lydenim.com\/es\/wp-json\/wp\/v2\/posts"}],"about":[{"href":"https:\/\/lydenim.com\/es\/wp-json\/wp\/v2\/types\/post"}],"author":[{"embeddable":true,"href":"https:\/\/lydenim.com\/es\/wp-json\/wp\/v2\/users\/1"}],"replies":[{"embeddable":true,"href":"https:\/\/lydenim.com\/es\/wp-json\/wp\/v2\/comments?post=4421"}],"version-history":[{"count":3,"href":"https:\/\/lydenim.com\/es\/wp-json\/wp\/v2\/posts\/4421\/revisions"}],"predecessor-version":[{"id":6254,"href":"https:\/\/lydenim.com\/es\/wp-json\/wp\/v2\/posts\/4421\/revisions\/6254"}],"wp:featuredmedia":[{"embeddable":true,"href":"https:\/\/lydenim.com\/es\/wp-json\/wp\/v2\/media\/4449"}],"wp:attachment":[{"href":"https:\/\/lydenim.com\/es\/wp-json\/wp\/v2\/media?parent=4421"}],"wp:term":[{"taxonomy":"category","embeddable":true,"href":"https:\/\/lydenim.com\/es\/wp-json\/wp\/v2\/categories?post=4421"},{"taxonomy":"post_tag","embeddable":true,"href":"https:\/\/lydenim.com\/es\/wp-json\/wp\/v2\/tags?post=4421"}],"curies":[{"name":"wp","href":"https:\/\/api.w.org\/{rel}","templated":true}]}}