{"id":4656,"date":"2025-04-12T14:17:19","date_gmt":"2025-04-12T06:17:19","guid":{"rendered":"https:\/\/lydenim.com\/?p=4656"},"modified":"2025-08-24T12:30:23","modified_gmt":"2025-08-24T04:30:23","slug":"flock-on-denim","status":"publish","type":"post","link":"https:\/\/lydenim.com\/es\/rebano-en-mezclilla\/","title":{"rendered":"Flock on Denim: volumen, textura y juego de luz"},"content":{"rendered":"<h3 data-pm-slice=\"1 1 []\">Tiempo estimado de lectura: ~3 minutos<\/h3>\n<h3 class=\"\" data-start=\"326\" data-end=\"344\">Introducci\u00f3n<\/h3>\n<p class=\"\" data-start=\"345\" data-end=\"880\">El flocado se ha convertido en una t\u00e9cnica destacada en el acabado de la mezclilla, transformando la tela vaquera con una textura aterciopelada y un cautivador efecto tridimensional. A diferencia de la impresi\u00f3n o el bordado tradicionales, el flocado aplica fibras diminutas para crear una superficie suave y en relieve que juega con la luz de forma \u00fanica. Este innovador m\u00e9todo es un favorito en colecciones premium y ropa urbana, ya que combina el atractivo robusto de la mezclilla con el acabado aterciopelado y suave del flocado, perfecto para prendas destacadas como faldas, vestidos y jeans de mezclilla.<\/p>\n<div id=\"attachment_4657\" style=\"width: 610px\" class=\"wp-caption aligncenter\"><img loading=\"lazy\" decoding=\"async\" aria-describedby=\"caption-attachment-4657\" class=\"size-full wp-image-4657\" src=\"https:\/\/lydenim.com\/wp-content\/uploads\/2025\/04\/Flocked-denim-Jeans.jpg\" alt=\"Vaqueros flocados\" width=\"600\" height=\"900\" srcset=\"https:\/\/lydenim.com\/wp-content\/uploads\/2025\/04\/Flocked-denim-Jeans.jpg 600w, https:\/\/lydenim.com\/wp-content\/uploads\/2025\/04\/Flocked-denim-Jeans-200x300.jpg 200w, https:\/\/lydenim.com\/wp-content\/uploads\/2025\/04\/Flocked-denim-Jeans-8x12.jpg 8w, https:\/\/lydenim.com\/wp-content\/uploads\/2025\/04\/Flocked-denim-Jeans-150x225.jpg 150w\" sizes=\"auto, (max-width: 600px) 100vw, 600px\" \/><p id=\"caption-attachment-4657\" class=\"wp-caption-text\">Vaqueros flocados<\/p><\/div>\n<h3 class=\"\" data-start=\"1015\" data-end=\"1042\">Dise\u00f1os de mezclilla flocada<\/h3>\n<p class=\"\" data-start=\"1043\" data-end=\"1373\">Hoy en d\u00eda, el tejido vaquero flocado es reconocido por su versatilidad, apareciendo en dise\u00f1os que van desde logotipos sutiles hasta estampados audaces y de gran superficie. Ya sean motivos geom\u00e9tricos en una chaqueta vaquera, composiciones abstractas en shorts vaqueros o detalles de inspiraci\u00f3n vintage en una falda larga vaquera, el flocado aporta profundidad y car\u00e1cter a cada prenda.<\/p>\n<div id=\"attachment_4658\" style=\"width: 610px\" class=\"wp-caption aligncenter\"><img loading=\"lazy\" decoding=\"async\" aria-describedby=\"caption-attachment-4658\" class=\"wp-image-4658\" src=\"https:\/\/lydenim.com\/wp-content\/uploads\/2025\/04\/various-denim-garments-with-flocking-details-in-different-styles.jpeg\" alt=\"Varias prendas de mezclilla con detalles flocados en diferentes estilos\" width=\"600\" height=\"799\" srcset=\"https:\/\/lydenim.com\/wp-content\/uploads\/2025\/04\/various-denim-garments-with-flocking-details-in-different-styles.jpeg 1280w, https:\/\/lydenim.com\/wp-content\/uploads\/2025\/04\/various-denim-garments-with-flocking-details-in-different-styles-225x300.jpeg 225w, https:\/\/lydenim.com\/wp-content\/uploads\/2025\/04\/various-denim-garments-with-flocking-details-in-different-styles-769x1024.jpeg 769w, https:\/\/lydenim.com\/wp-content\/uploads\/2025\/04\/various-denim-garments-with-flocking-details-in-different-styles-768x1023.jpeg 768w, https:\/\/lydenim.com\/wp-content\/uploads\/2025\/04\/various-denim-garments-with-flocking-details-in-different-styles-1153x1536.jpeg 1153w, https:\/\/lydenim.com\/wp-content\/uploads\/2025\/04\/various-denim-garments-with-flocking-details-in-different-styles-9x12.jpeg 9w, https:\/\/lydenim.com\/wp-content\/uploads\/2025\/04\/various-denim-garments-with-flocking-details-in-different-styles-600x799.jpeg 600w, https:\/\/lydenim.com\/wp-content\/uploads\/2025\/04\/various-denim-garments-with-flocking-details-in-different-styles-150x200.jpeg 150w\" sizes=\"auto, (max-width: 600px) 100vw, 600px\" \/><p id=\"caption-attachment-4658\" class=\"wp-caption-text\">Varias prendas de mezclilla con detalles flocados en diferentes estilos<\/p><\/div>\n<h3 class=\"\" data-start=\"1488\" data-end=\"1523\">C\u00f3mo se aplica el flocado al denim<\/h3>\n<p class=\"\" data-start=\"1524\" data-end=\"1614\">El flocado se puede adaptar a diferentes etapas de producci\u00f3n, dependiendo del resultado deseado:<\/p>\n<h4 class=\"\" data-start=\"1616\" data-end=\"1652\">Flocado en prendas terminadas<\/h4>\n<p class=\"\" data-start=\"1653\" data-end=\"2088\">Para prendas como jeans o chalecos vaqueros, el proceso comienza tras la producci\u00f3n est\u00e1ndar. Se imprime un adhesivo especializado en zonas espec\u00edficas, seguido de la aplicaci\u00f3n precisa de fibras flocadas. Tras el tratamiento t\u00e9rmico, estas secciones desarrollan una textura lujosa y en relieve que contrasta a la perfecci\u00f3n con la cl\u00e1sica superficie vaquera. Esta t\u00e9cnica destaca al a\u00f1adir logotipos, letras o estampados acentuados a prendas como minifaldas vaqueras.<\/p>\n<div id=\"attachment_4659\" style=\"width: 484px\" class=\"wp-caption aligncenter\"><img loading=\"lazy\" decoding=\"async\" aria-describedby=\"caption-attachment-4659\" class=\"size-full wp-image-4659\" src=\"https:\/\/lydenim.com\/wp-content\/uploads\/2025\/04\/Flock-on-Denim.jpg\" alt=\"Flock en mezclilla\" width=\"474\" height=\"711\" srcset=\"https:\/\/lydenim.com\/wp-content\/uploads\/2025\/04\/Flock-on-Denim.jpg 474w, https:\/\/lydenim.com\/wp-content\/uploads\/2025\/04\/Flock-on-Denim-200x300.jpg 200w, https:\/\/lydenim.com\/wp-content\/uploads\/2025\/04\/Flock-on-Denim-8x12.jpg 8w, https:\/\/lydenim.com\/wp-content\/uploads\/2025\/04\/Flock-on-Denim-150x225.jpg 150w\" sizes=\"auto, (max-width: 474px) 100vw, 474px\" \/><p id=\"caption-attachment-4659\" class=\"wp-caption-text\">Flock en mezclilla<\/p><\/div>\n<h4 class=\"\" data-start=\"2237\" data-end=\"2276\">Flocado sobre tela antes de coser<\/h4>\n<p class=\"\" data-start=\"2277\" data-end=\"2644\">Como alternativa, se aplica flocado a la tela vaquera antes de cortarla y coserla. Este m\u00e9todo permite dise\u00f1os a gran escala o flocado en toda la superficie, ideal para prendas como monos o vestidos vaqueros. Al lavarse, la tela flocada revela un impresionante efecto de luces y sombras, realzando la profundidad del color y ofreciendo un aspecto din\u00e1mico y lujoso que cambia con cada movimiento.<\/p>\n<h3 class=\"\" data-start=\"2765\" data-end=\"2796\">Denim flocado de Ly Denim<\/h3>\n<p class=\"\" data-start=\"2797\" data-end=\"3166\">En Ly Denim, nos especializamos en crear flocados visualmente impactantes y duraderos. Nuestro equipo ofrece soluciones personalizadas, desde sutiles detalles en una falda vaquera hasta tela vaquera flocada de gran tama\u00f1o para su pr\u00f3xima colecci\u00f3n. Tambi\u00e9n ofrecemos servicios de personalizaci\u00f3n de telas y prendas, garantizando el equilibrio perfecto de textura, color y acabado que se ajuste a su visi\u00f3n.<\/p>\n<ol start=\"1\">\n<li><a href=\"https:\/\/lydenim.com\/es\/producto\/tela-vaquera-flocada-de-colores\/\"><strong>Cl\u00e1sico: Denim flocado sin elasticidad<\/strong><\/a>\n<ul>\n<li>Una tela de sarga no el\u00e1stica con base de hilado siro s\u00faper suave admite pelos densos y ricos en colores adecuados para chaquetas estructuradas y decoraci\u00f3n del hogar.<br \/>\n<img loading=\"lazy\" decoding=\"async\" class=\"aligncenter wp-image-4637\" src=\"https:\/\/lydenim.com\/wp-content\/uploads\/2025\/04\/IMG_6327.jpg\" alt=\"\" width=\"600\" height=\"600\" srcset=\"https:\/\/lydenim.com\/wp-content\/uploads\/2025\/04\/IMG_6327.jpg 2196w, https:\/\/lydenim.com\/wp-content\/uploads\/2025\/04\/IMG_6327-300x300.jpg 300w, https:\/\/lydenim.com\/wp-content\/uploads\/2025\/04\/IMG_6327-1024x1024.jpg 1024w, https:\/\/lydenim.com\/wp-content\/uploads\/2025\/04\/IMG_6327-150x150.jpg 150w, https:\/\/lydenim.com\/wp-content\/uploads\/2025\/04\/IMG_6327-768x768.jpg 768w, https:\/\/lydenim.com\/wp-content\/uploads\/2025\/04\/IMG_6327-1536x1536.jpg 1536w, https:\/\/lydenim.com\/wp-content\/uploads\/2025\/04\/IMG_6327-2048x2048.jpg 2048w, https:\/\/lydenim.com\/wp-content\/uploads\/2025\/04\/IMG_6327-12x12.jpg 12w, https:\/\/lydenim.com\/wp-content\/uploads\/2025\/04\/IMG_6327-600x600.jpg 600w\" sizes=\"auto, (max-width: 600px) 100vw, 600px\" \/><\/li>\n<\/ul>\n<\/li>\n<li><strong>Tendencia: Denim el\u00e1stico flocado<\/strong>\n<ul>\n<li>Combinada con elastano para una elasticidad 30%. La versi\u00f3n con estampado de leopardo (HF80562) combina movilidad con un dise\u00f1o llamativo, ideal para leggings o chaquetas de moto.<\/li>\n<\/ul>\n<\/li>\n<li><a href=\"https:\/\/lydenim.com\/es\/producto\/3642-mezclilla-slub-de-alta-elasticidad\/\"><strong>Personalizado: Denim flocado de varios estilos<\/strong><\/a>\n<ul>\n<li>El proceso de producci\u00f3n incluye te\u00f1ido en degradado y aplicaci\u00f3n de motivos de ne\u00f3n sobre telas el\u00e1sticas o no el\u00e1sticas que satisfacen los requisitos de la ropa urbana y de lujo.<\/li>\n<li>El proceso de producci\u00f3n le permite personalizar la elasticidad junto con el color de la tela y el peso base del denim para lograr los requisitos exactos de su marca.<\/li>\n<\/ul>\n<\/li>\n<li>Alguno <strong>Denim flocado <\/strong>opciones de patr\u00f3n\n<ul>\n<li>Tipo de barra vertical\n<p><div id=\"attachment_5888\" style=\"width: 610px\" class=\"wp-caption aligncenter\"><img loading=\"lazy\" decoding=\"async\" aria-describedby=\"caption-attachment-5888\" class=\"wp-image-5888\" src=\"https:\/\/lydenim.com\/wp-content\/uploads\/2025\/05\/IMG_7300-scaled.jpg\" alt=\"\" width=\"600\" height=\"199\" srcset=\"https:\/\/lydenim.com\/wp-content\/uploads\/2025\/05\/IMG_7300-scaled.jpg 2560w, https:\/\/lydenim.com\/wp-content\/uploads\/2025\/05\/IMG_7300-300x100.jpg 300w, https:\/\/lydenim.com\/wp-content\/uploads\/2025\/05\/IMG_7300-1024x340.jpg 1024w, https:\/\/lydenim.com\/wp-content\/uploads\/2025\/05\/IMG_7300-768x255.jpg 768w, https:\/\/lydenim.com\/wp-content\/uploads\/2025\/05\/IMG_7300-1536x510.jpg 1536w, https:\/\/lydenim.com\/wp-content\/uploads\/2025\/05\/IMG_7300-2048x681.jpg 2048w, https:\/\/lydenim.com\/wp-content\/uploads\/2025\/05\/IMG_7300-18x6.jpg 18w, https:\/\/lydenim.com\/wp-content\/uploads\/2025\/05\/IMG_7300-600x199.jpg 600w, https:\/\/lydenim.com\/wp-content\/uploads\/2025\/05\/IMG_7300-150x50.jpg 150w\" sizes=\"auto, (max-width: 600px) 100vw, 600px\" \/><p id=\"caption-attachment-5888\" class=\"wp-caption-text\">Tipo de barra vertical<\/p><\/div><\/li>\n<li>Tipo sarga\n<p><div id=\"attachment_5889\" style=\"width: 610px\" class=\"wp-caption aligncenter\"><img loading=\"lazy\" decoding=\"async\" aria-describedby=\"caption-attachment-5889\" class=\"wp-image-5889\" src=\"https:\/\/lydenim.com\/wp-content\/uploads\/2025\/05\/IMG_7301-scaled.jpg\" alt=\"\" width=\"600\" height=\"199\" srcset=\"https:\/\/lydenim.com\/wp-content\/uploads\/2025\/05\/IMG_7301-scaled.jpg 2560w, https:\/\/lydenim.com\/wp-content\/uploads\/2025\/05\/IMG_7301-300x100.jpg 300w, https:\/\/lydenim.com\/wp-content\/uploads\/2025\/05\/IMG_7301-1024x340.jpg 1024w, https:\/\/lydenim.com\/wp-content\/uploads\/2025\/05\/IMG_7301-768x255.jpg 768w, https:\/\/lydenim.com\/wp-content\/uploads\/2025\/05\/IMG_7301-1536x510.jpg 1536w, https:\/\/lydenim.com\/wp-content\/uploads\/2025\/05\/IMG_7301-2048x681.jpg 2048w, https:\/\/lydenim.com\/wp-content\/uploads\/2025\/05\/IMG_7301-18x6.jpg 18w, https:\/\/lydenim.com\/wp-content\/uploads\/2025\/05\/IMG_7301-600x199.jpg 600w, https:\/\/lydenim.com\/wp-content\/uploads\/2025\/05\/IMG_7301-150x50.jpg 150w\" sizes=\"auto, (max-width: 600px) 100vw, 600px\" \/><p id=\"caption-attachment-5889\" class=\"wp-caption-text\">Tipo sarga<\/p><\/div><\/li>\n<li>Tipo rombo\n<p><div id=\"attachment_5887\" style=\"width: 610px\" class=\"wp-caption aligncenter\"><img loading=\"lazy\" decoding=\"async\" aria-describedby=\"caption-attachment-5887\" class=\"wp-image-5887\" src=\"https:\/\/lydenim.com\/wp-content\/uploads\/2025\/05\/IMG_7299-scaled.jpg\" alt=\"\" width=\"600\" height=\"199\" srcset=\"https:\/\/lydenim.com\/wp-content\/uploads\/2025\/05\/IMG_7299-scaled.jpg 2560w, https:\/\/lydenim.com\/wp-content\/uploads\/2025\/05\/IMG_7299-300x100.jpg 300w, https:\/\/lydenim.com\/wp-content\/uploads\/2025\/05\/IMG_7299-1024x340.jpg 1024w, https:\/\/lydenim.com\/wp-content\/uploads\/2025\/05\/IMG_7299-768x255.jpg 768w, https:\/\/lydenim.com\/wp-content\/uploads\/2025\/05\/IMG_7299-1536x510.jpg 1536w, https:\/\/lydenim.com\/wp-content\/uploads\/2025\/05\/IMG_7299-2048x681.jpg 2048w, https:\/\/lydenim.com\/wp-content\/uploads\/2025\/05\/IMG_7299-18x6.jpg 18w, https:\/\/lydenim.com\/wp-content\/uploads\/2025\/05\/IMG_7299-600x199.jpg 600w, https:\/\/lydenim.com\/wp-content\/uploads\/2025\/05\/IMG_7299-150x50.jpg 150w\" sizes=\"auto, (max-width: 600px) 100vw, 600px\" \/><p id=\"caption-attachment-5887\" class=\"wp-caption-text\">Tipo rombo<\/p><\/div><\/li>\n<li>Otros tipos especiales y personalizables\n<p><div id=\"attachment_5886\" style=\"width: 610px\" class=\"wp-caption aligncenter\"><img loading=\"lazy\" decoding=\"async\" aria-describedby=\"caption-attachment-5886\" class=\"size-full wp-image-5886\" src=\"https:\/\/lydenim.com\/wp-content\/uploads\/2025\/05\/b0bcb64b6ef9e901ee06e4d5ebeb96cb-e1752811228151.jpg\" alt=\"\" width=\"600\" height=\"983\" \/><p id=\"caption-attachment-5886\" class=\"wp-caption-text\">Otros tipos especiales y personalizables<\/p><\/div><\/li>\n<\/ul>\n<\/li>\n<\/ol>\n<p>&nbsp;<\/p>\n<h3 class=\"\" data-start=\"3275\" data-end=\"3291\">Conclusi\u00f3n<\/h3>\n<p data-start=\"108\" data-end=\"393\">El denim flocado aporta una nueva dimensi\u00f3n al denim tradicional, combinando una textura suave con un impacto visual impactante. Ya sea que dise\u00f1es ropa urbana llamativa, elegantes vestidos vaqueros o detalles llamativos en jeans y chaquetas, el flocado a\u00f1ade un acabado lujoso que distingue a tu colecci\u00f3n.<\/p>\n<p data-start=\"395\" data-end=\"637\">En LY Denim, nos especializamos en telas y prendas de mezclilla flocadas personalizables, adaptadas a tus necesidades de dise\u00f1o. Desde detalles sutiles hasta efectos de superficie completa, nuestro equipo de expertos te ayuda a lograr el equilibrio perfecto entre textura, color y durabilidad.<\/p>\n<h3>\u00bfEst\u00e1s preparado para transformar tu dise\u00f1o a trav\u00e9s del denim flocado?<\/h3>\n<p>Explore los efectos flocados personalizables de LY Denim a trav\u00e9s de su selecci\u00f3n de productos.<\/p>\n<ul>\n<li><strong>Solicitar muestras gratuitas<\/strong>:Explora colores y texturas.<\/li>\n<li><strong>Cont\u00e1ctenos<\/strong>: Correo electr\u00f3nico\u00a0<a href=\"https:\/\/mailto:malone@lydenim.com\/es\/\" target=\"_blank\" rel=\"noopener noreferrer\">malone@lydenim.com<\/a>\u00a0para soluciones personalizadas.<\/li>\n<li><strong>Visita<\/strong>:\u00a0<a href=\"https:\/\/lydenim.com\/es\/\" target=\"_blank\" rel=\"noopener noreferrer\">www.lydenim.com<\/a><\/li>\n<\/ul>","protected":false},"excerpt":{"rendered":"<p>Tiempo estimado de lectura: ~3 minutos Introducci\u00f3n El flocado ha surgido como una t\u00e9cnica destacada en el acabado de mezclilla, transformando la tela de mezclilla con<\/p>","protected":false},"author":1,"featured_media":4660,"comment_status":"open","ping_status":"open","sticky":false,"template":"","format":"standard","meta":{"two_page_speed":[],"footnotes":""},"categories":[67],"tags":[],"class_list":["post-4656","post","type-post","status-publish","format-standard","has-post-thumbnail","hentry","category-market"],"aioseo_notices":[],"_links":{"self":[{"href":"https:\/\/lydenim.com\/es\/wp-json\/wp\/v2\/posts\/4656","targetHints":{"allow":["GET"]}}],"collection":[{"href":"https:\/\/lydenim.com\/es\/wp-json\/wp\/v2\/posts"}],"about":[{"href":"https:\/\/lydenim.com\/es\/wp-json\/wp\/v2\/types\/post"}],"author":[{"embeddable":true,"href":"https:\/\/lydenim.com\/es\/wp-json\/wp\/v2\/users\/1"}],"replies":[{"embeddable":true,"href":"https:\/\/lydenim.com\/es\/wp-json\/wp\/v2\/comments?post=4656"}],"version-history":[{"count":4,"href":"https:\/\/lydenim.com\/es\/wp-json\/wp\/v2\/posts\/4656\/revisions"}],"predecessor-version":[{"id":6260,"href":"https:\/\/lydenim.com\/es\/wp-json\/wp\/v2\/posts\/4656\/revisions\/6260"}],"wp:featuredmedia":[{"embeddable":true,"href":"https:\/\/lydenim.com\/es\/wp-json\/wp\/v2\/media\/4660"}],"wp:attachment":[{"href":"https:\/\/lydenim.com\/es\/wp-json\/wp\/v2\/media?parent=4656"}],"wp:term":[{"taxonomy":"category","embeddable":true,"href":"https:\/\/lydenim.com\/es\/wp-json\/wp\/v2\/categories?post=4656"},{"taxonomy":"post_tag","embeddable":true,"href":"https:\/\/lydenim.com\/es\/wp-json\/wp\/v2\/tags?post=4656"}],"curies":[{"name":"wp","href":"https:\/\/api.w.org\/{rel}","templated":true}]}}