{"id":4718,"date":"2025-04-14T12:22:21","date_gmt":"2025-04-14T04:22:21","guid":{"rendered":"https:\/\/lydenim.com\/?p=4718"},"modified":"2025-08-24T12:31:09","modified_gmt":"2025-08-24T04:31:09","slug":"jeans-trends-for-2025","status":"publish","type":"post","link":"https:\/\/lydenim.com\/es\/tendencias-de-jeans-para-2025\/","title":{"rendered":"Tendencias de jeans para 2025"},"content":{"rendered":"<h2 data-pm-slice=\"1 1 []\">Tiempo estimado de lectura: ~5 minutos<\/h2>\n<h2 dir=\"auto\">Introducci\u00f3n<\/h2>\n<p class=\"break-words\" dir=\"auto\">El denim sigue siendo un pilar de la moda, evolucionando con cada temporada para reflejar nuevos estilos e innovaciones. En 2025, las tendencias en jeans est\u00e1n dando pasos agigantados, combinando creatividad y sostenibilidad. Este blog profundiza en cuatro tendencias destacadas: lavados \u00edndigo intensos, detalles deshilachados y perspectivas de Kingpins NYC, que est\u00e1n dando forma al panorama del denim. Ya sea que busques la prenda perfecta o inspiraci\u00f3n para tu pr\u00f3ximo proyecto, estas tendencias elevar\u00e1n tu estilo.<\/p>\n<h2 dir=\"auto\">1. Denim estampado y adornado<\/h2>\n<p class=\"break-words\" dir=\"auto\">El auge de los jeans est\u00e1 transformando la ropa en arte. Piensa en adornarlos con motivos florales o con adornos bordados. Para un toque personalizado, los dise\u00f1os de patchwork a\u00f1aden un toque DIY. En Lydenim, ofrecemos prendas a tu medida, perfectas para destacar.<img loading=\"lazy\" decoding=\"async\" class=\"aligncenter wp-image-4719\" src=\"https:\/\/lydenim.com\/wp-content\/uploads\/2025\/04\/DM_20250413211023_002.jpg\" alt=\"\" width=\"600\" height=\"749\" srcset=\"https:\/\/lydenim.com\/wp-content\/uploads\/2025\/04\/DM_20250413211023_002.jpg 1080w, https:\/\/lydenim.com\/wp-content\/uploads\/2025\/04\/DM_20250413211023_002-240x300.jpg 240w, https:\/\/lydenim.com\/wp-content\/uploads\/2025\/04\/DM_20250413211023_002-820x1024.jpg 820w, https:\/\/lydenim.com\/wp-content\/uploads\/2025\/04\/DM_20250413211023_002-768x959.jpg 768w, https:\/\/lydenim.com\/wp-content\/uploads\/2025\/04\/DM_20250413211023_002-10x12.jpg 10w, https:\/\/lydenim.com\/wp-content\/uploads\/2025\/04\/DM_20250413211023_002-600x749.jpg 600w, https:\/\/lydenim.com\/wp-content\/uploads\/2025\/04\/DM_20250413211023_002-150x187.jpg 150w\" sizes=\"auto, (max-width: 600px) 100vw, 600px\" \/><\/p>\n<h2 dir=\"auto\">2. \u00cdndigo profundo y lavados contrastantes<\/h2>\n<p class=\"break-words\" dir=\"auto\">Los tonos \u00edndigo intensos est\u00e1n volviendo con fuerza, con t\u00e9rminos como denim con orillo y denim crudo, tendencia entre los amantes del denim. Estos lavados intensos y oscuros, frecuentes en [texto incoherente], ofrecen un atractivo atemporal. Comb\u00ednalos con estilos contrastantes como el denim claro o el denim oscuro para un look din\u00e1mico. En Lydenim, te permite crear o con estos llamativos contrastes.<img loading=\"lazy\" decoding=\"async\" class=\"aligncenter wp-image-4720\" src=\"https:\/\/lydenim.com\/wp-content\/uploads\/2025\/04\/DM_20250413211023_003.jpg\" alt=\"\" width=\"600\" height=\"749\" srcset=\"https:\/\/lydenim.com\/wp-content\/uploads\/2025\/04\/DM_20250413211023_003.jpg 1080w, https:\/\/lydenim.com\/wp-content\/uploads\/2025\/04\/DM_20250413211023_003-240x300.jpg 240w, https:\/\/lydenim.com\/wp-content\/uploads\/2025\/04\/DM_20250413211023_003-820x1024.jpg 820w, https:\/\/lydenim.com\/wp-content\/uploads\/2025\/04\/DM_20250413211023_003-768x959.jpg 768w, https:\/\/lydenim.com\/wp-content\/uploads\/2025\/04\/DM_20250413211023_003-10x12.jpg 10w, https:\/\/lydenim.com\/wp-content\/uploads\/2025\/04\/DM_20250413211023_003-600x749.jpg 600w, https:\/\/lydenim.com\/wp-content\/uploads\/2025\/04\/DM_20250413211023_003-150x187.jpg 150w\" sizes=\"auto, (max-width: 600px) 100vw, 600px\" \/><\/p>\n<h2 dir=\"auto\">3. Acentos deshilachados y texturizados<\/h2>\n<p class=\"break-words\" dir=\"auto\">La textura reina en 2025, con la tela vaquera desgastada y c\u00f3mo deshilachar jeans, lo que refleja la pasi\u00f3n por los detalles robustos. Los dobladillos deshilachados o los tejidos texturizados a\u00f1aden un aire desgastado a cualquier atuendo, realzando su atractivo t\u00e1ctil. Las opciones de Lydenim incluyen variedades texturizadas, ideales para crear o con un toque \u00fanico.<img loading=\"lazy\" decoding=\"async\" class=\"aligncenter wp-image-4721\" src=\"https:\/\/lydenim.com\/wp-content\/uploads\/2025\/04\/DM_20250413211023_004.jpg\" alt=\"\" width=\"600\" height=\"749\" srcset=\"https:\/\/lydenim.com\/wp-content\/uploads\/2025\/04\/DM_20250413211023_004.jpg 1080w, https:\/\/lydenim.com\/wp-content\/uploads\/2025\/04\/DM_20250413211023_004-240x300.jpg 240w, https:\/\/lydenim.com\/wp-content\/uploads\/2025\/04\/DM_20250413211023_004-820x1024.jpg 820w, https:\/\/lydenim.com\/wp-content\/uploads\/2025\/04\/DM_20250413211023_004-768x959.jpg 768w, https:\/\/lydenim.com\/wp-content\/uploads\/2025\/04\/DM_20250413211023_004-10x12.jpg 10w, https:\/\/lydenim.com\/wp-content\/uploads\/2025\/04\/DM_20250413211023_004-600x749.jpg 600w, https:\/\/lydenim.com\/wp-content\/uploads\/2025\/04\/DM_20250413211023_004-150x187.jpg 150w\" sizes=\"auto, (max-width: 600px) 100vw, 600px\" \/><\/p>\n<h2 dir=\"auto\">4. Tendencias de mezclilla en Kingpins NYC<\/h2>\n<p class=\"break-words\" dir=\"auto\">Kingpins NYC, una feria l\u00edder de mezclilla, present\u00f3 innovaciones de vanguardia. La sostenibilidad fue el centro de atenci\u00f3n, con el denim sostenible cobrando fuerza junto con la tela de mezclilla japonesa, reconocida por su calidad. La tecnolog\u00eda el\u00e1stica y los acabados ecol\u00f3gicos tambi\u00e9n destacaron, influyendo en... Lydenim se alinea con estas tendencias, ofreciendo opciones sostenibles para dise\u00f1os vanguardistas.<\/p>\n<h2 dir=\"auto\">Conclusi\u00f3n<\/h2>\n<p class=\"break-words\" dir=\"auto\">Desde estampados atrevidos hasta innovaciones sostenibles, estas tendencias en jeans satisfacen gustos diversos. En Lydenim, nos apasiona hacer realidad estas ideas con nuestros servicios de personalizaci\u00f3n de telas y prendas. \u00bfListo para dise\u00f1ar tu pr\u00f3xima obra maestra?<\/p>\n<h2 dir=\"auto\">Servicios de personalizaci\u00f3n de LYDENIM<\/h2>\n<p dir=\"auto\">\ud83c\udfa8 Quiero <strong>telas de mezclilla personalizadas<\/strong> o\u00a0 <strong>\u00fanico<\/strong> <strong>prenda de mezclilla personalizada<\/strong>?LYDENIM se especializa en soluciones a medida para satisfacer sus necesidades de dise\u00f1o y producci\u00f3n.<\/p>\n<p dir=\"auto\">\ud83d\udecd\ufe0f <strong>Explora e insp\u00edrate<\/strong>:Explore nuestra selecci\u00f3n de telas y descubra ideas de dise\u00f1o en <a href=\"https:\/\/lydenim.com\/es\/\" target=\"_blank\" rel=\"noopener noreferrer nofollow\">LYDenim<\/a>.<\/p>\n<p dir=\"auto\">\ud83c\udf10 <strong>Ropa el\u00e1stica<\/strong>:Consulta nuestras ofertas en <a href=\"http:\/\/liangyuantextile.m.en.alibaba.com\" target=\"_blank\" rel=\"noopener noreferrer nofollow\">Mi Alibaba<\/a>. \ud83d\udce9 <strong>Contacto<\/strong>:Comun\u00edquese con nosotros en <a href=\"mailto:malone@lydenim.com\" target=\"_blank\" rel=\"noopener noreferrer nofollow\">malone@lydenim.com<\/a>.<\/p>\n<p dir=\"auto\">Crea tu obra maestra en denim con LYDENIM, tu socio de confianza para <strong>tejido el\u00e1stico<\/strong> y <strong>soluciones de mezclilla personalizadas<\/strong>.<\/p>","protected":false},"excerpt":{"rendered":"<p>Tiempo estimado de lectura: ~5 minutos Introducci\u00f3n El denim sigue siendo una piedra angular de la moda y evoluciona con cada temporada para reflejar nuevos estilos.<\/p>","protected":false},"author":1,"featured_media":4722,"comment_status":"open","ping_status":"open","sticky":false,"template":"","format":"standard","meta":{"two_page_speed":[],"footnotes":""},"categories":[67],"tags":[],"class_list":["post-4718","post","type-post","status-publish","format-standard","has-post-thumbnail","hentry","category-market"],"aioseo_notices":[],"_links":{"self":[{"href":"https:\/\/lydenim.com\/es\/wp-json\/wp\/v2\/posts\/4718","targetHints":{"allow":["GET"]}}],"collection":[{"href":"https:\/\/lydenim.com\/es\/wp-json\/wp\/v2\/posts"}],"about":[{"href":"https:\/\/lydenim.com\/es\/wp-json\/wp\/v2\/types\/post"}],"author":[{"embeddable":true,"href":"https:\/\/lydenim.com\/es\/wp-json\/wp\/v2\/users\/1"}],"replies":[{"embeddable":true,"href":"https:\/\/lydenim.com\/es\/wp-json\/wp\/v2\/comments?post=4718"}],"version-history":[{"count":3,"href":"https:\/\/lydenim.com\/es\/wp-json\/wp\/v2\/posts\/4718\/revisions"}],"predecessor-version":[{"id":6262,"href":"https:\/\/lydenim.com\/es\/wp-json\/wp\/v2\/posts\/4718\/revisions\/6262"}],"wp:featuredmedia":[{"embeddable":true,"href":"https:\/\/lydenim.com\/es\/wp-json\/wp\/v2\/media\/4722"}],"wp:attachment":[{"href":"https:\/\/lydenim.com\/es\/wp-json\/wp\/v2\/media?parent=4718"}],"wp:term":[{"taxonomy":"category","embeddable":true,"href":"https:\/\/lydenim.com\/es\/wp-json\/wp\/v2\/categories?post=4718"},{"taxonomy":"post_tag","embeddable":true,"href":"https:\/\/lydenim.com\/es\/wp-json\/wp\/v2\/tags?post=4718"}],"curies":[{"name":"wp","href":"https:\/\/api.w.org\/{rel}","templated":true}]}}