{"id":4785,"date":"2025-04-19T12:41:52","date_gmt":"2025-04-19T04:41:52","guid":{"rendered":"https:\/\/lydenim.com\/?p=4785"},"modified":"2025-08-24T12:34:46","modified_gmt":"2025-08-24T04:34:46","slug":"color-trends-for-spring-and-summer-2025","status":"publish","type":"post","link":"https:\/\/lydenim.com\/es\/tendencias-de-color-para-primavera-y-verano-2025\/","title":{"rendered":"Tendencias de color para primavera y verano 2025"},"content":{"rendered":"<h3 data-pm-slice=\"1 1 []\">Tiempo estimado de lectura: ~3 minutos<\/h3>\n<h3 style=\"text-align: left;\" data-pm-slice=\"1 1 []\">Introducci\u00f3n<\/h3>\n<p class=\"\" data-start=\"121\" data-end=\"573\">De cara a la vibrante primavera y verano de 2025, las tendencias de color redefinir\u00e1n el panorama de la moda con frescura, energ\u00eda y elegancia. Inspirados en la naturaleza, la tecnolog\u00eda y la nostalgia, estos tonos son perfectos para revitalizar tus conceptos de dise\u00f1o y telas. El siguiente an\u00e1lisis a fondo de los cinco colores distintivos te ayudar\u00e1 a visualizar y crear mejor prendas de mezclilla populares: telas, faldas y jeans.<\/p>\n<h3 class=\"\" data-start=\"580\" data-end=\"611\"><strong data-start=\"584\" data-end=\"609\">1. Amarillo transparente<\/strong><\/h3>\n<p class=\"\" data-start=\"612\" data-end=\"1294\"><strong data-start=\"612\" data-end=\"625\">Palabras clave:<\/strong> Frescura, Energ\u00eda, Luz<br data-start=\"650\" data-end=\"653\" \/>El Amarillo Transparente captura la esencia del primer amanecer de la primavera, irradiando frescura y energ\u00eda. Este tono realza cualquier look al instante, convirti\u00e9ndolo en una opci\u00f3n vers\u00e1til para los amantes de la moda. Imagina unos vaqueros en Amarillo Transparente combinados con detalles en negro o gris: el marcado contraste crea un aire sofisticado y sofisticado. Como alternativa, comb\u00ednalo con neutros suaves como el beige o el camello claro para realzar su encanto ligero y et\u00e9reo, perfecto para un vestido vaquero que se sienta como la flor m\u00e1s brillante de un jard\u00edn primaveral. La versatilidad de este color lo hace ideal para tratamientos personalizados de tela vaquera, ofreciendo un toque audaz y elegante.<\/p>\n<div id=\"attachment_4791\" style=\"width: 610px\" class=\"wp-caption aligncenter\"><img loading=\"lazy\" decoding=\"async\" aria-describedby=\"caption-attachment-4791\" class=\"wp-image-4791\" src=\"https:\/\/lydenim.com\/wp-content\/uploads\/2025\/04\/Transparent-Yellow.jpg\" alt=\"Amarillo transparente\" width=\"600\" height=\"803\" srcset=\"https:\/\/lydenim.com\/wp-content\/uploads\/2025\/04\/Transparent-Yellow.jpg 1240w, https:\/\/lydenim.com\/wp-content\/uploads\/2025\/04\/Transparent-Yellow-224x300.jpg 224w, https:\/\/lydenim.com\/wp-content\/uploads\/2025\/04\/Transparent-Yellow-765x1024.jpg 765w, https:\/\/lydenim.com\/wp-content\/uploads\/2025\/04\/Transparent-Yellow-768x1028.jpg 768w, https:\/\/lydenim.com\/wp-content\/uploads\/2025\/04\/Transparent-Yellow-1147x1536.jpg 1147w, https:\/\/lydenim.com\/wp-content\/uploads\/2025\/04\/Transparent-Yellow-9x12.jpg 9w, https:\/\/lydenim.com\/wp-content\/uploads\/2025\/04\/Transparent-Yellow-600x803.jpg 600w, https:\/\/lydenim.com\/wp-content\/uploads\/2025\/04\/Transparent-Yellow-150x201.jpg 150w\" sizes=\"auto, (max-width: 600px) 100vw, 600px\" \/><p id=\"caption-attachment-4791\" class=\"wp-caption-text\">Amarillo transparente<\/p><\/div>\n<h3 class=\"\" data-start=\"1301\" data-end=\"1325\"><strong data-start=\"1305\" data-end=\"1323\">2. Caramelo de melocot\u00f3n<\/strong><\/h3>\n<p class=\"\" data-start=\"1326\" data-end=\"1854\"><strong data-start=\"1326\" data-end=\"1339\">Palabras clave:<\/strong> Dulce, c\u00e1lido, retro<br data-start=\"1358\" data-end=\"1361\" \/>Peach Candy, un rosa c\u00e1lido con matices anaranjados, aporta un toque dulce y retro a la paleta de 2025. Inspirado en la tendencia Soft Peach de 2024, este tono m\u00e1s brillante y vibrante irradia vitalidad, ideal para los d\u00edas soleados de primavera y verano. Imagina una falda o un vestido de mezclilla en Peach Candy: su gran luminosidad a\u00f1ade un toque divertido y nost\u00e1lgico a tu armario. Este color ofrece una versi\u00f3n fresca de los estilos cl\u00e1sicos, perfecto para chaquetas de mezclilla personalizadas o shorts de mezclilla que destaquen.<\/p>\n<div id=\"attachment_4789\" style=\"width: 610px\" class=\"wp-caption aligncenter\"><img loading=\"lazy\" decoding=\"async\" aria-describedby=\"caption-attachment-4789\" class=\"wp-image-4789\" src=\"https:\/\/lydenim.com\/wp-content\/uploads\/2025\/04\/Peach-Candy.jpg\" alt=\"Caramelo de melocot\u00f3n\" width=\"600\" height=\"803\" srcset=\"https:\/\/lydenim.com\/wp-content\/uploads\/2025\/04\/Peach-Candy.jpg 1240w, https:\/\/lydenim.com\/wp-content\/uploads\/2025\/04\/Peach-Candy-224x300.jpg 224w, https:\/\/lydenim.com\/wp-content\/uploads\/2025\/04\/Peach-Candy-765x1024.jpg 765w, https:\/\/lydenim.com\/wp-content\/uploads\/2025\/04\/Peach-Candy-768x1028.jpg 768w, https:\/\/lydenim.com\/wp-content\/uploads\/2025\/04\/Peach-Candy-1147x1536.jpg 1147w, https:\/\/lydenim.com\/wp-content\/uploads\/2025\/04\/Peach-Candy-9x12.jpg 9w, https:\/\/lydenim.com\/wp-content\/uploads\/2025\/04\/Peach-Candy-600x803.jpg 600w, https:\/\/lydenim.com\/wp-content\/uploads\/2025\/04\/Peach-Candy-150x201.jpg 150w\" sizes=\"auto, (max-width: 600px) 100vw, 600px\" \/><p id=\"caption-attachment-4789\" class=\"wp-caption-text\">Caramelo de melocot\u00f3n<\/p><\/div>\n<h3 class=\"\" data-start=\"1861\" data-end=\"1884\"><strong data-start=\"1865\" data-end=\"1882\">3. Crema de lima<\/strong><\/h3>\n<p class=\"\" data-start=\"1885\" data-end=\"2518\"><strong data-start=\"1885\" data-end=\"1898\">Palabras clave:<\/strong> Vibrante, natural y relajante<br data-start=\"1925\" data-end=\"1928\" \/>El color Crema Lima logra un equilibrio entre energ\u00eda vibrante y una calma relajante, convirti\u00e9ndolo en una opci\u00f3n destacada para 2025. Este color combina a la perfecci\u00f3n con telas brillantes como el sat\u00e9n o el cuero, aportando una est\u00e9tica elegante e intelectual a una chaqueta vaquera. Al combinarse con texturas naturales, se transforma en una opci\u00f3n informal y chic para vaqueros. Los dise\u00f1adores ya est\u00e1n incorporando el color Crema Lima en gabardinas y chaquetas con pliegues o detalles recortados, utilizando denim el\u00e1stico para crear piezas que transmiten un aire relajado y a la vez vibrante, ideal tanto para el d\u00eda a d\u00eda como para proyectos de vanguardia con tela vaquera.<\/p>\n<div id=\"attachment_4787\" style=\"width: 610px\" class=\"wp-caption aligncenter\"><img loading=\"lazy\" decoding=\"async\" aria-describedby=\"caption-attachment-4787\" class=\"wp-image-4787\" src=\"https:\/\/lydenim.com\/wp-content\/uploads\/2025\/04\/Lime-Cream.jpg\" alt=\"Crema de lima\" width=\"600\" height=\"803\" srcset=\"https:\/\/lydenim.com\/wp-content\/uploads\/2025\/04\/Lime-Cream.jpg 1240w, https:\/\/lydenim.com\/wp-content\/uploads\/2025\/04\/Lime-Cream-224x300.jpg 224w, https:\/\/lydenim.com\/wp-content\/uploads\/2025\/04\/Lime-Cream-765x1024.jpg 765w, https:\/\/lydenim.com\/wp-content\/uploads\/2025\/04\/Lime-Cream-768x1028.jpg 768w, https:\/\/lydenim.com\/wp-content\/uploads\/2025\/04\/Lime-Cream-1147x1536.jpg 1147w, https:\/\/lydenim.com\/wp-content\/uploads\/2025\/04\/Lime-Cream-9x12.jpg 9w, https:\/\/lydenim.com\/wp-content\/uploads\/2025\/04\/Lime-Cream-600x803.jpg 600w, https:\/\/lydenim.com\/wp-content\/uploads\/2025\/04\/Lime-Cream-150x201.jpg 150w\" sizes=\"auto, (max-width: 600px) 100vw, 600px\" \/><p id=\"caption-attachment-4787\" class=\"wp-caption-text\">Crema de lima<\/p><\/div>\n<h3 class=\"\" data-start=\"2525\" data-end=\"2548\"><strong data-start=\"2529\" data-end=\"2546\">4. Vidrio Aqua<\/strong><\/h3>\n<p class=\"\" data-start=\"2549\" data-end=\"3166\"><strong data-start=\"2549\" data-end=\"2562\">Palabras clave:<\/strong> Transparente, et\u00e9reo, fluido<br data-start=\"2591\" data-end=\"2594\" \/>Aqua Glass, un verde \u00fanico inspirado en la luz que se refracta a trav\u00e9s del cristal, ofrece una transparencia y una cualidad et\u00e9rea. Este tono futurista se alinea con la b\u00fasqueda de pureza de la era digital, a la vez que evoca la fluidez de la naturaleza. Resplandece en sedas brillantes o telas perladas con cortes asim\u00e9tricos, perfecto para una falda o un top de mezclilla que se anticipa a su tiempo. Al combinarlo con algod\u00f3n mate o tela vaquera cl\u00e1sica, se suaviza y adquiere una elegancia cotidiana, convirti\u00e9ndolo en una opci\u00f3n vers\u00e1til para parches vaqueros o vestidos de mezclilla personalizados que combinan un dise\u00f1o de inspiraci\u00f3n tecnol\u00f3gica con una comodidad inigualable.<\/p>\n<div id=\"attachment_4786\" style=\"width: 610px\" class=\"wp-caption aligncenter\"><img loading=\"lazy\" decoding=\"async\" aria-describedby=\"caption-attachment-4786\" class=\"wp-image-4786\" src=\"https:\/\/lydenim.com\/wp-content\/uploads\/2025\/04\/Aqua-Glass.jpg\" alt=\"Vidrio Aqua\" width=\"600\" height=\"803\" srcset=\"https:\/\/lydenim.com\/wp-content\/uploads\/2025\/04\/Aqua-Glass.jpg 1240w, https:\/\/lydenim.com\/wp-content\/uploads\/2025\/04\/Aqua-Glass-224x300.jpg 224w, https:\/\/lydenim.com\/wp-content\/uploads\/2025\/04\/Aqua-Glass-765x1024.jpg 765w, https:\/\/lydenim.com\/wp-content\/uploads\/2025\/04\/Aqua-Glass-768x1028.jpg 768w, https:\/\/lydenim.com\/wp-content\/uploads\/2025\/04\/Aqua-Glass-1147x1536.jpg 1147w, https:\/\/lydenim.com\/wp-content\/uploads\/2025\/04\/Aqua-Glass-9x12.jpg 9w, https:\/\/lydenim.com\/wp-content\/uploads\/2025\/04\/Aqua-Glass-600x803.jpg 600w, https:\/\/lydenim.com\/wp-content\/uploads\/2025\/04\/Aqua-Glass-150x201.jpg 150w\" sizes=\"auto, (max-width: 600px) 100vw, 600px\" \/><p id=\"caption-attachment-4786\" class=\"wp-caption-text\">Vidrio Aqua<\/p><\/div>\n<h3 class=\"\" data-start=\"3173\" data-end=\"3198\"><strong data-start=\"3177\" data-end=\"3196\">5. Concha de lapa<\/strong><\/h3>\n<p class=\"\" data-start=\"3199\" data-end=\"3779\"><strong data-start=\"3199\" data-end=\"3212\">Palabras clave:<\/strong> Sereno, tecnol\u00f3gico y profundo<br data-start=\"3231\" data-end=\"3234\" \/>Limpet Shell, un suave azul agua, evoca la serena calma del oc\u00e9ano con un sutil toque tecnol\u00f3gico. A diferencia de los azules m\u00e1s profundos, este tono posee un brillo suave que recuerda a las conchas marinas tras la bajada de la marea. Un vestido o traje vaquero en Limpet Shell, con l\u00edneas limpias y dise\u00f1o minimalista, irradia elegancia y tranquilidad. Comb\u00ednalo con accesorios en azul claro o parches vaqueros para un look cohesivo y sofisticado. Su versatilidad tambi\u00e9n lo convierte en una opci\u00f3n espectacular para chaquetas o vaqueros, ofreciendo una versi\u00f3n fresca y moderna de los cl\u00e1sicos vaqueros.<\/p>\n<div id=\"attachment_4788\" style=\"width: 610px\" class=\"wp-caption aligncenter\"><img loading=\"lazy\" decoding=\"async\" aria-describedby=\"caption-attachment-4788\" class=\"wp-image-4788\" src=\"https:\/\/lydenim.com\/wp-content\/uploads\/2025\/04\/Limpet-Shell.jpg\" alt=\"Concha de lapa\" width=\"600\" height=\"803\" srcset=\"https:\/\/lydenim.com\/wp-content\/uploads\/2025\/04\/Limpet-Shell.jpg 1240w, https:\/\/lydenim.com\/wp-content\/uploads\/2025\/04\/Limpet-Shell-224x300.jpg 224w, https:\/\/lydenim.com\/wp-content\/uploads\/2025\/04\/Limpet-Shell-765x1024.jpg 765w, https:\/\/lydenim.com\/wp-content\/uploads\/2025\/04\/Limpet-Shell-768x1028.jpg 768w, https:\/\/lydenim.com\/wp-content\/uploads\/2025\/04\/Limpet-Shell-1147x1536.jpg 1147w, https:\/\/lydenim.com\/wp-content\/uploads\/2025\/04\/Limpet-Shell-9x12.jpg 9w, https:\/\/lydenim.com\/wp-content\/uploads\/2025\/04\/Limpet-Shell-600x803.jpg 600w, https:\/\/lydenim.com\/wp-content\/uploads\/2025\/04\/Limpet-Shell-150x201.jpg 150w\" sizes=\"auto, (max-width: 600px) 100vw, 600px\" \/><p id=\"caption-attachment-4788\" class=\"wp-caption-text\">Concha de lapa<\/p><\/div>\n<h3 class=\"\" data-start=\"3786\" data-end=\"3826\"><strong data-start=\"3790\" data-end=\"3824\">Llevando estos colores al denim<\/strong><\/h3>\n<p class=\"\" data-start=\"3827\" data-end=\"4282\">El denim, reconocido por su durabilidad y versatilidad, es el lienzo perfecto para estas tendencias de color de 2025. Imagina unos jeans en amarillo transparente para una primavera audaz, un vestido en color melocot\u00f3n caramelo para un verano dulce o una chaqueta en color lima crema para un toque vibrante. Los tonos Aqua Glass y Limpet Shell realzan las faldas y tops de mezclilla con un toque sofisticado, demostrando que la tela vaquera puede transformar prendas tradicionales en dise\u00f1os vanguardistas.<\/p>\n<h3 class=\"\" data-start=\"4289\" data-end=\"4309\"><strong data-start=\"4293\" data-end=\"4307\">Conclusi\u00f3n<\/strong><\/h3>\n<p class=\"\" data-start=\"4310\" data-end=\"4625\">Estos cinco colores \u2014Amarillo Transparente, Caramelo Melocot\u00f3n, Crema Lima, Cristal Aguamarina y Concha Lapa\u2014 reflejan el esp\u00edritu de la primavera-verano 2025, ofreciendo infinitas posibilidades creativas. Ya sea que est\u00e9s renovando tu armario o creando dise\u00f1os a medida con tela vaquera, estos tonos inspiran innovaci\u00f3n y elegancia.<\/p>\n<h3 dir=\"auto\">Servicios de personalizaci\u00f3n de LYDENIM<\/h3>\n<p dir=\"auto\">\ud83c\udfa8 Quiero <strong>telas de mezclilla personalizadas<\/strong> o\u00a0 <strong>\u00fanico<\/strong> <strong>prenda de mezclilla personalizada<\/strong>?LYDENIM se especializa en soluciones a medida para satisfacer sus necesidades de dise\u00f1o y producci\u00f3n.<\/p>\n<p dir=\"auto\">\ud83d\udecd\ufe0f <strong>Explora e insp\u00edrate<\/strong>:Explore nuestra selecci\u00f3n de telas y descubra ideas de dise\u00f1o en <a href=\"https:\/\/lydenim.com\/es\/\" target=\"_blank\" rel=\"noopener noreferrer nofollow\">LYDenim<\/a>.<\/p>\n<p dir=\"auto\">\ud83c\udf10 <strong>Ropa el\u00e1stica<\/strong>:Consulta nuestras ofertas en <a href=\"http:\/\/liangyuantextile.m.en.alibaba.com\" target=\"_blank\" rel=\"noopener noreferrer nofollow\">Mi Alibaba<\/a>. \ud83d\udce9 <strong>Contacto<\/strong>:Comun\u00edquese con nosotros en <a href=\"mailto:malone@lydenim.com\" target=\"_blank\" rel=\"noopener noreferrer nofollow\">malone@lydenim.com<\/a>.<\/p>\n<p dir=\"auto\">Crea tu obra maestra en denim con LYDENIM, tu socio de confianza para <strong>tejido el\u00e1stico<\/strong> y <strong>soluciones de mezclilla personalizadas<\/strong>.<\/p>\n<p data-start=\"4657\" data-end=\"5128\"><img loading=\"lazy\" decoding=\"async\" class=\"aligncenter wp-image-4145\" src=\"https:\/\/lydenim.com\/wp-content\/uploads\/2025\/03\/IMG_5719.jpg\" alt=\"\" width=\"600\" height=\"600\" srcset=\"https:\/\/lydenim.com\/wp-content\/uploads\/2025\/03\/IMG_5719.jpg 2196w, https:\/\/lydenim.com\/wp-content\/uploads\/2025\/03\/IMG_5719-300x300.jpg 300w, https:\/\/lydenim.com\/wp-content\/uploads\/2025\/03\/IMG_5719-1024x1024.jpg 1024w, https:\/\/lydenim.com\/wp-content\/uploads\/2025\/03\/IMG_5719-150x150.jpg 150w, https:\/\/lydenim.com\/wp-content\/uploads\/2025\/03\/IMG_5719-768x768.jpg 768w, https:\/\/lydenim.com\/wp-content\/uploads\/2025\/03\/IMG_5719-1536x1536.jpg 1536w, https:\/\/lydenim.com\/wp-content\/uploads\/2025\/03\/IMG_5719-2048x2048.jpg 2048w, https:\/\/lydenim.com\/wp-content\/uploads\/2025\/03\/IMG_5719-12x12.jpg 12w, https:\/\/lydenim.com\/wp-content\/uploads\/2025\/03\/IMG_5719-600x600.jpg 600w\" sizes=\"auto, (max-width: 600px) 100vw, 600px\" \/><\/p>","protected":false},"excerpt":{"rendered":"<p>Tiempo estimado de lectura: ~3 minutos Introducci\u00f3n De cara a la vibrante primavera y verano de 2025, las tendencias de color redefinir\u00e1n el<\/p>","protected":false},"author":1,"featured_media":4790,"comment_status":"open","ping_status":"open","sticky":false,"template":"","format":"standard","meta":{"two_page_speed":[],"footnotes":""},"categories":[66],"tags":[],"class_list":["post-4785","post","type-post","status-publish","format-standard","has-post-thumbnail","hentry","category-denim-knowledge"],"aioseo_notices":[],"_links":{"self":[{"href":"https:\/\/lydenim.com\/es\/wp-json\/wp\/v2\/posts\/4785","targetHints":{"allow":["GET"]}}],"collection":[{"href":"https:\/\/lydenim.com\/es\/wp-json\/wp\/v2\/posts"}],"about":[{"href":"https:\/\/lydenim.com\/es\/wp-json\/wp\/v2\/types\/post"}],"author":[{"embeddable":true,"href":"https:\/\/lydenim.com\/es\/wp-json\/wp\/v2\/users\/1"}],"replies":[{"embeddable":true,"href":"https:\/\/lydenim.com\/es\/wp-json\/wp\/v2\/comments?post=4785"}],"version-history":[{"count":4,"href":"https:\/\/lydenim.com\/es\/wp-json\/wp\/v2\/posts\/4785\/revisions"}],"predecessor-version":[{"id":6269,"href":"https:\/\/lydenim.com\/es\/wp-json\/wp\/v2\/posts\/4785\/revisions\/6269"}],"wp:featuredmedia":[{"embeddable":true,"href":"https:\/\/lydenim.com\/es\/wp-json\/wp\/v2\/media\/4790"}],"wp:attachment":[{"href":"https:\/\/lydenim.com\/es\/wp-json\/wp\/v2\/media?parent=4785"}],"wp:term":[{"taxonomy":"category","embeddable":true,"href":"https:\/\/lydenim.com\/es\/wp-json\/wp\/v2\/categories?post=4785"},{"taxonomy":"post_tag","embeddable":true,"href":"https:\/\/lydenim.com\/es\/wp-json\/wp\/v2\/tags?post=4785"}],"curies":[{"name":"wp","href":"https:\/\/api.w.org\/{rel}","templated":true}]}}