{"id":4819,"date":"2025-04-25T10:30:51","date_gmt":"2025-04-25T02:30:51","guid":{"rendered":"https:\/\/lydenim.com\/?p=4819"},"modified":"2025-08-24T12:46:14","modified_gmt":"2025-08-24T04:46:14","slug":"soft-denim-vs-stiff-denim","status":"publish","type":"post","link":"https:\/\/lydenim.com\/es\/mezclilla-suave-vs-mezclilla-rigida\/","title":{"rendered":"Denim blando vs. r\u00edgido: \u00bfcu\u00e1l es el adecuado para usted?"},"content":{"rendered":"<h3 data-pm-slice=\"1 1 []\">Tiempo estimado de lectura: ~5 minutos<\/h3>\n<h3 style=\"text-align: left;\" data-pm-slice=\"1 1 []\">Introducci\u00f3n<\/h3>\n<p dir=\"ltr\">La elecci\u00f3n de la tela vaquera para vaqueros o proyectos textiles determina tanto la comodidad como la durabilidad, adem\u00e1s de factores de estilo. Esta gu\u00eda examina diferentes tipos de tela vaquera, sus caracter\u00edsticas espec\u00edficas y c\u00f3mo se adaptan a las necesidades de cada usuario.<\/p>\n<h3 dir=\"ltr\">100% Mezclilla de algod\u00f3n<\/h3>\n<p dir=\"ltr\">La tela vaquera de algod\u00f3n 100% mantiene su rigidez gracias a su densa estructura sin elementos el\u00e1sticos. Ofrece una excelente retenci\u00f3n de la forma, manteniendo su estructura intacta y evitando la formaci\u00f3n de bolsas, lo que la hace ideal para vaqueros y chaquetas. Mantiene la transpirabilidad y ofrece comodidad en la piel.<br \/>\n<strong>Inconveniente:<\/strong>La naturaleza r\u00edgida de este material crea restricciones durante los movimientos del cuerpo, incluso al sentarse o ponerse en cuclillas.<br \/>\n<img loading=\"lazy\" decoding=\"async\" class=\"aligncenter wp-image-4829\" src=\"https:\/\/lydenim.com\/wp-content\/uploads\/2025\/04\/100-Cotton-Denim.jpg\" alt=\"\" width=\"600\" height=\"703\" srcset=\"https:\/\/lydenim.com\/wp-content\/uploads\/2025\/04\/100-Cotton-Denim.jpg 1242w, https:\/\/lydenim.com\/wp-content\/uploads\/2025\/04\/100-Cotton-Denim-256x300.jpg 256w, https:\/\/lydenim.com\/wp-content\/uploads\/2025\/04\/100-Cotton-Denim-873x1024.jpg 873w, https:\/\/lydenim.com\/wp-content\/uploads\/2025\/04\/100-Cotton-Denim-768x900.jpg 768w, https:\/\/lydenim.com\/wp-content\/uploads\/2025\/04\/100-Cotton-Denim-10x12.jpg 10w, https:\/\/lydenim.com\/wp-content\/uploads\/2025\/04\/100-Cotton-Denim-600x703.jpg 600w, https:\/\/lydenim.com\/wp-content\/uploads\/2025\/04\/100-Cotton-Denim-150x176.jpg 150w\" sizes=\"auto, (max-width: 600px) 100vw, 600px\" \/><\/p>\n<h3 dir=\"ltr\">Mezclilla de algod\u00f3n y elastano<\/h3>\n<p dir=\"ltr\">La combinaci\u00f3n de algod\u00f3n y elastano da como resultado una tela vaquera que proporciona flexibilidad y suavidad. La tela vaquera el\u00e1stica se adapta a la forma del cuerpo en cintura, caderas y muslos para mayor comodidad.<br \/>\n<strong>Consejo<\/strong>:Elija telas de mezclilla de algod\u00f3n y elastano con un contenido de elastano limitado a 3% para lograr una mayor durabilidad contra el abultamiento.<img loading=\"lazy\" decoding=\"async\" class=\"aligncenter wp-image-4821\" src=\"https:\/\/lydenim.com\/wp-content\/uploads\/2025\/04\/Cotton-Spandex-Denim.jpg\" alt=\"\" width=\"600\" height=\"700\" srcset=\"https:\/\/lydenim.com\/wp-content\/uploads\/2025\/04\/Cotton-Spandex-Denim.jpg 1242w, https:\/\/lydenim.com\/wp-content\/uploads\/2025\/04\/Cotton-Spandex-Denim-257x300.jpg 257w, https:\/\/lydenim.com\/wp-content\/uploads\/2025\/04\/Cotton-Spandex-Denim-877x1024.jpg 877w, https:\/\/lydenim.com\/wp-content\/uploads\/2025\/04\/Cotton-Spandex-Denim-768x897.jpg 768w, https:\/\/lydenim.com\/wp-content\/uploads\/2025\/04\/Cotton-Spandex-Denim-10x12.jpg 10w, https:\/\/lydenim.com\/wp-content\/uploads\/2025\/04\/Cotton-Spandex-Denim-600x700.jpg 600w, https:\/\/lydenim.com\/wp-content\/uploads\/2025\/04\/Cotton-Spandex-Denim-150x175.jpg 150w\" sizes=\"auto, (max-width: 600px) 100vw, 600px\" \/><\/p>\n<h3 dir=\"ltr\">Mezclilla de algod\u00f3n y poli\u00e9ster (25% poli\u00e9ster, 5% elastano)<\/h3>\n<p dir=\"ltr\">La mezclilla de algod\u00f3n y poli\u00e9ster es una mezcla de telas que ofrece elasticidad, funcionalidad y durabilidad. Este tipo de tela contiene poli\u00e9ster 25% y elastano 5%, lo que proporciona mayor resistencia al abultamiento que el elastano de algod\u00f3n puro y conserva intacta su flexibilidad.<br \/>\n<strong>Compensaci\u00f3n<\/strong>:La tela muestra una transpirabilidad y suavidad reducidas en comparaci\u00f3n con el denim de algod\u00f3n 100%. <img loading=\"lazy\" decoding=\"async\" class=\"aligncenter wp-image-4822\" src=\"https:\/\/lydenim.com\/wp-content\/uploads\/2025\/04\/Cotton-Polyester-25-Polyester-5-Spandex.jpg\" alt=\"\" width=\"600\" height=\"695\" srcset=\"https:\/\/lydenim.com\/wp-content\/uploads\/2025\/04\/Cotton-Polyester-25-Polyester-5-Spandex.jpg 1242w, https:\/\/lydenim.com\/wp-content\/uploads\/2025\/04\/Cotton-Polyester-25-Polyester-5-Spandex-259x300.jpg 259w, https:\/\/lydenim.com\/wp-content\/uploads\/2025\/04\/Cotton-Polyester-25-Polyester-5-Spandex-884x1024.jpg 884w, https:\/\/lydenim.com\/wp-content\/uploads\/2025\/04\/Cotton-Polyester-25-Polyester-5-Spandex-768x890.jpg 768w, https:\/\/lydenim.com\/wp-content\/uploads\/2025\/04\/Cotton-Polyester-25-Polyester-5-Spandex-10x12.jpg 10w, https:\/\/lydenim.com\/wp-content\/uploads\/2025\/04\/Cotton-Polyester-25-Polyester-5-Spandex-600x695.jpg 600w, https:\/\/lydenim.com\/wp-content\/uploads\/2025\/04\/Cotton-Polyester-25-Polyester-5-Spandex-150x174.jpg 150w\" sizes=\"auto, (max-width: 600px) 100vw, 600px\" \/><\/p>\n<h3 dir=\"ltr\">Denim de doble n\u00facleo (menos de 10% poli\u00e9ster, 5% elastano)<\/h3>\n<p dir=\"ltr\">El denim de doble n\u00facleo destaca entre las telas contempor\u00e1neas porque incorpora poli\u00e9ster (menos de 101 TP3T) y elastano (aproximadamente 51 TP3T) en hilo de algod\u00f3n. Esta tela proporciona una excelente comodidad para la piel, a la vez que prolonga su vida \u00fatil y evita la formaci\u00f3n de bolsas gracias a la combinaci\u00f3n de las propiedades del algod\u00f3n con elasticidad y durabilidad.<br \/>\n<img loading=\"lazy\" decoding=\"async\" class=\"aligncenter wp-image-4824\" src=\"https:\/\/lydenim.com\/wp-content\/uploads\/2025\/04\/Double-Core-Denim-Less-than-10-Polyester-5-Spandex.jpg\" alt=\"\" width=\"600\" height=\"700\" srcset=\"https:\/\/lydenim.com\/wp-content\/uploads\/2025\/04\/Double-Core-Denim-Less-than-10-Polyester-5-Spandex.jpg 1242w, https:\/\/lydenim.com\/wp-content\/uploads\/2025\/04\/Double-Core-Denim-Less-than-10-Polyester-5-Spandex-257x300.jpg 257w, https:\/\/lydenim.com\/wp-content\/uploads\/2025\/04\/Double-Core-Denim-Less-than-10-Polyester-5-Spandex-878x1024.jpg 878w, https:\/\/lydenim.com\/wp-content\/uploads\/2025\/04\/Double-Core-Denim-Less-than-10-Polyester-5-Spandex-768x896.jpg 768w, https:\/\/lydenim.com\/wp-content\/uploads\/2025\/04\/Double-Core-Denim-Less-than-10-Polyester-5-Spandex-10x12.jpg 10w, https:\/\/lydenim.com\/wp-content\/uploads\/2025\/04\/Double-Core-Denim-Less-than-10-Polyester-5-Spandex-600x700.jpg 600w, https:\/\/lydenim.com\/wp-content\/uploads\/2025\/04\/Double-Core-Denim-Less-than-10-Polyester-5-Spandex-150x175.jpg 150w\" sizes=\"auto, (max-width: 600px) 100vw, 600px\" \/><\/p>\n<h3 dir=\"ltr\">Tencel o Modal Denim<\/h3>\n<p dir=\"ltr\">La lujosa combinaci\u00f3n de telas de mezclilla Tencel y mezclilla Modal ofrece una suavidad excepcional al tacto. Estas telas producen texturas suaves y fluidas con efectos refrescantes naturales, pero no conservan la estructura de la mezclilla de algod\u00f3n. Estas telas funcionan mejor con jeans casuales de pierna ancha y vestidos fluidos.<br \/>\n<img loading=\"lazy\" decoding=\"async\" class=\"aligncenter wp-image-4827\" src=\"https:\/\/lydenim.com\/wp-content\/uploads\/2025\/04\/Tencel-or-Modal-Denim.jpg\" alt=\"\" width=\"600\" height=\"686\" srcset=\"https:\/\/lydenim.com\/wp-content\/uploads\/2025\/04\/Tencel-or-Modal-Denim.jpg 1242w, https:\/\/lydenim.com\/wp-content\/uploads\/2025\/04\/Tencel-or-Modal-Denim-262x300.jpg 262w, https:\/\/lydenim.com\/wp-content\/uploads\/2025\/04\/Tencel-or-Modal-Denim-896x1024.jpg 896w, https:\/\/lydenim.com\/wp-content\/uploads\/2025\/04\/Tencel-or-Modal-Denim-768x878.jpg 768w, https:\/\/lydenim.com\/wp-content\/uploads\/2025\/04\/Tencel-or-Modal-Denim-10x12.jpg 10w, https:\/\/lydenim.com\/wp-content\/uploads\/2025\/04\/Tencel-or-Modal-Denim-600x686.jpg 600w, https:\/\/lydenim.com\/wp-content\/uploads\/2025\/04\/Tencel-or-Modal-Denim-150x171.jpg 150w\" sizes=\"auto, (max-width: 600px) 100vw, 600px\" \/><\/p>\n<h3 dir=\"ltr\">Denim de acetato, seda o lana<\/h3>\n<p dir=\"ltr\">La tela vaquera, hecha de acetato y mezclas de seda y lana, ofrece suavidad y brillo superiores, adem\u00e1s de resistencia a las arrugas y una comodidad excepcional. Los materiales de primera calidad de estas opciones de alta gama transforman la tela vaquera en prendas sofisticadas, ideales para creaciones personalizadas.<br \/>\n<img loading=\"lazy\" decoding=\"async\" class=\"aligncenter wp-image-4820\" src=\"https:\/\/lydenim.com\/wp-content\/uploads\/2025\/04\/Acetate-Silk-or-Wool-Denim.jpg\" alt=\"\" width=\"600\" height=\"700\" srcset=\"https:\/\/lydenim.com\/wp-content\/uploads\/2025\/04\/Acetate-Silk-or-Wool-Denim.jpg 1242w, https:\/\/lydenim.com\/wp-content\/uploads\/2025\/04\/Acetate-Silk-or-Wool-Denim-257x300.jpg 257w, https:\/\/lydenim.com\/wp-content\/uploads\/2025\/04\/Acetate-Silk-or-Wool-Denim-878x1024.jpg 878w, https:\/\/lydenim.com\/wp-content\/uploads\/2025\/04\/Acetate-Silk-or-Wool-Denim-768x896.jpg 768w, https:\/\/lydenim.com\/wp-content\/uploads\/2025\/04\/Acetate-Silk-or-Wool-Denim-10x12.jpg 10w, https:\/\/lydenim.com\/wp-content\/uploads\/2025\/04\/Acetate-Silk-or-Wool-Denim-600x700.jpg 600w, https:\/\/lydenim.com\/wp-content\/uploads\/2025\/04\/Acetate-Silk-or-Wool-Denim-150x175.jpg 150w\" sizes=\"auto, (max-width: 600px) 100vw, 600px\" \/><\/p>\n<h3 dir=\"ltr\">Mezclilla de punto<\/h3>\n<p dir=\"ltr\">La comodidad de la tela vaquera de punto supera a la de otras opciones. Ofrece una suavidad excepcional, pero pierde estructura en comparaci\u00f3n con la tela vaquera tejida, por lo que se recomienda evitar prendas ajustadas para evitar da\u00f1os.<br \/>\n<img loading=\"lazy\" decoding=\"async\" class=\"aligncenter wp-image-4826\" src=\"https:\/\/lydenim.com\/wp-content\/uploads\/2025\/04\/Knit-Denim.jpg\" alt=\"\" width=\"600\" height=\"697\" srcset=\"https:\/\/lydenim.com\/wp-content\/uploads\/2025\/04\/Knit-Denim.jpg 1242w, https:\/\/lydenim.com\/wp-content\/uploads\/2025\/04\/Knit-Denim-258x300.jpg 258w, https:\/\/lydenim.com\/wp-content\/uploads\/2025\/04\/Knit-Denim-881x1024.jpg 881w, https:\/\/lydenim.com\/wp-content\/uploads\/2025\/04\/Knit-Denim-768x892.jpg 768w, https:\/\/lydenim.com\/wp-content\/uploads\/2025\/04\/Knit-Denim-10x12.jpg 10w, https:\/\/lydenim.com\/wp-content\/uploads\/2025\/04\/Knit-Denim-600x697.jpg 600w, https:\/\/lydenim.com\/wp-content\/uploads\/2025\/04\/Knit-Denim-150x174.jpg 150w\" sizes=\"auto, (max-width: 600px) 100vw, 600px\" \/><\/p>\n<h3 dir=\"ltr\">Alto contenido sint\u00e9tico (m\u00e1s de 50%)<\/h3>\n<p dir=\"ltr\">No se recomienda el uso de telas de mezclilla con componentes sint\u00e9ticos superiores a 50%. Los jeans de mezclilla de calidad se ven afectados por una menor comodidad y transpirabilidad al usar fibras qu\u00edmicas en la capa de trama que est\u00e1 en contacto con la piel.<br \/>\n<img loading=\"lazy\" decoding=\"async\" class=\"aligncenter wp-image-4825\" src=\"https:\/\/lydenim.com\/wp-content\/uploads\/2025\/04\/High-Synthetic-x-Content-Over-50.jpg\" alt=\"\" width=\"600\" height=\"698\" srcset=\"https:\/\/lydenim.com\/wp-content\/uploads\/2025\/04\/High-Synthetic-x-Content-Over-50.jpg 1242w, https:\/\/lydenim.com\/wp-content\/uploads\/2025\/04\/High-Synthetic-x-Content-Over-50-258x300.jpg 258w, https:\/\/lydenim.com\/wp-content\/uploads\/2025\/04\/High-Synthetic-x-Content-Over-50-881x1024.jpg 881w, https:\/\/lydenim.com\/wp-content\/uploads\/2025\/04\/High-Synthetic-x-Content-Over-50-768x893.jpg 768w, https:\/\/lydenim.com\/wp-content\/uploads\/2025\/04\/High-Synthetic-x-Content-Over-50-10x12.jpg 10w, https:\/\/lydenim.com\/wp-content\/uploads\/2025\/04\/High-Synthetic-x-Content-Over-50-600x698.jpg 600w, https:\/\/lydenim.com\/wp-content\/uploads\/2025\/04\/High-Synthetic-x-Content-Over-50-150x174.jpg 150w\" sizes=\"auto, (max-width: 600px) 100vw, 600px\" \/><\/p>\n<h2 dir=\"ltr\">Conclusi\u00f3n<\/h2>\n<p dir=\"ltr\">La selecci\u00f3n adecuada de tela vaquera depende de tus necesidades, ya que puedes priorizar la durabilidad, la comodidad o la est\u00e9tica. Elige entre los tipos de tela vaquera disponibles para encontrar la tela perfecta para tus necesidades.<br \/>\n<img loading=\"lazy\" decoding=\"async\" class=\"aligncenter wp-image-4828\" src=\"https:\/\/lydenim.com\/wp-content\/uploads\/2025\/04\/Denim-Fabric-Guide.jpeg\" alt=\"\" width=\"600\" height=\"637\" srcset=\"https:\/\/lydenim.com\/wp-content\/uploads\/2025\/04\/Denim-Fabric-Guide.jpeg 1342w, https:\/\/lydenim.com\/wp-content\/uploads\/2025\/04\/Denim-Fabric-Guide-283x300.jpeg 283w, https:\/\/lydenim.com\/wp-content\/uploads\/2025\/04\/Denim-Fabric-Guide-965x1024.jpeg 965w, https:\/\/lydenim.com\/wp-content\/uploads\/2025\/04\/Denim-Fabric-Guide-768x815.jpeg 768w, https:\/\/lydenim.com\/wp-content\/uploads\/2025\/04\/Denim-Fabric-Guide-11x12.jpeg 11w, https:\/\/lydenim.com\/wp-content\/uploads\/2025\/04\/Denim-Fabric-Guide-600x637.jpeg 600w, https:\/\/lydenim.com\/wp-content\/uploads\/2025\/04\/Denim-Fabric-Guide-150x159.jpeg 150w\" sizes=\"auto, (max-width: 600px) 100vw, 600px\" \/><\/p>\n<h3 dir=\"auto\">Servicios de personalizaci\u00f3n de LYDENIM<\/h3>\n<p dir=\"auto\">\ud83c\udfa8 Quiero <strong>telas de mezclilla personalizadas<\/strong> o\u00a0 <strong>\u00fanico<\/strong> <strong>prenda de mezclilla personalizada<\/strong>?LYDENIM se especializa en soluciones a medida para satisfacer sus necesidades de dise\u00f1o y producci\u00f3n.<\/p>\n<p dir=\"auto\">\ud83d\udecd\ufe0f <strong>Explora e insp\u00edrate<\/strong>:Explore nuestra selecci\u00f3n de telas y descubra ideas de dise\u00f1o en <a href=\"https:\/\/lydenim.com\/es\/\" target=\"_blank\" rel=\"noopener noreferrer nofollow\">LYDenim<\/a>.<\/p>\n<p dir=\"auto\">\ud83c\udf10 <strong>Ropa el\u00e1stica<\/strong>:Consulta nuestras ofertas en <a href=\"http:\/\/liangyuantextile.m.en.alibaba.com\" target=\"_blank\" rel=\"noopener noreferrer nofollow\">Mi Alibaba<\/a>. \ud83d\udce9 <strong>Contacto<\/strong>:Comun\u00edquese con nosotros en <a href=\"mailto:malone@lydenim.com\" target=\"_blank\" rel=\"noopener noreferrer nofollow\">malone@lydenim.com<\/a>.<\/p>\n<p dir=\"auto\">Crea tu obra maestra en denim con LYDENIM, tu socio de confianza para <strong>tejido el\u00e1stico<\/strong> y <strong>soluciones de mezclilla personalizadas<\/strong>.<\/p>","protected":false},"excerpt":{"rendered":"<p>Tiempo estimado de lectura: ~5 minutos Introducci\u00f3n La elecci\u00f3n de la tela de mezclilla para jeans o proyectos de tela determina tanto los niveles de comodidad<\/p>","protected":false},"author":1,"featured_media":4823,"comment_status":"open","ping_status":"open","sticky":false,"template":"","format":"standard","meta":{"two_page_speed":[],"footnotes":""},"categories":[66],"tags":[],"class_list":["post-4819","post","type-post","status-publish","format-standard","has-post-thumbnail","hentry","category-denim-knowledge"],"aioseo_notices":[],"_links":{"self":[{"href":"https:\/\/lydenim.com\/es\/wp-json\/wp\/v2\/posts\/4819","targetHints":{"allow":["GET"]}}],"collection":[{"href":"https:\/\/lydenim.com\/es\/wp-json\/wp\/v2\/posts"}],"about":[{"href":"https:\/\/lydenim.com\/es\/wp-json\/wp\/v2\/types\/post"}],"author":[{"embeddable":true,"href":"https:\/\/lydenim.com\/es\/wp-json\/wp\/v2\/users\/1"}],"replies":[{"embeddable":true,"href":"https:\/\/lydenim.com\/es\/wp-json\/wp\/v2\/comments?post=4819"}],"version-history":[{"count":5,"href":"https:\/\/lydenim.com\/es\/wp-json\/wp\/v2\/posts\/4819\/revisions"}],"predecessor-version":[{"id":6276,"href":"https:\/\/lydenim.com\/es\/wp-json\/wp\/v2\/posts\/4819\/revisions\/6276"}],"wp:featuredmedia":[{"embeddable":true,"href":"https:\/\/lydenim.com\/es\/wp-json\/wp\/v2\/media\/4823"}],"wp:attachment":[{"href":"https:\/\/lydenim.com\/es\/wp-json\/wp\/v2\/media?parent=4819"}],"wp:term":[{"taxonomy":"category","embeddable":true,"href":"https:\/\/lydenim.com\/es\/wp-json\/wp\/v2\/categories?post=4819"},{"taxonomy":"post_tag","embeddable":true,"href":"https:\/\/lydenim.com\/es\/wp-json\/wp\/v2\/tags?post=4819"}],"curies":[{"name":"wp","href":"https:\/\/api.w.org\/{rel}","templated":true}]}}