{"id":4833,"date":"2025-04-24T11:55:44","date_gmt":"2025-04-24T03:55:44","guid":{"rendered":"https:\/\/lydenim.com\/?p=4833"},"modified":"2025-08-24T12:43:02","modified_gmt":"2025-08-24T04:43:02","slug":"denim-fabric-trends","status":"publish","type":"post","link":"https:\/\/lydenim.com\/es\/tendencias-en-tela-vaquera\/","title":{"rendered":"Tendencias en tejidos de mezclilla"},"content":{"rendered":"<h3 data-pm-slice=\"1 1 []\">Tiempo estimado de lectura: ~3 minutos<\/h3>\n<h3 style=\"text-align: left;\" data-pm-slice=\"1 1 []\">Introducci\u00f3n<\/h3>\n<p dir=\"ltr\">La tela vaquera sigue siendo una opci\u00f3n atemporal en la moda. Desde texturas atrevidas hasta acabados futuristas, estas t\u00e9cnicas de tela vaquera, basadas en el conocimiento de la industria, ofrecen a los dise\u00f1adores una nueva inspiraci\u00f3n. <a href=\"https:\/\/lydenim.com\/es\/\">Lydenim.com.<\/a><\/p>\n<h3 dir=\"ltr\">1. <a href=\"https:\/\/www.google.com\/search?q=Three-Dimensional+Texture&amp;oq=Three-Dimensional+Texture&amp;aqs=chrome..69i57j46i3i143i308i362j0i3i66i143i308i362j46i3i143i308i362j0i3i66i143i308i362l3j69i59i450l2.296j0j15&amp;sourceid=chrome&amp;ie=UTF-8\">Textura tridimensional<\/a><\/h3>\n<p dir=\"ltr\">A\u00f1ade profundidad con pliegues c\u00f3ncavos y convexos, creando una textura de mezclilla agradable al tacto. Perfecta para vestidos, trajes y pantalones, esta tendencia combina un estilo vanguardista con siluetas cl\u00e1sicas. Nuestra tela de mezclilla el\u00e1stica realza este efecto, ofreciendo flexibilidad para dise\u00f1os impactantes.<img loading=\"lazy\" decoding=\"async\" class=\"aligncenter wp-image-4840\" src=\"https:\/\/lydenim.com\/wp-content\/uploads\/2025\/04\/Three-Dimensional-Texture.jpg\" alt=\"\" width=\"600\" height=\"800\" srcset=\"https:\/\/lydenim.com\/wp-content\/uploads\/2025\/04\/Three-Dimensional-Texture.jpg 900w, https:\/\/lydenim.com\/wp-content\/uploads\/2025\/04\/Three-Dimensional-Texture-225x300.jpg 225w, https:\/\/lydenim.com\/wp-content\/uploads\/2025\/04\/Three-Dimensional-Texture-768x1024.jpg 768w, https:\/\/lydenim.com\/wp-content\/uploads\/2025\/04\/Three-Dimensional-Texture-9x12.jpg 9w, https:\/\/lydenim.com\/wp-content\/uploads\/2025\/04\/Three-Dimensional-Texture-600x800.jpg 600w, https:\/\/lydenim.com\/wp-content\/uploads\/2025\/04\/Three-Dimensional-Texture-150x200.jpg 150w\" sizes=\"auto, (max-width: 600px) 100vw, 600px\" \/><\/p>\n<h3 dir=\"ltr\">2. Angustiado y deshilachado<\/h3>\n<p dir=\"ltr\">Consigue un look vintage y desgastado con tela vaquera desgastada. Ideal para chaquetas, pantalones y conjuntos, esta t\u00e9cnica combina con diversos lavados para evocar un aire punk futurista. La resistente tela vaquera de Lydenim.com garantiza una calidad duradera.<img loading=\"lazy\" decoding=\"async\" class=\"aligncenter wp-image-4835\" src=\"https:\/\/lydenim.com\/wp-content\/uploads\/2025\/04\/Distressed-and-Frayed.jpg\" alt=\"\" width=\"600\" height=\"800\" srcset=\"https:\/\/lydenim.com\/wp-content\/uploads\/2025\/04\/Distressed-and-Frayed.jpg 900w, https:\/\/lydenim.com\/wp-content\/uploads\/2025\/04\/Distressed-and-Frayed-225x300.jpg 225w, https:\/\/lydenim.com\/wp-content\/uploads\/2025\/04\/Distressed-and-Frayed-768x1024.jpg 768w, https:\/\/lydenim.com\/wp-content\/uploads\/2025\/04\/Distressed-and-Frayed-9x12.jpg 9w, https:\/\/lydenim.com\/wp-content\/uploads\/2025\/04\/Distressed-and-Frayed-600x800.jpg 600w, https:\/\/lydenim.com\/wp-content\/uploads\/2025\/04\/Distressed-and-Frayed-150x200.jpg 150w\" sizes=\"auto, (max-width: 600px) 100vw, 600px\" \/><\/p>\n<h3 dir=\"ltr\">3. Tie-Dye degradado<\/h3>\n<p dir=\"ltr\">Elaborada con algod\u00f3n natural, esta tela vaquera tie-dye deste\u00f1ida aporta un toque art\u00edstico a pantalones, chaquetas y camisas. Ideal para estilos urbanos y vanguardistas, nuestra tela vaquera ofrece resultados vibrantes y duraderos.<img loading=\"lazy\" decoding=\"async\" class=\"aligncenter wp-image-4838\" src=\"https:\/\/lydenim.com\/wp-content\/uploads\/2025\/04\/Gradient-Tie-Dye.jpg\" alt=\"\" width=\"600\" height=\"800\" srcset=\"https:\/\/lydenim.com\/wp-content\/uploads\/2025\/04\/Gradient-Tie-Dye.jpg 900w, https:\/\/lydenim.com\/wp-content\/uploads\/2025\/04\/Gradient-Tie-Dye-225x300.jpg 225w, https:\/\/lydenim.com\/wp-content\/uploads\/2025\/04\/Gradient-Tie-Dye-768x1024.jpg 768w, https:\/\/lydenim.com\/wp-content\/uploads\/2025\/04\/Gradient-Tie-Dye-9x12.jpg 9w, https:\/\/lydenim.com\/wp-content\/uploads\/2025\/04\/Gradient-Tie-Dye-600x800.jpg 600w, https:\/\/lydenim.com\/wp-content\/uploads\/2025\/04\/Gradient-Tie-Dye-150x200.jpg 150w\" sizes=\"auto, (max-width: 600px) 100vw, 600px\" \/><\/p>\n<h3 dir=\"ltr\">4. Recubrimiento met\u00e1lico<\/h3>\n<p dir=\"ltr\">Adopta una est\u00e9tica futurista con tela vaquera metalizada. Este acabado de inspiraci\u00f3n tecnol\u00f3gica brilla en faldas y chaquetas, perfecto para dise\u00f1os digitales. Explora nuestras telas vaqueras revestidas para lograr un estilo llamativo.<img loading=\"lazy\" decoding=\"async\" class=\"aligncenter wp-image-4839\" src=\"https:\/\/lydenim.com\/wp-content\/uploads\/2025\/04\/Metallic-Coating.jpg\" alt=\"\" width=\"600\" height=\"800\" srcset=\"https:\/\/lydenim.com\/wp-content\/uploads\/2025\/04\/Metallic-Coating.jpg 900w, https:\/\/lydenim.com\/wp-content\/uploads\/2025\/04\/Metallic-Coating-225x300.jpg 225w, https:\/\/lydenim.com\/wp-content\/uploads\/2025\/04\/Metallic-Coating-768x1024.jpg 768w, https:\/\/lydenim.com\/wp-content\/uploads\/2025\/04\/Metallic-Coating-9x12.jpg 9w, https:\/\/lydenim.com\/wp-content\/uploads\/2025\/04\/Metallic-Coating-600x800.jpg 600w, https:\/\/lydenim.com\/wp-content\/uploads\/2025\/04\/Metallic-Coating-150x200.jpg 150w\" sizes=\"auto, (max-width: 600px) 100vw, 600px\" \/><\/p>\n<h3 dir=\"ltr\">5. <a href=\"https:\/\/lydenim.com\/es\/?s=Jacquard&amp;post_type=product\">Jacquard<\/a> Tejer<\/h3>\n<p dir=\"ltr\">Los patrones intrincados definen la tela de mezclilla jacquard, ideal para faldas, pantalones y chaquetas inspiradas en Chanel.<img loading=\"lazy\" decoding=\"async\" class=\"aligncenter wp-image-4834\" src=\"https:\/\/lydenim.com\/wp-content\/uploads\/2025\/04\/Jacquard-Weave.jpg\" alt=\"\" width=\"600\" height=\"800\" srcset=\"https:\/\/lydenim.com\/wp-content\/uploads\/2025\/04\/Jacquard-Weave.jpg 900w, https:\/\/lydenim.com\/wp-content\/uploads\/2025\/04\/Jacquard-Weave-225x300.jpg 225w, https:\/\/lydenim.com\/wp-content\/uploads\/2025\/04\/Jacquard-Weave-768x1024.jpg 768w, https:\/\/lydenim.com\/wp-content\/uploads\/2025\/04\/Jacquard-Weave-9x12.jpg 9w, https:\/\/lydenim.com\/wp-content\/uploads\/2025\/04\/Jacquard-Weave-600x800.jpg 600w, https:\/\/lydenim.com\/wp-content\/uploads\/2025\/04\/Jacquard-Weave-150x200.jpg 150w\" sizes=\"auto, (max-width: 600px) 100vw, 600px\" \/><\/p>\n<h3 dir=\"ltr\">6. Recorte de flequillo<\/h3>\n<p dir=\"ltr\">A\u00f1ade un toque divertido con la tela vaquera con flecos. Este acabado desgastado con flecos combina con pantalones y chaquetas, realzando estilos urbanos y deconstruidos. Personal\u00edzalo con nuestras opciones a medida.<img loading=\"lazy\" decoding=\"async\" class=\"aligncenter wp-image-4837\" src=\"https:\/\/lydenim.com\/wp-content\/uploads\/2025\/04\/Fringe-Trimming.jpg\" alt=\"\" width=\"600\" height=\"800\" srcset=\"https:\/\/lydenim.com\/wp-content\/uploads\/2025\/04\/Fringe-Trimming.jpg 900w, https:\/\/lydenim.com\/wp-content\/uploads\/2025\/04\/Fringe-Trimming-225x300.jpg 225w, https:\/\/lydenim.com\/wp-content\/uploads\/2025\/04\/Fringe-Trimming-768x1024.jpg 768w, https:\/\/lydenim.com\/wp-content\/uploads\/2025\/04\/Fringe-Trimming-9x12.jpg 9w, https:\/\/lydenim.com\/wp-content\/uploads\/2025\/04\/Fringe-Trimming-600x800.jpg 600w, https:\/\/lydenim.com\/wp-content\/uploads\/2025\/04\/Fringe-Trimming-150x200.jpg 150w\" sizes=\"auto, (max-width: 600px) 100vw, 600px\" \/><\/p>\n<h3 dir=\"auto\">Servicios de personalizaci\u00f3n de LYDENIM<\/h3>\n<p dir=\"auto\">\ud83c\udfa8 Quiero <strong>telas de mezclilla personalizadas<\/strong> o\u00a0 <strong>\u00fanico<\/strong> <strong>prenda de mezclilla personalizada<\/strong>?LYDENIM se especializa en soluciones a medida para satisfacer sus necesidades de dise\u00f1o y producci\u00f3n.<\/p>\n<p dir=\"auto\">\ud83d\udecd\ufe0f <strong>Explora e insp\u00edrate<\/strong>:Explore nuestra selecci\u00f3n de telas y descubra ideas de dise\u00f1o en <a href=\"https:\/\/lydenim.com\/es\/\" target=\"_blank\" rel=\"noopener noreferrer nofollow\">LYDenim<\/a>.<\/p>\n<p dir=\"auto\">\ud83c\udf10 <strong>Ropa el\u00e1stica<\/strong>:Consulta nuestras ofertas en <a href=\"http:\/\/liangyuantextile.m.en.alibaba.com\" target=\"_blank\" rel=\"noopener noreferrer nofollow\">Mi Alibaba<\/a>. \ud83d\udce9 <strong>Contacto<\/strong>:Comun\u00edquese con nosotros en <a href=\"mailto:malone@lydenim.com\" target=\"_blank\" rel=\"noopener noreferrer nofollow\">malone@lydenim.com<\/a>.<\/p>\n<p dir=\"auto\">Crea tu obra maestra en denim con LYDENIM, tu socio de confianza para <strong>tejido el\u00e1stico<\/strong> y <strong>soluciones de mezclilla personalizadas<\/strong>.<\/p>\n<p dir=\"ltr\">\n<img loading=\"lazy\" decoding=\"async\" class=\"aligncenter wp-image-4844\" src=\"https:\/\/lydenim.com\/wp-content\/uploads\/2025\/04\/IMG_5001.jpg\" alt=\"\" width=\"600\" height=\"800\" srcset=\"https:\/\/lydenim.com\/wp-content\/uploads\/2025\/04\/IMG_5001.jpg 900w, https:\/\/lydenim.com\/wp-content\/uploads\/2025\/04\/IMG_5001-225x300.jpg 225w, https:\/\/lydenim.com\/wp-content\/uploads\/2025\/04\/IMG_5001-768x1024.jpg 768w, https:\/\/lydenim.com\/wp-content\/uploads\/2025\/04\/IMG_5001-9x12.jpg 9w, https:\/\/lydenim.com\/wp-content\/uploads\/2025\/04\/IMG_5001-600x800.jpg 600w, https:\/\/lydenim.com\/wp-content\/uploads\/2025\/04\/IMG_5001-150x200.jpg 150w\" sizes=\"auto, (max-width: 600px) 100vw, 600px\" \/> <img loading=\"lazy\" decoding=\"async\" class=\"aligncenter wp-image-4843\" src=\"https:\/\/lydenim.com\/wp-content\/uploads\/2025\/04\/IMG_4999.jpg\" alt=\"\" width=\"600\" height=\"800\" srcset=\"https:\/\/lydenim.com\/wp-content\/uploads\/2025\/04\/IMG_4999.jpg 900w, https:\/\/lydenim.com\/wp-content\/uploads\/2025\/04\/IMG_4999-225x300.jpg 225w, https:\/\/lydenim.com\/wp-content\/uploads\/2025\/04\/IMG_4999-768x1024.jpg 768w, https:\/\/lydenim.com\/wp-content\/uploads\/2025\/04\/IMG_4999-9x12.jpg 9w, https:\/\/lydenim.com\/wp-content\/uploads\/2025\/04\/IMG_4999-600x800.jpg 600w, https:\/\/lydenim.com\/wp-content\/uploads\/2025\/04\/IMG_4999-150x200.jpg 150w\" sizes=\"auto, (max-width: 600px) 100vw, 600px\" \/> <img loading=\"lazy\" decoding=\"async\" class=\"aligncenter wp-image-4842\" src=\"https:\/\/lydenim.com\/wp-content\/uploads\/2025\/04\/IMG_4998.jpg\" alt=\"\" width=\"600\" height=\"800\" srcset=\"https:\/\/lydenim.com\/wp-content\/uploads\/2025\/04\/IMG_4998.jpg 900w, https:\/\/lydenim.com\/wp-content\/uploads\/2025\/04\/IMG_4998-225x300.jpg 225w, https:\/\/lydenim.com\/wp-content\/uploads\/2025\/04\/IMG_4998-768x1024.jpg 768w, https:\/\/lydenim.com\/wp-content\/uploads\/2025\/04\/IMG_4998-9x12.jpg 9w, https:\/\/lydenim.com\/wp-content\/uploads\/2025\/04\/IMG_4998-600x800.jpg 600w, https:\/\/lydenim.com\/wp-content\/uploads\/2025\/04\/IMG_4998-150x200.jpg 150w\" sizes=\"auto, (max-width: 600px) 100vw, 600px\" \/><\/p>","protected":false},"excerpt":{"rendered":"<p>Tiempo estimado de lectura: ~3 minutos Introducci\u00f3n La tela vaquera sigue siendo una opci\u00f3n atemporal en la moda. Desde texturas atrevidas hasta acabados futuristas, estas...<\/p>","protected":false},"author":1,"featured_media":4836,"comment_status":"open","ping_status":"open","sticky":false,"template":"","format":"standard","meta":{"two_page_speed":[],"footnotes":""},"categories":[67],"tags":[],"class_list":["post-4833","post","type-post","status-publish","format-standard","has-post-thumbnail","hentry","category-market"],"aioseo_notices":[],"_links":{"self":[{"href":"https:\/\/lydenim.com\/es\/wp-json\/wp\/v2\/posts\/4833","targetHints":{"allow":["GET"]}}],"collection":[{"href":"https:\/\/lydenim.com\/es\/wp-json\/wp\/v2\/posts"}],"about":[{"href":"https:\/\/lydenim.com\/es\/wp-json\/wp\/v2\/types\/post"}],"author":[{"embeddable":true,"href":"https:\/\/lydenim.com\/es\/wp-json\/wp\/v2\/users\/1"}],"replies":[{"embeddable":true,"href":"https:\/\/lydenim.com\/es\/wp-json\/wp\/v2\/comments?post=4833"}],"version-history":[{"count":4,"href":"https:\/\/lydenim.com\/es\/wp-json\/wp\/v2\/posts\/4833\/revisions"}],"predecessor-version":[{"id":6275,"href":"https:\/\/lydenim.com\/es\/wp-json\/wp\/v2\/posts\/4833\/revisions\/6275"}],"wp:featuredmedia":[{"embeddable":true,"href":"https:\/\/lydenim.com\/es\/wp-json\/wp\/v2\/media\/4836"}],"wp:attachment":[{"href":"https:\/\/lydenim.com\/es\/wp-json\/wp\/v2\/media?parent=4833"}],"wp:term":[{"taxonomy":"category","embeddable":true,"href":"https:\/\/lydenim.com\/es\/wp-json\/wp\/v2\/categories?post=4833"},{"taxonomy":"post_tag","embeddable":true,"href":"https:\/\/lydenim.com\/es\/wp-json\/wp\/v2\/tags?post=4833"}],"curies":[{"name":"wp","href":"https:\/\/api.w.org\/{rel}","templated":true}]}}