{"id":5041,"date":"2025-05-07T12:21:44","date_gmt":"2025-05-07T04:21:44","guid":{"rendered":"https:\/\/lydenim.com\/?p=5041"},"modified":"2025-08-24T13:05:11","modified_gmt":"2025-08-24T05:05:11","slug":"custom-denim-fabric-suppliers","status":"publish","type":"post","link":"https:\/\/lydenim.com\/es\/proveedores-de-tela-vaquera-personalizada\/","title":{"rendered":"Proveedores de telas de mezclilla personalizadas"},"content":{"rendered":"<h2 data-pm-slice=\"1 1 []\">Tiempo estimado de lectura: ~3 minutos<\/h2>\n<h2 style=\"text-align: left;\" data-pm-slice=\"1 1 []\">Introducci\u00f3n<\/h2>\n<p>Obtener tela vaquera de alta calidad, sostenible y personalizable tiene tanto que ver con la marca como con su fabricaci\u00f3n. Como empresa de personalizaci\u00f3n de primer nivel <a href=\"https:\/\/www.google.com\/search?q=lydenim&amp;oq=lydenim&amp;gs_lcrp=EgZjaHJvbWUyBggAEEUYOTIKCAEQABiABBiiBDIHCAIQABjvBTIKCAMQABiABBiiBDIHCAQQABjvBTIKCAUQABiiBBiJBTIGCAYQRRg80gEJMjEyNWowajE1qAIIsAIB&amp;sourceid=chrome&amp;ie=UTF-8\">tela de mezclilla<\/a> Lydenim, fabricante y proveedor de telas vaqueras, ofrece una amplia y excelente gama de telas vaqueras de alta calidad para satisfacer diversas necesidades de dise\u00f1o y hogar. La artesan\u00eda, la innovaci\u00f3n y la fabricaci\u00f3n ecol\u00f3gica son las prioridades de Lydenim, que produce desde telas cl\u00e1sicas hasta... <a href=\"https:\/\/lydenim.com\/es\/?s=stretch&amp;post_type=product\">mezclilla el\u00e1stica<\/a> a <a href=\"https:\/\/lydenim.com\/es\/?s=Selvedge&amp;post_type=product\">Orillo<\/a> Denim y org\u00e1nico,<a href=\"https:\/\/lydenim.com\/es\/?s=color&amp;post_type=product\">Mezclilla de colores<\/a>Su dedicaci\u00f3n a la calidad, la personalizaci\u00f3n de la fabricaci\u00f3n y un servicio global los convierte en los servicios de las marcas que valoran tanto el rendimiento como la calidad en sus productos de mezclilla.<img loading=\"lazy\" decoding=\"async\" class=\"wp-image-4149 aligncenter\" src=\"https:\/\/lydenim.com\/wp-content\/uploads\/2025\/03\/IMG_5722.jpg\" alt=\"\" width=\"600\" height=\"600\" srcset=\"https:\/\/lydenim.com\/wp-content\/uploads\/2025\/03\/IMG_5722.jpg 2196w, https:\/\/lydenim.com\/wp-content\/uploads\/2025\/03\/IMG_5722-300x300.jpg 300w, https:\/\/lydenim.com\/wp-content\/uploads\/2025\/03\/IMG_5722-1024x1024.jpg 1024w, https:\/\/lydenim.com\/wp-content\/uploads\/2025\/03\/IMG_5722-150x150.jpg 150w, https:\/\/lydenim.com\/wp-content\/uploads\/2025\/03\/IMG_5722-768x768.jpg 768w, https:\/\/lydenim.com\/wp-content\/uploads\/2025\/03\/IMG_5722-1536x1536.jpg 1536w, https:\/\/lydenim.com\/wp-content\/uploads\/2025\/03\/IMG_5722-2048x2048.jpg 2048w, https:\/\/lydenim.com\/wp-content\/uploads\/2025\/03\/IMG_5722-12x12.jpg 12w, https:\/\/lydenim.com\/wp-content\/uploads\/2025\/03\/IMG_5722-600x600.jpg 600w\" sizes=\"auto, (max-width: 600px) 100vw, 600px\" \/> <img loading=\"lazy\" decoding=\"async\" class=\"wp-image-4260 aligncenter\" src=\"https:\/\/lydenim.com\/wp-content\/uploads\/2025\/03\/IMG_5834.jpg\" alt=\"\" width=\"600\" height=\"600\" srcset=\"https:\/\/lydenim.com\/wp-content\/uploads\/2025\/03\/IMG_5834.jpg 2196w, https:\/\/lydenim.com\/wp-content\/uploads\/2025\/03\/IMG_5834-300x300.jpg 300w, https:\/\/lydenim.com\/wp-content\/uploads\/2025\/03\/IMG_5834-1024x1024.jpg 1024w, https:\/\/lydenim.com\/wp-content\/uploads\/2025\/03\/IMG_5834-150x150.jpg 150w, https:\/\/lydenim.com\/wp-content\/uploads\/2025\/03\/IMG_5834-768x768.jpg 768w, https:\/\/lydenim.com\/wp-content\/uploads\/2025\/03\/IMG_5834-1536x1536.jpg 1536w, https:\/\/lydenim.com\/wp-content\/uploads\/2025\/03\/IMG_5834-2048x2048.jpg 2048w, https:\/\/lydenim.com\/wp-content\/uploads\/2025\/03\/IMG_5834-12x12.jpg 12w, https:\/\/lydenim.com\/wp-content\/uploads\/2025\/03\/IMG_5834-600x600.jpg 600w\" sizes=\"auto, (max-width: 600px) 100vw, 600px\" \/> <img loading=\"lazy\" decoding=\"async\" class=\"aligncenter wp-image-4488\" src=\"https:\/\/lydenim.com\/wp-content\/uploads\/2025\/03\/IMG_6197.jpg\" alt=\"\" width=\"600\" height=\"600\" srcset=\"https:\/\/lydenim.com\/wp-content\/uploads\/2025\/03\/IMG_6197.jpg 2196w, https:\/\/lydenim.com\/wp-content\/uploads\/2025\/03\/IMG_6197-300x300.jpg 300w, https:\/\/lydenim.com\/wp-content\/uploads\/2025\/03\/IMG_6197-1024x1024.jpg 1024w, https:\/\/lydenim.com\/wp-content\/uploads\/2025\/03\/IMG_6197-150x150.jpg 150w, https:\/\/lydenim.com\/wp-content\/uploads\/2025\/03\/IMG_6197-768x768.jpg 768w, https:\/\/lydenim.com\/wp-content\/uploads\/2025\/03\/IMG_6197-1536x1536.jpg 1536w, https:\/\/lydenim.com\/wp-content\/uploads\/2025\/03\/IMG_6197-2048x2048.jpg 2048w, https:\/\/lydenim.com\/wp-content\/uploads\/2025\/03\/IMG_6197-12x12.jpg 12w, https:\/\/lydenim.com\/wp-content\/uploads\/2025\/03\/IMG_6197-600x600.jpg 600w\" sizes=\"auto, (max-width: 600px) 100vw, 600px\" \/><\/p>\n<p>&nbsp;<\/p>\n<h2>Amplia gama de productos<\/h2>\n<p><img loading=\"lazy\" decoding=\"async\" class=\"size-full wp-image-5043 aligncenter\" src=\"https:\/\/lydenim.com\/wp-content\/uploads\/2025\/05\/Custom-Denim-Fabric-Suppliers-pc1.png\" alt=\"\" width=\"600\" height=\"400\" srcset=\"https:\/\/lydenim.com\/wp-content\/uploads\/2025\/05\/Custom-Denim-Fabric-Suppliers-pc1.png 600w, https:\/\/lydenim.com\/wp-content\/uploads\/2025\/05\/Custom-Denim-Fabric-Suppliers-pc1-300x200.png 300w, https:\/\/lydenim.com\/wp-content\/uploads\/2025\/05\/Custom-Denim-Fabric-Suppliers-pc1-18x12.png 18w, https:\/\/lydenim.com\/wp-content\/uploads\/2025\/05\/Custom-Denim-Fabric-Suppliers-pc1-150x100.png 150w\" sizes=\"auto, (max-width: 600px) 100vw, 600px\" \/><\/p>\n<p>Como un top <a href=\"https:\/\/lydenim.com\/es\/tela-vaquera-personalizada\/\"><u>telas de mezclilla personalizadas<\/u><\/a> Lydenim, proveedor l\u00edder de telas vaqueras de alta calidad, ofrece una amplia gama de telas vaqueras para satisfacer la creciente demanda de las marcas y fabricantes de moda. Su gama de productos incluye denim tradicional, el cl\u00e1sico tejido de algod\u00f3n utilizado tradicionalmente para la mezclilla \u00edndigo cruda en jeans, chaquetas y ropa de diario, y que ahora goza de gran popularidad m\u00e1s all\u00e1 del \u00e1mbito tradicional de la mezclilla. Esta diversa y personalizable gama de telas vaqueras permite a Lydenim seguir liderando la industria de la mezclilla en innovaci\u00f3n, excelente calidad y producci\u00f3n responsable. Su denim Seledge se caracteriza por su tejido denso y sus bordes impecables de primera calidad, lo que lo convierte en una opci\u00f3n destacada para colecciones de alta costura y estilo tradicional. Adem\u00e1s, Lydenim practica la sostenibilidad a trav\u00e9s de su denim org\u00e1nico, confeccionado con algod\u00f3n de cultivo organizado para un dise\u00f1o ecol\u00f3gico. Para a\u00f1adir una capa adicional a la prenda, considere... <a href=\"https:\/\/lydenim.com\/es\/10-tipos-de-tecnicas-de-lavado-de-tela-vaquera-explicadas\/\">Lydenim ofrece acabados de mezclilla elaborados por expertos, como lavado a la piedra, lavado \u00e1cido y texturas crudas, que le dan a cada pieza su propio estilo distintivo.<\/a><\/p>\n<h2>Capacidades de personalizaci\u00f3n<\/h2>\n<p><img loading=\"lazy\" decoding=\"async\" class=\"size-full wp-image-5044 aligncenter\" src=\"https:\/\/lydenim.com\/wp-content\/uploads\/2025\/05\/Custom-Denim-Fabric-Suppliers-pic2-\u62f7\u8d1d.jpg\" alt=\"Proveedores de telas de mezclilla personalizadas\" width=\"600\" height=\"400\" srcset=\"https:\/\/lydenim.com\/wp-content\/uploads\/2025\/05\/Custom-Denim-Fabric-Suppliers-pic2-\u62f7\u8d1d.jpg 600w, https:\/\/lydenim.com\/wp-content\/uploads\/2025\/05\/Custom-Denim-Fabric-Suppliers-pic2-\u62f7\u8d1d-300x200.jpg 300w, https:\/\/lydenim.com\/wp-content\/uploads\/2025\/05\/Custom-Denim-Fabric-Suppliers-pic2-\u62f7\u8d1d-18x12.jpg 18w, https:\/\/lydenim.com\/wp-content\/uploads\/2025\/05\/Custom-Denim-Fabric-Suppliers-pic2-\u62f7\u8d1d-150x100.jpg 150w\" sizes=\"auto, (max-width: 600px) 100vw, 600px\" \/><\/p>\n<p>Como proveedor l\u00edder de telas de mezclilla personalizadas, Lydenim sabe que una talla \u00fanica le queda bien a todos, que cada mente es \u00fanica y que cada marca tiene sus propias intenciones de dise\u00f1o y requisitos de mercado. Por eso, ofrece una amplia gama de opciones de personalizaci\u00f3n de telas de mezclilla para que las empresas creen piezas impactantes. Los clientes pueden seleccionar el gramaje que deseen, desde ligero hasta grueso, para cubrir diversos acabados de prendas como mezclilla, chaquetas o ropa de trabajo. Lydenim, por su parte, se centra en tintes sostenibles, colores vibrantes y duraderos que no da\u00f1an el medio ambiente. Para un dise\u00f1o m\u00e1s completo, Lydenim a\u00f1ade acabados de mezclilla como lavado a la piedra, lavado \u00e1cido y texturas crudas, que otorgan a cada prenda un estilo distintivo. Con un control total del color, el gramaje y el acabado, Lydenim permite a los dise\u00f1adores crear piezas de mezclilla personalizadas con una calidad y una artesan\u00eda sin precedentes.<\/p>\n<h2>Pr\u00e1cticas sostenibles<\/h2>\n<div id=\"attachment_4445\" style=\"width: 610px\" class=\"wp-caption aligncenter\"><img loading=\"lazy\" decoding=\"async\" aria-describedby=\"caption-attachment-4445\" class=\"wp-image-4445\" src=\"https:\/\/lydenim.com\/wp-content\/uploads\/2025\/03\/Slasher-Dyeing-and-Rope-Dyeing.jpg\" alt=\"Te\u00f1ido de corte y te\u00f1ido de cuerda\" width=\"600\" height=\"600\" srcset=\"https:\/\/lydenim.com\/wp-content\/uploads\/2025\/03\/Slasher-Dyeing-and-Rope-Dyeing.jpg 1000w, https:\/\/lydenim.com\/wp-content\/uploads\/2025\/03\/Slasher-Dyeing-and-Rope-Dyeing-300x300.jpg 300w, https:\/\/lydenim.com\/wp-content\/uploads\/2025\/03\/Slasher-Dyeing-and-Rope-Dyeing-150x150.jpg 150w, https:\/\/lydenim.com\/wp-content\/uploads\/2025\/03\/Slasher-Dyeing-and-Rope-Dyeing-768x768.jpg 768w, https:\/\/lydenim.com\/wp-content\/uploads\/2025\/03\/Slasher-Dyeing-and-Rope-Dyeing-12x12.jpg 12w, https:\/\/lydenim.com\/wp-content\/uploads\/2025\/03\/Slasher-Dyeing-and-Rope-Dyeing-600x600.jpg 600w\" sizes=\"auto, (max-width: 600px) 100vw, 600px\" \/><p id=\"caption-attachment-4445\" class=\"wp-caption-text\">Te\u00f1ido de corte y te\u00f1ido de cuerda<\/p><\/div>\n<p>Lydenim se distingue como un fabricante sostenible de telas vaqueras personalizadas, ya que el respeto al medio ambiente est\u00e1 presente en cada fase de su producci\u00f3n. Mediante pr\u00e1cticas avanzadas de ahorro de agua, la empresa minimiza el consumo de agua en procesos como el te\u00f1ido y el acabado, uno de los problemas ambientales m\u00e1s acuciantes de la industria vaquera. Lydenim tambi\u00e9n prioriza el te\u00f1ido sostenible con tintes ecol\u00f3gicos, obteniendo colores intensos y duraderos con un menor impacto ambiental. Asimismo, la empresa fomenta la econom\u00eda circular incorporando materiales reciclados en sus f\u00e1bricas de tela vaquera y desarrolla soluciones innovadoras de moda sostenible. Con un enfoque en pr\u00e1cticas sostenibles, Lydenim permite a las marcas optar por una producci\u00f3n de tela vaquera ecol\u00f3gica sin sacrificar la calidad ni el rendimiento.<\/p>\n<h2>Alcance global<\/h2>\n<p>Lydenim consolida su reputaci\u00f3n como proveedor l\u00edder mundial de telas de mezclilla personalizadas mediante una cadena de suministro global robusta y eficiente. Gracias a su capacidad para atender a una base de clientes global, Lydenim garantiza una calidad de tela consistente y oportuna en cualquier ubicaci\u00f3n. Su sencilla soluci\u00f3n de producci\u00f3n y fabricaci\u00f3n de telas ofrece a clientes de marcas de moda, fabricantes y minoristas de todo el mundo una amplia gama de productos. Ya sea que fabrique mezclilla en grandes vol\u00famenes o en ediciones limitadas, la presencia global de Lydenim le garantiza telas de mezclilla personalizadas de primera calidad, a tiempo y seg\u00fan las especificaciones.<\/p>\n<h2>Conclusi\u00f3n<\/h2>\n<p>Lydenim se posiciona como una de las mejores opciones entre los proveedores de telas de mezclilla personalizadas, ofreciendo una calidad inigualable, pr\u00e1cticas sostenibles y una amplia gama de opciones personalizables. Ya sea que busque mezclilla tradicional, telas ecol\u00f3gicas o soluciones a medida para las necesidades \u00fanicas de su marca, Lydenim ofrece telas que combinan innovaci\u00f3n, estilo y sostenibilidad. Con su dedicaci\u00f3n a la artesan\u00eda y su alcance global, Lydenim es el socio ideal para las marcas de moda que buscan crear colecciones de mezclilla personalizadas de alta calidad. Explore la diversa gama de productos de Lydenim hoy y eleve su marca con telas de mezclilla premium dise\u00f1adas para el futuro.<\/p>\n<h2 dir=\"auto\">Servicios de personalizaci\u00f3n de LYDENIM<\/h2>\n<p dir=\"auto\">\ud83c\udfa8 Quiero <strong>telas de mezclilla personalizadas<\/strong> o\u00a0 <strong>\u00fanico<\/strong> <strong>prenda de mezclilla personalizada<\/strong>?LYDENIM se especializa en soluciones a medida para satisfacer sus necesidades de dise\u00f1o y producci\u00f3n.<\/p>\n<p dir=\"auto\">\ud83d\udecd\ufe0f <strong>Explora e insp\u00edrate<\/strong>:Explore nuestra selecci\u00f3n de telas y descubra ideas de dise\u00f1o en <a href=\"https:\/\/lydenim.com\/es\/\" target=\"_blank\" rel=\"noopener noreferrer nofollow\">LYDenim<\/a>.<\/p>\n<p dir=\"auto\">\ud83c\udf10 <strong>Ropa el\u00e1stica<\/strong>:Consulta nuestras ofertas en <a href=\"http:\/\/liangyuantextile.m.en.alibaba.com\" target=\"_blank\" rel=\"noopener noreferrer nofollow\">Mi Alibaba<\/a>. \ud83d\udce9 <strong>Contacto<\/strong>:Comun\u00edquese con nosotros en <a href=\"mailto:malone@lydenim.com\" target=\"_blank\" rel=\"noopener noreferrer nofollow\">malone@lydenim.com<\/a>.<\/p>\n<p dir=\"auto\">Crea tu obra maestra en denim con LYDENIM, tu socio de confianza para <strong>tejido el\u00e1stico<\/strong> y <strong>soluciones de mezclilla personalizadas<\/strong>.<\/p>","protected":false},"excerpt":{"rendered":"<p>Tiempo estimado de lectura: ~3 minutos Introducci\u00f3n Obtener tela de mezclilla de primera calidad, sostenible y personalizable tiene tanto que ver con la marca como con<\/p>","protected":false},"author":1,"featured_media":5045,"comment_status":"open","ping_status":"open","sticky":false,"template":"","format":"standard","meta":{"two_page_speed":[],"footnotes":""},"categories":[67],"tags":[],"class_list":["post-5041","post","type-post","status-publish","format-standard","has-post-thumbnail","hentry","category-market"],"aioseo_notices":[],"_links":{"self":[{"href":"https:\/\/lydenim.com\/es\/wp-json\/wp\/v2\/posts\/5041","targetHints":{"allow":["GET"]}}],"collection":[{"href":"https:\/\/lydenim.com\/es\/wp-json\/wp\/v2\/posts"}],"about":[{"href":"https:\/\/lydenim.com\/es\/wp-json\/wp\/v2\/types\/post"}],"author":[{"embeddable":true,"href":"https:\/\/lydenim.com\/es\/wp-json\/wp\/v2\/users\/1"}],"replies":[{"embeddable":true,"href":"https:\/\/lydenim.com\/es\/wp-json\/wp\/v2\/comments?post=5041"}],"version-history":[{"count":3,"href":"https:\/\/lydenim.com\/es\/wp-json\/wp\/v2\/posts\/5041\/revisions"}],"predecessor-version":[{"id":6292,"href":"https:\/\/lydenim.com\/es\/wp-json\/wp\/v2\/posts\/5041\/revisions\/6292"}],"wp:featuredmedia":[{"embeddable":true,"href":"https:\/\/lydenim.com\/es\/wp-json\/wp\/v2\/media\/5045"}],"wp:attachment":[{"href":"https:\/\/lydenim.com\/es\/wp-json\/wp\/v2\/media?parent=5041"}],"wp:term":[{"taxonomy":"category","embeddable":true,"href":"https:\/\/lydenim.com\/es\/wp-json\/wp\/v2\/categories?post=5041"},{"taxonomy":"post_tag","embeddable":true,"href":"https:\/\/lydenim.com\/es\/wp-json\/wp\/v2\/tags?post=5041"}],"curies":[{"name":"wp","href":"https:\/\/api.w.org\/{rel}","templated":true}]}}