{"id":5047,"date":"2025-05-08T14:58:33","date_gmt":"2025-05-08T06:58:33","guid":{"rendered":"https:\/\/lydenim.com\/?p=5047"},"modified":"2025-08-24T13:05:46","modified_gmt":"2025-08-24T05:05:46","slug":"stretch-denim-fabric-for-comfort","status":"publish","type":"post","link":"https:\/\/lydenim.com\/es\/tejido-de-mezclilla-elastico-para-mayor-comodidad\/","title":{"rendered":"Tejido de mezclilla el\u00e1stico para mayor comodidad"},"content":{"rendered":"<h2 data-pm-slice=\"1 1 []\">Tiempo estimado de lectura: ~4 minutos<\/h2>\n<h2 style=\"text-align: left;\" data-pm-slice=\"1 1 []\">Introducci\u00f3n<\/h2>\n<p>La tela vaquera el\u00e1stica ha revolucionado la industria tradicional de la mezclilla al ofrecer comodidad y flexibilidad inigualables. A diferencia de la mezclilla r\u00edgida, la mezclilla el\u00e1stica incorpora elastano o spandex, lo que permite que las prendas se adapten al cuerpo sin perder su forma. Esta moderna innovaci\u00f3n garantiza un ajuste perfecto y comodidad durante todo el d\u00eda, lo que la hace ideal para todo tipo de prendas, desde jeans a la moda hasta ropa de trabajo resistente. LY Denim ha estado a la vanguardia de esta transici\u00f3n, ofreciendo constantemente telas vaqueras el\u00e1sticas de alta calidad que combinan estilo, durabilidad y comodidad, satisfaciendo las necesidades tanto de dise\u00f1adores como de usuarios finales.<\/p>\n<h2><strong>Entendiendo la tela de mezclilla el\u00e1stica<\/strong><\/h2>\n<p>La innovaci\u00f3n textil moderna: la tela vaquera el\u00e1stica posee la resistencia cl\u00e1sica de la mezclilla, pero con una flexibilidad renovada que la ha convertido en una opci\u00f3n popular en diversas tendencias contempor\u00e1neas. En LY Denim, los materiales el\u00e1sticos y expansibles se fabrican con mezclas premium de algod\u00f3n y poli\u00e9ster que incluyen elastano o spandex, creando una tela tan c\u00f3moda como flexible para conservar la forma y el movimiento. La composici\u00f3n distintiva de las telas el\u00e1sticas de LY Denim (incluyendo sus colecciones de mezclilla de alta elasticidad y de elasticidad media acogedora) garantiza que las prendas confeccionadas con estas telas se expandan al m\u00e1ximo, manteniendo el cl\u00e1sico aspecto de la mezclilla. Las telas el\u00e1sticas de LY Denim le permiten ofrecer a sus clientes jeans, chaquetas y ropa deportiva con la flexibilidad que buscan.<\/p>\n<h2><strong>Colecciones de mezclilla el\u00e1stica premium de LY Denim<\/strong><\/h2>\n<h3>Tejido vaquero de alta elasticidad<\/h3>\n<p>La tela vaquera de alta elasticidad de LY Denim est\u00e1 dise\u00f1ada para prendas ajustadas que requieren flexibilidad y estructura. Con una elasticidad superior y una excelente retenci\u00f3n de la forma, esta tela es ideal para jeans ajustados, vestidos que se ajustan al cuerpo y otras prendas que requieren un ajuste ce\u00f1ido sin restringir el movimiento. Es la opci\u00f3n predilecta para las marcas que priorizan la comodidad y una silueta estilizada.<img loading=\"lazy\" decoding=\"async\" class=\"aligncenter wp-image-4097\" src=\"https:\/\/lydenim.com\/wp-content\/uploads\/2025\/03\/IMG_5608-scaled.jpg\" alt=\"\" width=\"600\" height=\"600\" srcset=\"https:\/\/lydenim.com\/wp-content\/uploads\/2025\/03\/IMG_5608-scaled.jpg 2560w, https:\/\/lydenim.com\/wp-content\/uploads\/2025\/03\/IMG_5608-300x300.jpg 300w, https:\/\/lydenim.com\/wp-content\/uploads\/2025\/03\/IMG_5608-1024x1024.jpg 1024w, https:\/\/lydenim.com\/wp-content\/uploads\/2025\/03\/IMG_5608-150x150.jpg 150w, https:\/\/lydenim.com\/wp-content\/uploads\/2025\/03\/IMG_5608-768x768.jpg 768w, https:\/\/lydenim.com\/wp-content\/uploads\/2025\/03\/IMG_5608-1536x1536.jpg 1536w, https:\/\/lydenim.com\/wp-content\/uploads\/2025\/03\/IMG_5608-2048x2048.jpg 2048w, https:\/\/lydenim.com\/wp-content\/uploads\/2025\/03\/IMG_5608-12x12.jpg 12w, https:\/\/lydenim.com\/wp-content\/uploads\/2025\/03\/IMG_5608-600x600.jpg 600w\" sizes=\"auto, (max-width: 600px) 100vw, 600px\" \/><\/p>\n<h3>Tejido vaquero el\u00e1stico medio y acogedor<\/h3>\n<p>La tela vaquera Cozy Medium Stretch ofrece el equilibrio perfecto entre comodidad y estructura, lo que la hace perfecta para el d\u00eda a d\u00eda. Dise\u00f1ada para proporcionar la elasticidad justa, es una tela vers\u00e1til que se usa en jeans, chaquetas informales y faldas, ofreciendo libertad de movimiento con un aspecto elegante.<img loading=\"lazy\" decoding=\"async\" class=\"aligncenter wp-image-4490\" src=\"https:\/\/lydenim.com\/wp-content\/uploads\/2025\/03\/IMG_6199.jpg\" alt=\"\" width=\"600\" height=\"600\" srcset=\"https:\/\/lydenim.com\/wp-content\/uploads\/2025\/03\/IMG_6199.jpg 2196w, https:\/\/lydenim.com\/wp-content\/uploads\/2025\/03\/IMG_6199-300x300.jpg 300w, https:\/\/lydenim.com\/wp-content\/uploads\/2025\/03\/IMG_6199-1024x1024.jpg 1024w, https:\/\/lydenim.com\/wp-content\/uploads\/2025\/03\/IMG_6199-150x150.jpg 150w, https:\/\/lydenim.com\/wp-content\/uploads\/2025\/03\/IMG_6199-768x768.jpg 768w, https:\/\/lydenim.com\/wp-content\/uploads\/2025\/03\/IMG_6199-1536x1536.jpg 1536w, https:\/\/lydenim.com\/wp-content\/uploads\/2025\/03\/IMG_6199-2048x2048.jpg 2048w, https:\/\/lydenim.com\/wp-content\/uploads\/2025\/03\/IMG_6199-12x12.jpg 12w, https:\/\/lydenim.com\/wp-content\/uploads\/2025\/03\/IMG_6199-600x600.jpg 600w\" sizes=\"auto, (max-width: 600px) 100vw, 600px\" \/><\/p>\n<h3>Tela vaquera de algod\u00f3n\/poli\u00e9ster\/spandex<\/h3>\n<p>Esta mezcla de algod\u00f3n, poli\u00e9ster y spandex crea una mezclilla el\u00e1stica, duradera y transpirable. La tela vaquera de algod\u00f3n, poli\u00e9ster y spandex de LY Denim es conocida por su resistencia, flexibilidad y comodidad, lo que la convierte en una opci\u00f3n confiable para estilos de vida activos, ropa de trabajo y prendas de uso intensivo. Resiste el uso frecuente manteniendo su forma y tacto.<img loading=\"lazy\" decoding=\"async\" class=\"size-full wp-image-4128 aligncenter\" src=\"https:\/\/lydenim.com\/wp-content\/uploads\/2025\/03\/IMG_5571-e1741764048760.jpg\" alt=\"\" width=\"600\" height=\"600\" \/><\/p>\n<h2><strong>\u00bfPor qu\u00e9 elegir LY Denim para tejidos de mezclilla el\u00e1sticos?<\/strong><\/h2>\n<p>Al elegir su proveedor de mezclilla, uno de los aspectos m\u00e1s importantes es la calidad, la consistencia y la innovaci\u00f3n, y LY Denim es, sin duda, uno de los proveedores a los que puede confiar su producci\u00f3n de tela vaquera el\u00e1stica. Como fabricante de mezclilla con m\u00e1s de 20 a\u00f1os de experiencia, LY Denim aporta un profundo conocimiento de la industria, la artesan\u00eda y una vasta experiencia a cada yarda de tela. Su demanda de 30 millones de metros anuales les permite satisfacer f\u00e1cilmente la demanda global, y su riguroso proceso de control de calidad de 5 pasos garantiza que cada tela cumpla con los m\u00e1s altos est\u00e1ndares. Con el servicio de personalizaci\u00f3n como una de sus fortalezas, LY Denim permite a sus socios personalizar el color, la textura, el peso y la elasticidad para obtener una mezclilla el\u00e1stica perfecta y de alto rendimiento. LY Denim se compromete a producir materiales ecol\u00f3gicos y \u00e9ticos, y es reconocida mundialmente por sus certificaciones como BCI, GRS y OEKO-TEX. Si como marca cree en el futuro, la innovaci\u00f3n, la libertad y la responsabilidad, LY Denim es el socio perfecto para su tela vaquera el\u00e1stica.<img loading=\"lazy\" decoding=\"async\" class=\"aligncenter wp-image-5048\" src=\"https:\/\/lydenim.com\/wp-content\/uploads\/2025\/05\/122-e1746686185759.jpg\" alt=\"\u00bfPor qu\u00e9 elegir LY Denim para tejidos de mezclilla el\u00e1sticos?\" width=\"600\" height=\"338\" srcset=\"https:\/\/lydenim.com\/wp-content\/uploads\/2025\/05\/122-e1746686185759.jpg 2048w, https:\/\/lydenim.com\/wp-content\/uploads\/2025\/05\/122-e1746686185759-300x169.jpg 300w, https:\/\/lydenim.com\/wp-content\/uploads\/2025\/05\/122-e1746686185759-1024x577.jpg 1024w, https:\/\/lydenim.com\/wp-content\/uploads\/2025\/05\/122-e1746686185759-768x433.jpg 768w, https:\/\/lydenim.com\/wp-content\/uploads\/2025\/05\/122-e1746686185759-1536x866.jpg 1536w, https:\/\/lydenim.com\/wp-content\/uploads\/2025\/05\/122-e1746686185759-18x10.jpg 18w, https:\/\/lydenim.com\/wp-content\/uploads\/2025\/05\/122-e1746686185759-600x338.jpg 600w, https:\/\/lydenim.com\/wp-content\/uploads\/2025\/05\/122-e1746686185759-150x85.jpg 150w\" sizes=\"auto, (max-width: 600px) 100vw, 600px\" \/><\/p>\n<h2><strong>Aplicaciones del Stretch Denim de LY Denim<\/strong><\/h2>\n<p>Las telas de mezclilla el\u00e1stica de LY Denim se basan en la versatilidad y comodidad de un tejido de mezclilla para los segmentos de moda y estilo de vida, con una amplia gama de aplicaciones en ropa para hombre y mujer. En el mundo de la moda, su mezclilla el\u00e1stica de alta calidad es excelente para confeccionar elegantes jeans, chaquetas, faldas y vestidos que no solo lucen geniales, sino que se mueven con naturalidad. Los materiales de LY Denim brindan a las marcas de ropa deportiva la flexibilidad que necesitan, pero tambi\u00e9n la durabilidad para lograr dise\u00f1os funcionales con un aspecto moderno y elegante. Las telas el\u00e1sticas de LY Denim funcionan bien en entornos m\u00e1s exigentes para ropa de trabajo, ya que son ideales para las tareas diarias sin comprometer la comodidad. Las soluciones de mezclilla el\u00e1stica de LY Denim brindan un rendimiento el\u00e1stico incomparable, ya sea para colecciones de vanguardia o prendas de alto rendimiento.<img loading=\"lazy\" decoding=\"async\" class=\"size-full wp-image-4998 aligncenter\" src=\"https:\/\/lydenim.com\/wp-content\/uploads\/2025\/05\/DM_20250505014945_004-e1746514798229.jpg\" alt=\"SCHIAPARELLI \/ PR\u00d3XIMO A PORTER PRIMAVERA 2025\" width=\"600\" height=\"850\" srcset=\"https:\/\/lydenim.com\/wp-content\/uploads\/2025\/05\/DM_20250505014945_004-e1746514798229.jpg 600w, https:\/\/lydenim.com\/wp-content\/uploads\/2025\/05\/DM_20250505014945_004-e1746514798229-212x300.jpg 212w, https:\/\/lydenim.com\/wp-content\/uploads\/2025\/05\/DM_20250505014945_004-e1746514798229-8x12.jpg 8w, https:\/\/lydenim.com\/wp-content\/uploads\/2025\/05\/DM_20250505014945_004-e1746514798229-150x213.jpg 150w\" sizes=\"auto, (max-width: 600px) 100vw, 600px\" \/><img loading=\"lazy\" decoding=\"async\" class=\"aligncenter wp-image-4879\" src=\"https:\/\/lydenim.com\/wp-content\/uploads\/2025\/04\/60545064.jpg.webp\" alt=\"\" width=\"600\" height=\"900\" srcset=\"https:\/\/lydenim.com\/wp-content\/uploads\/2025\/04\/60545064.jpg.webp 1334w, https:\/\/lydenim.com\/wp-content\/uploads\/2025\/04\/60545064.jpg-200x300.webp 200w, https:\/\/lydenim.com\/wp-content\/uploads\/2025\/04\/60545064.jpg-683x1024.webp 683w, https:\/\/lydenim.com\/wp-content\/uploads\/2025\/04\/60545064.jpg-768x1151.webp 768w, https:\/\/lydenim.com\/wp-content\/uploads\/2025\/04\/60545064.jpg-1025x1536.webp 1025w, https:\/\/lydenim.com\/wp-content\/uploads\/2025\/04\/60545064.jpg-8x12.webp 8w, https:\/\/lydenim.com\/wp-content\/uploads\/2025\/04\/60545064.jpg-600x900.webp 600w, https:\/\/lydenim.com\/wp-content\/uploads\/2025\/04\/60545064.jpg-150x225.webp 150w\" sizes=\"auto, (max-width: 600px) 100vw, 600px\" \/><\/p>\n<h2><strong>Pr\u00e1cticas sostenibles en la producci\u00f3n de mezclilla el\u00e1stica<\/strong><\/h2>\n<p>En cuanto a las l\u00edneas de tela vaquera el\u00e1stica de LY Denim, la sostenibilidad es fundamental. No solo ofrecen un excelente rendimiento sin sacrificar la calidad ni la comodidad, sino que tambi\u00e9n utilizan materiales ecol\u00f3gicos, como poli\u00e9ster reciclado y algod\u00f3n sostenible, para reducir el impacto ambiental. <a href=\"https:\/\/www.lycra.com\/en\/technologies\/lycra-dualfx-technology\"><u>Tecnolog\u00eda LYCRA\u00ae dualFX\u00ae<\/u><\/a>\u00a0Se utiliza en LY Denim para optimizar el rendimiento del tejido, incluyendo la recuperaci\u00f3n el\u00e1stica y la durabilidad para una larga vida \u00fatil, respetando la sostenibilidad y la moda responsable. En cada etapa de su fabricaci\u00f3n, se comprometen con el medio ambiente, ahorrando agua, minimizando los residuos y el consumo de energ\u00eda, y reduciendo as\u00ed su huella de carbono. LY Denim se distingue por combinar tecnolog\u00eda avanzada con un abastecimiento y una producci\u00f3n responsables y responsables, liderando la creaci\u00f3n de una opci\u00f3n disponible para todos en todo el mundo con su tejido denim el\u00e1stico sostenible.<img loading=\"lazy\" decoding=\"async\" class=\"aligncenter wp-image-5049\" src=\"https:\/\/lydenim.com\/wp-content\/uploads\/2025\/05\/\u8ba4\u8bc1-scaled.jpg\" alt=\"Certificar\" width=\"600\" height=\"53\" srcset=\"https:\/\/lydenim.com\/wp-content\/uploads\/2025\/05\/\u8ba4\u8bc1-scaled.jpg 2560w, https:\/\/lydenim.com\/wp-content\/uploads\/2025\/05\/\u8ba4\u8bc1-300x27.jpg 300w, https:\/\/lydenim.com\/wp-content\/uploads\/2025\/05\/\u8ba4\u8bc1-1024x91.jpg 1024w, https:\/\/lydenim.com\/wp-content\/uploads\/2025\/05\/\u8ba4\u8bc1-768x68.jpg 768w, https:\/\/lydenim.com\/wp-content\/uploads\/2025\/05\/\u8ba4\u8bc1-1536x136.jpg 1536w, https:\/\/lydenim.com\/wp-content\/uploads\/2025\/05\/\u8ba4\u8bc1-2048x182.jpg 2048w, https:\/\/lydenim.com\/wp-content\/uploads\/2025\/05\/\u8ba4\u8bc1-18x2.jpg 18w, https:\/\/lydenim.com\/wp-content\/uploads\/2025\/05\/\u8ba4\u8bc1-600x53.jpg 600w, https:\/\/lydenim.com\/wp-content\/uploads\/2025\/05\/\u8ba4\u8bc1-150x13.jpg 150w\" sizes=\"auto, (max-width: 600px) 100vw, 600px\" \/><\/p>\n<h2>Bono: Un legado de innovaci\u00f3n y calidad<\/h2>\n<p>LY Denim es m\u00e1s que un simple fabricante de mezclilla: es una marca con una visi\u00f3n global y un profundo arraigo en la industria. Conozca m\u00e1s sobre su historia, misi\u00f3n y compromiso con la excelencia en <a href=\"https:\/\/lydenim.com\/es\/sobre-nosotros\/\"><u>Acerca de<\/u><\/a>\u00a0p\u00e1gina.<\/p>\n<p>\u00bfEst\u00e1s listo para darle vida a tu visi\u00f3n de prenda? <strong data-start=\"355\" data-end=\"477\">Visita <a class=\"\" href=\"https:\/\/lydenim.com\/es\/productos\/\" target=\"_new\" rel=\"noopener\" data-start=\"363\" data-end=\"397\">es.lydenim.com<\/a> o env\u00edenos un correo electr\u00f3nico a <a rel=\"noopener\" data-start=\"413\" data-end=\"460\">malone@lydenim.com<\/a> Para saber m\u00e1s.<\/strong><\/p>\n<h2><strong>Conclusi\u00f3n<\/strong><\/h2>\n<p>Las telas de mezclilla el\u00e1stica de LY Denim ofrecen la combinaci\u00f3n perfecta de comodidad, calidad y sostenibilidad, lo que las convierte en la opci\u00f3n ideal para marcas y dise\u00f1adores de moda modernos. Ya sea que busque mezclilla de alta elasticidad para prendas ajustadas o una opci\u00f3n duradera y c\u00f3moda para el d\u00eda a d\u00eda, las colecciones de LY Denim est\u00e1n dise\u00f1adas para satisfacer sus necesidades. Con un compromiso con las pr\u00e1cticas ecol\u00f3gicas y las tecnolog\u00edas de telas de vanguardia, LY Denim es l\u00edder en soluciones innovadoras de mezclilla. <a href=\"https:\/\/lydenim.com\/es\/\"><u>Explora las colecciones de LY Denim <\/u><\/a>hoy y solicite una muestra para experimentar la diferencia de primera mano.<\/p>","protected":false},"excerpt":{"rendered":"<p>Tiempo estimado de lectura: ~4 minutos Introducci\u00f3n La tela de mezclilla el\u00e1stica ha revolucionado la industria tradicional de la mezclilla al ofrecer una comodidad y<\/p>","protected":false},"author":1,"featured_media":5050,"comment_status":"open","ping_status":"open","sticky":false,"template":"","format":"standard","meta":{"two_page_speed":[],"footnotes":""},"categories":[67],"tags":[],"class_list":["post-5047","post","type-post","status-publish","format-standard","has-post-thumbnail","hentry","category-market"],"aioseo_notices":[],"_links":{"self":[{"href":"https:\/\/lydenim.com\/es\/wp-json\/wp\/v2\/posts\/5047","targetHints":{"allow":["GET"]}}],"collection":[{"href":"https:\/\/lydenim.com\/es\/wp-json\/wp\/v2\/posts"}],"about":[{"href":"https:\/\/lydenim.com\/es\/wp-json\/wp\/v2\/types\/post"}],"author":[{"embeddable":true,"href":"https:\/\/lydenim.com\/es\/wp-json\/wp\/v2\/users\/1"}],"replies":[{"embeddable":true,"href":"https:\/\/lydenim.com\/es\/wp-json\/wp\/v2\/comments?post=5047"}],"version-history":[{"count":3,"href":"https:\/\/lydenim.com\/es\/wp-json\/wp\/v2\/posts\/5047\/revisions"}],"predecessor-version":[{"id":6294,"href":"https:\/\/lydenim.com\/es\/wp-json\/wp\/v2\/posts\/5047\/revisions\/6294"}],"wp:featuredmedia":[{"embeddable":true,"href":"https:\/\/lydenim.com\/es\/wp-json\/wp\/v2\/media\/5050"}],"wp:attachment":[{"href":"https:\/\/lydenim.com\/es\/wp-json\/wp\/v2\/media?parent=5047"}],"wp:term":[{"taxonomy":"category","embeddable":true,"href":"https:\/\/lydenim.com\/es\/wp-json\/wp\/v2\/categories?post=5047"},{"taxonomy":"post_tag","embeddable":true,"href":"https:\/\/lydenim.com\/es\/wp-json\/wp\/v2\/tags?post=5047"}],"curies":[{"name":"wp","href":"https:\/\/api.w.org\/{rel}","templated":true}]}}