{"id":5052,"date":"2025-05-10T15:44:27","date_gmt":"2025-05-10T07:44:27","guid":{"rendered":"https:\/\/lydenim.com\/?p=5052"},"modified":"2025-08-24T13:06:32","modified_gmt":"2025-08-24T05:06:32","slug":"high-quality-denim-fabric-for-jeans","status":"publish","type":"post","link":"https:\/\/lydenim.com\/es\/tela-vaquera-de-alta-calidad-para-jeans\/","title":{"rendered":"Tela vaquera de alta calidad para jeans"},"content":{"rendered":"<h2 data-pm-slice=\"1 1 []\">Tiempo estimado de lectura: ~4 minutos<\/h2>\n<h2 style=\"text-align: left;\" data-pm-slice=\"1 1 []\">Introducci\u00f3n<\/h2>\n<p>A la hora de confeccionar jeans duraderos y con estilo, la calidad de la tela vaquera es un factor determinante. Una tela vaquera de alta calidad garantiza que los jeans no solo mantengan su forma y resistan el uso repetido, sino que tambi\u00e9n conserven su atractivo est\u00e9tico con el paso del tiempo. Desde los cl\u00e1sicos cortes rectos hasta los modernos cortes ajustados, la base de cada excelente par de jeans comienza con la tela adecuada. A medida que crece la demanda de mezclilla moderna y duradera, elegir un proveedor de telas confiable se vuelve m\u00e1s crucial que nunca.<\/p>\n<p>&nbsp;<\/p>\n<p>LY Denim se destaca como l\u00edder mundial en la industria de la mezclilla, reconocido por su tejido innovador y de primera calidad para jeans. Con d\u00e9cadas de experiencia, un fuerte enfoque en la investigaci\u00f3n y el desarrollo, y un profundo compromiso con la calidad, LY Denim ofrece soluciones de mezclilla de vanguardia que satisfacen las necesidades cambiantes de marcas y dise\u00f1adores de todo el mundo. Ya sea que est\u00e9 creando prendas cl\u00e1sicas de mezclilla o colecciones que marcan tendencia, LY Denim le ofrece la base textil que sus jeans necesitan para triunfar.<\/p>\n<h2><strong>Por qu\u00e9 es importante la calidad de la tela vaquera<\/strong><\/h2>\n<p><img loading=\"lazy\" decoding=\"async\" class=\"aligncenter wp-image-5053\" src=\"https:\/\/lydenim.com\/wp-content\/uploads\/2025\/05\/High-Quality-Denim-Fabric-for-Jeans-pic1.png\" alt=\"\" width=\"600\" height=\"361\" srcset=\"https:\/\/lydenim.com\/wp-content\/uploads\/2025\/05\/High-Quality-Denim-Fabric-for-Jeans-pic1.png 979w, https:\/\/lydenim.com\/wp-content\/uploads\/2025\/05\/High-Quality-Denim-Fabric-for-Jeans-pic1-300x180.png 300w, https:\/\/lydenim.com\/wp-content\/uploads\/2025\/05\/High-Quality-Denim-Fabric-for-Jeans-pic1-768x462.png 768w, https:\/\/lydenim.com\/wp-content\/uploads\/2025\/05\/High-Quality-Denim-Fabric-for-Jeans-pic1-18x12.png 18w, https:\/\/lydenim.com\/wp-content\/uploads\/2025\/05\/High-Quality-Denim-Fabric-for-Jeans-pic1-600x361.png 600w, https:\/\/lydenim.com\/wp-content\/uploads\/2025\/05\/High-Quality-Denim-Fabric-for-Jeans-pic1-150x90.png 150w\" sizes=\"auto, (max-width: 600px) 100vw, 600px\" \/><\/p>\n<p dir=\"auto\">La base de unos vaqueros de alta calidad reside en la tela vaquera utilizada. El denim premium, como las variedades con orillo o hilado en anillo ultrasuave, influye significativamente en la durabilidad, comodidad, textura y est\u00e9tica de los vaqueros. Las materias primas de calidad superior, como el algod\u00f3n de fibra larga, el hilado en anillo ultrasuave o fibras mixtas de alta resistencia, y el lyocell, previenen eficazmente la formaci\u00f3n de bolitas, la decoloraci\u00f3n y la distorsi\u00f3n, garantizando que los vaqueros mantengan su estructura y estilo incluso despu\u00e9s de repetidos lavados. Los productos estrella de LY Denim \u2014su serie de denim sin elasticidad, la serie de denim con orillo y la c\u00f3moda serie de denim de elasticidad media\u2014 ejemplifican el equilibrio perfecto entre resistencia y flexibilidad, lo que los hace ideales para el uso diario y, al mismo tiempo, ofrecen una experiencia de uso excepcional.<\/p>\n<h2 dir=\"ltr\" data-pm-slice=\"1 3 []\">\u00bfQu\u00e9 te aporta la ropa confeccionada con denim de alta calidad?<\/h2>\n<p dir=\"ltr\">La ropa confeccionada con mezclilla de alta calidad ofrece varios beneficios clave:<\/p>\n<ul dir=\"ltr\">\n<li>\n<p dir=\"ltr\"><strong>Colores vibrantes y duraderos<\/strong><br \/>\nAnte todo, las telas de mezclilla premium se elaboran con algod\u00f3n de calidad superior. Este algod\u00f3n de alta calidad absorbe los tintes de forma excepcional, garantizando colores vibrantes que resisten la decoloraci\u00f3n y mantienen la vitalidad de tu ropa con el paso del tiempo.<\/p>\n<\/li>\n<li>\n<p dir=\"ltr\"><strong>Mayor durabilidad y resistencia al desgaste<\/strong><br \/>\nAdem\u00e1s, el uso de algod\u00f3n de primera calidad proporciona fibras m\u00e1s largas. Estas fibras m\u00e1s largas fortalecen la estructura de la mezclilla, haciendo que tus prendas o jeans sean m\u00e1s resistentes al desgaste y, por lo tanto, prolongan significativamente su vida \u00fatil.<\/p>\n<\/li>\n<li>\n<p dir=\"ltr\"><strong>Tasa de contracci\u00f3n estable para la retenci\u00f3n de la forma<\/strong><br \/>\nAdem\u00e1s, la mezclilla de alta calidad presenta una tasa de encogimiento m\u00e1s estable. Esto garantiza que sus prendas de mezclilla mantengan su forma e integridad, evitando deformaciones o da\u00f1os incluso despu\u00e9s de m\u00faltiples lavados.<img loading=\"lazy\" decoding=\"async\" class=\"aligncenter wp-image-5055\" src=\"https:\/\/lydenim.com\/wp-content\/uploads\/2025\/05\/Benefits-of-High-Quality-Denim-Clothing.jpg\" alt=\"\" width=\"600\" height=\"375\" srcset=\"https:\/\/lydenim.com\/wp-content\/uploads\/2025\/05\/Benefits-of-High-Quality-Denim-Clothing.jpg 1240w, https:\/\/lydenim.com\/wp-content\/uploads\/2025\/05\/Benefits-of-High-Quality-Denim-Clothing-300x187.jpg 300w, https:\/\/lydenim.com\/wp-content\/uploads\/2025\/05\/Benefits-of-High-Quality-Denim-Clothing-1024x639.jpg 1024w, https:\/\/lydenim.com\/wp-content\/uploads\/2025\/05\/Benefits-of-High-Quality-Denim-Clothing-768x479.jpg 768w, https:\/\/lydenim.com\/wp-content\/uploads\/2025\/05\/Benefits-of-High-Quality-Denim-Clothing-18x12.jpg 18w, https:\/\/lydenim.com\/wp-content\/uploads\/2025\/05\/Benefits-of-High-Quality-Denim-Clothing-600x375.jpg 600w, https:\/\/lydenim.com\/wp-content\/uploads\/2025\/05\/Benefits-of-High-Quality-Denim-Clothing-150x94.jpg 150w\" sizes=\"auto, (max-width: 600px) 100vw, 600px\" \/><\/p>\n<\/li>\n<\/ul>\n<h2 class=\"\" data-start=\"113\" data-end=\"168\"><strong data-start=\"116\" data-end=\"166\">Telas recomendadas para jeans y ropa personalizados<\/strong><\/h2>\n<p class=\"\" data-start=\"169\" data-end=\"237\"><strong data-start=\"169\" data-end=\"237\">Explora las l\u00edneas de telas especiales de LY Denim para creaciones a medida<\/strong><\/p>\n<p class=\"\" data-start=\"239\" data-end=\"470\">LY Denim ofrece una cuidada selecci\u00f3n de telas vaqueras avanzadas, dise\u00f1adas para jeans y ropa de alta calidad. Desde el ic\u00f3nico orillo hasta el denim flocado de vanguardia, cada serie de telas ofrece sus propias ventajas y posibilidades de estilo.<\/p>\n<h3 class=\"\" data-start=\"477\" data-end=\"508\"><strong data-start=\"481\" data-end=\"506\"><a href=\"https:\/\/lydenim.com\/es\/?s=Selvedge&amp;post_type=product\">Orillo<\/a> Serie Denim<\/strong><\/h3>\n<p class=\"\" data-start=\"509\" data-end=\"554\"><strong data-start=\"509\" data-end=\"554\">Artesan\u00eda tradicional, atractivo premium<\/strong><\/p>\n<div id=\"attachment_4513\" style=\"width: 610px\" class=\"wp-caption aligncenter\"><img loading=\"lazy\" decoding=\"async\" aria-describedby=\"caption-attachment-4513\" class=\"wp-image-4513\" src=\"https:\/\/lydenim.com\/wp-content\/uploads\/2025\/03\/IMG_6228.jpg\" alt=\"\" width=\"600\" height=\"600\" srcset=\"https:\/\/lydenim.com\/wp-content\/uploads\/2025\/03\/IMG_6228.jpg 2196w, https:\/\/lydenim.com\/wp-content\/uploads\/2025\/03\/IMG_6228-300x300.jpg 300w, https:\/\/lydenim.com\/wp-content\/uploads\/2025\/03\/IMG_6228-1024x1024.jpg 1024w, https:\/\/lydenim.com\/wp-content\/uploads\/2025\/03\/IMG_6228-150x150.jpg 150w, https:\/\/lydenim.com\/wp-content\/uploads\/2025\/03\/IMG_6228-768x768.jpg 768w, https:\/\/lydenim.com\/wp-content\/uploads\/2025\/03\/IMG_6228-1536x1536.jpg 1536w, https:\/\/lydenim.com\/wp-content\/uploads\/2025\/03\/IMG_6228-2048x2048.jpg 2048w, https:\/\/lydenim.com\/wp-content\/uploads\/2025\/03\/IMG_6228-12x12.jpg 12w, https:\/\/lydenim.com\/wp-content\/uploads\/2025\/03\/IMG_6228-600x600.jpg 600w\" sizes=\"auto, (max-width: 600px) 100vw, 600px\" \/><p id=\"caption-attachment-4513\" class=\"wp-caption-text\">Mezclilla con orillo<\/p><\/div>\n<p class=\"\" data-start=\"556\" data-end=\"770\">Tejida en telares de lanzadera, esta tela presenta bordes firmemente unidos que resisten el deshilachado. Con una textura cruda y aut\u00e9ntica, la mezclilla con orillo es ideal para jeans de estilo tradicional, chaquetas vaqueras premium y prendas de edici\u00f3n limitada.<\/p>\n<h3 class=\"\" data-start=\"777\" data-end=\"812\"><strong data-start=\"781\" data-end=\"810\"><a href=\"https:\/\/lydenim.com\/es\/product-category\/high-stretch-denim-fabric\/\">Denim de alta elasticidad<\/a> Serie<\/strong><\/h3>\n<p class=\"\" data-start=\"813\" data-end=\"848\"><strong data-start=\"813\" data-end=\"848\">Dise\u00f1ado para la comodidad y la forma<\/strong><\/p>\n<p class=\"\" data-start=\"850\" data-end=\"1056\">Combinada con spandex o elastano, esta tela vaquera ofrece una elasticidad superior y una excelente retenci\u00f3n de forma. Ideal para jeans ajustados, jeggings y ropa deportiva que requiere flexibilidad y un ajuste favorecedor.<img loading=\"lazy\" decoding=\"async\" class=\"aligncenter wp-image-4223\" src=\"https:\/\/lydenim.com\/wp-content\/uploads\/2025\/03\/IMG_5798.jpg\" alt=\"\" width=\"600\" height=\"600\" srcset=\"https:\/\/lydenim.com\/wp-content\/uploads\/2025\/03\/IMG_5798.jpg 2196w, https:\/\/lydenim.com\/wp-content\/uploads\/2025\/03\/IMG_5798-300x300.jpg 300w, https:\/\/lydenim.com\/wp-content\/uploads\/2025\/03\/IMG_5798-1024x1024.jpg 1024w, https:\/\/lydenim.com\/wp-content\/uploads\/2025\/03\/IMG_5798-150x150.jpg 150w, https:\/\/lydenim.com\/wp-content\/uploads\/2025\/03\/IMG_5798-768x768.jpg 768w, https:\/\/lydenim.com\/wp-content\/uploads\/2025\/03\/IMG_5798-1536x1536.jpg 1536w, https:\/\/lydenim.com\/wp-content\/uploads\/2025\/03\/IMG_5798-2048x2048.jpg 2048w, https:\/\/lydenim.com\/wp-content\/uploads\/2025\/03\/IMG_5798-12x12.jpg 12w, https:\/\/lydenim.com\/wp-content\/uploads\/2025\/03\/IMG_5798-600x600.jpg 600w\" sizes=\"auto, (max-width: 600px) 100vw, 600px\" \/><\/p>\n<h3 class=\"\" data-start=\"1063\" data-end=\"1103\"><strong data-start=\"1067\" data-end=\"1101\"><a href=\"https:\/\/lydenim.com\/es\/?s=7705&amp;post_type=product\">Denim estampado y cepillado<\/a> Serie<\/strong><\/h3>\n<p class=\"\" data-start=\"1104\" data-end=\"1141\"><strong data-start=\"1104\" data-end=\"1141\">La textura suave se une al impacto gr\u00e1fico<\/strong><\/p>\n<p class=\"\" data-start=\"1143\" data-end=\"1324\">Combinando estampados llamativos con un acogedor interior cepillado, esta serie aporta calidez y un toque visual especial. Ideal para pantalones vaqueros creativos, chaquetas informales y prendas de temporada de oto\u00f1o\/invierno.<img loading=\"lazy\" decoding=\"async\" class=\"aligncenter wp-image-2902\" src=\"https:\/\/lydenim.com\/wp-content\/uploads\/2025\/01\/DSC08136-scaled.jpg\" alt=\"\" width=\"600\" height=\"600\" srcset=\"https:\/\/lydenim.com\/wp-content\/uploads\/2025\/01\/DSC08136-scaled.jpg 2560w, https:\/\/lydenim.com\/wp-content\/uploads\/2025\/01\/DSC08136-300x300.jpg 300w, https:\/\/lydenim.com\/wp-content\/uploads\/2025\/01\/DSC08136-150x150.jpg 150w, https:\/\/lydenim.com\/wp-content\/uploads\/2025\/01\/DSC08136-scaled-600x600.jpg 600w, https:\/\/lydenim.com\/wp-content\/uploads\/2025\/01\/DSC08136-1024x1024.jpg 1024w, https:\/\/lydenim.com\/wp-content\/uploads\/2025\/01\/DSC08136-768x768.jpg 768w, https:\/\/lydenim.com\/wp-content\/uploads\/2025\/01\/DSC08136-1536x1536.jpg 1536w, https:\/\/lydenim.com\/wp-content\/uploads\/2025\/01\/DSC08136-2048x2048.jpg 2048w, https:\/\/lydenim.com\/wp-content\/uploads\/2025\/01\/DSC08136-12x12.jpg 12w\" sizes=\"auto, (max-width: 600px) 100vw, 600px\" \/><\/p>\n<h3 class=\"\" data-start=\"1331\" data-end=\"1361\"><strong data-start=\"1335\" data-end=\"1359\"><a href=\"https:\/\/lydenim.com\/es\/?s=Flocked&amp;post_type=product\">Denim flocado<\/a> Serie<\/strong><\/h3>\n<p class=\"\" data-start=\"1362\" data-end=\"1401\"><strong data-start=\"1362\" data-end=\"1401\">Superficie aterciopelada con un toque urbano<\/strong><\/p>\n<p class=\"\" data-start=\"1403\" data-end=\"1577\">Con un suave acabado flocado, esta tela aporta profundidad y textura al denim. Perfecta para jeans de vanguardia, prendas de abrigo llamativas y colecciones de streetwear modernas.<img loading=\"lazy\" decoding=\"async\" class=\"aligncenter wp-image-4909\" src=\"https:\/\/lydenim.com\/wp-content\/uploads\/2025\/04\/IMG_6477.jpg\" alt=\"\" width=\"600\" height=\"600\" srcset=\"https:\/\/lydenim.com\/wp-content\/uploads\/2025\/04\/IMG_6477.jpg 2196w, https:\/\/lydenim.com\/wp-content\/uploads\/2025\/04\/IMG_6477-300x300.jpg 300w, https:\/\/lydenim.com\/wp-content\/uploads\/2025\/04\/IMG_6477-1024x1024.jpg 1024w, https:\/\/lydenim.com\/wp-content\/uploads\/2025\/04\/IMG_6477-150x150.jpg 150w, https:\/\/lydenim.com\/wp-content\/uploads\/2025\/04\/IMG_6477-768x768.jpg 768w, https:\/\/lydenim.com\/wp-content\/uploads\/2025\/04\/IMG_6477-1536x1536.jpg 1536w, https:\/\/lydenim.com\/wp-content\/uploads\/2025\/04\/IMG_6477-2048x2048.jpg 2048w, https:\/\/lydenim.com\/wp-content\/uploads\/2025\/04\/IMG_6477-12x12.jpg 12w, https:\/\/lydenim.com\/wp-content\/uploads\/2025\/04\/IMG_6477-600x600.jpg 600w\" sizes=\"auto, (max-width: 600px) 100vw, 600px\" \/><\/p>\n<h3 class=\"\" data-start=\"1584\" data-end=\"1613\"><strong data-start=\"1588\" data-end=\"1611\"><a href=\"https:\/\/lydenim.com\/es\/?s=Bonded Denim&amp;post_type=product\">Mezclilla adherida<\/a> Serie<\/strong><\/h3>\n<p class=\"\" data-start=\"1614\" data-end=\"1664\"><strong data-start=\"1614\" data-end=\"1664\">Construcci\u00f3n de doble capa para mayor funcionalidad y estilo<\/strong><\/p>\n<p class=\"\" data-start=\"1666\" data-end=\"1875\">El denim reforzado fusiona dos capas \u2014a menudo denim con forro polar, de punto o t\u00e9cnico\u2014 para mayor calidez, estructura y resistencia al viento. Ideal para jeans de invierno, chaquetas utilitarias y prendas de moda funcionales.<\/p>\n<h3 class=\"\" data-start=\"1787\" data-end=\"1818\"><strong data-start=\"1791\" data-end=\"1816\"><a href=\"https:\/\/lydenim.com\/es\/?s=Jacquard&amp;post_type=product\">Mezclilla jacquard<\/a> Serie<\/strong><\/h3>\n<p class=\"\" data-start=\"1819\" data-end=\"1859\"><strong data-start=\"1819\" data-end=\"1859\">Patrones intrincados, estilo elevado<\/strong><\/p>\n<p class=\"\" data-start=\"1861\" data-end=\"2145\">Tejido en una <a href=\"https:\/\/www.britannica.com\/technology\/jacquard-loom\">telar jacquard<\/a>Este denim incorpora motivos complejos en relieve directamente en la estructura del tejido. Sus patrones decorativos y su superficie texturizada lo hacen perfecto para jeans llamativos, chaquetas llamativas y colecciones de moda de alta gama que exigen tanto arte como durabilidad.<img loading=\"lazy\" decoding=\"async\" class=\"aligncenter wp-image-3669\" src=\"https:\/\/lydenim.com\/wp-content\/uploads\/2025\/02\/9T3A2728-scaled.jpg\" alt=\"\" width=\"600\" height=\"600\" srcset=\"https:\/\/lydenim.com\/wp-content\/uploads\/2025\/02\/9T3A2728-scaled.jpg 2560w, https:\/\/lydenim.com\/wp-content\/uploads\/2025\/02\/9T3A2728-300x300.jpg 300w, https:\/\/lydenim.com\/wp-content\/uploads\/2025\/02\/9T3A2728-1024x1024.jpg 1024w, https:\/\/lydenim.com\/wp-content\/uploads\/2025\/02\/9T3A2728-150x150.jpg 150w, https:\/\/lydenim.com\/wp-content\/uploads\/2025\/02\/9T3A2728-768x768.jpg 768w, https:\/\/lydenim.com\/wp-content\/uploads\/2025\/02\/9T3A2728-1536x1536.jpg 1536w, https:\/\/lydenim.com\/wp-content\/uploads\/2025\/02\/9T3A2728-2048x2048.jpg 2048w, https:\/\/lydenim.com\/wp-content\/uploads\/2025\/02\/9T3A2728-12x12.jpg 12w, https:\/\/lydenim.com\/wp-content\/uploads\/2025\/02\/9T3A2728-600x600.jpg 600w\" sizes=\"auto, (max-width: 600px) 100vw, 600px\" \/><\/p>\n<h2 class=\"\" data-start=\"5\" data-end=\"40\"><strong data-start=\"8\" data-end=\"38\">Personalizaci\u00f3n e innovaci\u00f3n<\/strong><\/h2>\n<p class=\"\" data-start=\"78\" data-end=\"430\">Lideramos la innovaci\u00f3n en denim, convirtiendo las \u00faltimas tendencias de pasarela en tejidos de alto rendimiento. Nuestro equipo interno de I+D desarrolla continuamente colecciones de temporada que combinan texturas de vanguardia, procesos ecol\u00f3gicos y dise\u00f1os vanguardistas, ofreciendo a las marcas una clara gu\u00eda hacia el denim contempor\u00e1neo que conecta con los consumidores amantes del estilo.<\/p>\n<p class=\"\" data-start=\"432\" data-end=\"877\">M\u00e1s all\u00e1 de telas que marcan tendencia, ofrecemos personalizaci\u00f3n integral en cada etapa de la producci\u00f3n. Desde la selecci\u00f3n de hilos base y par\u00e1metros de tejido hasta acabados especializados y una log\u00edstica optimizada, adaptamos cada paso a sus necesidades. Ya sea que necesite efectos de superficie a medida, perfiles el\u00e1sticos precisos o una combinaci\u00f3n de colores exacta, la flexibilidad y precisi\u00f3n t\u00e9cnica de nuestra f\u00e1brica nos convierten en el socio ideal para destacar en un mercado competitivo.<\/p>\n<h2 class=\"\" data-start=\"5\" data-end=\"48\"><strong data-start=\"8\" data-end=\"46\">Garant\u00eda de calidad y certificaciones<\/strong><\/h2>\n<p class=\"\" data-start=\"49\" data-end=\"60\">Ofrecemos una amplia selecci\u00f3n de materiales ecol\u00f3gicos y con certificaci\u00f3n industrial para cada proyecto. Ya sea que necesite... <a href=\"https:\/\/www.oeko-tex.com\/\">OEKO-TEX\u00ae<\/a>, <a href=\"https:\/\/www.textileexchange.org\/standards\/gr\/\">GRS (Est\u00e1ndar Global de Reciclaje)<\/a>, <a href=\"https:\/\/www.bluesign.com\/\">Bluesign\u00ae<\/a>u otras credenciales de sostenibilidad, podemos obtener y personalizar telas que cumplan con sus especificaciones exactas.<\/p>\n<p class=\"\" data-start=\"372\" data-end=\"864\">Para garantizar el cumplimiento de sus requisitos, implementamos rigurosas inspecciones en cada etapa de producci\u00f3n. Desde la verificaci\u00f3n de la materia prima entrante, pasando por el tejido y el acabado, hasta las pruebas del producto final, cada lote se eval\u00faa en funci\u00f3n de par\u00e1metros de rendimiento como la solidez del color, el encogimiento, la recuperaci\u00f3n de la elasticidad, la resistencia a la tracci\u00f3n y el tacto. Este minucioso proceso de control de calidad garantiza que las telas que recibe no solo cuenten con las certificaciones que exige, sino que tambi\u00e9n tengan un rendimiento fiable en el producto final.<img loading=\"lazy\" decoding=\"async\" class=\"aligncenter wp-image-5049\" src=\"https:\/\/lydenim.com\/wp-content\/uploads\/2025\/05\/\u8ba4\u8bc1-scaled.jpg\" alt=\"Certificar\" width=\"600\" height=\"53\" srcset=\"https:\/\/lydenim.com\/wp-content\/uploads\/2025\/05\/\u8ba4\u8bc1-scaled.jpg 2560w, https:\/\/lydenim.com\/wp-content\/uploads\/2025\/05\/\u8ba4\u8bc1-300x27.jpg 300w, https:\/\/lydenim.com\/wp-content\/uploads\/2025\/05\/\u8ba4\u8bc1-1024x91.jpg 1024w, https:\/\/lydenim.com\/wp-content\/uploads\/2025\/05\/\u8ba4\u8bc1-768x68.jpg 768w, https:\/\/lydenim.com\/wp-content\/uploads\/2025\/05\/\u8ba4\u8bc1-1536x136.jpg 1536w, https:\/\/lydenim.com\/wp-content\/uploads\/2025\/05\/\u8ba4\u8bc1-2048x182.jpg 2048w, https:\/\/lydenim.com\/wp-content\/uploads\/2025\/05\/\u8ba4\u8bc1-18x2.jpg 18w, https:\/\/lydenim.com\/wp-content\/uploads\/2025\/05\/\u8ba4\u8bc1-600x53.jpg 600w, https:\/\/lydenim.com\/wp-content\/uploads\/2025\/05\/\u8ba4\u8bc1-150x13.jpg 150w\" sizes=\"auto, (max-width: 600px) 100vw, 600px\" \/><\/p>\n<h2><strong>Conclusi\u00f3n<\/strong><\/h2>\n<p>Elegir tela vaquera de alta calidad para jeans es esencial para crear prendas que ofrezcan durabilidad y estilo. La tela vaquera premium no solo mejora la comodidad y el ajuste de los jeans, sino que tambi\u00e9n garantiza su resistencia al paso del tiempo, lo que la convierte en una inversi\u00f3n inteligente tanto para dise\u00f1adores como para consumidores. Con la tela adecuada, los jeans pueden mantener su forma, resistir la decoloraci\u00f3n y seguir siendo un b\u00e1sico de armario durante a\u00f1os.<\/p>\n<h2 dir=\"auto\">Servicios de personalizaci\u00f3n de LYDENIM<\/h2>\n<p dir=\"auto\">\ud83c\udfa8 Quiero <strong>telas de mezclilla personalizadas<\/strong> o\u00a0 <strong>\u00fanico<\/strong> <strong>prenda de mezclilla personalizada<\/strong>?LYDENIM se especializa en soluciones a medida para satisfacer sus necesidades de dise\u00f1o y producci\u00f3n.<\/p>\n<p dir=\"auto\">\ud83d\udecd\ufe0f <strong>Explora e insp\u00edrate<\/strong>:Explore nuestra selecci\u00f3n de telas y descubra ideas de dise\u00f1o en <a href=\"https:\/\/lydenim.com\/es\/\" target=\"_blank\" rel=\"noopener noreferrer nofollow\">LYDenim<\/a>.<\/p>\n<p dir=\"auto\">\ud83c\udf10 <strong>Ropa el\u00e1stica<\/strong>:Consulta nuestras ofertas en <a href=\"http:\/\/liangyuantextile.m.en.alibaba.com\" target=\"_blank\" rel=\"noopener noreferrer nofollow\">Mi Alibaba<\/a>. \ud83d\udce9 <strong>Contacto<\/strong>:Comun\u00edquese con nosotros en <a href=\"mailto:malone@lydenim.com\" target=\"_blank\" rel=\"noopener noreferrer nofollow\">malone@lydenim.com<\/a>.<\/p>\n<p dir=\"auto\">Crea tu obra maestra en denim con LYDENIM, tu socio de confianza para <strong>tejido el\u00e1stico<\/strong> y <strong>soluciones de mezclilla personalizadas<\/strong>.<\/p>","protected":false},"excerpt":{"rendered":"<p>Tiempo estimado de lectura: ~4 minutos Introducci\u00f3n Cuando se trata de confeccionar jeans que sean duraderos y elegantes, la calidad<\/p>","protected":false},"author":1,"featured_media":5057,"comment_status":"open","ping_status":"open","sticky":false,"template":"","format":"standard","meta":{"two_page_speed":[],"footnotes":""},"categories":[67],"tags":[],"class_list":["post-5052","post","type-post","status-publish","format-standard","has-post-thumbnail","hentry","category-market"],"aioseo_notices":[],"_links":{"self":[{"href":"https:\/\/lydenim.com\/es\/wp-json\/wp\/v2\/posts\/5052","targetHints":{"allow":["GET"]}}],"collection":[{"href":"https:\/\/lydenim.com\/es\/wp-json\/wp\/v2\/posts"}],"about":[{"href":"https:\/\/lydenim.com\/es\/wp-json\/wp\/v2\/types\/post"}],"author":[{"embeddable":true,"href":"https:\/\/lydenim.com\/es\/wp-json\/wp\/v2\/users\/1"}],"replies":[{"embeddable":true,"href":"https:\/\/lydenim.com\/es\/wp-json\/wp\/v2\/comments?post=5052"}],"version-history":[{"count":3,"href":"https:\/\/lydenim.com\/es\/wp-json\/wp\/v2\/posts\/5052\/revisions"}],"predecessor-version":[{"id":6296,"href":"https:\/\/lydenim.com\/es\/wp-json\/wp\/v2\/posts\/5052\/revisions\/6296"}],"wp:featuredmedia":[{"embeddable":true,"href":"https:\/\/lydenim.com\/es\/wp-json\/wp\/v2\/media\/5057"}],"wp:attachment":[{"href":"https:\/\/lydenim.com\/es\/wp-json\/wp\/v2\/media?parent=5052"}],"wp:term":[{"taxonomy":"category","embeddable":true,"href":"https:\/\/lydenim.com\/es\/wp-json\/wp\/v2\/categories?post=5052"},{"taxonomy":"post_tag","embeddable":true,"href":"https:\/\/lydenim.com\/es\/wp-json\/wp\/v2\/tags?post=5052"}],"curies":[{"name":"wp","href":"https:\/\/api.w.org\/{rel}","templated":true}]}}