{"id":5060,"date":"2025-05-12T11:29:02","date_gmt":"2025-05-12T03:29:02","guid":{"rendered":"https:\/\/lydenim.com\/?p=5060"},"modified":"2025-08-24T13:07:18","modified_gmt":"2025-08-24T05:07:18","slug":"denim-trends-for-summer-2025-which-ones-your-favorite","status":"publish","type":"post","link":"https:\/\/lydenim.com\/es\/tendencias-de-mezclilla-para-el-verano-2025-cuales-son-tus-favoritas\/","title":{"rendered":"Tendencias de mezclilla para el verano 2025: \u00bfcu\u00e1l es tu favorita?"},"content":{"rendered":"<h3 data-pm-slice=\"1 1 []\">Tiempo estimado de lectura: ~6 minutos<\/h3>\n<h3 style=\"text-align: left;\" data-pm-slice=\"1 1 []\">Introducci\u00f3n<\/h3>\n<p class=\"\" data-start=\"0\" data-end=\"444\">Las tendencias denim de Primavera\/Verano 2025 han llegado con sigilo. Con la suave brisa veraniega que recorre las calles, solo necesitas unos vaqueros de tiro alto y pierna ancha, o unos vaqueros a medida hechos a tu medida, para destacar sin esfuerzo. Esta temporada, se unen dos estilos principales: el encanto de inspiraci\u00f3n retro y el dise\u00f1o minimalista moderno. El resultado es una variedad de siluetas que priorizan la comodidad y la funcionalidad.<\/p>\n<p class=\"\" data-start=\"446\" data-end=\"615\">Los expertos en moda se sienten especialmente atra\u00eddos por los jeans holgados de pierna ancha, pierna recta y acampanados: estilos vers\u00e1tiles que se adaptan perfectamente desde la ropa de oficina hasta salidas informales.<\/p>\n<p class=\"\" data-start=\"617\" data-end=\"754\">En este art\u00edculo, analizaremos algunos de los estilos de mezclilla m\u00e1s populares de la temporada para ayudarte a vestir con confianza y facilidad en la ciudad.<\/p>\n<p data-start=\"617\" data-end=\"754\"><img loading=\"lazy\" decoding=\"async\" class=\"aligncenter wp-image-5061\" src=\"https:\/\/lydenim.com\/wp-content\/uploads\/2025\/05\/Denim-Trends-for-Summer-2025-pic2.webp\" alt=\"\" width=\"600\" height=\"899\" srcset=\"https:\/\/lydenim.com\/wp-content\/uploads\/2025\/05\/Denim-Trends-for-Summer-2025-pic2.webp 1080w, https:\/\/lydenim.com\/wp-content\/uploads\/2025\/05\/Denim-Trends-for-Summer-2025-pic2-200x300.webp 200w, https:\/\/lydenim.com\/wp-content\/uploads\/2025\/05\/Denim-Trends-for-Summer-2025-pic2-684x1024.webp 684w, https:\/\/lydenim.com\/wp-content\/uploads\/2025\/05\/Denim-Trends-for-Summer-2025-pic2-768x1151.webp 768w, https:\/\/lydenim.com\/wp-content\/uploads\/2025\/05\/Denim-Trends-for-Summer-2025-pic2-1025x1536.webp 1025w, https:\/\/lydenim.com\/wp-content\/uploads\/2025\/05\/Denim-Trends-for-Summer-2025-pic2-8x12.webp 8w, https:\/\/lydenim.com\/wp-content\/uploads\/2025\/05\/Denim-Trends-for-Summer-2025-pic2-600x899.webp 600w, https:\/\/lydenim.com\/wp-content\/uploads\/2025\/05\/Denim-Trends-for-Summer-2025-pic2-150x225.webp 150w\" sizes=\"auto, (max-width: 600px) 100vw, 600px\" \/><\/p>\n<p data-start=\"617\" data-end=\"754\">Sin embargo, si buscas un look relajado pero elegante con combinaciones de vestuario sencillas, unos jeans de corte limpio y estructurado pueden marcar la diferencia. Estos b\u00e1sicos de mezclilla realzan tu estilo y presencia sin esforzarte demasiado, a\u00f1adiendo un toque de sofisticaci\u00f3n a la vez que disimulan con habilidad cualquier imperfecci\u00f3n en tus piernas. Con la llegada del verano, los dise\u00f1adores combinan telas ligeras con mezclilla para abordar los problemas comunes de calor y transpirabilidad, asegurando que estilo y comodidad vayan de la mano.<\/p>\n<p data-start=\"617\" data-end=\"754\"><img loading=\"lazy\" decoding=\"async\" class=\"aligncenter wp-image-5062\" src=\"https:\/\/lydenim.com\/wp-content\/uploads\/2025\/05\/Denim-Trends-for-Summer-2025.webp\" alt=\"\" width=\"600\" height=\"899\" srcset=\"https:\/\/lydenim.com\/wp-content\/uploads\/2025\/05\/Denim-Trends-for-Summer-2025.webp 1080w, https:\/\/lydenim.com\/wp-content\/uploads\/2025\/05\/Denim-Trends-for-Summer-2025-200x300.webp 200w, https:\/\/lydenim.com\/wp-content\/uploads\/2025\/05\/Denim-Trends-for-Summer-2025-684x1024.webp 684w, https:\/\/lydenim.com\/wp-content\/uploads\/2025\/05\/Denim-Trends-for-Summer-2025-768x1151.webp 768w, https:\/\/lydenim.com\/wp-content\/uploads\/2025\/05\/Denim-Trends-for-Summer-2025-1025x1536.webp 1025w, https:\/\/lydenim.com\/wp-content\/uploads\/2025\/05\/Denim-Trends-for-Summer-2025-8x12.webp 8w, https:\/\/lydenim.com\/wp-content\/uploads\/2025\/05\/Denim-Trends-for-Summer-2025-600x899.webp 600w, https:\/\/lydenim.com\/wp-content\/uploads\/2025\/05\/Denim-Trends-for-Summer-2025-150x225.webp 150w\" sizes=\"auto, (max-width: 600px) 100vw, 600px\" \/><\/p>\n<h3><strong>1. <a href=\"https:\/\/www.alibaba.com\/product-detail\/High-Quality-HIGH-STREET-Design-Denim_1601198443522.html?spm=a2700.details.you_may_like.9.48bb7ba8dBUFeK\">Vaqueros de pierna ancha<\/a><\/strong><\/h3>\n<p>Si bien las siluetas de pantalones de tendencia suelen rotar en popularidad, <em data-start=\"60\" data-end=\"76\">jeans de pierna ancha<\/em> Se han consolidado como un favorito indiscutible. Con un corte holgado pero no holgado, este estilo favorece la figura alargando las piernas y creando una silueta estilizada y alta. Al mismo tiempo, combina a la perfecci\u00f3n una est\u00e9tica de g\u00e9nero neutro con un aire retro-casual, lo que lo convierte en una opci\u00f3n destacada para quienes buscan la moda.<img loading=\"lazy\" decoding=\"async\" class=\"aligncenter wp-image-5064\" src=\"https:\/\/lydenim.com\/wp-content\/uploads\/2025\/05\/Wide-leg-jeans.jpg\" alt=\"\" width=\"600\" height=\"421\" srcset=\"https:\/\/lydenim.com\/wp-content\/uploads\/2025\/05\/Wide-leg-jeans.jpg 1220w, https:\/\/lydenim.com\/wp-content\/uploads\/2025\/05\/Wide-leg-jeans-300x210.jpg 300w, https:\/\/lydenim.com\/wp-content\/uploads\/2025\/05\/Wide-leg-jeans-1024x718.jpg 1024w, https:\/\/lydenim.com\/wp-content\/uploads\/2025\/05\/Wide-leg-jeans-768x539.jpg 768w, https:\/\/lydenim.com\/wp-content\/uploads\/2025\/05\/Wide-leg-jeans-18x12.jpg 18w, https:\/\/lydenim.com\/wp-content\/uploads\/2025\/05\/Wide-leg-jeans-600x421.jpg 600w, https:\/\/lydenim.com\/wp-content\/uploads\/2025\/05\/Wide-leg-jeans-150x105.jpg 150w\" sizes=\"auto, (max-width: 600px) 100vw, 600px\" \/><\/p>\n<p>En la escena de la moda actual, <em data-start=\"26\" data-end=\"55\">El estilo casual reina supremo<\/em>Y nada logra el look como combinar unos vaqueros vers\u00e1tiles y favorecedores con unas zapatillas deportivas. Esta sencilla combinaci\u00f3n transmite un fuerte aire retro de &quot;estilo pap\u00e1&quot; con una actitud relajada y moderna que transmite confianza y estilo a cada paso.<img loading=\"lazy\" decoding=\"async\" class=\"aligncenter wp-image-5063\" src=\"https:\/\/lydenim.com\/wp-content\/uploads\/2025\/05\/Wide-leg-jeans-pic2.jpg\" alt=\"\" width=\"600\" height=\"833\" srcset=\"https:\/\/lydenim.com\/wp-content\/uploads\/2025\/05\/Wide-leg-jeans-pic2.jpg 684w, https:\/\/lydenim.com\/wp-content\/uploads\/2025\/05\/Wide-leg-jeans-pic2-216x300.jpg 216w, https:\/\/lydenim.com\/wp-content\/uploads\/2025\/05\/Wide-leg-jeans-pic2-9x12.jpg 9w, https:\/\/lydenim.com\/wp-content\/uploads\/2025\/05\/Wide-leg-jeans-pic2-600x833.jpg 600w, https:\/\/lydenim.com\/wp-content\/uploads\/2025\/05\/Wide-leg-jeans-pic2-150x208.jpg 150w\" sizes=\"auto, (max-width: 600px) 100vw, 600px\" \/><\/p>\n<p>Si buscas un estilo fresco y juvenil este verano, la combinaci\u00f3n de un top corto y vaqueros anchos es tu f\u00f3rmula ideal. Esta combinaci\u00f3n no solo suaviza la percepci\u00f3n de la edad con su est\u00e9tica dulce y moderna, sino que tambi\u00e9n crea una favorecedora silueta de &quot;corto arriba, largo abajo&quot;. \u00bfEl resultado? Un look relajado pero atractivo que combina un encanto natural con una energ\u00eda audaz y segura: un estilo irresistible con un atractivo realmente excepcional.<img loading=\"lazy\" decoding=\"async\" class=\"aligncenter wp-image-5065\" src=\"https:\/\/lydenim.com\/wp-content\/uploads\/2025\/05\/\u9614\u817f\u88e43.jpg\" alt=\"\" width=\"600\" height=\"436\" srcset=\"https:\/\/lydenim.com\/wp-content\/uploads\/2025\/05\/\u9614\u817f\u88e43.jpg 680w, https:\/\/lydenim.com\/wp-content\/uploads\/2025\/05\/\u9614\u817f\u88e43-300x218.jpg 300w, https:\/\/lydenim.com\/wp-content\/uploads\/2025\/05\/\u9614\u817f\u88e43-18x12.jpg 18w, https:\/\/lydenim.com\/wp-content\/uploads\/2025\/05\/\u9614\u817f\u88e43-600x436.jpg 600w, https:\/\/lydenim.com\/wp-content\/uploads\/2025\/05\/\u9614\u817f\u88e43-150x109.jpg 150w\" sizes=\"auto, (max-width: 600px) 100vw, 600px\" \/><\/p>\n<p>Combinando atrevidos pero elegantes <em data-start=\"25\" data-end=\"41\">jeans de pierna ancha<\/em> Con sandalias de tiras o chanclas informales, se logra el equilibrio perfecto entre la despreocupaci\u00f3n y la feminidad refinada. Esta combinaci\u00f3n chic y natural irradia desenfado y elegancia, ideal para lucir elegante y fresca todo el verano.<img loading=\"lazy\" decoding=\"async\" class=\"aligncenter wp-image-5066\" src=\"https:\/\/lydenim.com\/wp-content\/uploads\/2025\/05\/\u9614\u817f\u88e44.jpg\" alt=\"\" width=\"600\" height=\"428\" srcset=\"https:\/\/lydenim.com\/wp-content\/uploads\/2025\/05\/\u9614\u817f\u88e44.jpg 664w, https:\/\/lydenim.com\/wp-content\/uploads\/2025\/05\/\u9614\u817f\u88e44-300x214.jpg 300w, https:\/\/lydenim.com\/wp-content\/uploads\/2025\/05\/\u9614\u817f\u88e44-18x12.jpg 18w, https:\/\/lydenim.com\/wp-content\/uploads\/2025\/05\/\u9614\u817f\u88e44-600x428.jpg 600w, https:\/\/lydenim.com\/wp-content\/uploads\/2025\/05\/\u9614\u817f\u88e44-150x107.jpg 150w\" sizes=\"auto, (max-width: 600px) 100vw, 600px\" \/><\/p>\n<p>Incluso combinados con tops asim\u00e9tricos o delicados tejidos de encaje, los jeans de pierna ancha conservan su estructura y estilo caracter\u00edsticos, ofreciendo el equilibrio perfecto con elementos m\u00e1s suaves. C\u00e1mbialos por unos mocasines o unos oxfords y tu atuendo llamar\u00e1 la atenci\u00f3n al instante, con un look elegante y moderno que llamar\u00e1 la atenci\u00f3n con su estilo natural.<img loading=\"lazy\" decoding=\"async\" class=\"aligncenter wp-image-5067\" src=\"https:\/\/lydenim.com\/wp-content\/uploads\/2025\/05\/\u9614\u817f\u88e45.jpg\" alt=\"\" width=\"600\" height=\"450\" srcset=\"https:\/\/lydenim.com\/wp-content\/uploads\/2025\/05\/\u9614\u817f\u88e45.jpg 662w, https:\/\/lydenim.com\/wp-content\/uploads\/2025\/05\/\u9614\u817f\u88e45-300x225.jpg 300w, https:\/\/lydenim.com\/wp-content\/uploads\/2025\/05\/\u9614\u817f\u88e45-16x12.jpg 16w, https:\/\/lydenim.com\/wp-content\/uploads\/2025\/05\/\u9614\u817f\u88e45-600x450.jpg 600w, https:\/\/lydenim.com\/wp-content\/uploads\/2025\/05\/\u9614\u817f\u88e45-150x112.jpg 150w\" sizes=\"auto, (max-width: 600px) 100vw, 600px\" \/><\/p>\n<p>Los jeans de pierna ancha combinados con una blusa o camisa liviana constituyen una de las combinaciones de atuendos m\u00e1s comunes y pr\u00e1cticas: simples, transpirables y elegantes para el uso diario.<img loading=\"lazy\" decoding=\"async\" class=\"aligncenter wp-image-5068\" src=\"https:\/\/lydenim.com\/wp-content\/uploads\/2025\/05\/\u9614\u817f\u88e46.jpg\" alt=\"\" width=\"600\" height=\"439\" srcset=\"https:\/\/lydenim.com\/wp-content\/uploads\/2025\/05\/\u9614\u817f\u88e46.jpg 640w, https:\/\/lydenim.com\/wp-content\/uploads\/2025\/05\/\u9614\u817f\u88e46-300x219.jpg 300w, https:\/\/lydenim.com\/wp-content\/uploads\/2025\/05\/\u9614\u817f\u88e46-16x12.jpg 16w, https:\/\/lydenim.com\/wp-content\/uploads\/2025\/05\/\u9614\u817f\u88e46-600x439.jpg 600w, https:\/\/lydenim.com\/wp-content\/uploads\/2025\/05\/\u9614\u817f\u88e46-150x110.jpg 150w\" sizes=\"auto, (max-width: 600px) 100vw, 600px\" \/><\/p>\n<h3><strong>2. <a href=\"https:\/\/www.alibaba.com\/product-detail\/2024-High-Quality-Custom-Ladies-Fashion_1601158826157.html?spm=a2700.shop_plser.41413.4.61db5a42chyBF9\">Vaqueros con dobladillo doblado<\/a><\/strong><\/h3>\n<p>Como un b\u00e1sico de moda entre los b\u00e1sicos del guardarropa, si buscas destacar entre el mar de jeans comunes y al mismo tiempo abrazar su versatilidad atemporal, <em data-start=\"154\" data-end=\"168\">vaqueros con dobladillo<\/em> Son la opci\u00f3n ideal. Con detalles cuidados en el dobladillo, ofrecen un toque refrescante, llamativo y a la vez vanguardista, igual de dulce o atrevido, seg\u00fan c\u00f3mo los combines. Un imprescindible con un encanto infinito.<img loading=\"lazy\" decoding=\"async\" class=\"aligncenter wp-image-5069\" src=\"https:\/\/lydenim.com\/wp-content\/uploads\/2025\/05\/Cuffed-Hem-Jeans-1.jpg\" alt=\"\" width=\"600\" height=\"436\" srcset=\"https:\/\/lydenim.com\/wp-content\/uploads\/2025\/05\/Cuffed-Hem-Jeans-1.jpg 674w, https:\/\/lydenim.com\/wp-content\/uploads\/2025\/05\/Cuffed-Hem-Jeans-1-300x218.jpg 300w, https:\/\/lydenim.com\/wp-content\/uploads\/2025\/05\/Cuffed-Hem-Jeans-1-18x12.jpg 18w, https:\/\/lydenim.com\/wp-content\/uploads\/2025\/05\/Cuffed-Hem-Jeans-1-600x436.jpg 600w, https:\/\/lydenim.com\/wp-content\/uploads\/2025\/05\/Cuffed-Hem-Jeans-1-150x109.jpg 150w\" sizes=\"auto, (max-width: 600px) 100vw, 600px\" \/><\/p>\n<p>Los jeans con dobladillo no solo a\u00f1aden capas visuales a tu atuendo, sino que tambi\u00e9n transforman sutilmente los pantalones largos en una elegante silueta 9\/10 que roza los tobillos. Este peque\u00f1o truco de estilo tiene un gran impacto: estiliza la figura y ofrece versatilidad. Ya sea para ir al trabajo o para salir por el d\u00eda, realzan tu confianza y encanto sin esfuerzo, demostrando que incluso los looks para ir al trabajo pueden ser impresionantes sin renunciar a nada.<img loading=\"lazy\" decoding=\"async\" class=\"aligncenter wp-image-5070\" src=\"https:\/\/lydenim.com\/wp-content\/uploads\/2025\/05\/Cuffed-Hem-Jeans-2.jpg\" alt=\"\" width=\"600\" height=\"843\" srcset=\"https:\/\/lydenim.com\/wp-content\/uploads\/2025\/05\/Cuffed-Hem-Jeans-2.jpg 676w, https:\/\/lydenim.com\/wp-content\/uploads\/2025\/05\/Cuffed-Hem-Jeans-2-213x300.jpg 213w, https:\/\/lydenim.com\/wp-content\/uploads\/2025\/05\/Cuffed-Hem-Jeans-2-9x12.jpg 9w, https:\/\/lydenim.com\/wp-content\/uploads\/2025\/05\/Cuffed-Hem-Jeans-2-600x843.jpg 600w, https:\/\/lydenim.com\/wp-content\/uploads\/2025\/05\/Cuffed-Hem-Jeans-2-150x211.jpg 150w\" sizes=\"auto, (max-width: 600px) 100vw, 600px\" \/><\/p>\n<p>Especialmente en primavera y verano, combinar unos vaqueros con dobladillo y una camiseta puede transformarse f\u00e1cilmente de un look juvenil y divertido a uno elegante y sofisticado. Aunque ambas prendas son b\u00e1sicos cl\u00e1sicos, crean looks urbanos muy diferentes, demostrando su versatilidad y atractivo atemporal.<img loading=\"lazy\" decoding=\"async\" class=\"aligncenter wp-image-5071\" src=\"https:\/\/lydenim.com\/wp-content\/uploads\/2025\/05\/Cuffed-Hem-Jeans-3.jpg\" alt=\"\" width=\"600\" height=\"432\" srcset=\"https:\/\/lydenim.com\/wp-content\/uploads\/2025\/05\/Cuffed-Hem-Jeans-3.jpg 678w, https:\/\/lydenim.com\/wp-content\/uploads\/2025\/05\/Cuffed-Hem-Jeans-3-300x216.jpg 300w, https:\/\/lydenim.com\/wp-content\/uploads\/2025\/05\/Cuffed-Hem-Jeans-3-18x12.jpg 18w, https:\/\/lydenim.com\/wp-content\/uploads\/2025\/05\/Cuffed-Hem-Jeans-3-600x432.jpg 600w, https:\/\/lydenim.com\/wp-content\/uploads\/2025\/05\/Cuffed-Hem-Jeans-3-150x108.jpg 150w\" sizes=\"auto, (max-width: 600px) 100vw, 600px\" \/><\/p>\n<h3><strong>3. <a href=\"https:\/\/liangyuantextile.m.en.alibaba.com\/productgrouplist-940152605-1\/Women_s_jeans.html?filter=all&amp;spm=a2700.shop_plser.41413.dbtmnavgo\">Vaqueros con dobladillo sin rematar<\/a><\/strong><\/h3>\n<p>Como prenda esencial para todo el a\u00f1o, los jeans pueden parecer b\u00e1sicos, pero su poder de estilo es todo lo contrario. Entre los estilos m\u00e1s buscados para 2025, <em data-start=\"143\" data-end=\"171\">vaqueros con dobladillo sin rematar o \u201ccortados\u201d<\/em> Son el centro de atenci\u00f3n. Con sus bordes deshilachados de forma informal, estos jeans aportan el toque justo de estilo y personalidad, convirti\u00e9ndolos en una prenda destacada en cualquier armario moderno.<img loading=\"lazy\" decoding=\"async\" class=\"aligncenter wp-image-5075\" src=\"https:\/\/lydenim.com\/wp-content\/uploads\/2025\/05\/Raw-Hem-Jeans.jpg\" alt=\"\" width=\"600\" height=\"426\" srcset=\"https:\/\/lydenim.com\/wp-content\/uploads\/2025\/05\/Raw-Hem-Jeans.jpg 656w, https:\/\/lydenim.com\/wp-content\/uploads\/2025\/05\/Raw-Hem-Jeans-300x213.jpg 300w, https:\/\/lydenim.com\/wp-content\/uploads\/2025\/05\/Raw-Hem-Jeans-18x12.jpg 18w, https:\/\/lydenim.com\/wp-content\/uploads\/2025\/05\/Raw-Hem-Jeans-600x426.jpg 600w, https:\/\/lydenim.com\/wp-content\/uploads\/2025\/05\/Raw-Hem-Jeans-150x107.jpg 150w\" sizes=\"auto, (max-width: 600px) 100vw, 600px\" \/><\/p>\n<p class=\"\" data-start=\"80\" data-end=\"511\">Entre las tendencias de mezclilla m\u00e1s populares de 2025, los jeans con dobladillo sin rematar, a menudo llamados jeans &quot;cut-off&quot;, lideran el mercado. Con sus bordes deshilachados intencionalmente y su aspecto inacabado, aportan una sensaci\u00f3n de frescura natural e individualidad incluso a los conjuntos m\u00e1s sencillos. Ya sea con tacones para una combinaci\u00f3n de cortes altos y bajos o con zapatillas para un estilo relajado, los jeans con dobladillo sin rematar logran el equilibrio perfecto entre rebeld\u00eda y refinamiento.<img loading=\"lazy\" decoding=\"async\" class=\"aligncenter wp-image-5072\" src=\"https:\/\/lydenim.com\/wp-content\/uploads\/2025\/05\/Raw-Hem-Jeans-2.jpg\" alt=\"\" width=\"600\" height=\"432\" srcset=\"https:\/\/lydenim.com\/wp-content\/uploads\/2025\/05\/Raw-Hem-Jeans-2.jpg 656w, https:\/\/lydenim.com\/wp-content\/uploads\/2025\/05\/Raw-Hem-Jeans-2-300x216.jpg 300w, https:\/\/lydenim.com\/wp-content\/uploads\/2025\/05\/Raw-Hem-Jeans-2-18x12.jpg 18w, https:\/\/lydenim.com\/wp-content\/uploads\/2025\/05\/Raw-Hem-Jeans-2-600x432.jpg 600w, https:\/\/lydenim.com\/wp-content\/uploads\/2025\/05\/Raw-Hem-Jeans-2-150x108.jpg 150w\" sizes=\"auto, (max-width: 600px) 100vw, 600px\" \/><\/p>\n<p data-start=\"80\" data-end=\"511\">Si buscas agregar un toque de estilo vintage y divertido a un atuendo minimalista de chica cool, combina <em data-start=\"101\" data-end=\"116\">vaqueros con dobladillo sin rematar<\/em> Con una camisola o una blusa elegante, el resultado es inmediato. Esta sencilla combinaci\u00f3n combina el encanto retro con un toque moderno, ideal para destacar con un toque chic y sobrio.<img loading=\"lazy\" decoding=\"async\" class=\"aligncenter wp-image-5073\" src=\"https:\/\/lydenim.com\/wp-content\/uploads\/2025\/05\/Raw-Hem-Jeans-3.jpg\" alt=\"\" width=\"600\" height=\"857\" srcset=\"https:\/\/lydenim.com\/wp-content\/uploads\/2025\/05\/Raw-Hem-Jeans-3.jpg 648w, https:\/\/lydenim.com\/wp-content\/uploads\/2025\/05\/Raw-Hem-Jeans-3-210x300.jpg 210w, https:\/\/lydenim.com\/wp-content\/uploads\/2025\/05\/Raw-Hem-Jeans-3-8x12.jpg 8w, https:\/\/lydenim.com\/wp-content\/uploads\/2025\/05\/Raw-Hem-Jeans-3-600x857.jpg 600w, https:\/\/lydenim.com\/wp-content\/uploads\/2025\/05\/Raw-Hem-Jeans-3-150x214.jpg 150w\" sizes=\"auto, (max-width: 600px) 100vw, 600px\" \/><\/p>\n<p data-start=\"80\" data-end=\"511\">En pleno verano, combinar una blusa con hombros descubiertos con unos vaqueros sin rematar logra el equilibrio perfecto entre una feminidad rom\u00e1ntica y una sofisticaci\u00f3n natural. <em data-start=\"167\" data-end=\"178\">f\u00e1cil y elegante<\/em> Esta combinaci\u00f3n combina un encanto suave con un estilo relajado y refinado, ideal para los d\u00edas c\u00e1lidos en los que quieres lucir elegante sin esforzarte demasiado.<img loading=\"lazy\" decoding=\"async\" class=\"aligncenter wp-image-5074\" src=\"https:\/\/lydenim.com\/wp-content\/uploads\/2025\/05\/Raw-Hem-Jeans-4.jpg\" alt=\"\" width=\"600\" height=\"418\" srcset=\"https:\/\/lydenim.com\/wp-content\/uploads\/2025\/05\/Raw-Hem-Jeans-4.jpg 646w, https:\/\/lydenim.com\/wp-content\/uploads\/2025\/05\/Raw-Hem-Jeans-4-300x209.jpg 300w, https:\/\/lydenim.com\/wp-content\/uploads\/2025\/05\/Raw-Hem-Jeans-4-18x12.jpg 18w, https:\/\/lydenim.com\/wp-content\/uploads\/2025\/05\/Raw-Hem-Jeans-4-600x418.jpg 600w, https:\/\/lydenim.com\/wp-content\/uploads\/2025\/05\/Raw-Hem-Jeans-4-150x104.jpg 150w\" sizes=\"auto, (max-width: 600px) 100vw, 600px\" \/><\/p>\n<h3><strong>4. <a href=\"https:\/\/www.alibaba.com\/product-detail\/European-American-New-Casual-High-Loose_1601408156648.html?spm=a2700.shop_plser.41413.19.30ed353bvqRqFi\">Vaqueros de pierna recta<\/a><\/strong><\/h3>\n<p>Cuando se trata de jeans favorecedores y de alto estilo en el mundo de las tendencias, <em data-start=\"66\" data-end=\"86\">jeans de pierna recta<\/em> Son un cl\u00e1sico indiscutible. Con un ancho uniforme desde la cadera hasta el bajo, son ideales para todo tipo de piernas, creando una silueta suave y alargada que luce impecable desde lejos. Con una combinaci\u00f3n perfecta de elegancia, frescura y un encanto relajado, son f\u00e1ciles de combinar y quedan bien a casi todo el mundo. Cuanto m\u00e1s vintage, m\u00e1s atemporales: un par perfecto basta para conquistar cualquier momento de street style.<img loading=\"lazy\" decoding=\"async\" class=\"aligncenter wp-image-5079\" src=\"https:\/\/lydenim.com\/wp-content\/uploads\/2025\/05\/Straight-Leg-Jeans.jpg\" alt=\"\" width=\"600\" height=\"423\" srcset=\"https:\/\/lydenim.com\/wp-content\/uploads\/2025\/05\/Straight-Leg-Jeans.jpg 650w, https:\/\/lydenim.com\/wp-content\/uploads\/2025\/05\/Straight-Leg-Jeans-300x211.jpg 300w, https:\/\/lydenim.com\/wp-content\/uploads\/2025\/05\/Straight-Leg-Jeans-18x12.jpg 18w, https:\/\/lydenim.com\/wp-content\/uploads\/2025\/05\/Straight-Leg-Jeans-600x423.jpg 600w, https:\/\/lydenim.com\/wp-content\/uploads\/2025\/05\/Straight-Leg-Jeans-150x106.jpg 150w\" sizes=\"auto, (max-width: 600px) 100vw, 600px\" \/><\/p>\n<p>Como una de las prendas b\u00e1sicas por excelencia de cualquier armario, la camiseta cobra un valor mucho mayor al combinarla con vaqueros rectos, transform\u00e1ndose al instante en una herramienta poderosa para lucir tu estilo personal. Esta combinaci\u00f3n cl\u00e1sica ofrece un aire sofisticado y natural, y con el estilo adecuado, crea esa codiciada ilusi\u00f3n de &quot;piernas para todos los d\u00edas&quot; con una silueta elegante y alargada. \u00bfEl resultado? Un look fresco e innegablemente moderno.<img loading=\"lazy\" decoding=\"async\" class=\"aligncenter wp-image-5076\" src=\"https:\/\/lydenim.com\/wp-content\/uploads\/2025\/05\/Straight-Leg-Jeans-2.jpg\" alt=\"\" width=\"600\" height=\"427\" srcset=\"https:\/\/lydenim.com\/wp-content\/uploads\/2025\/05\/Straight-Leg-Jeans-2.jpg 652w, https:\/\/lydenim.com\/wp-content\/uploads\/2025\/05\/Straight-Leg-Jeans-2-300x213.jpg 300w, https:\/\/lydenim.com\/wp-content\/uploads\/2025\/05\/Straight-Leg-Jeans-2-18x12.jpg 18w, https:\/\/lydenim.com\/wp-content\/uploads\/2025\/05\/Straight-Leg-Jeans-2-600x427.jpg 600w, https:\/\/lydenim.com\/wp-content\/uploads\/2025\/05\/Straight-Leg-Jeans-2-150x107.jpg 150w\" sizes=\"auto, (max-width: 600px) 100vw, 600px\" \/><\/p>\n<p>Si te vistes para el verano con una camisola como prenda preferida, <em data-start=\"64\" data-end=\"84\">jeans de pierna recta<\/em> Ofrecen la silueta minimalista y estructurada perfecta para equilibrar la suavidad y el encanto del look. El resultado es todo menos ordinario: rom\u00e1ntico, refinado y con un estilo natural, lo que lo convierte en un atuendo destacado para los d\u00edas de verano.<img loading=\"lazy\" decoding=\"async\" class=\"aligncenter wp-image-5077\" src=\"https:\/\/lydenim.com\/wp-content\/uploads\/2025\/05\/Straight-Leg-Jeans-3.jpg\" alt=\"\" width=\"600\" height=\"852\" srcset=\"https:\/\/lydenim.com\/wp-content\/uploads\/2025\/05\/Straight-Leg-Jeans-3.jpg 648w, https:\/\/lydenim.com\/wp-content\/uploads\/2025\/05\/Straight-Leg-Jeans-3-211x300.jpg 211w, https:\/\/lydenim.com\/wp-content\/uploads\/2025\/05\/Straight-Leg-Jeans-3-8x12.jpg 8w, https:\/\/lydenim.com\/wp-content\/uploads\/2025\/05\/Straight-Leg-Jeans-3-600x852.jpg 600w, https:\/\/lydenim.com\/wp-content\/uploads\/2025\/05\/Straight-Leg-Jeans-3-150x213.jpg 150w\" sizes=\"auto, (max-width: 600px) 100vw, 600px\" \/><\/p>\n<p>Cuando no sabes qu\u00e9 ponerte para ir al trabajo o a diario, la combinaci\u00f3n chic y sencilla de una camisa abotonada y unos vaqueros rectos es la clave. Ya sea una camisa de lino fresca con una elegancia discreta o una blusa de sat\u00e9n con un toque de lujo, esta combinaci\u00f3n favorece a todo tipo de cuerpo, creando una silueta pulida y estilizada que luce elegante y elegante.<img loading=\"lazy\" decoding=\"async\" class=\"aligncenter wp-image-5078\" src=\"https:\/\/lydenim.com\/wp-content\/uploads\/2025\/05\/Straight-Leg-Jeans-4.jpg\" alt=\"\" width=\"600\" height=\"856\" srcset=\"https:\/\/lydenim.com\/wp-content\/uploads\/2025\/05\/Straight-Leg-Jeans-4.jpg 652w, https:\/\/lydenim.com\/wp-content\/uploads\/2025\/05\/Straight-Leg-Jeans-4-210x300.jpg 210w, https:\/\/lydenim.com\/wp-content\/uploads\/2025\/05\/Straight-Leg-Jeans-4-8x12.jpg 8w, https:\/\/lydenim.com\/wp-content\/uploads\/2025\/05\/Straight-Leg-Jeans-4-600x856.jpg 600w, https:\/\/lydenim.com\/wp-content\/uploads\/2025\/05\/Straight-Leg-Jeans-4-150x214.jpg 150w\" sizes=\"auto, (max-width: 600px) 100vw, 600px\" \/><\/p>\n<h3><strong>5. <a href=\"https:\/\/www.alibaba.com\/product-detail\/European-American-High-Waisted-Ripped-Jeans_1601426356638.html?spm=a2700.shop_plser.41413.4.31893efcONiKQF\">Vaqueros acampanados<\/a><\/strong><\/h3>\n<p>La ola de estilo vintage de inspiraci\u00f3n francesa y elegancia femenina que arrasa a mediados del verano debe gran parte de su encanto a <em data-start=\"120\" data-end=\"134\">vaqueros acampanados<\/em>Aunque han sido populares durante a\u00f1os, el mundo de la moda sigue fascinado por ellos. Especialmente en verano, al combinarlos con una bonita blusa o un top ajustado, los jeans acampanados destilan una irresistible mezcla de encanto y belleza: un look que llama la atenci\u00f3n y nunca pasa de moda.<img loading=\"lazy\" decoding=\"async\" class=\"aligncenter wp-image-5084\" src=\"https:\/\/lydenim.com\/wp-content\/uploads\/2025\/05\/Flared-Jeans.jpg\" alt=\"\" width=\"600\" height=\"1022\" srcset=\"https:\/\/lydenim.com\/wp-content\/uploads\/2025\/05\/Flared-Jeans.jpg 646w, https:\/\/lydenim.com\/wp-content\/uploads\/2025\/05\/Flared-Jeans-176x300.jpg 176w, https:\/\/lydenim.com\/wp-content\/uploads\/2025\/05\/Flared-Jeans-601x1024.jpg 601w, https:\/\/lydenim.com\/wp-content\/uploads\/2025\/05\/Flared-Jeans-7x12.jpg 7w, https:\/\/lydenim.com\/wp-content\/uploads\/2025\/05\/Flared-Jeans-600x1022.jpg 600w, https:\/\/lydenim.com\/wp-content\/uploads\/2025\/05\/Flared-Jeans-150x255.jpg 150w\" sizes=\"auto, (max-width: 600px) 100vw, 600px\" \/><\/p>\n<p>A diferencia de los estilos sutiles acampanados que dominaron en los \u00faltimos a\u00f1os, 2025 marca el audaz regreso de <em data-start=\"96\" data-end=\"133\">Vaqueros anchos de campana inspirados en los a\u00f1os 70<\/em>Con dram\u00e1ticos cortes acampanados y actitud vintage, estos pantalones llamativos canalizan toda la energ\u00eda retro, recuperando el glamour, la libertad y el estilo de esa era ic\u00f3nica con un toque moderno.<img loading=\"lazy\" decoding=\"async\" class=\"aligncenter wp-image-5080\" src=\"https:\/\/lydenim.com\/wp-content\/uploads\/2025\/05\/Flared-Jeans-2.jpg\" alt=\"\" width=\"600\" height=\"458\" srcset=\"https:\/\/lydenim.com\/wp-content\/uploads\/2025\/05\/Flared-Jeans-2.jpg 644w, https:\/\/lydenim.com\/wp-content\/uploads\/2025\/05\/Flared-Jeans-2-300x229.jpg 300w, https:\/\/lydenim.com\/wp-content\/uploads\/2025\/05\/Flared-Jeans-2-16x12.jpg 16w, https:\/\/lydenim.com\/wp-content\/uploads\/2025\/05\/Flared-Jeans-2-600x458.jpg 600w, https:\/\/lydenim.com\/wp-content\/uploads\/2025\/05\/Flared-Jeans-2-150x115.jpg 150w\" sizes=\"auto, (max-width: 600px) 100vw, 600px\" \/><\/p>\n<p>Estos <em data-start=\"6\" data-end=\"25\">vaqueros de campana<\/em> No solo dan vida al estilo retro moderno, sino que tambi\u00e9n crean la ilusi\u00f3n de piernas largas y estilizadas con cada paso. Su llamativo vuelo a\u00f1ade un encanto din\u00e1mico y vintage, haciendo que cada movimiento parezca un gui\u00f1o al glamuroso pasado, sin dejar de lucir fresco y a la moda.<img loading=\"lazy\" decoding=\"async\" class=\"aligncenter wp-image-5081\" src=\"https:\/\/lydenim.com\/wp-content\/uploads\/2025\/05\/Flared-Jeans-3.jpg\" alt=\"\" width=\"600\" height=\"450\" srcset=\"https:\/\/lydenim.com\/wp-content\/uploads\/2025\/05\/Flared-Jeans-3.jpg 650w, https:\/\/lydenim.com\/wp-content\/uploads\/2025\/05\/Flared-Jeans-3-300x225.jpg 300w, https:\/\/lydenim.com\/wp-content\/uploads\/2025\/05\/Flared-Jeans-3-16x12.jpg 16w, https:\/\/lydenim.com\/wp-content\/uploads\/2025\/05\/Flared-Jeans-3-600x450.jpg 600w, https:\/\/lydenim.com\/wp-content\/uploads\/2025\/05\/Flared-Jeans-3-150x113.jpg 150w\" sizes=\"auto, (max-width: 600px) 100vw, 600px\" \/><\/p>\n<p>El dise\u00f1o \u00fanico del dobladillo de <em data-start=\"25\" data-end=\"44\">vaqueros de campana<\/em>A diferencia de otros estilos de pantal\u00f3n, crea una silueta impactante que evoca un paseo por las calles de Par\u00eds. Combinada con una blusa anudada, esta combinaci\u00f3n irradia elegancia y un toque de audacia, combinando a la perfecci\u00f3n suavidad y fuerza para un look chic y femenino.<img loading=\"lazy\" decoding=\"async\" class=\"aligncenter wp-image-5082\" src=\"https:\/\/lydenim.com\/wp-content\/uploads\/2025\/05\/Flared-Jeans-4.jpg\" alt=\"\" width=\"600\" height=\"446\" srcset=\"https:\/\/lydenim.com\/wp-content\/uploads\/2025\/05\/Flared-Jeans-4.jpg 648w, https:\/\/lydenim.com\/wp-content\/uploads\/2025\/05\/Flared-Jeans-4-300x223.jpg 300w, https:\/\/lydenim.com\/wp-content\/uploads\/2025\/05\/Flared-Jeans-4-16x12.jpg 16w, https:\/\/lydenim.com\/wp-content\/uploads\/2025\/05\/Flared-Jeans-4-600x446.jpg 600w, https:\/\/lydenim.com\/wp-content\/uploads\/2025\/05\/Flared-Jeans-4-150x112.jpg 150w\" sizes=\"auto, (max-width: 600px) 100vw, 600px\" \/><\/p>\n<p>Emparejamiento <em data-start=\"8\" data-end=\"27\">vaqueros de campana<\/em> Con una camiseta, se siente completamente natural, combinando sin esfuerzo un aire campestre, rico y art\u00edstico, con un toque de desenfado y frescura. El resultado es un look lleno de personalidad y estilo, perfecto para tus desplazamientos diarios. Ya sea con sandalias o zapatos planos, esta combinaci\u00f3n realza tu encanto diario y te asegura destacar con una sofisticaci\u00f3n discreta.<img loading=\"lazy\" decoding=\"async\" class=\"aligncenter wp-image-5083\" src=\"https:\/\/lydenim.com\/wp-content\/uploads\/2025\/05\/Flared-Jeans-5.jpg\" alt=\"\" width=\"600\" height=\"865\" srcset=\"https:\/\/lydenim.com\/wp-content\/uploads\/2025\/05\/Flared-Jeans-5.jpg 634w, https:\/\/lydenim.com\/wp-content\/uploads\/2025\/05\/Flared-Jeans-5-208x300.jpg 208w, https:\/\/lydenim.com\/wp-content\/uploads\/2025\/05\/Flared-Jeans-5-8x12.jpg 8w, https:\/\/lydenim.com\/wp-content\/uploads\/2025\/05\/Flared-Jeans-5-600x865.jpg 600w, https:\/\/lydenim.com\/wp-content\/uploads\/2025\/05\/Flared-Jeans-5-150x216.jpg 150w\" sizes=\"auto, (max-width: 600px) 100vw, 600px\" \/><\/p>\n<p>\u00bfTe encantan las \u00faltimas tendencias de mezclilla de 2025? Si tienes ideas de dise\u00f1o \u00fanicas esperando a hacerse realidad, \u00a1el equipo de Lydenim est\u00e1 aqu\u00ed para ayudarte! Visita\u00a0<a href=\"https:\/\/lydenim.com\/es\/\" target=\"_blank\" rel=\"noopener noreferrer\">es.lydenim.com<\/a> o <a href=\"https:\/\/liangyuantextile.m.en.alibaba.com\/productgrouplist-940152605-1\/Women_s_jeans.html?filter=all&amp;spm=a2700.shop_plser.41413.dbtmnavgo\">LYDENIM<\/a> Env\u00edenos un correo electr\u00f3nico a <a href=\"https:\/\/mailto:malone@lydenim.com\/es\/\" target=\"_blank\" rel=\"noopener noreferrer\">malone@lydenim.com<\/a>\u00a0\u2013 \u00a1Creemos magia juntos!<\/p>\n<h3 dir=\"auto\">Servicios de personalizaci\u00f3n de LYDENIM<\/h3>\n<p dir=\"auto\">\ud83c\udfa8 Quiero <strong>telas de mezclilla personalizadas<\/strong> o\u00a0 <strong>\u00fanico<\/strong> <strong>prenda de mezclilla personalizada<\/strong>?LYDENIM se especializa en soluciones a medida para satisfacer sus necesidades de dise\u00f1o y producci\u00f3n.<\/p>\n<p dir=\"auto\">\ud83d\udecd\ufe0f <strong>Explora e insp\u00edrate<\/strong>:Explore nuestra selecci\u00f3n de telas y descubra ideas de dise\u00f1o en <a href=\"https:\/\/lydenim.com\/es\/\" target=\"_blank\" rel=\"noopener noreferrer nofollow\">LYDenim<\/a>.<\/p>\n<p dir=\"auto\">\ud83c\udf10 <strong>Ropa el\u00e1stica<\/strong>:Consulta nuestras ofertas en <a href=\"http:\/\/liangyuantextile.m.en.alibaba.com\" target=\"_blank\" rel=\"noopener noreferrer nofollow\">Mi Alibaba<\/a>. \ud83d\udce9 <strong>Contacto<\/strong>:Comun\u00edquese con nosotros en <a href=\"mailto:malone@lydenim.com\" target=\"_blank\" rel=\"noopener noreferrer nofollow\">malone@lydenim.com<\/a>.<\/p>\n<p dir=\"auto\">Crea tu obra maestra en denim con LYDENIM, tu socio de confianza para <strong>tejido el\u00e1stico<\/strong> y <strong>soluciones de mezclilla personalizadas<\/strong>.<\/p>","protected":false},"excerpt":{"rendered":"<p>Tiempo estimado de lectura: ~6 minutos Introducci\u00f3n Las tendencias de mezclilla de primavera\/verano 2025 han llegado silenciosamente. Con una suave brisa de verano<\/p>","protected":false},"author":1,"featured_media":5086,"comment_status":"open","ping_status":"open","sticky":false,"template":"","format":"standard","meta":{"two_page_speed":[],"footnotes":""},"categories":[67],"tags":[],"class_list":["post-5060","post","type-post","status-publish","format-standard","has-post-thumbnail","hentry","category-market"],"aioseo_notices":[],"_links":{"self":[{"href":"https:\/\/lydenim.com\/es\/wp-json\/wp\/v2\/posts\/5060","targetHints":{"allow":["GET"]}}],"collection":[{"href":"https:\/\/lydenim.com\/es\/wp-json\/wp\/v2\/posts"}],"about":[{"href":"https:\/\/lydenim.com\/es\/wp-json\/wp\/v2\/types\/post"}],"author":[{"embeddable":true,"href":"https:\/\/lydenim.com\/es\/wp-json\/wp\/v2\/users\/1"}],"replies":[{"embeddable":true,"href":"https:\/\/lydenim.com\/es\/wp-json\/wp\/v2\/comments?post=5060"}],"version-history":[{"count":4,"href":"https:\/\/lydenim.com\/es\/wp-json\/wp\/v2\/posts\/5060\/revisions"}],"predecessor-version":[{"id":6298,"href":"https:\/\/lydenim.com\/es\/wp-json\/wp\/v2\/posts\/5060\/revisions\/6298"}],"wp:featuredmedia":[{"embeddable":true,"href":"https:\/\/lydenim.com\/es\/wp-json\/wp\/v2\/media\/5086"}],"wp:attachment":[{"href":"https:\/\/lydenim.com\/es\/wp-json\/wp\/v2\/media?parent=5060"}],"wp:term":[{"taxonomy":"category","embeddable":true,"href":"https:\/\/lydenim.com\/es\/wp-json\/wp\/v2\/categories?post=5060"},{"taxonomy":"post_tag","embeddable":true,"href":"https:\/\/lydenim.com\/es\/wp-json\/wp\/v2\/tags?post=5060"}],"curies":[{"name":"wp","href":"https:\/\/api.w.org\/{rel}","templated":true}]}}