{"id":5089,"date":"2025-05-13T11:40:17","date_gmt":"2025-05-13T03:40:17","guid":{"rendered":"https:\/\/lydenim.com\/?p=5089"},"modified":"2025-08-24T13:07:55","modified_gmt":"2025-08-24T05:07:55","slug":"denim-highlights-from-fw2025-2026-runways","status":"publish","type":"post","link":"https:\/\/lydenim.com\/es\/lo-mas-destacado-del-denim-en-las-pasarelas-otono-invierno-2025-2026\/","title":{"rendered":"Lo m\u00e1s destacado del denim en las pasarelas oto\u00f1o\/invierno 2025-2026"},"content":{"rendered":"<h3 data-pm-slice=\"1 1 []\">Tiempo estimado de lectura: ~5 minutos<\/h3>\n<h3><strong>Simone Rocha<\/strong><\/h3>\n<p>Esta temporada, la marca se inspir\u00f3 en un oscuro cuento de hadas de tortugas, liebres y nostalgia inolvidable, lo que desencaden\u00f3 una oleada imparable de conjuntos en negro intenso. El denim se superpuso con cuero, metal y perlas, creando texturas ricas y contrastes divertidos.<\/p>\n<div id=\"attachment_5090\" style=\"width: 610px\" class=\"wp-caption aligncenter\"><img loading=\"lazy\" decoding=\"async\" aria-describedby=\"caption-attachment-5090\" class=\"wp-image-5090\" src=\"https:\/\/lydenim.com\/wp-content\/uploads\/2025\/05\/IMG_5561-scaled.jpg\" alt=\"Simone Rocha\" width=\"600\" height=\"799\" srcset=\"https:\/\/lydenim.com\/wp-content\/uploads\/2025\/05\/IMG_5561-scaled.jpg 1922w, https:\/\/lydenim.com\/wp-content\/uploads\/2025\/05\/IMG_5561-225x300.jpg 225w, https:\/\/lydenim.com\/wp-content\/uploads\/2025\/05\/IMG_5561-769x1024.jpg 769w, https:\/\/lydenim.com\/wp-content\/uploads\/2025\/05\/IMG_5561-768x1023.jpg 768w, https:\/\/lydenim.com\/wp-content\/uploads\/2025\/05\/IMG_5561-1153x1536.jpg 1153w, https:\/\/lydenim.com\/wp-content\/uploads\/2025\/05\/IMG_5561-1537x2048.jpg 1537w, https:\/\/lydenim.com\/wp-content\/uploads\/2025\/05\/IMG_5561-9x12.jpg 9w, https:\/\/lydenim.com\/wp-content\/uploads\/2025\/05\/IMG_5561-600x799.jpg 600w, https:\/\/lydenim.com\/wp-content\/uploads\/2025\/05\/IMG_5561-150x200.jpg 150w\" sizes=\"auto, (max-width: 600px) 100vw, 600px\" \/><p id=\"caption-attachment-5090\" class=\"wp-caption-text\">Simone Rocha<\/p><\/div>\n<h3><strong>Versace<\/strong><\/h3>\n<p>La colecci\u00f3n se inspir\u00f3 en los c\u00f3digos est\u00e9ticos caracter\u00edsticos de Versace: piense en los dise\u00f1os con hombros al aire del desfile de alta costura de 1997 y en la precisi\u00f3n de los trajes de ballet, con corseter\u00eda y faldas opulentas. Motivos ic\u00f3nicos aparec\u00edan por doquier: confeccionados en cors\u00e9s, bordados en los bolsillos del pecho, tejidos en faldas de malla y combinados con enaguas de seda. \u00bfLo m\u00e1s destacado? Vaqueros adornados con intrincados y suntuosos bordados de cuentas.<\/p>\n<div id=\"attachment_5091\" style=\"width: 610px\" class=\"wp-caption aligncenter\"><img loading=\"lazy\" decoding=\"async\" aria-describedby=\"caption-attachment-5091\" class=\"wp-image-5091\" src=\"https:\/\/lydenim.com\/wp-content\/uploads\/2025\/05\/IMG_5562-scaled.jpg\" alt=\"Versace\" width=\"600\" height=\"799\" srcset=\"https:\/\/lydenim.com\/wp-content\/uploads\/2025\/05\/IMG_5562-scaled.jpg 1922w, https:\/\/lydenim.com\/wp-content\/uploads\/2025\/05\/IMG_5562-225x300.jpg 225w, https:\/\/lydenim.com\/wp-content\/uploads\/2025\/05\/IMG_5562-769x1024.jpg 769w, https:\/\/lydenim.com\/wp-content\/uploads\/2025\/05\/IMG_5562-768x1023.jpg 768w, https:\/\/lydenim.com\/wp-content\/uploads\/2025\/05\/IMG_5562-1153x1536.jpg 1153w, https:\/\/lydenim.com\/wp-content\/uploads\/2025\/05\/IMG_5562-1537x2048.jpg 1537w, https:\/\/lydenim.com\/wp-content\/uploads\/2025\/05\/IMG_5562-9x12.jpg 9w, https:\/\/lydenim.com\/wp-content\/uploads\/2025\/05\/IMG_5562-600x799.jpg 600w, https:\/\/lydenim.com\/wp-content\/uploads\/2025\/05\/IMG_5562-150x200.jpg 150w\" sizes=\"auto, (max-width: 600px) 100vw, 600px\" \/><p id=\"caption-attachment-5091\" class=\"wp-caption-text\">Versace<\/p><\/div>\n<h3><strong>Louis Vuitton<\/strong><\/h3>\n<p>El desfile Oto\u00f1o\/Invierno 2025-2026 de Louis Vuitton se desarroll\u00f3 con la precisi\u00f3n r\u00edtmica de un tren que llega a la estaci\u00f3n, donde el tiempo, la emoci\u00f3n y el estilo convergieron en un nost\u00e1lgico homenaje a la \u00e9poca dorada de los viajes. Esta temporada, la marca teji\u00f3 una narrativa compleja que conectaba pasado y futuro, ofreciendo una meditaci\u00f3n po\u00e9tica sobre el movimiento, la memoria y la modernidad. Las prendas de mezclilla presentaron siluetas definidas, con tonos cl\u00e1sicos y terrosos.<\/p>\n<div id=\"attachment_5092\" style=\"width: 610px\" class=\"wp-caption aligncenter\"><img loading=\"lazy\" decoding=\"async\" aria-describedby=\"caption-attachment-5092\" class=\"wp-image-5092\" src=\"https:\/\/lydenim.com\/wp-content\/uploads\/2025\/05\/IMG_5563-scaled.jpg\" alt=\"Louis Vuitton\" width=\"600\" height=\"799\" srcset=\"https:\/\/lydenim.com\/wp-content\/uploads\/2025\/05\/IMG_5563-scaled.jpg 1922w, https:\/\/lydenim.com\/wp-content\/uploads\/2025\/05\/IMG_5563-225x300.jpg 225w, https:\/\/lydenim.com\/wp-content\/uploads\/2025\/05\/IMG_5563-769x1024.jpg 769w, https:\/\/lydenim.com\/wp-content\/uploads\/2025\/05\/IMG_5563-768x1023.jpg 768w, https:\/\/lydenim.com\/wp-content\/uploads\/2025\/05\/IMG_5563-1153x1536.jpg 1153w, https:\/\/lydenim.com\/wp-content\/uploads\/2025\/05\/IMG_5563-1537x2048.jpg 1537w, https:\/\/lydenim.com\/wp-content\/uploads\/2025\/05\/IMG_5563-9x12.jpg 9w, https:\/\/lydenim.com\/wp-content\/uploads\/2025\/05\/IMG_5563-600x799.jpg 600w, https:\/\/lydenim.com\/wp-content\/uploads\/2025\/05\/IMG_5563-150x200.jpg 150w\" sizes=\"auto, (max-width: 600px) 100vw, 600px\" \/><p id=\"caption-attachment-5092\" class=\"wp-caption-text\">Louis Vuitton<\/p><\/div>\n<h3><strong>Chanel<\/strong><\/h3>\n<p>La colecci\u00f3n reinvent\u00f3 los c\u00f3digos estil\u00edsticos de la casa con un encanto on\u00edrico, plasmado en detalles exquisitos que propiciaron un di\u00e1logo entre tradici\u00f3n e innovaci\u00f3n. \u00bfUn punto culminante? Tres conjuntos de mezclilla con efecto degradado, cada uno con una mezcla de diferentes materiales, que r\u00e1pidamente se convirtieron en tema de conversaci\u00f3n.<\/p>\n<div id=\"attachment_5093\" style=\"width: 610px\" class=\"wp-caption aligncenter\"><img loading=\"lazy\" decoding=\"async\" aria-describedby=\"caption-attachment-5093\" class=\"wp-image-5093\" src=\"https:\/\/lydenim.com\/wp-content\/uploads\/2025\/05\/IMG_5564-scaled.jpg\" alt=\"Chanel\" width=\"600\" height=\"799\" srcset=\"https:\/\/lydenim.com\/wp-content\/uploads\/2025\/05\/IMG_5564-scaled.jpg 1922w, https:\/\/lydenim.com\/wp-content\/uploads\/2025\/05\/IMG_5564-225x300.jpg 225w, https:\/\/lydenim.com\/wp-content\/uploads\/2025\/05\/IMG_5564-769x1024.jpg 769w, https:\/\/lydenim.com\/wp-content\/uploads\/2025\/05\/IMG_5564-768x1023.jpg 768w, https:\/\/lydenim.com\/wp-content\/uploads\/2025\/05\/IMG_5564-1153x1536.jpg 1153w, https:\/\/lydenim.com\/wp-content\/uploads\/2025\/05\/IMG_5564-1537x2048.jpg 1537w, https:\/\/lydenim.com\/wp-content\/uploads\/2025\/05\/IMG_5564-9x12.jpg 9w, https:\/\/lydenim.com\/wp-content\/uploads\/2025\/05\/IMG_5564-600x799.jpg 600w, https:\/\/lydenim.com\/wp-content\/uploads\/2025\/05\/IMG_5564-150x200.jpg 150w\" sizes=\"auto, (max-width: 600px) 100vw, 600px\" \/><p id=\"caption-attachment-5093\" class=\"wp-caption-text\">Chanel<\/p><\/div>\n<h3 dir=\"auto\">Servicios de personalizaci\u00f3n de LYDENIM<\/h3>\n<p dir=\"auto\">\ud83c\udfa8 Quiero <strong>telas de mezclilla personalizadas<\/strong> o\u00a0 <strong>\u00fanico<\/strong> <strong>prenda de mezclilla personalizada<\/strong>?LYDENIM se especializa en soluciones a medida para satisfacer sus necesidades de dise\u00f1o y producci\u00f3n.<\/p>\n<p dir=\"auto\">\ud83d\udecd\ufe0f <strong>Explora e insp\u00edrate<\/strong>:Explore nuestra selecci\u00f3n de telas y descubra ideas de dise\u00f1o en <a href=\"https:\/\/lydenim.com\/es\/\" target=\"_blank\" rel=\"noopener noreferrer nofollow\">LYDenim<\/a>.<\/p>\n<p dir=\"auto\">\ud83c\udf10 <strong>Ropa el\u00e1stica<\/strong>:Consulta nuestras ofertas en <a href=\"http:\/\/liangyuantextile.m.en.alibaba.com\" target=\"_blank\" rel=\"noopener noreferrer nofollow\">Mi Alibaba<\/a>. \ud83d\udce9 <strong>Contacto<\/strong>:Comun\u00edquese con nosotros en <a href=\"mailto:malone@lydenim.com\" target=\"_blank\" rel=\"noopener noreferrer nofollow\">malone@lydenim.com<\/a>.<\/p>\n<p dir=\"auto\">Crea tu obra maestra en denim con LYDENIM, tu socio de confianza para <strong>tejido el\u00e1stico<\/strong> y <strong>soluciones de mezclilla personalizadas<\/strong>.<\/p>","protected":false},"excerpt":{"rendered":"<p>Tiempo estimado de lectura: ~5 minutos Simone Rocha Esta temporada, la marca se inspir\u00f3 en \u201cun oscuro cuento de hadas de tortugas,<\/p>","protected":false},"author":1,"featured_media":5094,"comment_status":"open","ping_status":"open","sticky":false,"template":"","format":"standard","meta":{"two_page_speed":[],"footnotes":""},"categories":[64],"tags":[],"class_list":["post-5089","post","type-post","status-publish","format-standard","has-post-thumbnail","hentry","category-summer"],"aioseo_notices":[],"_links":{"self":[{"href":"https:\/\/lydenim.com\/es\/wp-json\/wp\/v2\/posts\/5089","targetHints":{"allow":["GET"]}}],"collection":[{"href":"https:\/\/lydenim.com\/es\/wp-json\/wp\/v2\/posts"}],"about":[{"href":"https:\/\/lydenim.com\/es\/wp-json\/wp\/v2\/types\/post"}],"author":[{"embeddable":true,"href":"https:\/\/lydenim.com\/es\/wp-json\/wp\/v2\/users\/1"}],"replies":[{"embeddable":true,"href":"https:\/\/lydenim.com\/es\/wp-json\/wp\/v2\/comments?post=5089"}],"version-history":[{"count":3,"href":"https:\/\/lydenim.com\/es\/wp-json\/wp\/v2\/posts\/5089\/revisions"}],"predecessor-version":[{"id":6300,"href":"https:\/\/lydenim.com\/es\/wp-json\/wp\/v2\/posts\/5089\/revisions\/6300"}],"wp:featuredmedia":[{"embeddable":true,"href":"https:\/\/lydenim.com\/es\/wp-json\/wp\/v2\/media\/5094"}],"wp:attachment":[{"href":"https:\/\/lydenim.com\/es\/wp-json\/wp\/v2\/media?parent=5089"}],"wp:term":[{"taxonomy":"category","embeddable":true,"href":"https:\/\/lydenim.com\/es\/wp-json\/wp\/v2\/categories?post=5089"},{"taxonomy":"post_tag","embeddable":true,"href":"https:\/\/lydenim.com\/es\/wp-json\/wp\/v2\/tags?post=5089"}],"curies":[{"name":"wp","href":"https:\/\/api.w.org\/{rel}","templated":true}]}}