{"id":5108,"date":"2025-05-15T16:41:31","date_gmt":"2025-05-15T08:41:31","guid":{"rendered":"https:\/\/lydenim.com\/?p=5108"},"modified":"2025-08-24T13:09:32","modified_gmt":"2025-08-24T05:09:32","slug":"what-is-a-colored-jacquard-denim","status":"publish","type":"post","link":"https:\/\/lydenim.com\/es\/que-es-un-denim-jacquard-de-color\/","title":{"rendered":"\u00bfQu\u00e9 es un Denim Jacquard de color?"},"content":{"rendered":"<h2 class=\"\" data-start=\"2476\" data-end=\"2517\">Tiempo estimado de lectura: \uff5e3 minutos<\/h2>\n<h2 class=\"\" data-start=\"2519\" data-end=\"2536\">Introducci\u00f3n<\/h2>\n<p class=\"\" data-start=\"2537\" data-end=\"2951\">La industria textil y de la moda depende de las telas para definir patrones y estilos. Dise\u00f1adores y consumidores se centran ahora en el denim Jacquard de color, que combina m\u00e9todos de tejido cl\u00e1sicos con paletas de colores contempor\u00e1neas. Este art\u00edculo explora la definici\u00f3n del denim Jacquard, sus innovaciones y los productos LY Denim, as\u00ed como su relaci\u00f3n con las tendencias de la moda moderna.<\/p>\n<div id=\"attachment_3986\" style=\"width: 810px\" class=\"wp-caption aligncenter\"><img loading=\"lazy\" decoding=\"async\" aria-describedby=\"caption-attachment-3986\" class=\"wp-image-3986\" src=\"https:\/\/lydenim.com\/wp-content\/uploads\/2025\/03\/IMG_4210.jpg\" alt=\"Jacquard\" width=\"800\" height=\"375\" srcset=\"https:\/\/lydenim.com\/wp-content\/uploads\/2025\/03\/IMG_4210.jpg 1181w, https:\/\/lydenim.com\/wp-content\/uploads\/2025\/03\/IMG_4210-300x140.jpg 300w, https:\/\/lydenim.com\/wp-content\/uploads\/2025\/03\/IMG_4210-1024x479.jpg 1024w, https:\/\/lydenim.com\/wp-content\/uploads\/2025\/03\/IMG_4210-768x360.jpg 768w, https:\/\/lydenim.com\/wp-content\/uploads\/2025\/03\/IMG_4210-18x8.jpg 18w, https:\/\/lydenim.com\/wp-content\/uploads\/2025\/03\/IMG_4210-600x281.jpg 600w, https:\/\/lydenim.com\/wp-content\/uploads\/2025\/03\/IMG_4210-150x70.jpg 150w\" sizes=\"auto, (max-width: 800px) 100vw, 800px\" \/><p id=\"caption-attachment-3986\" class=\"wp-caption-text\">Jacquard<\/p><\/div>\n<h2 class=\"\" data-start=\"2958\" data-end=\"2993\">\u00bfQu\u00e9 es el denim jacquard?<\/h2>\n<ul data-start=\"2994\" data-end=\"4255\">\n<li class=\"\" data-start=\"2994\" data-end=\"3183\">\n<p class=\"\" data-start=\"2996\" data-end=\"3183\"><strong data-start=\"2996\" data-end=\"3007\">Or\u00edgenes<\/strong><br data-start=\"3007\" data-end=\"3010\" \/>En 1804, el tejedor franc\u00e9s <a href=\"https:\/\/en.wikipedia.org\/wiki\/Jacquard_machine\">Jos\u00e9 Mar\u00eda Jacquard<\/a> Cre\u00f3 el sistema de tejido Jacquard. Su tecnolog\u00eda de tejido automatizado mediante m\u00e1quinas de tarjetas perforadas transform\u00f3 la producci\u00f3n de patrones complejos.<\/p>\n<p><div id=\"attachment_5112\" style=\"width: 610px\" class=\"wp-caption aligncenter\"><img loading=\"lazy\" decoding=\"async\" aria-describedby=\"caption-attachment-5112\" class=\"wp-image-5112\" src=\"https:\/\/lydenim.com\/wp-content\/uploads\/2025\/05\/Joseph-Marie-Jacquard.jpg\" alt=\"Jos\u00e9 Mar\u00eda Jacquard\" width=\"600\" height=\"905\" srcset=\"https:\/\/lydenim.com\/wp-content\/uploads\/2025\/05\/Joseph-Marie-Jacquard.jpg 500w, https:\/\/lydenim.com\/wp-content\/uploads\/2025\/05\/Joseph-Marie-Jacquard-199x300.jpg 199w, https:\/\/lydenim.com\/wp-content\/uploads\/2025\/05\/Joseph-Marie-Jacquard-8x12.jpg 8w, https:\/\/lydenim.com\/wp-content\/uploads\/2025\/05\/Joseph-Marie-Jacquard-150x226.jpg 150w\" sizes=\"auto, (max-width: 600px) 100vw, 600px\" \/><p id=\"caption-attachment-5112\" class=\"wp-caption-text\">Jos\u00e9 Mar\u00eda Jacquard<\/p><\/div><\/li>\n<li class=\"\" data-start=\"3184\" data-end=\"3414\">\n<p class=\"\" data-start=\"3186\" data-end=\"3414\"><strong data-start=\"3186\" data-end=\"3207\">Definici\u00f3n de tejido<\/strong><br data-start=\"3207\" data-end=\"3210\" \/>La t\u00e9cnica del telar Jacquard produce un tejido de mezclilla innovador que permite a los dise\u00f1adores crear dise\u00f1os complejos a trav\u00e9s de un control preciso del hilo de urdimbre durante el proceso de tejido.<\/p>\n<p><div id=\"attachment_5111\" style=\"width: 610px\" class=\"wp-caption aligncenter\"><img loading=\"lazy\" decoding=\"async\" aria-describedby=\"caption-attachment-5111\" class=\"wp-image-5111\" src=\"https:\/\/lydenim.com\/wp-content\/uploads\/2025\/05\/IMG_5648.jpg\" alt=\"M\u00e1quina Jacquard\" width=\"600\" height=\"327\" srcset=\"https:\/\/lydenim.com\/wp-content\/uploads\/2025\/05\/IMG_5648.jpg 1179w, https:\/\/lydenim.com\/wp-content\/uploads\/2025\/05\/IMG_5648-300x164.jpg 300w, https:\/\/lydenim.com\/wp-content\/uploads\/2025\/05\/IMG_5648-1024x558.jpg 1024w, https:\/\/lydenim.com\/wp-content\/uploads\/2025\/05\/IMG_5648-768x419.jpg 768w, https:\/\/lydenim.com\/wp-content\/uploads\/2025\/05\/IMG_5648-18x10.jpg 18w, https:\/\/lydenim.com\/wp-content\/uploads\/2025\/05\/IMG_5648-600x327.jpg 600w, https:\/\/lydenim.com\/wp-content\/uploads\/2025\/05\/IMG_5648-150x82.jpg 150w\" sizes=\"auto, (max-width: 600px) 100vw, 600px\" \/><p id=\"caption-attachment-5111\" class=\"wp-caption-text\">M\u00e1quina Jacquard<\/p><\/div><\/li>\n<li class=\"\" data-start=\"3415\" data-end=\"3636\">\n<p class=\"\" data-start=\"3417\" data-end=\"3636\"><strong data-start=\"3417\" data-end=\"3440\">Caracter\u00edsticas estructurales<\/strong><br data-start=\"3440\" data-end=\"3443\" \/>Un telar Jacquard funciona de manera diferente al telar de sarga convencional, ya que permite el control de un solo hilo de urdimbre, lo que produce patrones florales y abstractos geom\u00e9tricos decorativos.<\/p>\n<\/li>\n<li class=\"\" data-start=\"3637\" data-end=\"3802\">\n<p class=\"\" data-start=\"3639\" data-end=\"3802\"><strong data-start=\"3639\" data-end=\"3655\">Aplicaciones<\/strong><br data-start=\"3655\" data-end=\"3658\" \/>El tejido resultante tiene una calidad en relieve, adecuada para prendas de moda de alta gama, as\u00ed como para art\u00edculos de decoraci\u00f3n del hogar como cojines y cortinas.<\/p>\n<p><div id=\"attachment_5109\" style=\"width: 610px\" class=\"wp-caption aligncenter\"><img loading=\"lazy\" decoding=\"async\" aria-describedby=\"caption-attachment-5109\" class=\"wp-image-5109\" src=\"https:\/\/lydenim.com\/wp-content\/uploads\/2025\/05\/IMG_5649.jpg\" alt=\"Moda vaquera jacquad\" width=\"600\" height=\"800\" srcset=\"https:\/\/lydenim.com\/wp-content\/uploads\/2025\/05\/IMG_5649.jpg 750w, https:\/\/lydenim.com\/wp-content\/uploads\/2025\/05\/IMG_5649-225x300.jpg 225w, https:\/\/lydenim.com\/wp-content\/uploads\/2025\/05\/IMG_5649-9x12.jpg 9w, https:\/\/lydenim.com\/wp-content\/uploads\/2025\/05\/IMG_5649-600x800.jpg 600w, https:\/\/lydenim.com\/wp-content\/uploads\/2025\/05\/IMG_5649-150x200.jpg 150w\" sizes=\"auto, (max-width: 600px) 100vw, 600px\" \/><p id=\"caption-attachment-5109\" class=\"wp-caption-text\">Moda vaquera jacquad<\/p><\/div><\/li>\n<li class=\"\" data-start=\"3803\" data-end=\"4255\">\n<p class=\"\" data-start=\"3805\" data-end=\"3821\"><strong data-start=\"3805\" data-end=\"3819\">Ventajas<\/strong><\/p>\n<ul data-start=\"3824\" data-end=\"4255\">\n<li class=\"\" data-start=\"3824\" data-end=\"3925\">\n<p class=\"\" data-start=\"3826\" data-end=\"3925\"><strong data-start=\"3826\" data-end=\"3855\">Fuerte atractivo decorativo:<\/strong> Los patrones est\u00e1n integrados en la tela para lograr im\u00e1genes v\u00edvidas y duraderas.<\/p>\n<\/li>\n<li class=\"\" data-start=\"3928\" data-end=\"4007\">\n<p class=\"\" data-start=\"3930\" data-end=\"4007\"><strong data-start=\"3930\" data-end=\"3951\">Sensaci\u00f3n \u00fanica en la mano:<\/strong> El proceso de tejido produce una superficie ricamente texturizada.<\/p>\n<\/li>\n<li class=\"\" data-start=\"4010\" data-end=\"4115\">\n<p class=\"\" data-start=\"4012\" data-end=\"4115\"><strong data-start=\"4012\" data-end=\"4035\">Amplia aplicabilidad:<\/strong> Perfecto para ropa (chaquetas, pantalones) y decoraci\u00f3n del hogar (cortinas, tapicer\u00eda).<\/p>\n<\/li>\n<li class=\"\" data-start=\"4118\" data-end=\"4255\">\n<p class=\"\" data-start=\"4120\" data-end=\"4255\"><strong data-start=\"4120\" data-end=\"4147\">Mezclas de fibras vers\u00e1tiles:<\/strong> Se puede fabricar con algod\u00f3n 100% o mezclas de algod\u00f3n con Lyocel y poli\u00e9ster para diversas posibilidades de patrones.<\/p>\n<\/li>\n<\/ul>\n<\/li>\n<\/ul>\n<h2 class=\"\" data-start=\"4262\" data-end=\"4313\">Innovaciones en mezclilla jacquard de colores<\/h2>\n<ul data-start=\"4314\" data-end=\"5132\">\n<li class=\"\" data-start=\"4314\" data-end=\"4486\">\n<p class=\"\" data-start=\"4316\" data-end=\"4486\"><a href=\"https:\/\/lydenim.com\/es\/tenido-de-cuerdas\/\"><strong data-start=\"4316\" data-end=\"4337\">Color y t\u00e9cnica<\/strong><\/a><br data-start=\"4337\" data-end=\"4340\" \/>El desarrollo del denim Jacquard de colores se produce a trav\u00e9s del tejido Jacquard con t\u00e9cnicas de te\u00f1ido avanzadas que crean telas de diversos colores m\u00e1s all\u00e1 del denim azul tradicional.<\/p>\n<\/li>\n<li class=\"\" data-start=\"4487\" data-end=\"4827\">\n<p class=\"\" data-start=\"4489\" data-end=\"4507\"><strong data-start=\"4489\" data-end=\"4505\">Caracter\u00edsticas principales<\/strong><\/p>\n<ul data-start=\"4510\" data-end=\"4827\">\n<li class=\"\" data-start=\"4510\" data-end=\"4610\">\n<p class=\"\" data-start=\"4512\" data-end=\"4610\"><strong data-start=\"4512\" data-end=\"4538\">Diversas opciones de color:<\/strong> Desde pasteles apagados hasta colores brillantes y vivos, satisfaciendo variadas necesidades de dise\u00f1o.<\/p>\n<\/li>\n<li class=\"\" data-start=\"4613\" data-end=\"4705\">\n<p class=\"\" data-start=\"4615\" data-end=\"4705\"><strong data-start=\"4615\" data-end=\"4638\">Flexibilidad de dise\u00f1o:<\/strong> Fusi\u00f3n perfecta de patrones y colores para art\u00edculos de moda \u00fanicos.<\/p>\n<\/li>\n<li class=\"\" data-start=\"4708\" data-end=\"4827\">\n<p class=\"\" data-start=\"4710\" data-end=\"4827\"><strong data-start=\"4710\" data-end=\"4731\">Procesos modernos:<\/strong> Utiliza tintes ecol\u00f3gicos y fibras sostenibles (por ejemplo, Lyocel) para satisfacer las demandas del mercado actual.<\/p>\n<\/li>\n<\/ul>\n<\/li>\n<li class=\"\" data-start=\"4828\" data-end=\"5132\">\n<p class=\"\" data-start=\"4830\" data-end=\"4850\"><strong data-start=\"4830\" data-end=\"4848\">M\u00e9todos de te\u00f1ido<\/strong><\/p>\n<ul data-start=\"4853\" data-end=\"5132\">\n<li class=\"\" data-start=\"4853\" data-end=\"4930\">\n<p class=\"\" data-start=\"4855\" data-end=\"4930\"><strong data-start=\"4855\" data-end=\"4872\">Te\u00f1ido de piezas:<\/strong> Te\u00f1ir todo el tejido despu\u00e9s de tejerlo para conseguir tonos uniformes.<\/p>\n<\/li>\n<li class=\"\" data-start=\"4933\" data-end=\"5021\">\n<p class=\"\" data-start=\"4935\" data-end=\"5021\"><strong data-start=\"4935\" data-end=\"4951\">Te\u00f1ido de hilo:<\/strong> Colorear los hilos antes de tejerlos, permitiendo crear motivos multicolores complejos.<\/p>\n<\/li>\n<li class=\"\" data-start=\"5024\" data-end=\"5132\">\n<p class=\"\" data-start=\"5026\" data-end=\"5132\"><strong data-start=\"5026\" data-end=\"5044\">Eco-procesos:<\/strong> Utilice tintes reactivos para lograr una excelente solidez del color y minimizar el impacto ambiental.<img loading=\"lazy\" decoding=\"async\" class=\"aligncenter wp-image-2482\" src=\"https:\/\/lydenim.com\/wp-content\/uploads\/2024\/12\/\u5e8f\u5217-Sequence-01.00_04_02_11.Still015-scaled.jpg\" alt=\"\" width=\"600\" height=\"338\" srcset=\"https:\/\/lydenim.com\/wp-content\/uploads\/2024\/12\/\u5e8f\u5217-Sequence-01.00_04_02_11.Still015-scaled.jpg 2560w, https:\/\/lydenim.com\/wp-content\/uploads\/2024\/12\/\u5e8f\u5217-Sequence-01.00_04_02_11.Still015-scaled-150x84.jpg 150w, https:\/\/lydenim.com\/wp-content\/uploads\/2024\/12\/\u5e8f\u5217-Sequence-01.00_04_02_11.Still015-scaled-600x338.jpg 600w, https:\/\/lydenim.com\/wp-content\/uploads\/2024\/12\/\u5e8f\u5217-Sequence-01.00_04_02_11.Still015-300x169.jpg 300w, https:\/\/lydenim.com\/wp-content\/uploads\/2024\/12\/\u5e8f\u5217-Sequence-01.00_04_02_11.Still015-1024x576.jpg 1024w, https:\/\/lydenim.com\/wp-content\/uploads\/2024\/12\/\u5e8f\u5217-Sequence-01.00_04_02_11.Still015-768x432.jpg 768w, https:\/\/lydenim.com\/wp-content\/uploads\/2024\/12\/\u5e8f\u5217-Sequence-01.00_04_02_11.Still015-1536x864.jpg 1536w, https:\/\/lydenim.com\/wp-content\/uploads\/2024\/12\/\u5e8f\u5217-Sequence-01.00_04_02_11.Still015-2048x1152.jpg 2048w, https:\/\/lydenim.com\/wp-content\/uploads\/2024\/12\/\u5e8f\u5217-Sequence-01.00_04_02_11.Still015-18x10.jpg 18w, https:\/\/lydenim.com\/wp-content\/uploads\/2024\/12\/\u5e8f\u5217-Sequence-01.00_04_02_11.Still015-scaled-1281x720.jpg 1281w\" sizes=\"auto, (max-width: 600px) 100vw, 600px\" \/><\/p>\n<\/li>\n<\/ul>\n<\/li>\n<\/ul>\n<h2 class=\"\" data-start=\"5139\" data-end=\"5187\">Productos de mezclilla de colores de LY Denim<\/h2>\n<p class=\"\" data-start=\"5188\" data-end=\"5329\">LY Denim ofrece telas de mezclilla personalizables de alta calidad en una mezcla de algod\u00f3n 75%, Lyocel 22% y poli\u00e9ster 3%, de 180 cm de ancho y 10,8 oz de peso.<\/p>\n<div class=\"_tableContainer_16hzy_1\">\n<div class=\"_tableWrapper_16hzy_14 group flex w-fit flex-col-reverse\" tabindex=\"-1\">\n<table class=\"w-fit min-w-(--thread-content-width)\" style=\"height: 132px;\" width=\"1048\" data-start=\"5331\" data-end=\"5903\">\n<thead data-start=\"5331\" data-end=\"5441\">\n<tr data-start=\"5331\" data-end=\"5441\">\n<th data-start=\"5331\" data-end=\"5359\" data-col-size=\"sm\">Producto<\/th>\n<th data-start=\"5359\" data-end=\"5368\" data-col-size=\"sm\">ART\u00cdCULO<\/th>\n<th data-start=\"5368\" data-end=\"5403\" data-col-size=\"sm\">Caracter\u00edsticas<\/th>\n<th data-start=\"5403\" data-end=\"5441\" data-col-size=\"sm\">Aplicaciones<\/th>\n<\/tr>\n<\/thead>\n<tbody data-start=\"5553\" data-end=\"5903\">\n<tr data-start=\"5553\" data-end=\"5665\">\n<td data-start=\"5553\" data-end=\"5581\" data-col-size=\"sm\">Mezclilla de color sin estiramiento<\/td>\n<td data-start=\"5581\" data-end=\"5590\" data-col-size=\"sm\">M9693<\/td>\n<td data-col-size=\"sm\" data-start=\"5590\" data-end=\"5627\">Sarga s\u00f3lida, 18 colores, sin elasticidad.<\/td>\n<td data-col-size=\"sm\" data-start=\"5627\" data-end=\"5665\">Prendas estructuradas, ropa cl\u00e1sica<\/td>\n<\/tr>\n<tr data-start=\"5666\" data-end=\"5788\">\n<td data-start=\"5666\" data-end=\"5694\" data-col-size=\"sm\">Mezclilla jacquard de colores<\/td>\n<td data-start=\"5694\" data-end=\"5703\" data-col-size=\"sm\">K9394<\/td>\n<td data-col-size=\"sm\" data-start=\"5703\" data-end=\"5746\">Patrones Jacquard, 18 colores, sin estiramiento<\/td>\n<td data-col-size=\"sm\" data-start=\"5746\" data-end=\"5788\">Prendas exteriores decorativas, piezas llamativas<\/td>\n<\/tr>\n<tr data-start=\"5789\" data-end=\"5903\">\n<td data-start=\"5789\" data-end=\"5817\" data-col-size=\"sm\">Mezclilla el\u00e1stica de colores<\/td>\n<td data-start=\"5817\" data-end=\"5826\" data-col-size=\"sm\">M9692<\/td>\n<td data-start=\"5826\" data-end=\"5865\" data-col-size=\"sm\">Sarga s\u00f3lida, 18 colores, con elasticidad.<\/td>\n<td data-col-size=\"sm\" data-start=\"5865\" data-end=\"5903\">Prendas ajustadas, ropa deportiva<\/td>\n<\/tr>\n<\/tbody>\n<\/table>\n<div class=\"sticky end-(--thread-content-margin) h-0 self-end select-none\">\n<div class=\"absolute end-0 flex items-end\"><\/div>\n<\/div>\n<\/div>\n<\/div>\n<ul data-start=\"5905\" data-end=\"6341\">\n<li class=\"\" data-start=\"5905\" data-end=\"6039\">\n<p class=\"\" data-start=\"5907\" data-end=\"6039\"><a href=\"https:\/\/lydenim.com\/es\/producto\/denim-sin-estiramiento-18-opciones-de-color-personalizacion-profesional\/\"><strong data-start=\"5907\" data-end=\"5935\">Mezclilla de color sin estiramiento<\/strong><\/a><br data-start=\"5935\" data-end=\"5938\" \/>Sarga cl\u00e1sica sin elasticidad, ideal para prendas que mantienen la forma, como chaquetas y pantalones de pierna recta.<img loading=\"lazy\" decoding=\"async\" class=\"aligncenter wp-image-3870\" src=\"https:\/\/lydenim.com\/wp-content\/uploads\/2025\/03\/IMG_5422-scaled.jpg\" alt=\"\" width=\"600\" height=\"600\" srcset=\"https:\/\/lydenim.com\/wp-content\/uploads\/2025\/03\/IMG_5422-scaled.jpg 2560w, https:\/\/lydenim.com\/wp-content\/uploads\/2025\/03\/IMG_5422-300x300.jpg 300w, https:\/\/lydenim.com\/wp-content\/uploads\/2025\/03\/IMG_5422-1024x1024.jpg 1024w, https:\/\/lydenim.com\/wp-content\/uploads\/2025\/03\/IMG_5422-150x150.jpg 150w, https:\/\/lydenim.com\/wp-content\/uploads\/2025\/03\/IMG_5422-768x768.jpg 768w, https:\/\/lydenim.com\/wp-content\/uploads\/2025\/03\/IMG_5422-1536x1536.jpg 1536w, https:\/\/lydenim.com\/wp-content\/uploads\/2025\/03\/IMG_5422-2048x2048.jpg 2048w, https:\/\/lydenim.com\/wp-content\/uploads\/2025\/03\/IMG_5422-12x12.jpg 12w, https:\/\/lydenim.com\/wp-content\/uploads\/2025\/03\/IMG_5422-600x600.jpg 600w\" sizes=\"auto, (max-width: 600px) 100vw, 600px\" \/><\/p>\n<\/li>\n<li class=\"\" data-start=\"6040\" data-end=\"6209\">\n<p class=\"\" data-start=\"6042\" data-end=\"6209\"><a href=\"https:\/\/lydenim.com\/es\/producto\/denim-jacquard-sin-elasticidad-de-18-colores\/\"><strong data-start=\"6042\" data-end=\"6068\">Mezclilla jacquard de colores<\/strong><\/a><br data-start=\"6068\" data-end=\"6071\" \/>Producto de autor que combina patrones Jacquard con tonos vivos, perfecto para prendas llamativas como chaquetas y faldas decorativas.<img loading=\"lazy\" decoding=\"async\" class=\"aligncenter wp-image-4140\" src=\"https:\/\/lydenim.com\/wp-content\/uploads\/2025\/03\/IMG_5714.jpg\" alt=\"\" width=\"600\" height=\"600\" srcset=\"https:\/\/lydenim.com\/wp-content\/uploads\/2025\/03\/IMG_5714.jpg 2196w, https:\/\/lydenim.com\/wp-content\/uploads\/2025\/03\/IMG_5714-300x300.jpg 300w, https:\/\/lydenim.com\/wp-content\/uploads\/2025\/03\/IMG_5714-1024x1024.jpg 1024w, https:\/\/lydenim.com\/wp-content\/uploads\/2025\/03\/IMG_5714-150x150.jpg 150w, https:\/\/lydenim.com\/wp-content\/uploads\/2025\/03\/IMG_5714-768x768.jpg 768w, https:\/\/lydenim.com\/wp-content\/uploads\/2025\/03\/IMG_5714-1536x1536.jpg 1536w, https:\/\/lydenim.com\/wp-content\/uploads\/2025\/03\/IMG_5714-2048x2048.jpg 2048w, https:\/\/lydenim.com\/wp-content\/uploads\/2025\/03\/IMG_5714-12x12.jpg 12w, https:\/\/lydenim.com\/wp-content\/uploads\/2025\/03\/IMG_5714-600x600.jpg 600w\" sizes=\"auto, (max-width: 600px) 100vw, 600px\" \/><\/p>\n<\/li>\n<li class=\"\" data-start=\"6210\" data-end=\"6341\">\n<p class=\"\" data-start=\"6212\" data-end=\"6341\"><a href=\"https:\/\/lydenim.com\/es\/producto\/\ud83c\udf08-denim-elastico-de-color-18-opciones-de-color-personalizacion-profesional\/\"><strong data-start=\"6212\" data-end=\"6237\">Mezclilla el\u00e1stica de colores<\/strong><\/a><br data-start=\"6237\" data-end=\"6240\" \/>Agrega elasticidad a la paleta de 18 colores para una mayor comodidad en jeans ajustados y estilos deportivos.<img loading=\"lazy\" decoding=\"async\" class=\"aligncenter wp-image-3884 size-full\" src=\"https:\/\/lydenim.com\/wp-content\/uploads\/2025\/03\/IMG_5448-e1741413186325.jpg\" alt=\"\" width=\"600\" height=\"600\" \/><\/p>\n<\/li>\n<\/ul>\n<blockquote data-start=\"6343\" data-end=\"6441\">\n<p class=\"\" data-start=\"6345\" data-end=\"6441\"><strong data-start=\"6345\" data-end=\"6354\">Nota:<\/strong> Todas las telas son personalizables en ancho y color. Visita la p\u00e1gina web de LY Denim para m\u00e1s informaci\u00f3n.<\/p>\n<\/blockquote>\n<h2 class=\"\" data-start=\"6448\" data-end=\"6490\">Aline\u00e1ndose con las tendencias de la moda<\/h2>\n<ul data-start=\"6491\" data-end=\"7166\">\n<li class=\"\" data-start=\"6491\" data-end=\"6615\">\n<p class=\"\" data-start=\"6493\" data-end=\"6615\"><strong data-start=\"6493\" data-end=\"6512\">Personalizaci\u00f3n<\/strong><br data-start=\"6512\" data-end=\"6515\" \/>Los colores y patrones intensos respaldan dise\u00f1os personalizados para satisfacer el deseo de individualidad de los consumidores.<\/p>\n<\/li>\n<li class=\"\" data-start=\"6616\" data-end=\"6733\">\n<p class=\"\" data-start=\"6618\" data-end=\"6733\"><strong data-start=\"6618\" data-end=\"6636\">Sostenibilidad<\/strong><br data-start=\"6636\" data-end=\"6639\" \/>El lyocel, junto con otras fibras ecol\u00f3gicas, ayuda a LY Denim a cumplir con los requisitos de la moda sustentable.<\/p>\n<\/li>\n<li class=\"\" data-start=\"6734\" data-end=\"6854\">\n<p class=\"\" data-start=\"6736\" data-end=\"6854\"><strong data-start=\"6736\" data-end=\"6766\">Avances tecnol\u00f3gicos<\/strong><br data-start=\"6766\" data-end=\"6769\" \/>El uso de m\u00e9todos de tejido y te\u00f1ido de \u00faltima generaci\u00f3n da como resultado una calidad de tela superior y una vida \u00fatil m\u00e1s prolongada.<\/p>\n<\/li>\n<li class=\"\" data-start=\"6855\" data-end=\"6999\">\n<p class=\"\" data-start=\"6857\" data-end=\"6999\"><strong data-start=\"6857\" data-end=\"6875\">Perspectivas del mercado<\/strong><br data-start=\"6875\" data-end=\"6878\" \/>Los consumidores de moda premium y decoraci\u00f3n del hogar prefieren el denim Jacquard de colores porque ofrece decoraci\u00f3n combinada con valor funcional.<\/p>\n<\/li>\n<li class=\"\" data-start=\"7000\" data-end=\"7166\">\n<p class=\"\" data-start=\"7002\" data-end=\"7166\"><strong data-start=\"7002\" data-end=\"7021\">La ventaja del denim LY<\/strong><br data-start=\"7021\" data-end=\"7024\" \/>La empresa ofrece a los dise\u00f1adores materiales innovadores y sostenibles y servicios personalizables para lograr sus dise\u00f1os creativos y liderar las tendencias del mercado.<br \/>\n<img loading=\"lazy\" decoding=\"async\" class=\"aligncenter wp-image-2112\" src=\"https:\/\/lydenim.com\/wp-content\/uploads\/2024\/12\/group-people-working-out-business-plan-office_1303-15773.jpg\" alt=\"Sostenibilidad e innovaci\u00f3n\" width=\"600\" height=\"400\" srcset=\"https:\/\/lydenim.com\/wp-content\/uploads\/2024\/12\/group-people-working-out-business-plan-office_1303-15773.jpg 1000w, https:\/\/lydenim.com\/wp-content\/uploads\/2024\/12\/group-people-working-out-business-plan-office_1303-15773-150x100.jpg 150w, https:\/\/lydenim.com\/wp-content\/uploads\/2024\/12\/group-people-working-out-business-plan-office_1303-15773-600x400.jpg 600w, https:\/\/lydenim.com\/wp-content\/uploads\/2024\/12\/group-people-working-out-business-plan-office_1303-15773-300x200.jpg 300w, https:\/\/lydenim.com\/wp-content\/uploads\/2024\/12\/group-people-working-out-business-plan-office_1303-15773-768x512.jpg 768w\" sizes=\"auto, (max-width: 600px) 100vw, 600px\" \/><\/p>\n<\/li>\n<\/ul>\n<h2 class=\"\" data-start=\"7173\" data-end=\"7188\">Conclusi\u00f3n<\/h2>\n<p class=\"\" data-start=\"7189\" data-end=\"7831\">La combinaci\u00f3n de la artesan\u00eda tradicional con los avances contempor\u00e1neos en mezclilla Jacquard de colores crea una excelente innovaci\u00f3n textil que ampl\u00eda las posibilidades del dise\u00f1o de moda. Los dise\u00f1adores pueden elegir entre diversas opciones de mezclilla colorida en la colecci\u00f3n de LY Denim para crear dise\u00f1os modernos y distintivos. <br data-start=\"7448\" data-end=\"7451\" \/>\u00bfEmpiezas a explorar el colorido mundo de la mezclilla? Nuestra colecci\u00f3n ofrece una amplia selecci\u00f3n de telas vibrantes para ayudarte a crear dise\u00f1os innovadores para tu pr\u00f3ximo proyecto. Solicita muestras a trav\u00e9s de nuestra p\u00e1gina web para explorar nuestra gama de 18 colores y crear dise\u00f1os \u00fanicos. Puedes encontrar asesoramiento experto y soluciones a medida en Malone@lydenim.com o visita www.lydenim.com para m\u00e1s informaci\u00f3n.<\/p>\n<h2 dir=\"auto\">Servicios de personalizaci\u00f3n de LYDENIM<\/h2>\n<p dir=\"auto\">\ud83c\udfa8 Quiero <strong>telas de mezclilla personalizadas<\/strong> o\u00a0 <strong>\u00fanico<\/strong> <strong>prenda de mezclilla personalizada<\/strong>?LYDENIM se especializa en soluciones a medida para satisfacer sus necesidades de dise\u00f1o y producci\u00f3n.<\/p>\n<p dir=\"auto\">\ud83d\udecd\ufe0f <strong>Explora e insp\u00edrate<\/strong>:Explore nuestra selecci\u00f3n de telas y descubra ideas de dise\u00f1o en <a href=\"https:\/\/lydenim.com\/es\/\" target=\"_blank\" rel=\"noopener noreferrer nofollow\">LYDenim<\/a>.<\/p>\n<p dir=\"auto\">\ud83c\udf10 <strong>Ropa el\u00e1stica<\/strong>:Consulta nuestras ofertas en <a href=\"http:\/\/liangyuantextile.m.en.alibaba.com\" target=\"_blank\" rel=\"noopener noreferrer nofollow\">Mi Alibaba<\/a>. \ud83d\udce9 <strong>Contacto<\/strong>:Comun\u00edquese con nosotros en <a href=\"mailto:malone@lydenim.com\" target=\"_blank\" rel=\"noopener noreferrer nofollow\">malone@lydenim.com<\/a>.<\/p>\n<p dir=\"auto\">Crea tu obra maestra en denim con LYDENIM, tu socio de confianza para <strong>tejido el\u00e1stico<\/strong> y <strong>soluciones de mezclilla personalizadas<\/strong>.<\/p>","protected":false},"excerpt":{"rendered":"<p>Tiempo estimado de lectura: \uff5e3 minutos Introducci\u00f3n La industria de la moda y los textiles depende de las telas para establecer tanto patrones como estilo.<\/p>","protected":false},"author":1,"featured_media":5113,"comment_status":"open","ping_status":"open","sticky":false,"template":"","format":"standard","meta":{"two_page_speed":[],"footnotes":""},"categories":[67],"tags":[],"class_list":["post-5108","post","type-post","status-publish","format-standard","has-post-thumbnail","hentry","category-market"],"aioseo_notices":[],"_links":{"self":[{"href":"https:\/\/lydenim.com\/es\/wp-json\/wp\/v2\/posts\/5108","targetHints":{"allow":["GET"]}}],"collection":[{"href":"https:\/\/lydenim.com\/es\/wp-json\/wp\/v2\/posts"}],"about":[{"href":"https:\/\/lydenim.com\/es\/wp-json\/wp\/v2\/types\/post"}],"author":[{"embeddable":true,"href":"https:\/\/lydenim.com\/es\/wp-json\/wp\/v2\/users\/1"}],"replies":[{"embeddable":true,"href":"https:\/\/lydenim.com\/es\/wp-json\/wp\/v2\/comments?post=5108"}],"version-history":[{"count":4,"href":"https:\/\/lydenim.com\/es\/wp-json\/wp\/v2\/posts\/5108\/revisions"}],"predecessor-version":[{"id":5199,"href":"https:\/\/lydenim.com\/es\/wp-json\/wp\/v2\/posts\/5108\/revisions\/5199"}],"wp:featuredmedia":[{"embeddable":true,"href":"https:\/\/lydenim.com\/es\/wp-json\/wp\/v2\/media\/5113"}],"wp:attachment":[{"href":"https:\/\/lydenim.com\/es\/wp-json\/wp\/v2\/media?parent=5108"}],"wp:term":[{"taxonomy":"category","embeddable":true,"href":"https:\/\/lydenim.com\/es\/wp-json\/wp\/v2\/categories?post=5108"},{"taxonomy":"post_tag","embeddable":true,"href":"https:\/\/lydenim.com\/es\/wp-json\/wp\/v2\/tags?post=5108"}],"curies":[{"name":"wp","href":"https:\/\/api.w.org\/{rel}","templated":true}]}}