{"id":5115,"date":"2025-05-16T14:10:54","date_gmt":"2025-05-16T06:10:54","guid":{"rendered":"https:\/\/lydenim.com\/?p=5115"},"modified":"2025-08-24T13:11:00","modified_gmt":"2025-08-24T05:11:00","slug":"what-is-flocked-denimflocking-denim","status":"publish","type":"post","link":"https:\/\/lydenim.com\/es\/que-es-el-denim-flocado\/","title":{"rendered":"\u00bfQu\u00e9 es el denim flocado?\u00bfEl denim flocado?"},"content":{"rendered":"<h2 class=\"\" data-start=\"2476\" data-end=\"2517\">Tiempo estimado de lectura: \uff5e3 minutos<\/h2>\n<h3><strong><a href=\"https:\/\/en.wikipedia.org\/wiki\/Flocking_(texture)\">Flocado<\/a> Dril<\/strong><\/h3>\n<p>La mezclilla tradicional adquiere una textura aterciopelada gracias a la tecnolog\u00eda de flocado, que adhiere fibras cortas a la tela base. La tecnolog\u00eda de flocado moderna replica las antiguas t\u00e9cnicas de bordado mediante sistemas electrost\u00e1ticos o mec\u00e1nicos para incrustar fibras de nailon o poli\u00e9ster verticalmente en la mezclilla, lo que conserva su durabilidad y crea una superficie texturizada y aterciopelada.<\/p>\n<h3>Una estructura t\u00edpica de mezclilla flocada incluye:<\/h3>\n<ul>\n<li><strong>Capa superior<\/strong>:Denim cl\u00e1sico con tejido de sarga para resistencia a la abrasi\u00f3n;<img loading=\"lazy\" decoding=\"async\" class=\"aligncenter wp-image-4694\" src=\"https:\/\/lydenim.com\/wp-content\/uploads\/2025\/04\/IMG_6397-scaled.jpg\" alt=\"\" width=\"600\" height=\"600\" srcset=\"https:\/\/lydenim.com\/wp-content\/uploads\/2025\/04\/IMG_6397-scaled.jpg 2560w, https:\/\/lydenim.com\/wp-content\/uploads\/2025\/04\/IMG_6397-300x300.jpg 300w, https:\/\/lydenim.com\/wp-content\/uploads\/2025\/04\/IMG_6397-1024x1024.jpg 1024w, https:\/\/lydenim.com\/wp-content\/uploads\/2025\/04\/IMG_6397-150x150.jpg 150w, https:\/\/lydenim.com\/wp-content\/uploads\/2025\/04\/IMG_6397-768x768.jpg 768w, https:\/\/lydenim.com\/wp-content\/uploads\/2025\/04\/IMG_6397-1536x1536.jpg 1536w, https:\/\/lydenim.com\/wp-content\/uploads\/2025\/04\/IMG_6397-2048x2048.jpg 2048w, https:\/\/lydenim.com\/wp-content\/uploads\/2025\/04\/IMG_6397-12x12.jpg 12w, https:\/\/lydenim.com\/wp-content\/uploads\/2025\/04\/IMG_6397-600x600.jpg 600w\" sizes=\"auto, (max-width: 600px) 100vw, 600px\" \/><\/li>\n<li><strong>Base media<\/strong>:Tejido transpirable para soporte estructural;<\/li>\n<li><strong>Pila inferior<\/strong>:Fibras de 0,3-1,2 mm que proporcionan calidez y textura 3D.<br \/>\nEsta tecnolog\u00eda resuelve el problema del denim en el clima fr\u00edo a\u00f1adiendo elementos decorativos que reflejan la luz.<br \/>\n<img loading=\"lazy\" decoding=\"async\" class=\"aligncenter wp-image-4650\" src=\"https:\/\/lydenim.com\/wp-content\/uploads\/2025\/04\/IMG_6355.jpg\" alt=\"\" width=\"600\" height=\"600\" srcset=\"https:\/\/lydenim.com\/wp-content\/uploads\/2025\/04\/IMG_6355.jpg 2196w, https:\/\/lydenim.com\/wp-content\/uploads\/2025\/04\/IMG_6355-300x300.jpg 300w, https:\/\/lydenim.com\/wp-content\/uploads\/2025\/04\/IMG_6355-1024x1024.jpg 1024w, https:\/\/lydenim.com\/wp-content\/uploads\/2025\/04\/IMG_6355-150x150.jpg 150w, https:\/\/lydenim.com\/wp-content\/uploads\/2025\/04\/IMG_6355-768x768.jpg 768w, https:\/\/lydenim.com\/wp-content\/uploads\/2025\/04\/IMG_6355-1536x1536.jpg 1536w, https:\/\/lydenim.com\/wp-content\/uploads\/2025\/04\/IMG_6355-2048x2048.jpg 2048w, https:\/\/lydenim.com\/wp-content\/uploads\/2025\/04\/IMG_6355-12x12.jpg 12w, https:\/\/lydenim.com\/wp-content\/uploads\/2025\/04\/IMG_6355-600x600.jpg 600w\" sizes=\"auto, (max-width: 600px) 100vw, 600px\" \/><\/li>\n<\/ul>\n<h3><strong>La evoluci\u00f3n de la moda del denim flocado<\/strong><\/h3>\n<p>El flocado transforma la mezclilla b\u00e1sica en diferentes aplicaciones de moda. Este m\u00e9todo permite a los dise\u00f1adores crear dise\u00f1os vers\u00e1tiles.<\/p>\n<ol start=\"1\">\n<li><strong>Versatilidad de estilo<\/strong>\n<ul>\n<li>Los mercados de la moda urbana, retro y de alta costura se benefician de estampados personalizados como dise\u00f1os de leopardo, formas geom\u00e9tricas y efectos ombr\u00e9.<img loading=\"lazy\" decoding=\"async\" class=\"aligncenter wp-image-5116\" src=\"https:\/\/lydenim.com\/wp-content\/uploads\/2025\/05\/Flocked-Denim-Jacket-2.webp\" alt=\"\" width=\"600\" height=\"936\" srcset=\"https:\/\/lydenim.com\/wp-content\/uploads\/2025\/05\/Flocked-Denim-Jacket-2.webp 692w, https:\/\/lydenim.com\/wp-content\/uploads\/2025\/05\/Flocked-Denim-Jacket-2-192x300.webp 192w, https:\/\/lydenim.com\/wp-content\/uploads\/2025\/05\/Flocked-Denim-Jacket-2-656x1024.webp 656w, https:\/\/lydenim.com\/wp-content\/uploads\/2025\/05\/Flocked-Denim-Jacket-2-8x12.webp 8w, https:\/\/lydenim.com\/wp-content\/uploads\/2025\/05\/Flocked-Denim-Jacket-2-600x936.webp 600w, https:\/\/lydenim.com\/wp-content\/uploads\/2025\/05\/Flocked-Denim-Jacket-2-150x234.webp 150w\" sizes=\"auto, (max-width: 600px) 100vw, 600px\" \/><\/li>\n<\/ul>\n<\/li>\n<li><strong>Funcionalidad mejorada<\/strong>\n<ul>\n<li>La capa flocada atrapa el aire para aislar y absorbe la humedad, ideal para chaquetas de invierno o tapizados;<\/li>\n<li>Una mayor resistencia a la abrasi\u00f3n prolonga la vida \u00fatil de la prenda.<img loading=\"lazy\" decoding=\"async\" class=\"aligncenter wp-image-5117\" src=\"https:\/\/lydenim.com\/wp-content\/uploads\/2025\/05\/Flocked-Denim-Jacket.webp\" alt=\"\" width=\"600\" height=\"800\" srcset=\"https:\/\/lydenim.com\/wp-content\/uploads\/2025\/05\/Flocked-Denim-Jacket.webp 750w, https:\/\/lydenim.com\/wp-content\/uploads\/2025\/05\/Flocked-Denim-Jacket-225x300.webp 225w, https:\/\/lydenim.com\/wp-content\/uploads\/2025\/05\/Flocked-Denim-Jacket-9x12.webp 9w, https:\/\/lydenim.com\/wp-content\/uploads\/2025\/05\/Flocked-Denim-Jacket-600x800.webp 600w, https:\/\/lydenim.com\/wp-content\/uploads\/2025\/05\/Flocked-Denim-Jacket-150x200.webp 150w\" sizes=\"auto, (max-width: 600px) 100vw, 600px\" \/><\/li>\n<\/ul>\n<\/li>\n<li><strong>Ventaja de sostenibilidad<\/strong>\n<ul>\n<li>El movimiento de \u201cmoda verde\u201d puede utilizar materiales ecol\u00f3gicos, incluidas fibras recicladas, junto con adhesivos a base de agua.<img loading=\"lazy\" decoding=\"async\" class=\"aligncenter wp-image-4637\" src=\"https:\/\/lydenim.com\/wp-content\/uploads\/2025\/04\/IMG_6327.jpg\" alt=\"\" width=\"600\" height=\"600\" srcset=\"https:\/\/lydenim.com\/wp-content\/uploads\/2025\/04\/IMG_6327.jpg 2196w, https:\/\/lydenim.com\/wp-content\/uploads\/2025\/04\/IMG_6327-300x300.jpg 300w, https:\/\/lydenim.com\/wp-content\/uploads\/2025\/04\/IMG_6327-1024x1024.jpg 1024w, https:\/\/lydenim.com\/wp-content\/uploads\/2025\/04\/IMG_6327-150x150.jpg 150w, https:\/\/lydenim.com\/wp-content\/uploads\/2025\/04\/IMG_6327-768x768.jpg 768w, https:\/\/lydenim.com\/wp-content\/uploads\/2025\/04\/IMG_6327-1536x1536.jpg 1536w, https:\/\/lydenim.com\/wp-content\/uploads\/2025\/04\/IMG_6327-2048x2048.jpg 2048w, https:\/\/lydenim.com\/wp-content\/uploads\/2025\/04\/IMG_6327-12x12.jpg 12w, https:\/\/lydenim.com\/wp-content\/uploads\/2025\/04\/IMG_6327-600x600.jpg 600w\" sizes=\"auto, (max-width: 600px) 100vw, 600px\" \/><\/li>\n<\/ul>\n<\/li>\n<\/ol>\n<h3><strong>Colecciones de mezclilla flocada de LY Denim<\/strong><\/h3>\n<p>LY Denim fusiona el flocado con la tecnolog\u00eda el\u00e1stica para tres l\u00edneas destacadas:<\/p>\n<ol start=\"1\">\n<li><a href=\"https:\/\/lydenim.com\/es\/producto\/tela-vaquera-flocada-de-colores\/\"><strong>Cl\u00e1sico: Denim flocado sin elasticidad<\/strong><\/a>\n<ul>\n<li>Una tela de sarga no el\u00e1stica con base de hilado siro s\u00faper suave admite pelos densos y ricos en colores adecuados para chaquetas estructuradas y decoraci\u00f3n del hogar.<br \/>\n<img loading=\"lazy\" decoding=\"async\" class=\"aligncenter wp-image-4637\" src=\"https:\/\/lydenim.com\/wp-content\/uploads\/2025\/04\/IMG_6327.jpg\" alt=\"\" width=\"600\" height=\"600\" srcset=\"https:\/\/lydenim.com\/wp-content\/uploads\/2025\/04\/IMG_6327.jpg 2196w, https:\/\/lydenim.com\/wp-content\/uploads\/2025\/04\/IMG_6327-300x300.jpg 300w, https:\/\/lydenim.com\/wp-content\/uploads\/2025\/04\/IMG_6327-1024x1024.jpg 1024w, https:\/\/lydenim.com\/wp-content\/uploads\/2025\/04\/IMG_6327-150x150.jpg 150w, https:\/\/lydenim.com\/wp-content\/uploads\/2025\/04\/IMG_6327-768x768.jpg 768w, https:\/\/lydenim.com\/wp-content\/uploads\/2025\/04\/IMG_6327-1536x1536.jpg 1536w, https:\/\/lydenim.com\/wp-content\/uploads\/2025\/04\/IMG_6327-2048x2048.jpg 2048w, https:\/\/lydenim.com\/wp-content\/uploads\/2025\/04\/IMG_6327-12x12.jpg 12w, https:\/\/lydenim.com\/wp-content\/uploads\/2025\/04\/IMG_6327-600x600.jpg 600w\" sizes=\"auto, (max-width: 600px) 100vw, 600px\" \/><\/li>\n<\/ul>\n<\/li>\n<li><strong>Tendencia: Denim el\u00e1stico flocado<\/strong>\n<ul>\n<li>Combinada con elastano para una elasticidad 30%. La versi\u00f3n con estampado de leopardo (HF80562) combina movilidad con un dise\u00f1o llamativo, ideal para leggings o chaquetas de moto.<\/li>\n<\/ul>\n<\/li>\n<li><a href=\"https:\/\/lydenim.com\/es\/producto\/3642-mezclilla-slub-de-alta-elasticidad\/\"><strong>Personalizado: Denim flocado de varios estilos<\/strong><\/a>\n<ul>\n<li>El proceso de producci\u00f3n incluye te\u00f1ido en degradado y aplicaci\u00f3n de motivos de ne\u00f3n sobre telas el\u00e1sticas o no el\u00e1sticas que satisfacen los requisitos de la ropa urbana y de lujo.<\/li>\n<li>El proceso de producci\u00f3n le permite personalizar la elasticidad junto con el color de la tela y el peso base del denim para lograr los requisitos exactos de su marca.<\/li>\n<\/ul>\n<\/li>\n<li>Alguno <strong>Denim flocado <\/strong>opciones de patr\u00f3n\n<ul>\n<li>Tipo de barra vertical\n<p><div id=\"attachment_5888\" style=\"width: 610px\" class=\"wp-caption aligncenter\"><img loading=\"lazy\" decoding=\"async\" aria-describedby=\"caption-attachment-5888\" class=\"wp-image-5888\" src=\"https:\/\/lydenim.com\/wp-content\/uploads\/2025\/05\/IMG_7300-scaled.jpg\" alt=\"\" width=\"600\" height=\"199\" srcset=\"https:\/\/lydenim.com\/wp-content\/uploads\/2025\/05\/IMG_7300-scaled.jpg 2560w, https:\/\/lydenim.com\/wp-content\/uploads\/2025\/05\/IMG_7300-300x100.jpg 300w, https:\/\/lydenim.com\/wp-content\/uploads\/2025\/05\/IMG_7300-1024x340.jpg 1024w, https:\/\/lydenim.com\/wp-content\/uploads\/2025\/05\/IMG_7300-768x255.jpg 768w, https:\/\/lydenim.com\/wp-content\/uploads\/2025\/05\/IMG_7300-1536x510.jpg 1536w, https:\/\/lydenim.com\/wp-content\/uploads\/2025\/05\/IMG_7300-2048x681.jpg 2048w, https:\/\/lydenim.com\/wp-content\/uploads\/2025\/05\/IMG_7300-18x6.jpg 18w, https:\/\/lydenim.com\/wp-content\/uploads\/2025\/05\/IMG_7300-600x199.jpg 600w, https:\/\/lydenim.com\/wp-content\/uploads\/2025\/05\/IMG_7300-150x50.jpg 150w\" sizes=\"auto, (max-width: 600px) 100vw, 600px\" \/><p id=\"caption-attachment-5888\" class=\"wp-caption-text\">Tipo de barra vertical<\/p><\/div><\/li>\n<li>Tipo sarga\n<p><div id=\"attachment_5889\" style=\"width: 610px\" class=\"wp-caption aligncenter\"><img loading=\"lazy\" decoding=\"async\" aria-describedby=\"caption-attachment-5889\" class=\"wp-image-5889\" src=\"https:\/\/lydenim.com\/wp-content\/uploads\/2025\/05\/IMG_7301-scaled.jpg\" alt=\"\" width=\"600\" height=\"199\" srcset=\"https:\/\/lydenim.com\/wp-content\/uploads\/2025\/05\/IMG_7301-scaled.jpg 2560w, https:\/\/lydenim.com\/wp-content\/uploads\/2025\/05\/IMG_7301-300x100.jpg 300w, https:\/\/lydenim.com\/wp-content\/uploads\/2025\/05\/IMG_7301-1024x340.jpg 1024w, https:\/\/lydenim.com\/wp-content\/uploads\/2025\/05\/IMG_7301-768x255.jpg 768w, https:\/\/lydenim.com\/wp-content\/uploads\/2025\/05\/IMG_7301-1536x510.jpg 1536w, https:\/\/lydenim.com\/wp-content\/uploads\/2025\/05\/IMG_7301-2048x681.jpg 2048w, https:\/\/lydenim.com\/wp-content\/uploads\/2025\/05\/IMG_7301-18x6.jpg 18w, https:\/\/lydenim.com\/wp-content\/uploads\/2025\/05\/IMG_7301-600x199.jpg 600w, https:\/\/lydenim.com\/wp-content\/uploads\/2025\/05\/IMG_7301-150x50.jpg 150w\" sizes=\"auto, (max-width: 600px) 100vw, 600px\" \/><p id=\"caption-attachment-5889\" class=\"wp-caption-text\">Tipo sarga<\/p><\/div><\/li>\n<li>Tipo rombo\n<p><div id=\"attachment_5887\" style=\"width: 610px\" class=\"wp-caption aligncenter\"><img loading=\"lazy\" decoding=\"async\" aria-describedby=\"caption-attachment-5887\" class=\"wp-image-5887\" src=\"https:\/\/lydenim.com\/wp-content\/uploads\/2025\/05\/IMG_7299-scaled.jpg\" alt=\"\" width=\"600\" height=\"199\" srcset=\"https:\/\/lydenim.com\/wp-content\/uploads\/2025\/05\/IMG_7299-scaled.jpg 2560w, https:\/\/lydenim.com\/wp-content\/uploads\/2025\/05\/IMG_7299-300x100.jpg 300w, https:\/\/lydenim.com\/wp-content\/uploads\/2025\/05\/IMG_7299-1024x340.jpg 1024w, https:\/\/lydenim.com\/wp-content\/uploads\/2025\/05\/IMG_7299-768x255.jpg 768w, https:\/\/lydenim.com\/wp-content\/uploads\/2025\/05\/IMG_7299-1536x510.jpg 1536w, https:\/\/lydenim.com\/wp-content\/uploads\/2025\/05\/IMG_7299-2048x681.jpg 2048w, https:\/\/lydenim.com\/wp-content\/uploads\/2025\/05\/IMG_7299-18x6.jpg 18w, https:\/\/lydenim.com\/wp-content\/uploads\/2025\/05\/IMG_7299-600x199.jpg 600w, https:\/\/lydenim.com\/wp-content\/uploads\/2025\/05\/IMG_7299-150x50.jpg 150w\" sizes=\"auto, (max-width: 600px) 100vw, 600px\" \/><p id=\"caption-attachment-5887\" class=\"wp-caption-text\">Tipo rombo<\/p><\/div><\/li>\n<li>Otros tipos especiales y personalizables\n<p><div id=\"attachment_5886\" style=\"width: 610px\" class=\"wp-caption aligncenter\"><img loading=\"lazy\" decoding=\"async\" aria-describedby=\"caption-attachment-5886\" class=\"size-full wp-image-5886\" src=\"https:\/\/lydenim.com\/wp-content\/uploads\/2025\/05\/b0bcb64b6ef9e901ee06e4d5ebeb96cb-e1752811228151.jpg\" alt=\"\" width=\"600\" height=\"983\" \/><p id=\"caption-attachment-5886\" class=\"wp-caption-text\">Otros tipos especiales y personalizables<\/p><\/div><\/li>\n<\/ul>\n<\/li>\n<\/ol>\n<p>La selecci\u00f3n de la tela le permite lograr la sensaci\u00f3n de producto deseada y al mismo tiempo cumplir con las expectativas de dise\u00f1o y rendimiento para su marca.<\/p>\n<h3><strong>El futuro del denim: donde la artesan\u00eda se fusiona con la innovaci\u00f3n<\/strong><\/h3>\n<p>El desarrollo futuro del denim combina la artesan\u00eda tradicional con los avances tecnol\u00f3gicos modernos. Las tendencias de dise\u00f1o actuales y futuras se centran en la autoexpresi\u00f3n individual, lo que lleva al denim flocado a convertirse en una herramienta para el &quot;arte funcional&quot; mediante la integraci\u00f3n de materiales termorreguladores e hilos fotosensibles. LY Denim promueve la producci\u00f3n sostenible junto con el dise\u00f1o personalizado, transformando la tela vaquera producida en masa en materiales controlados por dise\u00f1adores.<\/p>\n<p>&nbsp;<\/p>\n<h3>\u00bfEst\u00e1s preparado para transformar tu dise\u00f1o a trav\u00e9s del denim flocado?<\/h3>\n<p dir=\"auto\">\ud83c\udfa8 Quiero <strong>telas de mezclilla personalizadas<\/strong> o\u00a0 <strong>\u00fanico<\/strong> <strong>prenda de mezclilla personalizada<\/strong>?LYDENIM se especializa en soluciones a medida para satisfacer sus necesidades de dise\u00f1o y producci\u00f3n.<\/p>\n<p dir=\"auto\">\ud83d\udecd\ufe0f <strong>Explora e insp\u00edrate<\/strong>:Explore nuestra selecci\u00f3n de telas y descubra ideas de dise\u00f1o en <a href=\"https:\/\/lydenim.com\/es\/\" target=\"_blank\" rel=\"noopener noreferrer nofollow\">LYDenim<\/a>.<\/p>\n<p dir=\"auto\">\ud83c\udf10 <strong>Ropa el\u00e1stica<\/strong>:Consulta nuestras ofertas en <a href=\"http:\/\/liangyuantextile.m.en.alibaba.com\" target=\"_blank\" rel=\"noopener noreferrer nofollow\">Mi Alibaba<\/a>. \ud83d\udce9 <strong>Contacto<\/strong>:Comun\u00edquese con nosotros en <a href=\"mailto:malone@lydenim.com\" target=\"_blank\" rel=\"noopener noreferrer nofollow\">malone@lydenim.com<\/a>.<\/p>\n<p dir=\"auto\">Crea tu obra maestra en denim con LYDENIM, tu socio de confianza para <strong>tejido el\u00e1stico<\/strong> y <strong>soluciones de mezclilla personalizadas<\/strong>.<\/p>","protected":false},"excerpt":{"rendered":"<p>Tiempo estimado de lectura: \uff5e3 minutos Denim flocado El denim tradicional recibe una transformaci\u00f3n de textura aterciopelada a trav\u00e9s de la tecnolog\u00eda de flocado que se adhiere<\/p>","protected":false},"author":1,"featured_media":5120,"comment_status":"open","ping_status":"open","sticky":false,"template":"","format":"standard","meta":{"two_page_speed":[],"footnotes":""},"categories":[67],"tags":[],"class_list":["post-5115","post","type-post","status-publish","format-standard","has-post-thumbnail","hentry","category-market"],"aioseo_notices":[],"_links":{"self":[{"href":"https:\/\/lydenim.com\/es\/wp-json\/wp\/v2\/posts\/5115","targetHints":{"allow":["GET"]}}],"collection":[{"href":"https:\/\/lydenim.com\/es\/wp-json\/wp\/v2\/posts"}],"about":[{"href":"https:\/\/lydenim.com\/es\/wp-json\/wp\/v2\/types\/post"}],"author":[{"embeddable":true,"href":"https:\/\/lydenim.com\/es\/wp-json\/wp\/v2\/users\/1"}],"replies":[{"embeddable":true,"href":"https:\/\/lydenim.com\/es\/wp-json\/wp\/v2\/comments?post=5115"}],"version-history":[{"count":5,"href":"https:\/\/lydenim.com\/es\/wp-json\/wp\/v2\/posts\/5115\/revisions"}],"predecessor-version":[{"id":6303,"href":"https:\/\/lydenim.com\/es\/wp-json\/wp\/v2\/posts\/5115\/revisions\/6303"}],"wp:featuredmedia":[{"embeddable":true,"href":"https:\/\/lydenim.com\/es\/wp-json\/wp\/v2\/media\/5120"}],"wp:attachment":[{"href":"https:\/\/lydenim.com\/es\/wp-json\/wp\/v2\/media?parent=5115"}],"wp:term":[{"taxonomy":"category","embeddable":true,"href":"https:\/\/lydenim.com\/es\/wp-json\/wp\/v2\/categories?post=5115"},{"taxonomy":"post_tag","embeddable":true,"href":"https:\/\/lydenim.com\/es\/wp-json\/wp\/v2\/tags?post=5115"}],"curies":[{"name":"wp","href":"https:\/\/api.w.org\/{rel}","templated":true}]}}