{"id":5144,"date":"2025-05-19T16:03:38","date_gmt":"2025-05-19T08:03:38","guid":{"rendered":"https:\/\/lydenim.com\/?p=5144"},"modified":"2025-08-24T13:14:10","modified_gmt":"2025-08-24T05:14:10","slug":"what-is-stretch-denim-stretch-jeans","status":"publish","type":"post","link":"https:\/\/lydenim.com\/es\/que-es-el-denim-elastico-jeans-elasticos\/","title":{"rendered":"\u00bfQu\u00e9 es el denim el\u00e1stico? \u00bfUn pantal\u00f3n vaquero el\u00e1stico?"},"content":{"rendered":"<h2 data-pm-slice=\"1 1 []\">Tiempo estimado de lectura: ~5 minutos<\/h2>\n<h2 data-start=\"0\" data-end=\"430\"><strong data-start=\"0\" data-end=\"53\">\u00bfQu\u00e9 es el denim el\u00e1stico y de d\u00f3nde proviene?<\/strong><\/h2>\n<p class=\"\" data-start=\"0\" data-end=\"430\">La mezclilla tradicional se suele tejer con algod\u00f3n 100%. Gracias a su resistente tejido de sarga y su impresionante resistencia a la abrasi\u00f3n, la mezclilla cl\u00e1sica se convirti\u00f3 en un b\u00e1sico mundial de la ropa de trabajo. A medida que los gustos evolucionaron de la mera &quot;utilidad&quot; a la &quot;comodidad y la individualidad&quot;, los consumidores comenzaron a buscar telas que conservaran el ic\u00f3nico aspecto de la mezclilla y se ajustaran al cuerpo. <strong data-start=\"412\" data-end=\"429\">mezclilla el\u00e1stica<\/strong>.<img loading=\"lazy\" decoding=\"async\" class=\"aligncenter wp-image-5146\" src=\"https:\/\/lydenim.com\/wp-content\/uploads\/2025\/05\/Polyurethane.svg.png\" alt=\"\" width=\"600\" height=\"264\" srcset=\"https:\/\/lydenim.com\/wp-content\/uploads\/2025\/05\/Polyurethane.svg.png 868w, https:\/\/lydenim.com\/wp-content\/uploads\/2025\/05\/Polyurethane.svg-300x132.png 300w, https:\/\/lydenim.com\/wp-content\/uploads\/2025\/05\/Polyurethane.svg-768x338.png 768w, https:\/\/lydenim.com\/wp-content\/uploads\/2025\/05\/Polyurethane.svg-18x8.png 18w, https:\/\/lydenim.com\/wp-content\/uploads\/2025\/05\/Polyurethane.svg-600x264.png 600w, https:\/\/lydenim.com\/wp-content\/uploads\/2025\/05\/Polyurethane.svg-150x66.png 150w\" sizes=\"auto, (max-width: 600px) 100vw, 600px\" \/><\/p>\n<p class=\"\" data-start=\"432\" data-end=\"891\">El cambio de juego fue la introducci\u00f3n de <strong data-start=\"473\" data-end=\"495\"><a href=\"https:\/\/en.wikipedia.org\/wiki\/Spandex\">spandex<\/a> (elastano)<\/strong>Esta fibra a base de poliuretano, mezclada en tan solo un 5%, puede estirarse hasta un 500% y recuperar su forma al instante. Un ejemplo famoso de ello son los Levi&#039;s de finales de los 90. <a href=\"https:\/\/www.levi.com\/US\/en_US\/blog\/article\/levis-engineered-jeans\"><strong data-start=\"669\" data-end=\"689\">Jeans de ingenier\u00eda<\/strong> <\/a>L\u00ednea que insert\u00f3 elastano en la trama. El resultado: jeans que se flexionan naturalmente en las rodillas y las caderas, conservan la silueta impecable del denim y eliminan la sensaci\u00f3n r\u00edgida y restrictiva de los jeans tradicionales.<img loading=\"lazy\" decoding=\"async\" class=\"aligncenter wp-image-5145\" src=\"https:\/\/lydenim.com\/wp-content\/uploads\/2025\/05\/Engineered-Jeans.webp\" alt=\"\" width=\"600\" height=\"800\" srcset=\"https:\/\/lydenim.com\/wp-content\/uploads\/2025\/05\/Engineered-Jeans.webp 1200w, https:\/\/lydenim.com\/wp-content\/uploads\/2025\/05\/Engineered-Jeans-225x300.webp 225w, https:\/\/lydenim.com\/wp-content\/uploads\/2025\/05\/Engineered-Jeans-768x1024.webp 768w, https:\/\/lydenim.com\/wp-content\/uploads\/2025\/05\/Engineered-Jeans-1152x1536.webp 1152w, https:\/\/lydenim.com\/wp-content\/uploads\/2025\/05\/Engineered-Jeans-9x12.webp 9w, https:\/\/lydenim.com\/wp-content\/uploads\/2025\/05\/Engineered-Jeans-600x800.webp 600w, https:\/\/lydenim.com\/wp-content\/uploads\/2025\/05\/Engineered-Jeans-150x200.webp 150w\" sizes=\"auto, (max-width: 600px) 100vw, 600px\" \/><\/p>\n<h2 data-start=\"898\" data-end=\"951\">La ciencia detr\u00e1s del estiramiento: c\u00f3mo funciona el spandex<\/h2>\n<p class=\"\" data-start=\"953\" data-end=\"1023\">El denim el\u00e1stico debe su elasticidad a las innovaciones en la <a href=\"https:\/\/en.wikipedia.org\/wiki\/Warp_and_weft\"><strong data-start=\"1009\" data-end=\"1022\">hilo de trama<\/strong><\/a>:<\/p>\n<div class=\"_tableContainer_16hzy_1\">\n<div class=\"_tableWrapper_16hzy_14 group flex w-fit flex-col-reverse\" tabindex=\"-1\">\n<table class=\"w-fit min-w-(--thread-content-width)\" style=\"height: 167px;\" width=\"1358\" data-start=\"1025\" data-end=\"1546\">\n<thead data-start=\"1025\" data-end=\"1068\">\n<tr data-start=\"1025\" data-end=\"1068\">\n<th data-start=\"1025\" data-end=\"1041\" data-col-size=\"sm\">T\u00e9cnica clave<\/th>\n<th data-start=\"1041\" data-end=\"1068\" data-col-size=\"lg\">C\u00f3mo proporciona estiramiento<\/th>\n<\/tr>\n<\/thead>\n<tbody data-start=\"1113\" data-end=\"1546\">\n<tr data-start=\"1113\" data-end=\"1247\">\n<td data-start=\"1113\" data-end=\"1134\" data-col-size=\"sm\"><strong data-start=\"1115\" data-end=\"1133\">Hilo hilado con n\u00facleo<\/strong><\/td>\n<td data-col-size=\"lg\" data-start=\"1134\" data-end=\"1247\">Un filamento de spandex forma el n\u00facleo, revestido de algod\u00f3n. El resultado es &quot;el\u00e1stico en el centro y tela vaquera en la superficie&quot;.<\/td>\n<\/tr>\n<tr data-start=\"1248\" data-end=\"1408\">\n<td data-start=\"1248\" data-end=\"1277\" data-col-size=\"sm\"><strong data-start=\"1250\" data-end=\"1276\">Relaci\u00f3n de mezcla controlada<\/strong><\/td>\n<td data-col-size=\"lg\" data-start=\"1277\" data-end=\"1408\">El contenido de elastano suele ser de 2 a 5 %. Esto es suficiente para recuperar la elasticidad sin que la tela quede suelta ni propensa a romperse.<\/td>\n<\/tr>\n<tr data-start=\"1409\" data-end=\"1546\">\n<td data-start=\"1409\" data-end=\"1430\" data-col-size=\"sm\"><strong data-start=\"1411\" data-end=\"1429\">Post-acabado<\/strong><\/td>\n<td data-col-size=\"lg\" data-start=\"1430\" data-end=\"1546\">El preencogimiento y el ajuste a alta temperatura retienen la resiliencia del spandex y reducen la distorsi\u00f3n despu\u00e9s del lavado.<\/td>\n<\/tr>\n<\/tbody>\n<\/table>\n<p><img loading=\"lazy\" decoding=\"async\" class=\"aligncenter wp-image-5147\" src=\"https:\/\/lydenim.com\/wp-content\/uploads\/2025\/05\/spandex-e1747639507735.jpg\" alt=\"\" width=\"300\" height=\"183\" srcset=\"https:\/\/lydenim.com\/wp-content\/uploads\/2025\/05\/spandex-e1747639507735.jpg 313w, https:\/\/lydenim.com\/wp-content\/uploads\/2025\/05\/spandex-e1747639507735-300x183.jpg 300w, https:\/\/lydenim.com\/wp-content\/uploads\/2025\/05\/spandex-e1747639507735-18x12.jpg 18w, https:\/\/lydenim.com\/wp-content\/uploads\/2025\/05\/spandex-e1747639507735-150x92.jpg 150w\" sizes=\"auto, (max-width: 300px) 100vw, 300px\" \/><\/p>\n<div class=\"sticky end-(--thread-content-margin) h-0 self-end select-none\">\n<div class=\"absolute end-0 flex items-end\"><\/div>\n<\/div>\n<\/div>\n<\/div>\n<h2 data-start=\"1553\" data-end=\"1595\">M\u00e1s all\u00e1 de la flexibilidad: ventajas del spandex<\/h2>\n<p class=\"\" data-start=\"1597\" data-end=\"1935\">El spandex no solo es el\u00e1stico, tambi\u00e9n es <strong data-start=\"1630\" data-end=\"1669\">m\u00e1s resistente a la abrasi\u00f3n que el caucho<\/strong>Resiste el cloro y la transpiraci\u00f3n, y es ideal para prendas de uso diario intensivo. Combinar el spandex con algod\u00f3n reciclado u otras fibras ecol\u00f3gicas tambi\u00e9n est\u00e1 impulsando el auge de... <strong data-start=\"1859\" data-end=\"1888\">denim el\u00e1stico sostenible<\/strong>, un favorito de r\u00e1pido crecimiento en la moda consciente.<\/p>\n<h2 data-start=\"0\" data-end=\"33\"><a href=\"https:\/\/lydenim.com\/es\/product-category\/high-stretch-denim-fabric\/\">Mezclilla el\u00e1stica<\/a> en <strong data-start=\"21\" data-end=\"33\">Mezclilla LY<\/strong><\/h2>\n<p class=\"\" data-start=\"35\" data-end=\"298\">En el mundo del denim, la elasticidad nunca es solo cuesti\u00f3n de n\u00fameros. Lograr el equilibrio perfecto entre elasticidad y tacto aut\u00e9ntico es todo un arte, algo que nuestro equipo de I+D persigue con la paciencia de un escultor, perfeccionando incesantemente las mezclas de hilos hasta lograr la perfecci\u00f3n perfecta.<\/p>\n<p class=\"\" data-start=\"300\" data-end=\"582\"><strong data-start=\"300\" data-end=\"324\">\u2022 Serie de bajo estiramiento<\/strong><br data-start=\"324\" data-end=\"327\" \/>Inspirados por la obsesi\u00f3n de los puristas vintage con el denim crudo, mantenemos el spandex debajo <strong data-start=\"404\" data-end=\"411\">3 %<\/strong>La tela se abre con suavidad y luego recupera su forma original y estructurada, conservando ese codiciado car\u00e1cter &quot;crudo&quot; incluso despu\u00e9s del desgaste diario.<\/p>\n<div id=\"attachment_4507\" style=\"width: 610px\" class=\"wp-caption aligncenter\"><img loading=\"lazy\" decoding=\"async\" aria-describedby=\"caption-attachment-4507\" class=\"wp-image-4507\" src=\"https:\/\/lydenim.com\/wp-content\/uploads\/2025\/03\/IMG_6219.jpg\" alt=\"\" width=\"600\" height=\"600\" srcset=\"https:\/\/lydenim.com\/wp-content\/uploads\/2025\/03\/IMG_6219.jpg 2196w, https:\/\/lydenim.com\/wp-content\/uploads\/2025\/03\/IMG_6219-300x300.jpg 300w, https:\/\/lydenim.com\/wp-content\/uploads\/2025\/03\/IMG_6219-1024x1024.jpg 1024w, https:\/\/lydenim.com\/wp-content\/uploads\/2025\/03\/IMG_6219-150x150.jpg 150w, https:\/\/lydenim.com\/wp-content\/uploads\/2025\/03\/IMG_6219-768x768.jpg 768w, https:\/\/lydenim.com\/wp-content\/uploads\/2025\/03\/IMG_6219-1536x1536.jpg 1536w, https:\/\/lydenim.com\/wp-content\/uploads\/2025\/03\/IMG_6219-2048x2048.jpg 2048w, https:\/\/lydenim.com\/wp-content\/uploads\/2025\/03\/IMG_6219-12x12.jpg 12w, https:\/\/lydenim.com\/wp-content\/uploads\/2025\/03\/IMG_6219-600x600.jpg 600w\" sizes=\"auto, (max-width: 600px) 100vw, 600px\" \/><p id=\"caption-attachment-4507\" class=\"wp-caption-text\">Orillo de baja elasticidad<\/p><\/div>\n<p class=\"\" data-start=\"584\" data-end=\"929\"><strong data-start=\"584\" data-end=\"611\">\u2022 Serie de estiramiento medio<\/strong><br data-start=\"611\" data-end=\"614\" \/>Un verdadero &quot;lo mejor de ambos mundos&quot;. Los dise\u00f1adores se quejaron de que los jeans ajustados eran demasiado restrictivos o perd\u00edan la forma demasiado r\u00e1pido, as\u00ed que presentamos un <strong data-start=\"757\" data-end=\"780\">hilo hilado con n\u00facleo doble<\/strong>El spandex act\u00faa como un andamio invisible dentro del algod\u00f3n, brindando un f\u00e1cil estiramiento lateral y al mismo tiempo agregando un sutil soporte vertical para evitar la flacidez.<img loading=\"lazy\" decoding=\"async\" class=\"aligncenter wp-image-4231\" src=\"https:\/\/lydenim.com\/wp-content\/uploads\/2025\/03\/IMG_5819.jpg\" alt=\"\" width=\"600\" height=\"600\" srcset=\"https:\/\/lydenim.com\/wp-content\/uploads\/2025\/03\/IMG_5819.jpg 2196w, https:\/\/lydenim.com\/wp-content\/uploads\/2025\/03\/IMG_5819-300x300.jpg 300w, https:\/\/lydenim.com\/wp-content\/uploads\/2025\/03\/IMG_5819-1024x1024.jpg 1024w, https:\/\/lydenim.com\/wp-content\/uploads\/2025\/03\/IMG_5819-150x150.jpg 150w, https:\/\/lydenim.com\/wp-content\/uploads\/2025\/03\/IMG_5819-768x768.jpg 768w, https:\/\/lydenim.com\/wp-content\/uploads\/2025\/03\/IMG_5819-1536x1536.jpg 1536w, https:\/\/lydenim.com\/wp-content\/uploads\/2025\/03\/IMG_5819-2048x2048.jpg 2048w, https:\/\/lydenim.com\/wp-content\/uploads\/2025\/03\/IMG_5819-12x12.jpg 12w, https:\/\/lydenim.com\/wp-content\/uploads\/2025\/03\/IMG_5819-600x600.jpg 600w\" sizes=\"auto, (max-width: 600px) 100vw, 600px\" \/><\/p>\n<p class=\"\" data-start=\"931\" data-end=\"1269\"><strong data-start=\"931\" data-end=\"956\">\u2022 Serie de alto estiramiento<\/strong><br data-start=\"956\" data-end=\"959\" \/>Para los consumidores que se mueven, de verdad, aumentamos la proporci\u00f3n de spandex en un tejido dise\u00f1ado con precisi\u00f3n. El resultado es una mezclilla que se flexiona de forma espectacular sin sacrificar su resistencia, resistiendo estocadas profundas, desplazamientos en bicicleta y bailes improvisados sin romperse ni perder su inconfundible estilo.<img loading=\"lazy\" decoding=\"async\" class=\"aligncenter wp-image-4117\" src=\"https:\/\/lydenim.com\/wp-content\/uploads\/2025\/03\/IMG_5636.jpg\" alt=\"\" width=\"600\" height=\"600\" srcset=\"https:\/\/lydenim.com\/wp-content\/uploads\/2025\/03\/IMG_5636.jpg 2196w, https:\/\/lydenim.com\/wp-content\/uploads\/2025\/03\/IMG_5636-300x300.jpg 300w, https:\/\/lydenim.com\/wp-content\/uploads\/2025\/03\/IMG_5636-1024x1024.jpg 1024w, https:\/\/lydenim.com\/wp-content\/uploads\/2025\/03\/IMG_5636-150x150.jpg 150w, https:\/\/lydenim.com\/wp-content\/uploads\/2025\/03\/IMG_5636-768x768.jpg 768w, https:\/\/lydenim.com\/wp-content\/uploads\/2025\/03\/IMG_5636-1536x1536.jpg 1536w, https:\/\/lydenim.com\/wp-content\/uploads\/2025\/03\/IMG_5636-2048x2048.jpg 2048w, https:\/\/lydenim.com\/wp-content\/uploads\/2025\/03\/IMG_5636-12x12.jpg 12w, https:\/\/lydenim.com\/wp-content\/uploads\/2025\/03\/IMG_5636-600x600.jpg 600w\" sizes=\"auto, (max-width: 600px) 100vw, 600px\" \/><\/p>\n<p class=\"\" data-start=\"1271\" data-end=\"1351\">Con LY Denim, cada nivel de elasticidad todav\u00eda se siente (y luce) como un denim aut\u00e9ntico.<\/p>\n<h2 dir=\"auto\"><a href=\"http:\/\/liangyuantextile.m.en.alibaba.com\"><strong>Denim el\u00e1stico personalizado y PRENDA<\/strong><\/a><\/h2>\n<p class=\"\" data-start=\"42\" data-end=\"180\">En LY Denim nos asociamos con dise\u00f1adores y marcas de todo el mundo para superar los l\u00edmites del denim el\u00e1stico y ofrecemos tres l\u00edneas personalizadas exclusivas:<\/p>\n<ul data-start=\"182\" data-end=\"889\">\n<li class=\"\" data-start=\"182\" data-end=\"385\">\n<p class=\"\" data-start=\"184\" data-end=\"385\"><strong data-start=\"184\" data-end=\"216\">Viajero urbano \u2013 Tramo medio<\/strong><br data-start=\"216\" data-end=\"219\" \/>Silueta de corte bota con mayor flexibilidad en las rodillas. Desde paseos r\u00e1pidos en bicicleta y carreras en el metro hasta una tarde de relax, un par te mantiene c\u00f3modo y elegante todo el d\u00eda.<\/p>\n<p><div id=\"attachment_4621\" style=\"width: 610px\" class=\"wp-caption aligncenter\"><img loading=\"lazy\" decoding=\"async\" aria-describedby=\"caption-attachment-4621\" class=\"wp-image-4621\" src=\"https:\/\/lydenim.com\/wp-content\/uploads\/2025\/04\/IMG_4825.jpg\" alt=\"Vaqueros de mezclilla\" width=\"600\" height=\"859\" srcset=\"https:\/\/lydenim.com\/wp-content\/uploads\/2025\/04\/IMG_4825.jpg 930w, https:\/\/lydenim.com\/wp-content\/uploads\/2025\/04\/IMG_4825-209x300.jpg 209w, https:\/\/lydenim.com\/wp-content\/uploads\/2025\/04\/IMG_4825-715x1024.jpg 715w, https:\/\/lydenim.com\/wp-content\/uploads\/2025\/04\/IMG_4825-768x1100.jpg 768w, https:\/\/lydenim.com\/wp-content\/uploads\/2025\/04\/IMG_4825-8x12.jpg 8w, https:\/\/lydenim.com\/wp-content\/uploads\/2025\/04\/IMG_4825-600x859.jpg 600w, https:\/\/lydenim.com\/wp-content\/uploads\/2025\/04\/IMG_4825-150x215.jpg 150w\" sizes=\"auto, (max-width: 600px) 100vw, 600px\" \/><p id=\"caption-attachment-4621\" class=\"wp-caption-text\">Vaqueros de mezclilla<\/p><\/div><\/li>\n<li class=\"\" data-start=\"387\" data-end=\"642\">\n<p class=\"\" data-start=\"389\" data-end=\"642\"><strong data-start=\"389\" data-end=\"435\">Eco-Active \u2013 Sustentable de estiramiento medio\/alto<\/strong><br data-start=\"435\" data-end=\"438\" \/>Shorts multiusos confeccionados con elastano reciclado y algod\u00f3n recuperado. Ya sea que est\u00e9s haciendo sentadillas en el gimnasio o patinando por las calles, se mueven con libertad y son respetuosos con el medio ambiente.<img loading=\"lazy\" decoding=\"async\" class=\"aligncenter wp-image-5148\" src=\"https:\/\/lydenim.com\/wp-content\/uploads\/2025\/05\/Sports-denim-shorts.webp\" alt=\"\" width=\"600\" height=\"801\" srcset=\"https:\/\/lydenim.com\/wp-content\/uploads\/2025\/05\/Sports-denim-shorts.webp 730w, https:\/\/lydenim.com\/wp-content\/uploads\/2025\/05\/Sports-denim-shorts-225x300.webp 225w, https:\/\/lydenim.com\/wp-content\/uploads\/2025\/05\/Sports-denim-shorts-9x12.webp 9w, https:\/\/lydenim.com\/wp-content\/uploads\/2025\/05\/Sports-denim-shorts-600x801.webp 600w, https:\/\/lydenim.com\/wp-content\/uploads\/2025\/05\/Sports-denim-shorts-150x200.webp 150w\" sizes=\"auto, (max-width: 600px) 100vw, 600px\" \/><\/p>\n<\/li>\n<li class=\"\" data-start=\"644\" data-end=\"889\">\n<p class=\"\" data-start=\"646\" data-end=\"889\"><strong data-start=\"646\" data-end=\"688\">Ediciones de lujo: Alta costura de alta elasticidad<\/strong><br data-start=\"688\" data-end=\"691\" \/>El denim el\u00e1stico de galga fina se combina con motivos florales cortados a l\u00e1ser para crear un juego de luces y sombras. Suave como la seda, pero fiel a la esencia del denim, a\u00f1ade detalles impactantes a looks de alta costura y ropa de escenario.<img loading=\"lazy\" decoding=\"async\" class=\"aligncenter wp-image-5003\" src=\"https:\/\/lydenim.com\/wp-content\/uploads\/2025\/05\/DM_20250505014945_010-e1746515441618.jpg\" alt=\"BALENCIAGA \/ PR\u00d3XIMO A PORTER PRIMAVERA 2025\" width=\"600\" height=\"760\" srcset=\"https:\/\/lydenim.com\/wp-content\/uploads\/2025\/05\/DM_20250505014945_010-e1746515441618.jpg 1280w, https:\/\/lydenim.com\/wp-content\/uploads\/2025\/05\/DM_20250505014945_010-e1746515441618-237x300.jpg 237w, https:\/\/lydenim.com\/wp-content\/uploads\/2025\/05\/DM_20250505014945_010-e1746515441618-808x1024.jpg 808w, https:\/\/lydenim.com\/wp-content\/uploads\/2025\/05\/DM_20250505014945_010-e1746515441618-768x973.jpg 768w, https:\/\/lydenim.com\/wp-content\/uploads\/2025\/05\/DM_20250505014945_010-e1746515441618-1212x1536.jpg 1212w, https:\/\/lydenim.com\/wp-content\/uploads\/2025\/05\/DM_20250505014945_010-e1746515441618-9x12.jpg 9w, https:\/\/lydenim.com\/wp-content\/uploads\/2025\/05\/DM_20250505014945_010-e1746515441618-600x760.jpg 600w, https:\/\/lydenim.com\/wp-content\/uploads\/2025\/05\/DM_20250505014945_010-e1746515441618-150x190.jpg 150w\" sizes=\"auto, (max-width: 600px) 100vw, 600px\" \/><\/p>\n<\/li>\n<\/ul>\n<p class=\"\" data-start=\"891\" data-end=\"1023\">Estas colecciones demuestran que <strong data-start=\"920\" data-end=\"1022\">El denim el\u00e1stico es m\u00e1s que una tela: es una combinaci\u00f3n de rendimiento pr\u00e1ctico y creatividad ilimitada.<\/strong>.<\/p>\n<h2 data-start=\"0\" data-end=\"14\">Conclusi\u00f3n<\/h2>\n<p class=\"\" data-start=\"16\" data-end=\"553\">A medida que los tiempos cambian, tambi\u00e9n lo hace la tecnolog\u00eda de los tejidos. Los diferentes niveles de elasticidad permiten que cada consumidor sienta la calidez de la innovaci\u00f3n: el spandex responde al calor corporal para una comodidad que se adapta a cada momento. Al ajustar el contenido de spandex, logramos la elasticidad perfecta, mientras que <strong data-start=\"284\" data-end=\"298\">mezclas ecol\u00f3gicas<\/strong>Spandex te\u00f1ido sin agua combinado con poli\u00e9steres de origen biol\u00f3gico: reduce la huella de carbono sin sacrificar la calidad. Y con herramientas de dise\u00f1o digital, marcas y particulares ahora pueden personalizar telas seg\u00fan sus especificaciones exactas de elasticidad, peso y sostenibilidad.<\/p>\n<h2 dir=\"auto\">Servicios de personalizaci\u00f3n de LYDENIM<\/h2>\n<p dir=\"auto\">\ud83c\udfa8 Quiero <strong>telas de mezclilla personalizadas<\/strong> o\u00a0 <strong>\u00fanico<\/strong> <strong>prenda de mezclilla personalizada<\/strong>?LYDENIM se especializa en soluciones a medida para satisfacer sus necesidades de dise\u00f1o y producci\u00f3n.<\/p>\n<p dir=\"auto\">\ud83d\udecd\ufe0f <strong>Explora e insp\u00edrate<\/strong>:Explore nuestra selecci\u00f3n de telas y descubra ideas de dise\u00f1o en <a href=\"https:\/\/lydenim.com\/es\/\" target=\"_blank\" rel=\"noopener noreferrer nofollow\">LYDenim<\/a>.<\/p>\n<p dir=\"auto\">\ud83c\udf10 <strong>Ropa el\u00e1stica<\/strong>:Consulta nuestras ofertas en <a href=\"http:\/\/liangyuantextile.m.en.alibaba.com\" target=\"_blank\" rel=\"noopener noreferrer nofollow\">Mi Alibaba<\/a>. \ud83d\udce9 <strong>Contacto<\/strong>:Comun\u00edquese con nosotros en <a href=\"mailto:malone@lydenim.com\" target=\"_blank\" rel=\"noopener noreferrer nofollow\">malone@lydenim.com<\/a>.<\/p>\n<p dir=\"auto\">Crea tu obra maestra en denim con LYDENIM, tu socio de confianza para <strong>tejido el\u00e1stico<\/strong> y <strong>soluciones de mezclilla personalizadas<\/strong>.<\/p>","protected":false},"excerpt":{"rendered":"<p>Tiempo estimado de lectura: ~5 minutos \u00bfQu\u00e9 es la mezclilla el\u00e1stica y de d\u00f3nde proviene? La mezclilla tradicional suele estar tejida.<\/p>","protected":false},"author":1,"featured_media":5149,"comment_status":"open","ping_status":"open","sticky":false,"template":"","format":"standard","meta":{"two_page_speed":[],"footnotes":""},"categories":[67],"tags":[],"class_list":["post-5144","post","type-post","status-publish","format-standard","has-post-thumbnail","hentry","category-market"],"aioseo_notices":[],"_links":{"self":[{"href":"https:\/\/lydenim.com\/es\/wp-json\/wp\/v2\/posts\/5144","targetHints":{"allow":["GET"]}}],"collection":[{"href":"https:\/\/lydenim.com\/es\/wp-json\/wp\/v2\/posts"}],"about":[{"href":"https:\/\/lydenim.com\/es\/wp-json\/wp\/v2\/types\/post"}],"author":[{"embeddable":true,"href":"https:\/\/lydenim.com\/es\/wp-json\/wp\/v2\/users\/1"}],"replies":[{"embeddable":true,"href":"https:\/\/lydenim.com\/es\/wp-json\/wp\/v2\/comments?post=5144"}],"version-history":[{"count":2,"href":"https:\/\/lydenim.com\/es\/wp-json\/wp\/v2\/posts\/5144\/revisions"}],"predecessor-version":[{"id":6307,"href":"https:\/\/lydenim.com\/es\/wp-json\/wp\/v2\/posts\/5144\/revisions\/6307"}],"wp:featuredmedia":[{"embeddable":true,"href":"https:\/\/lydenim.com\/es\/wp-json\/wp\/v2\/media\/5149"}],"wp:attachment":[{"href":"https:\/\/lydenim.com\/es\/wp-json\/wp\/v2\/media?parent=5144"}],"wp:term":[{"taxonomy":"category","embeddable":true,"href":"https:\/\/lydenim.com\/es\/wp-json\/wp\/v2\/categories?post=5144"},{"taxonomy":"post_tag","embeddable":true,"href":"https:\/\/lydenim.com\/es\/wp-json\/wp\/v2\/tags?post=5144"}],"curies":[{"name":"wp","href":"https:\/\/api.w.org\/{rel}","templated":true}]}}