{"id":5170,"date":"2025-05-23T00:05:23","date_gmt":"2025-05-22T16:05:23","guid":{"rendered":"https:\/\/lydenim.com\/?p=5170"},"modified":"2025-08-24T13:19:40","modified_gmt":"2025-08-24T05:19:40","slug":"from-sketch-to-garment","status":"publish","type":"post","link":"https:\/\/lydenim.com\/es\/del-boceto-a-la-prenda\/","title":{"rendered":"Del boceto a la prenda: c\u00f3mo tu dise\u00f1o de moda se hace realidad"},"content":{"rendered":"<h2 class=\"\" data-start=\"2476\" data-end=\"2517\">Tiempo estimado de lectura: \uff5e4 minutos<\/h2>\n<h2 class=\"\" data-start=\"65\" data-end=\"141\"><strong data-start=\"68\" data-end=\"141\">1. La semilla del dise\u00f1o: de la chispa imaginativa al proyecto realista<\/strong><\/h2>\n<p class=\"\" data-start=\"143\" data-end=\"396\">Quiz\u00e1s alguna vez esbozaste una idea en una servilleta en un caf\u00e9, o viste el atuendo peculiar de alguien en la calle. Quiz\u00e1s eres un dise\u00f1ador profesional que constantemente perfecciona sus bocetos. No importa c\u00f3mo comience, toda idea creativa merece ser tomada en serio.<\/p>\n<p class=\"\" data-start=\"398\" data-end=\"440\">Como dijo la dise\u00f1adora emergente londinense Emma:<\/p>\n<blockquote data-start=\"441\" data-end=\"546\">\n<p class=\"\" data-start=\"443\" data-end=\"546\">Mi primera colecci\u00f3n se inspir\u00f3 en los grafitis del metro. Ahora est\u00e1 expuesta en las boutiques de Mil\u00e1n.<\/p>\n<\/blockquote>\n<p class=\"\" data-start=\"548\" data-end=\"690\">Ya sea que su dise\u00f1o se incline hacia la ropa urbana salvaje o la elegancia minimalista, el primer paso siempre es respetar ese impulso de <em data-start=\"671\" data-end=\"689\">crear algo<\/em>.<\/p>\n<div id=\"attachment_5172\" style=\"width: 610px\" class=\"wp-caption aligncenter\"><img loading=\"lazy\" decoding=\"async\" aria-describedby=\"caption-attachment-5172\" class=\"wp-image-5172\" src=\"https:\/\/lydenim.com\/wp-content\/uploads\/2025\/05\/1375001006098702079.png\" alt=\"\" width=\"600\" height=\"600\" srcset=\"https:\/\/lydenim.com\/wp-content\/uploads\/2025\/05\/1375001006098702079.png 1024w, https:\/\/lydenim.com\/wp-content\/uploads\/2025\/05\/1375001006098702079-300x300.png 300w, https:\/\/lydenim.com\/wp-content\/uploads\/2025\/05\/1375001006098702079-150x150.png 150w, https:\/\/lydenim.com\/wp-content\/uploads\/2025\/05\/1375001006098702079-768x768.png 768w, https:\/\/lydenim.com\/wp-content\/uploads\/2025\/05\/1375001006098702079-12x12.png 12w, https:\/\/lydenim.com\/wp-content\/uploads\/2025\/05\/1375001006098702079-600x600.png 600w\" sizes=\"auto, (max-width: 600px) 100vw, 600px\" \/><p id=\"caption-attachment-5172\" class=\"wp-caption-text\">De la chispa imaginativa al plan realista<\/p><\/div>\n<h2 class=\"\" data-start=\"697\" data-end=\"750\"><strong data-start=\"700\" data-end=\"750\">2. Elige tu base: tela y adornos<\/strong><\/h2>\n<h3 class=\"\" data-start=\"752\" data-end=\"798\"><strong data-start=\"756\" data-end=\"798\">La tela: la base de todo dise\u00f1o<\/strong><\/h3>\n<p class=\"\" data-start=\"800\" data-end=\"910\">Al igual que los cimientos de una casa, la calidad de la tela determina qu\u00e9 tan s\u00f3lida y bien ajustada ser\u00e1 una prenda.<\/p>\n<ul data-start=\"912\" data-end=\"1449\">\n<li class=\"\" data-start=\"912\" data-end=\"1095\">\n<p class=\"\" data-start=\"914\" data-end=\"975\"><strong data-start=\"914\" data-end=\"927\">Espesor<\/strong>:Diferentes pesos crean diferentes texturas.<\/p>\n<ul data-start=\"978\" data-end=\"1095\">\n<li class=\"\" data-start=\"978\" data-end=\"1044\">\n<p class=\"\" data-start=\"980\" data-end=\"1044\">El denim de 6 a 10 oz funciona bien para camisas livianas o ropa de verano.<\/p>\n<\/li>\n<li class=\"\" data-start=\"1047\" data-end=\"1095\">\n<p class=\"\" data-start=\"1049\" data-end=\"1095\">12 a 16 oz es ideal para jeans o chaquetas resistentes.<\/p>\n<\/li>\n<\/ul>\n<\/li>\n<li class=\"\" data-start=\"1097\" data-end=\"1255\">\n<p class=\"\" data-start=\"1099\" data-end=\"1111\"><strong data-start=\"1099\" data-end=\"1108\">Color<\/strong>:<\/p>\n<ul data-start=\"1114\" data-end=\"1255\">\n<li class=\"\" data-start=\"1114\" data-end=\"1156\">\n<p class=\"\" data-start=\"1116\" data-end=\"1156\">El \u00edndigo cl\u00e1sico es vers\u00e1til para el denim.<\/p>\n<\/li>\n<li class=\"\" data-start=\"1159\" data-end=\"1255\">\n<p class=\"\" data-start=\"1161\" data-end=\"1255\">El algod\u00f3n, las rayas, los tejidos y los patrones coloridos ayudan a expresar la individualidad y adaptarse a su concepto.<\/p>\n<\/li>\n<\/ul>\n<\/li>\n<li class=\"\" data-start=\"1257\" data-end=\"1449\">\n<p class=\"\" data-start=\"1259\" data-end=\"1276\"><strong data-start=\"1259\" data-end=\"1273\">Elasticidad<\/strong>:<\/p>\n<ul data-start=\"1279\" data-end=\"1449\">\n<li class=\"\" data-start=\"1279\" data-end=\"1375\">\n<p class=\"\" data-start=\"1281\" data-end=\"1375\">\u00bfBuscas comodidad? Elige mezclilla el\u00e1stica con elastano o algod\u00f3n flexible, telas a rayas o de punto.<\/p>\n<\/li>\n<li class=\"\" data-start=\"1378\" data-end=\"1449\">\n<p class=\"\" data-start=\"1380\" data-end=\"1449\">\u00bfPrefieres la estructura? Opta por mezclilla sin elasticidad para conservar la forma.<img loading=\"lazy\" decoding=\"async\" class=\"aligncenter wp-image-5173\" src=\"https:\/\/lydenim.com\/wp-content\/uploads\/2025\/05\/1375004716227276591.png\" alt=\"\" width=\"600\" height=\"600\" srcset=\"https:\/\/lydenim.com\/wp-content\/uploads\/2025\/05\/1375004716227276591.png 1024w, https:\/\/lydenim.com\/wp-content\/uploads\/2025\/05\/1375004716227276591-300x300.png 300w, https:\/\/lydenim.com\/wp-content\/uploads\/2025\/05\/1375004716227276591-150x150.png 150w, https:\/\/lydenim.com\/wp-content\/uploads\/2025\/05\/1375004716227276591-768x768.png 768w, https:\/\/lydenim.com\/wp-content\/uploads\/2025\/05\/1375004716227276591-12x12.png 12w, https:\/\/lydenim.com\/wp-content\/uploads\/2025\/05\/1375004716227276591-600x600.png 600w\" sizes=\"auto, (max-width: 600px) 100vw, 600px\" \/><\/p>\n<\/li>\n<\/ul>\n<\/li>\n<\/ul>\n<h3 class=\"\" data-start=\"1643\" data-end=\"1684\"><strong data-start=\"1647\" data-end=\"1684\">Adornos: peque\u00f1os detalles, gran impacto<\/strong><\/h3>\n<ul data-start=\"1686\" data-end=\"2058\">\n<li class=\"\" data-start=\"1686\" data-end=\"1828\">\n<p class=\"\" data-start=\"1688\" data-end=\"1702\"><strong data-start=\"1688\" data-end=\"1699\">Cremalleras<\/strong>:<\/p>\n<ul data-start=\"1705\" data-end=\"1828\">\n<li class=\"\" data-start=\"1705\" data-end=\"1775\">\n<p class=\"\" data-start=\"1707\" data-end=\"1775\">Las cremalleras YKK son duraderas y confiables, perfectas para dise\u00f1os de calidad.<\/p>\n<\/li>\n<li class=\"\" data-start=\"1778\" data-end=\"1828\">\n<p class=\"\" data-start=\"1780\" data-end=\"1828\">Tambi\u00e9n puedes atreverte con cremalleras de dise\u00f1os \u00fanicos.<\/p>\n<\/li>\n<\/ul>\n<\/li>\n<li class=\"\" data-start=\"1830\" data-end=\"1953\">\n<p class=\"\" data-start=\"1832\" data-end=\"1864\"><strong data-start=\"1832\" data-end=\"1861\">Parche de cuero con logotipo personalizado<\/strong>:<\/p>\n<ul data-start=\"1867\" data-end=\"1953\">\n<li class=\"\" data-start=\"1867\" data-end=\"1953\">\n<p class=\"\" data-start=\"1869\" data-end=\"1953\">A\u00f1ade un parche de cuero con tu logotipo para darle a la prenda una identidad personal o de marca.<\/p>\n<\/li>\n<\/ul>\n<\/li>\n<li class=\"\" data-start=\"1955\" data-end=\"2058\">\n<p class=\"\" data-start=\"1957\" data-end=\"1982\"><strong data-start=\"1957\" data-end=\"1979\">Botones y remaches<\/strong>:<\/p>\n<ul data-start=\"1985\" data-end=\"2058\">\n<li class=\"\" data-start=\"1985\" data-end=\"2058\">\n<p class=\"\" data-start=\"1987\" data-end=\"2058\">Botones \u00fanicos o remaches met\u00e1licos pueden realzar el aspecto de tu prenda.<\/p>\n<\/li>\n<\/ul>\n<\/li>\n<\/ul>\n<p class=\"\" data-start=\"2060\" data-end=\"2111\">Te ayudaremos a personalizar todos estos detalles especiales.<img loading=\"lazy\" decoding=\"async\" class=\"aligncenter wp-image-5177\" src=\"https:\/\/lydenim.com\/wp-content\/uploads\/2025\/05\/1375038682667253503.png\" alt=\"\" width=\"600\" height=\"600\" srcset=\"https:\/\/lydenim.com\/wp-content\/uploads\/2025\/05\/1375038682667253503.png 1024w, https:\/\/lydenim.com\/wp-content\/uploads\/2025\/05\/1375038682667253503-300x300.png 300w, https:\/\/lydenim.com\/wp-content\/uploads\/2025\/05\/1375038682667253503-150x150.png 150w, https:\/\/lydenim.com\/wp-content\/uploads\/2025\/05\/1375038682667253503-768x768.png 768w, https:\/\/lydenim.com\/wp-content\/uploads\/2025\/05\/1375038682667253503-12x12.png 12w, https:\/\/lydenim.com\/wp-content\/uploads\/2025\/05\/1375038682667253503-600x600.png 600w\" sizes=\"auto, (max-width: 600px) 100vw, 600px\" \/><\/p>\n<h2 class=\"\" data-start=\"2118\" data-end=\"2190\"><strong data-start=\"2121\" data-end=\"2190\">3. De la confirmaci\u00f3n a la finalizaci\u00f3n: construyendo tu \u00abarquitectura\u00bb<\/strong><\/h2>\n<h3 class=\"\" data-start=\"2192\" data-end=\"2218\"><strong data-start=\"2196\" data-end=\"2218\">Desarrollo de muestras<\/strong><\/h3>\n<p class=\"\" data-start=\"2220\" data-end=\"2435\">Despu\u00e9s de confirmar el dise\u00f1o con nuestro fabricante de muestras, primero creamos un prototipo.<br data-start=\"2299\" data-end=\"2302\" \/>Este es tu <em data-start=\"2315\" data-end=\"2343\">primera realizaci\u00f3n f\u00edsica<\/em> del dise\u00f1o. Puedes prob\u00e1rtelo o ajustarlo; quiz\u00e1s acortar las mangas o mover el bolsillo.<\/p>\n<p class=\"\" data-start=\"2437\" data-end=\"2488\">Este paso garantiza que todo est\u00e9 en el camino correcto.<\/p>\n<h2 class=\"\" data-start=\"2495\" data-end=\"2520\"><strong data-start=\"2498\" data-end=\"2520\">Corte preciso<\/strong><\/h2>\n<p class=\"\" data-start=\"2522\" data-end=\"2668\">Una vez aprobada la muestra comenzamos a cortar la tela.<br data-start=\"2579\" data-end=\"2582\" \/><strong data-start=\"2582\" data-end=\"2603\">La precisi\u00f3n importa<\/strong>\u2014Cada pieza debe estar perfectamente formada y lista para el siguiente paso.<\/p>\n<p class=\"\" data-start=\"2670\" data-end=\"2691\">Nos lo tomamos en serio.<\/p>\n<h2 class=\"\" data-start=\"2698\" data-end=\"2725\"><strong data-start=\"2701\" data-end=\"2725\">Costura y montaje<\/strong><\/h2>\n<p class=\"\" data-start=\"2727\" data-end=\"2864\">Ahora esto se pone emocionante.<br data-start=\"2748\" data-end=\"2751\" \/>Nuestro equipo cose cuidadosamente cada l\u00ednea y costura con habilidad y dedicaci\u00f3n: aqu\u00ed es donde la tela realmente se convierte en ropa.<\/p>\n<h2 class=\"\" data-start=\"2871\" data-end=\"2908\"><strong data-start=\"2874\" data-end=\"2908\">Planchado y Acabados Especiales<\/strong><\/h2>\n<p class=\"\" data-start=\"2910\" data-end=\"3092\">Al planchar la prenda se consigue una estructura y un estilo limpios.<br data-start=\"2966\" data-end=\"2969\" \/>\u00bfQuieres m\u00e1s? Podemos aplicar acabados personalizados, como un lavado vintage o costuras en contraste.<br data-start=\"3051\" data-end=\"3054\" \/>Simplemente h\u00e1ganoslo saber y lo haremos realidad.<\/p>\n<h2 class=\"\" data-start=\"3099\" data-end=\"3133\"><strong data-start=\"3102\" data-end=\"3133\">Adornos y toques personales<\/strong><\/h2>\n<p class=\"\" data-start=\"3135\" data-end=\"3302\">Ahora tu dise\u00f1o adquiere su personalidad final.<br data-start=\"3178\" data-end=\"3181\" \/>Colocamos cremalleras YKK, cosimos el parche de cuero con su logotipo y agregamos botones o remaches: estos detalles hacen que su pieza se destaque.<\/p>\n<h2 class=\"\" data-start=\"3309\" data-end=\"3339\"><strong data-start=\"3312\" data-end=\"3339\">Ajuste y montaje<\/strong><\/h2>\n<p class=\"\" data-start=\"3341\" data-end=\"3463\">Pru\u00e9balo y ver\u00e1s c\u00f3mo te sientes.<br data-start=\"3368\" data-end=\"3371\" \/>Si algo no est\u00e1 bien (la cintura demasiado apretada o el dobladillo demasiado largo), lo revisaremos hasta que quede perfecto.<\/p>\n<h2 class=\"\" data-start=\"3470\" data-end=\"3494\"><strong data-start=\"3473\" data-end=\"3494\">Entrega final<\/strong><\/h2>\n<p class=\"\" data-start=\"3496\" data-end=\"3670\">\u00a1Hecho!<br data-start=\"3501\" data-end=\"3504\" \/>Tu creaci\u00f3n personalizada se empaquetar\u00e1 cuidadosamente y te la entregaremos. En esta era de autoexpresi\u00f3n, la moda personalizada te ayuda a destacar.<strong data-start=\"3636\" data-end=\"3670\">Tu idea ahora se ha hecho realidad.<\/strong><\/p>\n<div id=\"attachment_5178\" style=\"width: 610px\" class=\"wp-caption aligncenter\"><img loading=\"lazy\" decoding=\"async\" aria-describedby=\"caption-attachment-5178\" class=\"wp-image-5178\" src=\"https:\/\/lydenim.com\/wp-content\/uploads\/2025\/05\/WechatIMG1888.jpeg\" alt=\"\" width=\"600\" height=\"682\" srcset=\"https:\/\/lydenim.com\/wp-content\/uploads\/2025\/05\/WechatIMG1888.jpeg 920w, https:\/\/lydenim.com\/wp-content\/uploads\/2025\/05\/WechatIMG1888-264x300.jpeg 264w, https:\/\/lydenim.com\/wp-content\/uploads\/2025\/05\/WechatIMG1888-901x1024.jpeg 901w, https:\/\/lydenim.com\/wp-content\/uploads\/2025\/05\/WechatIMG1888-768x873.jpeg 768w, https:\/\/lydenim.com\/wp-content\/uploads\/2025\/05\/WechatIMG1888-11x12.jpeg 11w, https:\/\/lydenim.com\/wp-content\/uploads\/2025\/05\/WechatIMG1888-600x682.jpeg 600w, https:\/\/lydenim.com\/wp-content\/uploads\/2025\/05\/WechatIMG1888-150x171.jpeg 150w\" sizes=\"auto, (max-width: 600px) 100vw, 600px\" \/><p id=\"caption-attachment-5178\" class=\"wp-caption-text\">Construyendo tu \u201cArquitectura\u201d<\/p><\/div>\n<h2 class=\"\" data-start=\"3677\" data-end=\"3694\"><strong data-start=\"3680\" data-end=\"3694\">4. Conclusi\u00f3n<\/strong><\/h2>\n<p class=\"\" data-start=\"3696\" data-end=\"4094\">Con la evoluci\u00f3n de las tendencias de la moda moderna, todos aspiramos a tener ropa \u00fanica y personalizada. Ya sea que necesites elegir la tela perfecta o crear prendas con un dise\u00f1o personalizado, te tenemos cubierto.<\/p>\n<h2 dir=\"auto\">Servicios de personalizaci\u00f3n de LYDENIM<\/h2>\n<p dir=\"auto\">\ud83c\udfa8 Quiero <strong>telas de mezclilla personalizadas<\/strong> o\u00a0 <strong>\u00fanico<\/strong> <strong>prenda de mezclilla personalizada<\/strong>?LYDENIM se especializa en soluciones a medida para satisfacer sus necesidades de dise\u00f1o y producci\u00f3n.<\/p>\n<p dir=\"auto\">\ud83d\udecd\ufe0f <strong>Explora e insp\u00edrate<\/strong>:Explore nuestra selecci\u00f3n de telas y descubra ideas de dise\u00f1o en <a href=\"https:\/\/lydenim.com\/es\/\" target=\"_blank\" rel=\"noopener noreferrer nofollow\">LYDenim<\/a>.<\/p>\n<p dir=\"auto\">\ud83c\udf10 <strong>Ropa el\u00e1stica<\/strong>:Consulta nuestras ofertas en <a href=\"http:\/\/liangyuantextile.m.en.alibaba.com\" target=\"_blank\" rel=\"noopener noreferrer nofollow\">Mi Alibaba<\/a>. \ud83d\udce9 <strong>Contacto<\/strong>:Comun\u00edquese con nosotros en <a href=\"mailto:malone@lydenim.com\" target=\"_blank\" rel=\"noopener noreferrer nofollow\">malone@lydenim.com<\/a>.<\/p>\n<p dir=\"auto\">Crea tu obra maestra en denim con LYDENIM, tu socio de confianza para <strong>tejido el\u00e1stico<\/strong> y <strong>soluciones de mezclilla personalizadas<\/strong>.<\/p>\n<p class=\"\" data-start=\"4316\" data-end=\"4358\">","protected":false},"excerpt":{"rendered":"<p>Tiempo estimado de lectura: \uff5e4 minutos 1. La semilla del dise\u00f1o: de la chispa imaginativa al plan realista Quiz\u00e1s alguna vez<\/p>","protected":false},"author":1,"featured_media":5183,"comment_status":"open","ping_status":"open","sticky":false,"template":"","format":"standard","meta":{"two_page_speed":[],"footnotes":""},"categories":[76],"tags":[],"class_list":["post-5170","post","type-post","status-publish","format-standard","has-post-thumbnail","hentry","category-garment"],"aioseo_notices":[],"_links":{"self":[{"href":"https:\/\/lydenim.com\/es\/wp-json\/wp\/v2\/posts\/5170","targetHints":{"allow":["GET"]}}],"collection":[{"href":"https:\/\/lydenim.com\/es\/wp-json\/wp\/v2\/posts"}],"about":[{"href":"https:\/\/lydenim.com\/es\/wp-json\/wp\/v2\/types\/post"}],"author":[{"embeddable":true,"href":"https:\/\/lydenim.com\/es\/wp-json\/wp\/v2\/users\/1"}],"replies":[{"embeddable":true,"href":"https:\/\/lydenim.com\/es\/wp-json\/wp\/v2\/comments?post=5170"}],"version-history":[{"count":5,"href":"https:\/\/lydenim.com\/es\/wp-json\/wp\/v2\/posts\/5170\/revisions"}],"predecessor-version":[{"id":6314,"href":"https:\/\/lydenim.com\/es\/wp-json\/wp\/v2\/posts\/5170\/revisions\/6314"}],"wp:featuredmedia":[{"embeddable":true,"href":"https:\/\/lydenim.com\/es\/wp-json\/wp\/v2\/media\/5183"}],"wp:attachment":[{"href":"https:\/\/lydenim.com\/es\/wp-json\/wp\/v2\/media?parent=5170"}],"wp:term":[{"taxonomy":"category","embeddable":true,"href":"https:\/\/lydenim.com\/es\/wp-json\/wp\/v2\/categories?post=5170"},{"taxonomy":"post_tag","embeddable":true,"href":"https:\/\/lydenim.com\/es\/wp-json\/wp\/v2\/tags?post=5170"}],"curies":[{"name":"wp","href":"https:\/\/api.w.org\/{rel}","templated":true}]}}