{"id":5259,"date":"2025-05-28T00:44:18","date_gmt":"2025-05-27T16:44:18","guid":{"rendered":"https:\/\/lydenim.com\/?p=5259"},"modified":"2025-08-24T13:22:51","modified_gmt":"2025-08-24T05:22:51","slug":"customizing-your-own-louis-vuitton-denim-bag","status":"publish","type":"post","link":"https:\/\/lydenim.com\/es\/personalizando-tu-propio-bolso-vaquero-louis-vuitton\/","title":{"rendered":"Personaliza tu propio bolso vaquero Louis Vuitton"},"content":{"rendered":"<h3>Tiempo estimado de lectura: ~3 minutos<\/h3>\n<h3 data-start=\"124\" data-end=\"173\">Una mirada al prestigio global de LV<\/h3>\n<p data-start=\"174\" data-end=\"578\">Louis Vuitton (LV), una de las marcas de lujo m\u00e1s respetadas del mundo, se fund\u00f3 en 1854. La compa\u00f1\u00eda mantiene su posici\u00f3n como marca l\u00edder de moda de lujo gracias a su impecable artesan\u00eda y sus distintivos patrones Monogram, que influyen en las tendencias de moda mundiales. Cada producto, desde art\u00edculos cl\u00e1sicos de cuero hasta colecciones de mezclilla de temporada, encarna tanto un dise\u00f1o excepcional como est\u00e1ndares de producci\u00f3n innovadores. LV representa m\u00e1s que una simple marca, ya que se erige como un indicador de estilo de vida y un s\u00edmbolo de estatus.<img loading=\"lazy\" decoding=\"async\" class=\"aligncenter wp-image-5261\" src=\"https:\/\/lydenim.com\/wp-content\/uploads\/2025\/05\/Lv-denim-bag-collection.jpg\" alt=\"\" width=\"600\" height=\"799\" srcset=\"https:\/\/lydenim.com\/wp-content\/uploads\/2025\/05\/Lv-denim-bag-collection.jpg 1292w, https:\/\/lydenim.com\/wp-content\/uploads\/2025\/05\/Lv-denim-bag-collection-225x300.jpg 225w, https:\/\/lydenim.com\/wp-content\/uploads\/2025\/05\/Lv-denim-bag-collection-769x1024.jpg 769w, https:\/\/lydenim.com\/wp-content\/uploads\/2025\/05\/Lv-denim-bag-collection-768x1022.jpg 768w, https:\/\/lydenim.com\/wp-content\/uploads\/2025\/05\/Lv-denim-bag-collection-1154x1536.jpg 1154w, https:\/\/lydenim.com\/wp-content\/uploads\/2025\/05\/Lv-denim-bag-collection-9x12.jpg 9w, https:\/\/lydenim.com\/wp-content\/uploads\/2025\/05\/Lv-denim-bag-collection-600x799.jpg 600w, https:\/\/lydenim.com\/wp-content\/uploads\/2025\/05\/Lv-denim-bag-collection-150x200.jpg 150w\" sizes=\"auto, (max-width: 600px) 100vw, 600px\" \/><\/p>\n<h3 data-start=\"580\" data-end=\"643\">Dise\u00f1ando un bolso que refleje tu estilo personal<\/h3>\n<p data-start=\"644\" data-end=\"1007\">Los bolsos de mezclilla de LV combinan elementos de lujo premium con una comodidad relajada. \u00bfQu\u00e9 pasos har\u00e1n que tu bolso se convierta en una creaci\u00f3n \u00fanica? Empieza con la mezclilla superior de LV y sus distintivos elementos de dise\u00f1o antes de personalizarlo. Mediante la personalizaci\u00f3n, puedes convertir cl\u00e1sicos de lujo en piezas de moda personal, eligiendo entre dise\u00f1os minimalistas sencillos y piezas art\u00edsticas audaces.<\/p>\n<h3 data-start=\"1009\" data-end=\"1067\">T\u00e9cnicas de personalizaci\u00f3n: impresi\u00f3n y jacquard<\/h3>\n<p data-start=\"1068\" data-end=\"1122\">Dos t\u00e9cnicas populares para personalizar bolsos de mezclilla son:<\/p>\n<ul data-start=\"1124\" data-end=\"1444\">\n<li data-start=\"1124\" data-end=\"1285\">\n<p data-start=\"1126\" data-end=\"1285\"><strong data-start=\"1126\" data-end=\"1138\">Impresi\u00f3n<\/strong>Puede a\u00f1adir patrones e ilustraciones distintivos o texto con significado mediante m\u00e9todos de impresi\u00f3n. Puede duplicar los dise\u00f1os del Monograma LV o usar dise\u00f1os contempor\u00e1neos vibrantes para crear un contraste visual.<\/p>\n<\/li>\n<li data-start=\"1286\" data-end=\"1444\">\n<p data-start=\"1288\" data-end=\"1444\"><strong data-start=\"1288\" data-end=\"1308\">Tejido Jacquard<\/strong>:El m\u00e9todo de tejido Jacquard integra patrones directamente en la tela, lo que crea dise\u00f1os detallados y duraderos que brindan una est\u00e9tica lujosa.<\/p>\n<\/li>\n<\/ul>\n<p data-start=\"1446\" data-end=\"1572\">Los toques finales que puedes a\u00f1adir a tu bolso incluyen bordados con tachuelas met\u00e1licas, as\u00ed como apliques y pedrer\u00eda para expresar tu estilo individual.<img loading=\"lazy\" decoding=\"async\" class=\"aligncenter wp-image-5262\" src=\"https:\/\/lydenim.com\/wp-content\/uploads\/2025\/05\/lv-fabric.jpeg\" alt=\"\" width=\"600\" height=\"578\" srcset=\"https:\/\/lydenim.com\/wp-content\/uploads\/2025\/05\/lv-fabric.jpeg 876w, https:\/\/lydenim.com\/wp-content\/uploads\/2025\/05\/lv-fabric-300x289.jpeg 300w, https:\/\/lydenim.com\/wp-content\/uploads\/2025\/05\/lv-fabric-768x740.jpeg 768w, https:\/\/lydenim.com\/wp-content\/uploads\/2025\/05\/lv-fabric-12x12.jpeg 12w, https:\/\/lydenim.com\/wp-content\/uploads\/2025\/05\/lv-fabric-600x578.jpeg 600w, https:\/\/lydenim.com\/wp-content\/uploads\/2025\/05\/lv-fabric-150x145.jpeg 150w\" sizes=\"auto, (max-width: 600px) 100vw, 600px\" \/><\/p>\n<h3 data-start=\"1574\" data-end=\"1633\">Inspiraciones de materiales y estilos para bolsos personalizados<\/h3>\n<p data-start=\"1634\" data-end=\"1694\">La selecci\u00f3n de materiales determina c\u00f3mo se ver\u00e1 el bolso en t\u00e9rminos de estilo:<\/p>\n<ul data-start=\"1696\" data-end=\"2019\">\n<li data-start=\"1696\" data-end=\"1812\">\n<p data-start=\"1698\" data-end=\"1812\"><strong data-start=\"1698\" data-end=\"1707\">Dril<\/strong>Ideal para looks casuales o urbanos. Tu individualidad brillar\u00e1 al combinar este estilo con estampados llamativos o bordados.<\/p>\n<\/li>\n<li data-start=\"1813\" data-end=\"1908\">\n<p data-start=\"1815\" data-end=\"1908\"><strong data-start=\"1815\" data-end=\"1826\">Cuero<\/strong>Atemporal y refinado. Las t\u00e9cnicas de grabado o te\u00f1ido crean una est\u00e9tica refinada y profesional para los materiales de cuero.<\/p>\n<\/li>\n<li data-start=\"1909\" data-end=\"2019\">\n<p data-start=\"1911\" data-end=\"2019\"><strong data-start=\"1911\" data-end=\"1921\">Lienzo<\/strong>La ligereza del lienzo lo hace ideal para el uso diario. Combina bien con diversos elementos, como parches y grafitis, y con dise\u00f1os relajados.<\/p>\n<\/li>\n<\/ul>\n<p data-start=\"2021\" data-end=\"2123\">Puede crear bolsos vers\u00e1tiles que cumplan funciones tanto diurnas como nocturnas y que satisfagan las necesidades laborales y de viaje mediante combinaciones de materiales.<img loading=\"lazy\" decoding=\"async\" class=\"aligncenter wp-image-5260\" src=\"https:\/\/lydenim.com\/wp-content\/uploads\/2025\/05\/luxury-women-louis-vuitton-used-handbags.jpg\" alt=\"\" width=\"600\" height=\"600\" srcset=\"https:\/\/lydenim.com\/wp-content\/uploads\/2025\/05\/luxury-women-louis-vuitton-used-handbags.jpg 1000w, https:\/\/lydenim.com\/wp-content\/uploads\/2025\/05\/luxury-women-louis-vuitton-used-handbags-300x300.jpg 300w, https:\/\/lydenim.com\/wp-content\/uploads\/2025\/05\/luxury-women-louis-vuitton-used-handbags-150x150.jpg 150w, https:\/\/lydenim.com\/wp-content\/uploads\/2025\/05\/luxury-women-louis-vuitton-used-handbags-768x768.jpg 768w, https:\/\/lydenim.com\/wp-content\/uploads\/2025\/05\/luxury-women-louis-vuitton-used-handbags-12x12.jpg 12w, https:\/\/lydenim.com\/wp-content\/uploads\/2025\/05\/luxury-women-louis-vuitton-used-handbags-600x600.jpg 600w\" sizes=\"auto, (max-width: 600px) 100vw, 600px\" \/><\/p>\n<h3 data-start=\"2125\" data-end=\"2178\">Conclusi\u00f3n: Donde la moda se encuentra con la identidad<\/h3>\n<p data-start=\"2179\" data-end=\"2489\">La evoluci\u00f3n de la moda requiere la personalizaci\u00f3n como aspecto esencial. Puedes crear una pieza de lujo \u00fanica personalizando un bolso vaquero estilo LV, que fusiona la sofisticaci\u00f3n cl\u00e1sica con elementos de dise\u00f1o \u00fanicos. Tu bolso \u00fanico ser\u00e1 el centro de atenci\u00f3n en un mundo dominado por la moda industrial, ya que eliges dise\u00f1os tradicionales o creaciones innovadoras y audaces.<\/p>\n<h3 data-start=\"2496\" data-end=\"2537\">\ud83c\udfa8 Personaliza tu bolso \u00fanico<\/h3>\n<div class=\"mb-8 mt-5 h-[280px] max-h-[280px] min-h-[280px] w-full resize-none overflow-hidden overflow-y-auto whitespace-pre-line rounded-t-lg bg-white px-4 py-5 text-sm text-dark-navy focus:outline-none\">\u00bfQuieres crear un dise\u00f1o denim inspirado en LV desde cero? Visita <a href=\"https:\/\/lydenim.com\/es\/\">www.lydenim.com<\/a> o correo electr\u00f3nico <strong>malone@lydenim.com<\/strong> Para encontrar <a href=\"http:\/\/liangyuantextile.m.en.alibaba.com\">opciones de personalizaci\u00f3n<\/a> y obtenga ayuda de expertos.<\/div>","protected":false},"excerpt":{"rendered":"<p>Tiempo estimado de lectura: ~3 minutos Un vistazo al prestigio global de LV Como una de las marcas de lujo m\u00e1s respetadas del mundo<\/p>","protected":false},"author":1,"featured_media":5264,"comment_status":"open","ping_status":"open","sticky":false,"template":"","format":"standard","meta":{"two_page_speed":[],"footnotes":""},"categories":[67],"tags":[],"class_list":["post-5259","post","type-post","status-publish","format-standard","has-post-thumbnail","hentry","category-market"],"aioseo_notices":[],"_links":{"self":[{"href":"https:\/\/lydenim.com\/es\/wp-json\/wp\/v2\/posts\/5259","targetHints":{"allow":["GET"]}}],"collection":[{"href":"https:\/\/lydenim.com\/es\/wp-json\/wp\/v2\/posts"}],"about":[{"href":"https:\/\/lydenim.com\/es\/wp-json\/wp\/v2\/types\/post"}],"author":[{"embeddable":true,"href":"https:\/\/lydenim.com\/es\/wp-json\/wp\/v2\/users\/1"}],"replies":[{"embeddable":true,"href":"https:\/\/lydenim.com\/es\/wp-json\/wp\/v2\/comments?post=5259"}],"version-history":[{"count":3,"href":"https:\/\/lydenim.com\/es\/wp-json\/wp\/v2\/posts\/5259\/revisions"}],"predecessor-version":[{"id":6322,"href":"https:\/\/lydenim.com\/es\/wp-json\/wp\/v2\/posts\/5259\/revisions\/6322"}],"wp:featuredmedia":[{"embeddable":true,"href":"https:\/\/lydenim.com\/es\/wp-json\/wp\/v2\/media\/5264"}],"wp:attachment":[{"href":"https:\/\/lydenim.com\/es\/wp-json\/wp\/v2\/media?parent=5259"}],"wp:term":[{"taxonomy":"category","embeddable":true,"href":"https:\/\/lydenim.com\/es\/wp-json\/wp\/v2\/categories?post=5259"},{"taxonomy":"post_tag","embeddable":true,"href":"https:\/\/lydenim.com\/es\/wp-json\/wp\/v2\/tags?post=5259"}],"curies":[{"name":"wp","href":"https:\/\/api.w.org\/{rel}","templated":true}]}}