{"id":5266,"date":"2025-05-29T11:28:01","date_gmt":"2025-05-29T03:28:01","guid":{"rendered":"https:\/\/lydenim.com\/?p=5266"},"modified":"2025-08-24T13:35:58","modified_gmt":"2025-08-24T05:35:58","slug":"what-is-denim-twill-a-comprehensive-analysis","status":"publish","type":"post","link":"https:\/\/lydenim.com\/es\/que-es-la-sarga-vaquera-un-analisis-exhaustivo\/","title":{"rendered":"\u00bfQu\u00e9 es la sarga vaquera? Un an\u00e1lisis exhaustivo"},"content":{"rendered":"<h2>Tiempo estimado de lectura: ~4 minutos<\/h2>\n<h2 dir=\"ltr\">Introducci\u00f3n<\/h2>\n<p dir=\"ltr\">La sarga, con su patr\u00f3n de nervaduras diagonales, es un textil que cumple m\u00faltiples funciones en prendas de vestir y art\u00edculos para el hogar. La sarga vaquera se destaca como una tela espec\u00edfica que sirve como base para la confecci\u00f3n de vaqueros. Este art\u00edculo explora la sarga vaquera a trav\u00e9s de su definici\u00f3n, sus caracter\u00edsticas y diferencias con la sarga de algod\u00f3n, as\u00ed como sus aplicaciones, y responde a preguntas frecuentes utilizando fuentes expertas para obtener informaci\u00f3n objetiva.<\/p>\n<h2 dir=\"ltr\">Definici\u00f3n y caracter\u00edsticas de la tela de sarga<\/h2>\n<p dir=\"ltr\">Entre las t\u00e9cnicas de tejido textil, la sarga es uno de los tres m\u00e9todos principales, junto con el sat\u00e9n y el ligamento tafet\u00e1n. La sarga obtiene su patr\u00f3n de nervaduras diagonales mediante una t\u00e9cnica de tejido en la que los hilos de trama se mueven por encima de varios hilos de urdimbre antes de pasar por debajo de ellos. El patr\u00f3n entretejido espec\u00edfico de la sarga produce una l\u00ednea diagonal distintiva que constituye su principal rasgo distintivo. La sarga existe en m\u00faltiples tipos de fibra, incluyendo fibras naturales de algod\u00f3n y fibras sint\u00e9ticas de poli\u00e9ster, lo que le confiere diversas propiedades.<\/p>\n<p dir=\"ltr\">La tela de sarga posee tres propiedades esenciales que incluyen:<\/p>\n<ul class=\"tight\" dir=\"ltr\" data-tight=\"true\">\n<li>\n<p dir=\"ltr\"><strong>Transpirabilidad y calidez equilibradas.<\/strong>:El dise\u00f1o de la tela de sarga permite el flujo de aire a trav\u00e9s de su estructura mientras mantiene los niveles de calidez para su uso en diferentes condiciones ambientales.<\/p>\n<\/li>\n<li>\n<p dir=\"ltr\"><strong>Baja elasticidad<\/strong>:Los tejidos de sarga presentan baja elasticidad porque mantienen sus dimensiones sin estirarse.<\/p>\n<\/li>\n<li>\n<p dir=\"ltr\"><strong>Cortina superior<\/strong>La suavidad y flexibilidad de la sarga la hacen perfecta para crear prendas que requieren siluetas fluidas.<\/p>\n<\/li>\n<li>\n<p dir=\"ltr\"><strong>Aplicaciones vers\u00e1tiles<\/strong>La tela de sarga resulta adecuada para m\u00faltiples aplicaciones de productos debido a su naturaleza resistente y dise\u00f1o atractivo, por lo que aparece en jeans, pantalones casuales, camisas y ropa de cama.<\/p>\n<\/li>\n<\/ul>\n<div id=\"attachment_3982\" style=\"width: 610px\" class=\"wp-caption aligncenter\"><img loading=\"lazy\" decoding=\"async\" aria-describedby=\"caption-attachment-3982\" class=\"wp-image-3982\" src=\"https:\/\/lydenim.com\/wp-content\/uploads\/2025\/03\/IMG_4206.jpg\" alt=\"Tejido de sarga\" width=\"600\" height=\"274\" srcset=\"https:\/\/lydenim.com\/wp-content\/uploads\/2025\/03\/IMG_4206.jpg 1186w, https:\/\/lydenim.com\/wp-content\/uploads\/2025\/03\/IMG_4206-300x137.jpg 300w, https:\/\/lydenim.com\/wp-content\/uploads\/2025\/03\/IMG_4206-1024x468.jpg 1024w, https:\/\/lydenim.com\/wp-content\/uploads\/2025\/03\/IMG_4206-768x351.jpg 768w, https:\/\/lydenim.com\/wp-content\/uploads\/2025\/03\/IMG_4206-18x8.jpg 18w, https:\/\/lydenim.com\/wp-content\/uploads\/2025\/03\/IMG_4206-600x274.jpg 600w, https:\/\/lydenim.com\/wp-content\/uploads\/2025\/03\/IMG_4206-150x69.jpg 150w\" sizes=\"auto, (max-width: 600px) 100vw, 600px\" \/><p id=\"caption-attachment-3982\" class=\"wp-caption-text\">Tejido de sarga<\/p><\/div>\n<p dir=\"ltr\">Las propiedades espec\u00edficas del tejido de sarga lo convierten en el material preferido en la fabricaci\u00f3n de textiles para usos tanto funcionales como decorativos.<\/p>\n<h2 dir=\"ltr\">Caracter\u00edsticas de la sarga vaquera<\/h2>\n<p dir=\"ltr\">La sarga vaquera es una tela de sarga de algod\u00f3n espec\u00edfica que los fabricantes utilizan para crear productos de mezclilla, especialmente jeans. El patr\u00f3n de sarga 3x1 a derechas en la sarga vaquera hace que cada hilo de trama pase sobre tres hilos de urdimbre antes de pasar por debajo de uno, lo que produce nervaduras diagonales que progresan de derecha a izquierda. Los hilos de urdimbre se ti\u00f1en con \u00edndigo antes de que los hilos de trama permanezcan blancos, lo que crea el caracter\u00edstico color azul de la mezclilla. Esta t\u00e9cnica \u00fanica de te\u00f1ido, junto con el m\u00e9todo de tejido de sarga, produce caracter\u00edsticas visuales y funcionales distintivas en la sarga vaquera.<\/p>\n<p dir=\"ltr\">Las caracter\u00edsticas clave de la sarga de mezclilla incluyen:<\/p>\n<ul class=\"tight\" dir=\"ltr\" data-tight=\"true\">\n<li>\n<p dir=\"ltr\"><strong>Textura rugosa<\/strong>:La sarga de mezclilla muestra una textura m\u00e1s gruesa en comparaci\u00f3n con la sarga de algod\u00f3n com\u00fan, lo que mejora su tacto y apariencia visual.<\/p>\n<\/li>\n<li>\n<p dir=\"ltr\"><strong>Peso m\u00e1s pesado<\/strong>La sarga de mezclilla existe como un material resistente que funciona bien para prendas duraderas dise\u00f1adas para soportar un uso intensivo.<\/p>\n<\/li>\n<li>\n<p dir=\"ltr\"><strong>Durabilidad excepcional<\/strong>El tejido apretado y el alto n\u00famero de hilos de la sarga de mezclilla lo hacen extremadamente duradero contra la abrasi\u00f3n y el desgarro, lo que lo hace perfecto tanto para ropa de trabajo como para ropa informal.<\/p>\n<\/li>\n<li>\n<p dir=\"ltr\"><strong>te\u00f1ido \u00edndigo<\/strong>:El proceso de te\u00f1ido \u00edndigo produce un color azul cl\u00e1sico que se desvanece para crear patrones de p\u00e1tina personales distintivos que los fan\u00e1ticos del denim aprecian.<\/p>\n<\/li>\n<\/ul>\n<div id=\"attachment_5270\" style=\"width: 610px\" class=\"wp-caption aligncenter\"><img loading=\"lazy\" decoding=\"async\" aria-describedby=\"caption-attachment-5270\" class=\"wp-image-5270\" src=\"https:\/\/lydenim.com\/wp-content\/uploads\/2025\/05\/\u659c\u7eb9\u7ea2\u8fb9\u5e03\u725b\u4ed4\u88e4.jpeg\" alt=\"Vaqueros con orillo de sarga\" width=\"600\" height=\"600\" srcset=\"https:\/\/lydenim.com\/wp-content\/uploads\/2025\/05\/\u659c\u7eb9\u7ea2\u8fb9\u5e03\u725b\u4ed4\u88e4.jpeg 1280w, https:\/\/lydenim.com\/wp-content\/uploads\/2025\/05\/\u659c\u7eb9\u7ea2\u8fb9\u5e03\u725b\u4ed4\u88e4-300x300.jpeg 300w, https:\/\/lydenim.com\/wp-content\/uploads\/2025\/05\/\u659c\u7eb9\u7ea2\u8fb9\u5e03\u725b\u4ed4\u88e4-1024x1024.jpeg 1024w, https:\/\/lydenim.com\/wp-content\/uploads\/2025\/05\/\u659c\u7eb9\u7ea2\u8fb9\u5e03\u725b\u4ed4\u88e4-150x150.jpeg 150w, https:\/\/lydenim.com\/wp-content\/uploads\/2025\/05\/\u659c\u7eb9\u7ea2\u8fb9\u5e03\u725b\u4ed4\u88e4-768x768.jpeg 768w, https:\/\/lydenim.com\/wp-content\/uploads\/2025\/05\/\u659c\u7eb9\u7ea2\u8fb9\u5e03\u725b\u4ed4\u88e4-12x12.jpeg 12w, https:\/\/lydenim.com\/wp-content\/uploads\/2025\/05\/\u659c\u7eb9\u7ea2\u8fb9\u5e03\u725b\u4ed4\u88e4-600x600.jpeg 600w\" sizes=\"auto, (max-width: 600px) 100vw, 600px\" \/><p id=\"caption-attachment-5270\" class=\"wp-caption-text\">Vaqueros con orillo de sarga<\/p><\/div>\n<p dir=\"ltr\">La producci\u00f3n de tejido de sarga de mezclilla requiere varias etapas operativas importantes.<\/p>\n<ol class=\"tight\" dir=\"ltr\" data-tight=\"true\">\n<li>\n<p dir=\"ltr\"><strong>Hilado y tejido de algod\u00f3n<\/strong>:El proceso de fabricaci\u00f3n comienza hilando el algod\u00f3n para convertirlo en hilo que se enrolla en bobinas antes de que el patr\u00f3n de tejido de sarga cree la tela.<\/p>\n<\/li>\n<li>\n<p dir=\"ltr\"><strong>Mercerizaci\u00f3n<\/strong>Las fibras de algod\u00f3n se someten a un tratamiento con hidr\u00f3xido de sodio durante el proceso de mercerizaci\u00f3n para ganar resistencia y mejorar el brillo al tiempo que mejoran las capacidades de fijaci\u00f3n del tinte.<\/p>\n<\/li>\n<li>\n<p dir=\"ltr\"><strong>Pre-encogimiento<\/strong>:El preencogimiento de las telas sirve para evitar el encogimiento relacionado con el lavado, lo que ayuda a que las prendas mantengan sus dimensiones originales.<\/p>\n<p><div id=\"attachment_4507\" style=\"width: 610px\" class=\"wp-caption aligncenter\"><img loading=\"lazy\" decoding=\"async\" aria-describedby=\"caption-attachment-4507\" class=\"wp-image-4507\" src=\"https:\/\/lydenim.com\/wp-content\/uploads\/2025\/03\/IMG_6219.jpg\" alt=\"\" width=\"600\" height=\"600\" srcset=\"https:\/\/lydenim.com\/wp-content\/uploads\/2025\/03\/IMG_6219.jpg 2196w, https:\/\/lydenim.com\/wp-content\/uploads\/2025\/03\/IMG_6219-300x300.jpg 300w, https:\/\/lydenim.com\/wp-content\/uploads\/2025\/03\/IMG_6219-1024x1024.jpg 1024w, https:\/\/lydenim.com\/wp-content\/uploads\/2025\/03\/IMG_6219-150x150.jpg 150w, https:\/\/lydenim.com\/wp-content\/uploads\/2025\/03\/IMG_6219-768x768.jpg 768w, https:\/\/lydenim.com\/wp-content\/uploads\/2025\/03\/IMG_6219-1536x1536.jpg 1536w, https:\/\/lydenim.com\/wp-content\/uploads\/2025\/03\/IMG_6219-2048x2048.jpg 2048w, https:\/\/lydenim.com\/wp-content\/uploads\/2025\/03\/IMG_6219-12x12.jpg 12w, https:\/\/lydenim.com\/wp-content\/uploads\/2025\/03\/IMG_6219-600x600.jpg 600w\" sizes=\"auto, (max-width: 600px) 100vw, 600px\" \/><p id=\"caption-attachment-4507\" class=\"wp-caption-text\">Orillo de baja elasticidad<\/p><\/div><\/li>\n<\/ol>\n<p dir=\"ltr\">Los m\u00e9todos de fabricaci\u00f3n transforman la sarga de mezclilla en un material fundamental para producir prendas de mezclilla al brindar durabilidad y apariencia atractiva con propiedades funcionales.<\/p>\n<h2 dir=\"ltr\">Comparaci\u00f3n entre la sarga vaquera y la sarga de algod\u00f3n com\u00fan<\/h2>\n<p dir=\"ltr\">Si bien tanto la sarga vaquera como la sarga de algod\u00f3n com\u00fan emplean la t\u00e9cnica de tejido de sarga, difieren significativamente en composici\u00f3n, apariencia, durabilidad, comodidad y aplicaci\u00f3n. La siguiente tabla ofrece una comparaci\u00f3n detallada:<\/p>\n<table style=\"height: 395px;\" width=\"1323\">\n<colgroup>\n<col \/>\n<col \/>\n<col \/><\/colgroup>\n<tbody>\n<tr class=\"border-border\">\n<th colspan=\"1\" rowspan=\"1\">\n<p dir=\"ltr\"><strong>Aspecto<\/strong><\/p>\n<\/th>\n<th colspan=\"1\" rowspan=\"1\">\n<p dir=\"ltr\"><strong>Sarga vaquera<\/strong><\/p>\n<\/th>\n<th colspan=\"1\" rowspan=\"1\">\n<p dir=\"ltr\"><strong>Sarga de algod\u00f3n ordinaria<\/strong><\/p>\n<\/th>\n<\/tr>\n<tr class=\"border-border\">\n<td colspan=\"1\" rowspan=\"1\">\n<p dir=\"ltr\"><strong>Composici\u00f3n de la tela<\/strong><\/p>\n<\/td>\n<td colspan=\"1\" rowspan=\"1\">\n<p dir=\"ltr\">Generalmente algod\u00f3n 100%, con urdimbre te\u00f1ida con \u00edndigo y trama blanca.<\/p>\n<\/td>\n<td colspan=\"1\" rowspan=\"1\">\n<p dir=\"ltr\">Generalmente algod\u00f3n o mezclas de algod\u00f3n, no necesariamente te\u00f1ido con \u00edndigo.<\/p>\n<\/td>\n<\/tr>\n<tr class=\"border-border\">\n<td colspan=\"1\" rowspan=\"1\">\n<p dir=\"ltr\"><strong>Apariencia<\/strong><\/p>\n<\/td>\n<td colspan=\"1\" rowspan=\"1\">\n<p dir=\"ltr\">Textura m\u00e1s gruesa, m\u00e1s pesada, patr\u00f3n de sarga prominente, color azul cl\u00e1sico<\/p>\n<\/td>\n<td colspan=\"1\" rowspan=\"1\">\n<p dir=\"ltr\">Acabado m\u00e1s suave, patr\u00f3n de sarga m\u00e1s ligero y menos pronunciado.<\/p>\n<\/td>\n<\/tr>\n<tr class=\"border-border\">\n<td colspan=\"1\" rowspan=\"1\">\n<p dir=\"ltr\"><strong>Durabilidad y resistencia<\/strong><\/p>\n<\/td>\n<td colspan=\"1\" rowspan=\"1\">\n<p dir=\"ltr\">Altamente duradero, adecuado para uso intensivo.<\/p>\n<\/td>\n<td colspan=\"1\" rowspan=\"1\">\n<p dir=\"ltr\">Menos duradero, m\u00e1s adecuado para un uso formal o m\u00e1s ligero.<\/p>\n<\/td>\n<\/tr>\n<tr class=\"border-border\">\n<td colspan=\"1\" rowspan=\"1\">\n<p dir=\"ltr\"><strong>Comodidad<\/strong><\/p>\n<\/td>\n<td colspan=\"1\" rowspan=\"1\">\n<p dir=\"ltr\">Sensaci\u00f3n ligeramente m\u00e1s \u00e1spera, pero puede ser suave dependiendo del tejido espec\u00edfico.<\/p>\n<\/td>\n<td colspan=\"1\" rowspan=\"1\">\n<p dir=\"ltr\">Generalmente m\u00e1s suave y terso al tacto.<\/p>\n<\/td>\n<\/tr>\n<tr class=\"border-border\">\n<td colspan=\"1\" rowspan=\"1\">\n<p dir=\"ltr\"><strong>Aplicaci\u00f3n pr\u00e1ctica<\/strong><\/p>\n<\/td>\n<td colspan=\"1\" rowspan=\"1\">\n<p dir=\"ltr\">Vaqueros, chaquetas, ropa de trabajo, monos<\/p>\n<\/td>\n<td colspan=\"1\" rowspan=\"1\">\n<p dir=\"ltr\">Pantalones formales, camisas, cortinas, tapicer\u00eda.<\/p>\n<\/td>\n<\/tr>\n<\/tbody>\n<\/table>\n<p dir=\"ltr\">Los dise\u00f1adores crearon la sarga vaquera para resistir el uso intensivo, lo que la hace perfecta tanto para ropa casual de diario como para ropa de trabajo profesional. La sarga de algod\u00f3n com\u00fan se centra en brindar comodidad con un aspecto elegante, lo que la hace perfecta para ropa formal y decoraci\u00f3n de interiores.<\/p>\n<h2 dir=\"ltr\">Aplicaciones pr\u00e1cticas<\/h2>\n<p dir=\"ltr\">La sarga vaquera se utiliza principalmente en la producci\u00f3n de vaqueros, ya que su durabilidad y sus caracter\u00edsticas \u00fanicas de envejecimiento tras el lavado y el uso la hacen muy valiosa. El material resiste bien el desgaste, lo que lo hace perfecto para la creaci\u00f3n de prendas de trabajo como chaquetas y overoles, as\u00ed como para la confecci\u00f3n de prendas profesionales para trabajadores de exteriores y personal de la construcci\u00f3n. La tela muestra una excelente resistencia al desgaste, mientras que su singular proceso de envejecimiento atrae a los consumidores en el mercado de ropa casual.<\/p>\n<div id=\"attachment_5272\" style=\"width: 610px\" class=\"wp-caption aligncenter\"><img loading=\"lazy\" decoding=\"async\" aria-describedby=\"caption-attachment-5272\" class=\"wp-image-5272\" src=\"https:\/\/lydenim.com\/wp-content\/uploads\/2025\/05\/twill-jeans.jpeg\" alt=\"vaqueros de sarga\" width=\"600\" height=\"864\" srcset=\"https:\/\/lydenim.com\/wp-content\/uploads\/2025\/05\/twill-jeans.jpeg 1258w, https:\/\/lydenim.com\/wp-content\/uploads\/2025\/05\/twill-jeans-208x300.jpeg 208w, https:\/\/lydenim.com\/wp-content\/uploads\/2025\/05\/twill-jeans-711x1024.jpeg 711w, https:\/\/lydenim.com\/wp-content\/uploads\/2025\/05\/twill-jeans-768x1106.jpeg 768w, https:\/\/lydenim.com\/wp-content\/uploads\/2025\/05\/twill-jeans-1067x1536.jpeg 1067w, https:\/\/lydenim.com\/wp-content\/uploads\/2025\/05\/twill-jeans-8x12.jpeg 8w, https:\/\/lydenim.com\/wp-content\/uploads\/2025\/05\/twill-jeans-600x864.jpeg 600w, https:\/\/lydenim.com\/wp-content\/uploads\/2025\/05\/twill-jeans-150x216.jpeg 150w\" sizes=\"auto, (max-width: 600px) 100vw, 600px\" \/><p id=\"caption-attachment-5272\" class=\"wp-caption-text\">vaqueros de sarga<\/p><\/div>\n<p dir=\"ltr\">El sector de la confecci\u00f3n formal utiliza sarga de algod\u00f3n com\u00fan por su textura suave y su construcci\u00f3n ligera, que crea un acabado pulido para pantalones, chaquetas y camisas. Esta tela es un material popular para muebles, como cortinas, tapicer\u00eda y manteler\u00eda, gracias a su durabilidad y atractivo dise\u00f1o. Su amplia gama de aplicaciones permite satisfacer diversos requisitos de dise\u00f1o y necesidades operativas.<\/p>\n<div id=\"attachment_5273\" style=\"width: 610px\" class=\"wp-caption aligncenter\"><img loading=\"lazy\" decoding=\"async\" aria-describedby=\"caption-attachment-5273\" class=\"wp-image-5273\" src=\"https:\/\/lydenim.com\/wp-content\/uploads\/2025\/05\/Twill-suit.jpeg\" alt=\"Traje de sarga\" width=\"600\" height=\"1679\" srcset=\"https:\/\/lydenim.com\/wp-content\/uploads\/2025\/05\/Twill-suit.jpeg 554w, https:\/\/lydenim.com\/wp-content\/uploads\/2025\/05\/Twill-suit-107x300.jpeg 107w, https:\/\/lydenim.com\/wp-content\/uploads\/2025\/05\/Twill-suit-366x1024.jpeg 366w, https:\/\/lydenim.com\/wp-content\/uploads\/2025\/05\/Twill-suit-549x1536.jpeg 549w, https:\/\/lydenim.com\/wp-content\/uploads\/2025\/05\/Twill-suit-4x12.jpeg 4w, https:\/\/lydenim.com\/wp-content\/uploads\/2025\/05\/Twill-suit-150x420.jpeg 150w\" sizes=\"auto, (max-width: 600px) 100vw, 600px\" \/><p id=\"caption-attachment-5273\" class=\"wp-caption-text\">Traje de sarga<\/p><\/div>\n<h2 dir=\"ltr\">Preguntas frecuentes<\/h2>\n<ol dir=\"ltr\">\n<li>\n<p dir=\"ltr\"><strong>\u00bfLa sarga de algod\u00f3n es lo mismo que el denim?<\/strong><br \/>\nLa sarga de algod\u00f3n es un tejido independiente del denim, a pesar de compartir sus caracter\u00edsticas. El denim es un tipo espec\u00edfico de sarga de algod\u00f3n que obtiene su distintivo color azul del tinte \u00edndigo para la producci\u00f3n de vaqueros. La sarga de algod\u00f3n com\u00fan es un tejido vers\u00e1til, ya que se deriva de diferentes materiales y se presenta en una variedad de colores.<\/p>\n<\/li>\n<li>\n<p dir=\"ltr\"><strong>Entre el algod\u00f3n y la sarga, \u00bfqu\u00e9 material es superior?<\/strong><br \/>\nLa elecci\u00f3n entre algod\u00f3n y sarga depende del uso espec\u00edfico. El tejido se beneficia de su textura suave y transpirabilidad natural, ideal para la confecci\u00f3n de ropa informal ligera. La sarga de algod\u00f3n ofrece mayor durabilidad y estructura, lo que la hace ideal para uso formal o exigente.<\/p>\n<\/li>\n<li>\n<p dir=\"ltr\"><strong>\u00bfQu\u00e9 es Twill Denim?<\/strong><br \/>\nEl tejido de sarga con nervaduras diagonales de la tela de algod\u00f3n hace que el denim de sarga sea adecuado para crear jeans de mezclilla tradicionales que se benefician tanto de su durabilidad como de su atractivo visual distintivo.<\/p>\n<\/li>\n<li>\n<p dir=\"ltr\"><strong>\u00bfCu\u00e1l es la diferencia entre una chaqueta de sarga y una chaqueta vaquera?<\/strong><br \/>\nLa principal diferencia entre una chaqueta de sarga y una chaqueta vaquera reside en el material de su tejido. El tipo de tejido de una chaqueta de sarga puede ser de algod\u00f3n o de una mezcla de materiales, lo que le proporciona durabilidad y soporte estructural. La chaqueta vaquera est\u00e1 hecha exclusivamente de mezclilla, que representa un tipo particular de sarga de algod\u00f3n, ya que le proporciona su famoso color azul y sus propiedades resistentes.<\/p>\n<\/li>\n<li>\n<p dir=\"ltr\"><strong>Hoy en d\u00eda existen en el mercado distintos tipos de tejidos de mezclilla de sarga. <\/strong><br \/>\nEl denim sarga existe en diferentes tipos, incluidos:<\/p>\n<ul class=\"tight\" dir=\"ltr\" data-tight=\"true\">\n<li>\n<p dir=\"ltr\"><strong>Sarga est\u00e1ndar<\/strong>: Presenta el cl\u00e1sico tejido diagonal.<\/p>\n<\/li>\n<li>\n<p dir=\"ltr\"><a href=\"https:\/\/lydenim.com\/es\/analisis-de-20-tipos-de-tejidos-de-mezclilla\/\"><strong>Sarga rota<\/strong>:<\/a> La textura \u00fanica de Broken Twill surge de su patr\u00f3n de dise\u00f1o diagonal interrumpido.<\/p>\n<p><div id=\"attachment_3985\" style=\"width: 610px\" class=\"wp-caption aligncenter\"><img loading=\"lazy\" decoding=\"async\" aria-describedby=\"caption-attachment-3985\" class=\"wp-image-3985\" src=\"https:\/\/lydenim.com\/wp-content\/uploads\/2025\/03\/IMG_4209.jpg\" alt=\"Sarga rota\" width=\"600\" height=\"241\" srcset=\"https:\/\/lydenim.com\/wp-content\/uploads\/2025\/03\/IMG_4209.jpg 1178w, https:\/\/lydenim.com\/wp-content\/uploads\/2025\/03\/IMG_4209-300x120.jpg 300w, https:\/\/lydenim.com\/wp-content\/uploads\/2025\/03\/IMG_4209-1024x411.jpg 1024w, https:\/\/lydenim.com\/wp-content\/uploads\/2025\/03\/IMG_4209-768x308.jpg 768w, https:\/\/lydenim.com\/wp-content\/uploads\/2025\/03\/IMG_4209-18x7.jpg 18w, https:\/\/lydenim.com\/wp-content\/uploads\/2025\/03\/IMG_4209-600x241.jpg 600w, https:\/\/lydenim.com\/wp-content\/uploads\/2025\/03\/IMG_4209-150x60.jpg 150w\" sizes=\"auto, (max-width: 600px) 100vw, 600px\" \/><p id=\"caption-attachment-3985\" class=\"wp-caption-text\">Sarga rota<\/p><\/div><\/li>\n<li>\n<p dir=\"ltr\"><a href=\"https:\/\/lydenim.com\/es\/espiga\/\"><strong>Sarga de espiga<\/strong><\/a>La sarga de espiga presenta un patr\u00f3n distintivo en forma de V en su tejido.<\/p>\n<p><div id=\"attachment_3984\" style=\"width: 610px\" class=\"wp-caption aligncenter\"><img loading=\"lazy\" decoding=\"async\" aria-describedby=\"caption-attachment-3984\" class=\"wp-image-3984\" src=\"https:\/\/lydenim.com\/wp-content\/uploads\/2025\/03\/IMG_4208.jpg\" alt=\"Espiga (derivado de la sarga)\" width=\"600\" height=\"225\" srcset=\"https:\/\/lydenim.com\/wp-content\/uploads\/2025\/03\/IMG_4208.jpg 1165w, https:\/\/lydenim.com\/wp-content\/uploads\/2025\/03\/IMG_4208-300x112.jpg 300w, https:\/\/lydenim.com\/wp-content\/uploads\/2025\/03\/IMG_4208-1024x383.jpg 1024w, https:\/\/lydenim.com\/wp-content\/uploads\/2025\/03\/IMG_4208-768x287.jpg 768w, https:\/\/lydenim.com\/wp-content\/uploads\/2025\/03\/IMG_4208-18x7.jpg 18w, https:\/\/lydenim.com\/wp-content\/uploads\/2025\/03\/IMG_4208-600x225.jpg 600w, https:\/\/lydenim.com\/wp-content\/uploads\/2025\/03\/IMG_4208-150x56.jpg 150w\" sizes=\"auto, (max-width: 600px) 100vw, 600px\" \/><p id=\"caption-attachment-3984\" class=\"wp-caption-text\">Espiga (derivado de la sarga)<\/p><\/div><\/li>\n<li>\n<p dir=\"ltr\"><strong>Mezclilla el\u00e1stica<\/strong>:La adici\u00f3n de elastano al tejido proporciona capacidades de elasticidad mejoradas.<\/p>\n<\/li>\n<\/ul>\n<\/li>\n<\/ol>\n<h2 dir=\"ltr\">Conclusi\u00f3n<\/h2>\n<div class=\"mb-8 mt-5 h-[280px] max-h-[280px] min-h-[280px] w-full resize-none overflow-hidden overflow-y-auto whitespace-pre-line rounded-t-lg bg-white px-4 py-5 text-sm text-dark-navy focus:outline-none\">El mundo reconoce la sarga vaquera como un tejido ic\u00f3nico y fuerte, ya que se adapta tanto a la ropa informal como a la ropa de trabajo, especialmente en vaqueros. La combinaci\u00f3n de tejido diagonal y te\u00f1ido \u00edndigo, junto con su excepcional durabilidad, convierte a la sarga vaquera en un b\u00e1sico de la moda mundial. La estructura de la sarga de algod\u00f3n com\u00fan permite su uso en prendas formales y decoraci\u00f3n del hogar, a la vez que proporciona una textura ligera y suave. Si bien ambas telas se tejen en sarga, cumplen diferentes prop\u00f3sitos debido a sus caracter\u00edsticas \u00fanicas, que satisfacen diversas necesidades en la moda y en aplicaciones funcionales.<\/div>\n<div>\n<h2 dir=\"auto\">Servicios de personalizaci\u00f3n de LYDENIM<\/h2>\n<p dir=\"auto\">\ud83c\udfa8 Como fabricante profesional de telas, si necesita comprar telas, puede contactarnos <a href=\"https:\/\/lydenim.com\/es\/\">lidenim<\/a> para ver si hay una tela adecuada<\/p>\n<p dir=\"auto\">\ud83d\udecd\ufe0f <strong>Explora e insp\u00edrate<\/strong>:Explore nuestra selecci\u00f3n de telas y descubra ideas de dise\u00f1o en <a href=\"https:\/\/lydenim.com\/es\/\" target=\"_blank\" rel=\"noopener noreferrer nofollow\">LYDenim<\/a>.<\/p>\n<p dir=\"auto\">\ud83c\udf10 <strong>Ropa el\u00e1stica<\/strong>:Consulta nuestras ofertas en <a href=\"http:\/\/liangyuantextile.m.en.alibaba.com\" target=\"_blank\" rel=\"noopener noreferrer nofollow\">Mi Alibaba<\/a>. \ud83d\udce9 <strong>Contacto<\/strong>:Comun\u00edquese con nosotros en <a href=\"mailto:malone@lydenim.com\" target=\"_blank\" rel=\"noopener noreferrer nofollow\">malone@lydenim.com<\/a>.<\/p>\n<p dir=\"auto\">Crea tu obra maestra en denim con LYDENIM, tu socio de confianza para <strong>tejido el\u00e1stico<\/strong> y <strong>soluciones de mezclilla personalizadas<\/strong>.<\/p>\n<\/div>","protected":false},"excerpt":{"rendered":"<p>Tiempo estimado de lectura: ~4 minutos Introducci\u00f3n La tela de sarga existe con su patr\u00f3n de nervaduras diagonales como un textil que cumple m\u00faltiples funciones<\/p>","protected":false},"author":1,"featured_media":5275,"comment_status":"open","ping_status":"open","sticky":false,"template":"","format":"standard","meta":{"two_page_speed":[],"footnotes":""},"categories":[66],"tags":[],"class_list":["post-5266","post","type-post","status-publish","format-standard","has-post-thumbnail","hentry","category-denim-knowledge"],"aioseo_notices":[],"_links":{"self":[{"href":"https:\/\/lydenim.com\/es\/wp-json\/wp\/v2\/posts\/5266","targetHints":{"allow":["GET"]}}],"collection":[{"href":"https:\/\/lydenim.com\/es\/wp-json\/wp\/v2\/posts"}],"about":[{"href":"https:\/\/lydenim.com\/es\/wp-json\/wp\/v2\/types\/post"}],"author":[{"embeddable":true,"href":"https:\/\/lydenim.com\/es\/wp-json\/wp\/v2\/users\/1"}],"replies":[{"embeddable":true,"href":"https:\/\/lydenim.com\/es\/wp-json\/wp\/v2\/comments?post=5266"}],"version-history":[{"count":9,"href":"https:\/\/lydenim.com\/es\/wp-json\/wp\/v2\/posts\/5266\/revisions"}],"predecessor-version":[{"id":6356,"href":"https:\/\/lydenim.com\/es\/wp-json\/wp\/v2\/posts\/5266\/revisions\/6356"}],"wp:featuredmedia":[{"embeddable":true,"href":"https:\/\/lydenim.com\/es\/wp-json\/wp\/v2\/media\/5275"}],"wp:attachment":[{"href":"https:\/\/lydenim.com\/es\/wp-json\/wp\/v2\/media?parent=5266"}],"wp:term":[{"taxonomy":"category","embeddable":true,"href":"https:\/\/lydenim.com\/es\/wp-json\/wp\/v2\/categories?post=5266"},{"taxonomy":"post_tag","embeddable":true,"href":"https:\/\/lydenim.com\/es\/wp-json\/wp\/v2\/tags?post=5266"}],"curies":[{"name":"wp","href":"https:\/\/api.w.org\/{rel}","templated":true}]}}