{"id":5324,"date":"2025-06-06T14:24:38","date_gmt":"2025-06-06T06:24:38","guid":{"rendered":"https:\/\/lydenim.com\/?p=5324"},"modified":"2025-08-24T13:27:55","modified_gmt":"2025-08-24T05:27:55","slug":"vintage-to-new-vintage-timeless-style-reborn","status":"publish","type":"post","link":"https:\/\/lydenim.com\/es\/de-vintage-a-nuevo-estilo-vintage-atemporal-renace\/","title":{"rendered":"De vintage a nuevo vintage: el renacimiento del estilo atemporal"},"content":{"rendered":"<h2>Tiempo estimado de lectura: \uff5e5 minutos<\/h2>\n<h2>Or\u00edgenes del estilo vintage<\/h2>\n<p>El estilo vintage surgi\u00f3 de la nostalgia, que llev\u00f3 a la gente a buscar elementos culturales hist\u00f3ricos. La Revoluci\u00f3n Industrial, que tuvo lugar a finales del siglo XIX y principios del XX, gener\u00f3 importantes transformaciones sociales. Quienes disfrutaban del progreso tecnol\u00f3gico comenzaron a extra\u00f1ar los productos artesanales del pasado, lo que marc\u00f3 un momento crucial para el surgimiento de las tendencias vintage. Entre las d\u00e9cadas de 1950 y 1970, la moda convirti\u00f3 el estilo vintage en su principal tendencia. Los dise\u00f1adores de moda de aquella \u00e9poca se inspiraron en las \u00e9pocas victoriana y eduardiana para redise\u00f1ar la ropa a trav\u00e9s de cors\u00e9s, faldas largas y encajes, lo que despert\u00f3 un inter\u00e9s mundial por la moda vintage. La tendencia del estilo vintage se ha expandido desde su aparici\u00f3n. Las tendencias de la moda vintage regresan a trav\u00e9s de interpretaciones creativas de estilos cl\u00e1sicos de \u00e9pocas pasadas que conservan la memoria cultural y presentan dise\u00f1os innovadores de \u00e9pocas hist\u00f3ricas.<\/p>\n<h2>An\u00e1lisis de los tipos de estilo vintage<\/h2>\n<p>El estilo vintage incluye varios estilos que conllevan valores culturales distintos junto con sus caracter\u00edsticas \u00fanicas.<\/p>\n<ol>\n<li><strong>Estilo victoriano<\/strong><br \/>\nEl estilo exhibe majestuosidad a trav\u00e9s de su complejo dise\u00f1o, que realza las curvas femeninas mediante un extenso trabajo de encaje, detalles de cintas y pliegues. La nobleza y la elegancia se manifiestan en dise\u00f1os con cors\u00e9, combinados con abundantes faldas, t\u00edpicas de eventos formales, como vestidos de noche y de novia.<\/p>\n<p><div id=\"attachment_5325\" style=\"width: 610px\" class=\"wp-caption aligncenter\"><img loading=\"lazy\" decoding=\"async\" aria-describedby=\"caption-attachment-5325\" class=\"wp-image-5325\" src=\"https:\/\/lydenim.com\/wp-content\/uploads\/2025\/06\/Victorian-style-scaled.jpeg\" alt=\"estilo victoriano\" width=\"600\" height=\"251\" srcset=\"https:\/\/lydenim.com\/wp-content\/uploads\/2025\/06\/Victorian-style-scaled.jpeg 2560w, https:\/\/lydenim.com\/wp-content\/uploads\/2025\/06\/Victorian-style-300x126.jpeg 300w, https:\/\/lydenim.com\/wp-content\/uploads\/2025\/06\/Victorian-style-1024x429.jpeg 1024w, https:\/\/lydenim.com\/wp-content\/uploads\/2025\/06\/Victorian-style-768x322.jpeg 768w, https:\/\/lydenim.com\/wp-content\/uploads\/2025\/06\/Victorian-style-1536x644.jpeg 1536w, https:\/\/lydenim.com\/wp-content\/uploads\/2025\/06\/Victorian-style-2048x859.jpeg 2048w, https:\/\/lydenim.com\/wp-content\/uploads\/2025\/06\/Victorian-style-18x8.jpeg 18w, https:\/\/lydenim.com\/wp-content\/uploads\/2025\/06\/Victorian-style-600x252.jpeg 600w, https:\/\/lydenim.com\/wp-content\/uploads\/2025\/06\/Victorian-style-150x63.jpeg 150w\" sizes=\"auto, (max-width: 600px) 100vw, 600px\" \/><p id=\"caption-attachment-5325\" class=\"wp-caption-text\">estilo victoriano<\/p><\/div><\/li>\n<li><strong>Estilo bohemio<\/strong><br \/>\nEste estilo combina libertad, romance y un esp\u00edritu desenfrenado mediante el uso de telas de algod\u00f3n y lino con estampados \u00e9tnicos, formas geom\u00e9tricas y colores vibrantes. Las principales caracter\u00edsticas de este estilo incluyen faldas largas y sueltas, adornos de flecos y conjuntos en capas, ideales para eventos informales como vacaciones y festivales de m\u00fasica.<\/p>\n<p><div id=\"attachment_5326\" style=\"width: 610px\" class=\"wp-caption aligncenter\"><img loading=\"lazy\" decoding=\"async\" aria-describedby=\"caption-attachment-5326\" class=\"wp-image-5326\" src=\"https:\/\/lydenim.com\/wp-content\/uploads\/2025\/06\/Bohemian-style-scaled.jpeg\" alt=\"estilo bohemio\" width=\"600\" height=\"267\" srcset=\"https:\/\/lydenim.com\/wp-content\/uploads\/2025\/06\/Bohemian-style-scaled.jpeg 2560w, https:\/\/lydenim.com\/wp-content\/uploads\/2025\/06\/Bohemian-style-300x133.jpeg 300w, https:\/\/lydenim.com\/wp-content\/uploads\/2025\/06\/Bohemian-style-1024x455.jpeg 1024w, https:\/\/lydenim.com\/wp-content\/uploads\/2025\/06\/Bohemian-style-768x342.jpeg 768w, https:\/\/lydenim.com\/wp-content\/uploads\/2025\/06\/Bohemian-style-1536x683.jpeg 1536w, https:\/\/lydenim.com\/wp-content\/uploads\/2025\/06\/Bohemian-style-2048x911.jpeg 2048w, https:\/\/lydenim.com\/wp-content\/uploads\/2025\/06\/Bohemian-style-18x8.jpeg 18w, https:\/\/lydenim.com\/wp-content\/uploads\/2025\/06\/Bohemian-style-600x267.jpeg 600w, https:\/\/lydenim.com\/wp-content\/uploads\/2025\/06\/Bohemian-style-150x67.jpeg 150w\" sizes=\"auto, (max-width: 600px) 100vw, 600px\" \/><p id=\"caption-attachment-5326\" class=\"wp-caption-text\">estilo bohemio<\/p><\/div><\/li>\n<li><strong>Estilo punk<\/strong><br \/>\nEl movimiento de moda brit\u00e1nico de la d\u00e9cada de 1970 combina fuertes elementos rebeldes a trav\u00e9s de su paleta de colores negra, con tachuelas y cadenas met\u00e1licas y componentes de cuero. Los dise\u00f1os presentan cortes exagerados y rasgos distintivos que rompen con los est\u00e1ndares de la moda convencional.<\/p>\n<p><div id=\"attachment_5327\" style=\"width: 610px\" class=\"wp-caption aligncenter\"><img loading=\"lazy\" decoding=\"async\" aria-describedby=\"caption-attachment-5327\" class=\"wp-image-5327\" src=\"https:\/\/lydenim.com\/wp-content\/uploads\/2025\/06\/Punk-style-scaled.jpeg\" alt=\"estilo punk\" width=\"600\" height=\"282\" srcset=\"https:\/\/lydenim.com\/wp-content\/uploads\/2025\/06\/Punk-style-scaled.jpeg 2560w, https:\/\/lydenim.com\/wp-content\/uploads\/2025\/06\/Punk-style-300x141.jpeg 300w, https:\/\/lydenim.com\/wp-content\/uploads\/2025\/06\/Punk-style-1024x482.jpeg 1024w, https:\/\/lydenim.com\/wp-content\/uploads\/2025\/06\/Punk-style-768x361.jpeg 768w, https:\/\/lydenim.com\/wp-content\/uploads\/2025\/06\/Punk-style-1536x723.jpeg 1536w, https:\/\/lydenim.com\/wp-content\/uploads\/2025\/06\/Punk-style-2048x963.jpeg 2048w, https:\/\/lydenim.com\/wp-content\/uploads\/2025\/06\/Punk-style-18x8.jpeg 18w, https:\/\/lydenim.com\/wp-content\/uploads\/2025\/06\/Punk-style-600x282.jpeg 600w, https:\/\/lydenim.com\/wp-content\/uploads\/2025\/06\/Punk-style-150x71.jpeg 150w\" sizes=\"auto, (max-width: 600px) 100vw, 600px\" \/><p id=\"caption-attachment-5327\" class=\"wp-caption-text\">estilo punk<\/p><\/div><\/li>\n<li><strong>Estilo hippie<\/strong><br \/>\nEl movimiento se extendi\u00f3 entre las d\u00e9cadas de 1960 y 1970, promoviendo una vida pac\u00edfica en entornos naturales y valores culturales antisistema. El estilo de moda incorpora t\u00e9cnicas de te\u00f1ido anudado y bordado para crear prendas holgadas, pantalones acampanados y camisas estampadas que representan un estilo de vida despreocupado e independiente.<\/p>\n<p><div id=\"attachment_5328\" style=\"width: 610px\" class=\"wp-caption aligncenter\"><img loading=\"lazy\" decoding=\"async\" aria-describedby=\"caption-attachment-5328\" class=\"wp-image-5328\" src=\"https:\/\/lydenim.com\/wp-content\/uploads\/2025\/06\/Hippie-style-scaled.jpeg\" alt=\"estilo hippie\" width=\"600\" height=\"282\" srcset=\"https:\/\/lydenim.com\/wp-content\/uploads\/2025\/06\/Hippie-style-scaled.jpeg 2560w, https:\/\/lydenim.com\/wp-content\/uploads\/2025\/06\/Hippie-style-300x141.jpeg 300w, https:\/\/lydenim.com\/wp-content\/uploads\/2025\/06\/Hippie-style-1024x482.jpeg 1024w, https:\/\/lydenim.com\/wp-content\/uploads\/2025\/06\/Hippie-style-768x361.jpeg 768w, https:\/\/lydenim.com\/wp-content\/uploads\/2025\/06\/Hippie-style-1536x722.jpeg 1536w, https:\/\/lydenim.com\/wp-content\/uploads\/2025\/06\/Hippie-style-2048x963.jpeg 2048w, https:\/\/lydenim.com\/wp-content\/uploads\/2025\/06\/Hippie-style-18x8.jpeg 18w, https:\/\/lydenim.com\/wp-content\/uploads\/2025\/06\/Hippie-style-600x282.jpeg 600w, https:\/\/lydenim.com\/wp-content\/uploads\/2025\/06\/Hippie-style-150x71.jpeg 150w\" sizes=\"auto, (max-width: 600px) 100vw, 600px\" \/><p id=\"caption-attachment-5328\" class=\"wp-caption-text\">estilo hippie<\/p><\/div><\/li>\n<\/ol>\n<h2>Combinaciones de atuendos de estilo vintage<\/h2>\n<ol>\n<li><strong>Combinaci\u00f3n de atuendos<\/strong>\n<ul>\n<li><strong>Estilo victoriano<\/strong>Elige una blusa estilo cortesano con mangas abullonadas combinada con una falda amplia y tacones con tiras para resaltar tu encanto elegante.<img loading=\"lazy\" decoding=\"async\" class=\"aligncenter wp-image-5329\" src=\"https:\/\/lydenim.com\/wp-content\/uploads\/2025\/06\/Retro-style-dressing-scaled.jpeg\" alt=\"\" width=\"600\" height=\"400\" srcset=\"https:\/\/lydenim.com\/wp-content\/uploads\/2025\/06\/Retro-style-dressing-scaled.jpeg 2560w, https:\/\/lydenim.com\/wp-content\/uploads\/2025\/06\/Retro-style-dressing-300x200.jpeg 300w, https:\/\/lydenim.com\/wp-content\/uploads\/2025\/06\/Retro-style-dressing-1024x683.jpeg 1024w, https:\/\/lydenim.com\/wp-content\/uploads\/2025\/06\/Retro-style-dressing-768x512.jpeg 768w, https:\/\/lydenim.com\/wp-content\/uploads\/2025\/06\/Retro-style-dressing-1536x1024.jpeg 1536w, https:\/\/lydenim.com\/wp-content\/uploads\/2025\/06\/Retro-style-dressing-2048x1365.jpeg 2048w, https:\/\/lydenim.com\/wp-content\/uploads\/2025\/06\/Retro-style-dressing-18x12.jpeg 18w, https:\/\/lydenim.com\/wp-content\/uploads\/2025\/06\/Retro-style-dressing-600x400.jpeg 600w, https:\/\/lydenim.com\/wp-content\/uploads\/2025\/06\/Retro-style-dressing-150x100.jpeg 150w\" sizes=\"auto, (max-width: 600px) 100vw, 600px\" \/><\/li>\n<li><strong>Estilo bohemio<\/strong>:Combina una t\u00fanica suelta estampada con pantalones de pierna ancha y un chal con flecos para agregar capas y un toque \u00e9tnico.<img loading=\"lazy\" decoding=\"async\" class=\"aligncenter wp-image-5330\" src=\"https:\/\/lydenim.com\/wp-content\/uploads\/2025\/06\/Bohemian-style-1-scaled.jpeg\" alt=\"\" width=\"600\" height=\"267\" srcset=\"https:\/\/lydenim.com\/wp-content\/uploads\/2025\/06\/Bohemian-style-1-scaled.jpeg 2560w, https:\/\/lydenim.com\/wp-content\/uploads\/2025\/06\/Bohemian-style-1-300x133.jpeg 300w, https:\/\/lydenim.com\/wp-content\/uploads\/2025\/06\/Bohemian-style-1-1024x455.jpeg 1024w, https:\/\/lydenim.com\/wp-content\/uploads\/2025\/06\/Bohemian-style-1-768x342.jpeg 768w, https:\/\/lydenim.com\/wp-content\/uploads\/2025\/06\/Bohemian-style-1-1536x683.jpeg 1536w, https:\/\/lydenim.com\/wp-content\/uploads\/2025\/06\/Bohemian-style-1-2048x911.jpeg 2048w, https:\/\/lydenim.com\/wp-content\/uploads\/2025\/06\/Bohemian-style-1-18x8.jpeg 18w, https:\/\/lydenim.com\/wp-content\/uploads\/2025\/06\/Bohemian-style-1-600x267.jpeg 600w, https:\/\/lydenim.com\/wp-content\/uploads\/2025\/06\/Bohemian-style-1-150x67.jpeg 150w\" sizes=\"auto, (max-width: 600px) 100vw, 600px\" \/><\/li>\n<li><strong>Estilo punk<\/strong>Combina una chaqueta de cuero tachonada con jeans rotos y botas gruesas para mostrar una personalidad rebelde.<img loading=\"lazy\" decoding=\"async\" class=\"aligncenter wp-image-5331\" src=\"https:\/\/lydenim.com\/wp-content\/uploads\/2025\/06\/Punk-style-can-match-riveted-leather-jackets-with-ripped-jeans-scaled.jpeg\" alt=\"\" width=\"600\" height=\"202\" srcset=\"https:\/\/lydenim.com\/wp-content\/uploads\/2025\/06\/Punk-style-can-match-riveted-leather-jackets-with-ripped-jeans-scaled.jpeg 2560w, https:\/\/lydenim.com\/wp-content\/uploads\/2025\/06\/Punk-style-can-match-riveted-leather-jackets-with-ripped-jeans-300x101.jpeg 300w, https:\/\/lydenim.com\/wp-content\/uploads\/2025\/06\/Punk-style-can-match-riveted-leather-jackets-with-ripped-jeans-1024x344.jpeg 1024w, https:\/\/lydenim.com\/wp-content\/uploads\/2025\/06\/Punk-style-can-match-riveted-leather-jackets-with-ripped-jeans-768x258.jpeg 768w, https:\/\/lydenim.com\/wp-content\/uploads\/2025\/06\/Punk-style-can-match-riveted-leather-jackets-with-ripped-jeans-1536x516.jpeg 1536w, https:\/\/lydenim.com\/wp-content\/uploads\/2025\/06\/Punk-style-can-match-riveted-leather-jackets-with-ripped-jeans-2048x688.jpeg 2048w, https:\/\/lydenim.com\/wp-content\/uploads\/2025\/06\/Punk-style-can-match-riveted-leather-jackets-with-ripped-jeans-18x6.jpeg 18w, https:\/\/lydenim.com\/wp-content\/uploads\/2025\/06\/Punk-style-can-match-riveted-leather-jackets-with-ripped-jeans-600x202.jpeg 600w, https:\/\/lydenim.com\/wp-content\/uploads\/2025\/06\/Punk-style-can-match-riveted-leather-jackets-with-ripped-jeans-150x50.jpeg 150w\" sizes=\"auto, (max-width: 600px) 100vw, 600px\" \/><\/li>\n<li><strong>Estilo hippie<\/strong>Combina una camiseta tie-dye con unos pantalones acampanados y un pa\u00f1uelo \u00e9tnico para crear un ambiente libre y relajado.<\/li>\n<\/ul>\n<\/li>\n<li><strong>Innovaci\u00f3n que combina y combina<\/strong><br \/>\nPrueba a mezclar elementos de diferentes estilos vintage, como incorporar estampados florales hippies en dise\u00f1os de chaquetas de cuero punk, para crear conjuntos vintage \u00fanicos.<\/li>\n<\/ol>\n<h2>\u00a0Paletas de colores de estilo vintage<\/h2>\n<p>Las combinaciones de colores de la moda de estilo vintage presentan una amplia gama de ricas posibilidades.<\/p>\n<ol>\n<li><strong>Estilo victoriano<\/strong><br \/>\nLa paleta de colores se compone de burdeos junto a verde oscuro y azul marino con blanco y beige, lo que produce una atm\u00f3sfera elegante y solemne.<\/p>\n<p><div id=\"attachment_5332\" style=\"width: 610px\" class=\"wp-caption aligncenter\"><img loading=\"lazy\" decoding=\"async\" aria-describedby=\"caption-attachment-5332\" class=\"wp-image-5332\" src=\"https:\/\/lydenim.com\/wp-content\/uploads\/2025\/06\/Elegant-and-solemn-atmosphere.jpeg\" alt=\"\" width=\"600\" height=\"750\" srcset=\"https:\/\/lydenim.com\/wp-content\/uploads\/2025\/06\/Elegant-and-solemn-atmosphere.jpeg 817w, https:\/\/lydenim.com\/wp-content\/uploads\/2025\/06\/Elegant-and-solemn-atmosphere-240x300.jpeg 240w, https:\/\/lydenim.com\/wp-content\/uploads\/2025\/06\/Elegant-and-solemn-atmosphere-768x960.jpeg 768w, https:\/\/lydenim.com\/wp-content\/uploads\/2025\/06\/Elegant-and-solemn-atmosphere-10x12.jpeg 10w, https:\/\/lydenim.com\/wp-content\/uploads\/2025\/06\/Elegant-and-solemn-atmosphere-600x750.jpeg 600w, https:\/\/lydenim.com\/wp-content\/uploads\/2025\/06\/Elegant-and-solemn-atmosphere-150x187.jpeg 150w\" sizes=\"auto, (max-width: 600px) 100vw, 600px\" \/><p id=\"caption-attachment-5332\" class=\"wp-caption-text\">Captura de pantalla<\/p><\/div><\/li>\n<li><strong>Estilo bohemio<\/strong><br \/>\nEl estilo de moda utiliza tonos terrosos como el marr\u00f3n, el caqui y el camello, al tiempo que a\u00f1ade matices en\u00e9rgicos de rojo anaranjado, turquesa y verde para generar efectos apasionados y vibrantes. <img loading=\"lazy\" decoding=\"async\" class=\"aligncenter wp-image-5334\" src=\"https:\/\/lydenim.com\/wp-content\/uploads\/2025\/06\/Bohemian-style-color-system-scaled.jpeg\" alt=\"\" width=\"600\" height=\"376\" srcset=\"https:\/\/lydenim.com\/wp-content\/uploads\/2025\/06\/Bohemian-style-color-system-scaled.jpeg 2560w, https:\/\/lydenim.com\/wp-content\/uploads\/2025\/06\/Bohemian-style-color-system-300x188.jpeg 300w, https:\/\/lydenim.com\/wp-content\/uploads\/2025\/06\/Bohemian-style-color-system-1024x641.jpeg 1024w, https:\/\/lydenim.com\/wp-content\/uploads\/2025\/06\/Bohemian-style-color-system-768x481.jpeg 768w, https:\/\/lydenim.com\/wp-content\/uploads\/2025\/06\/Bohemian-style-color-system-1536x962.jpeg 1536w, https:\/\/lydenim.com\/wp-content\/uploads\/2025\/06\/Bohemian-style-color-system-2048x1282.jpeg 2048w, https:\/\/lydenim.com\/wp-content\/uploads\/2025\/06\/Bohemian-style-color-system-18x12.jpeg 18w, https:\/\/lydenim.com\/wp-content\/uploads\/2025\/06\/Bohemian-style-color-system-600x376.jpeg 600w, https:\/\/lydenim.com\/wp-content\/uploads\/2025\/06\/Bohemian-style-color-system-150x94.jpeg 150w\" sizes=\"auto, (max-width: 600px) 100vw, 600px\" \/><\/li>\n<li><strong>Estilo punk<\/strong><br \/>\nUtiliza principalmente el negro como color principal, con acentos de elementos met\u00e1licos rojos y plateados para mejorar el impacto visual.<\/p>\n<p><div id=\"attachment_5335\" style=\"width: 610px\" class=\"wp-caption aligncenter\"><img loading=\"lazy\" decoding=\"async\" aria-describedby=\"caption-attachment-5335\" class=\"wp-image-5335\" src=\"https:\/\/lydenim.com\/wp-content\/uploads\/2025\/06\/Punk-style-tone.jpeg\" alt=\"Tono estilo punk\" width=\"600\" height=\"800\" srcset=\"https:\/\/lydenim.com\/wp-content\/uploads\/2025\/06\/Punk-style-tone.jpeg 1668w, https:\/\/lydenim.com\/wp-content\/uploads\/2025\/06\/Punk-style-tone-225x300.jpeg 225w, https:\/\/lydenim.com\/wp-content\/uploads\/2025\/06\/Punk-style-tone-768x1024.jpeg 768w, https:\/\/lydenim.com\/wp-content\/uploads\/2025\/06\/Punk-style-tone-1152x1536.jpeg 1152w, https:\/\/lydenim.com\/wp-content\/uploads\/2025\/06\/Punk-style-tone-1536x2048.jpeg 1536w, https:\/\/lydenim.com\/wp-content\/uploads\/2025\/06\/Punk-style-tone-9x12.jpeg 9w, https:\/\/lydenim.com\/wp-content\/uploads\/2025\/06\/Punk-style-tone-600x800.jpeg 600w, https:\/\/lydenim.com\/wp-content\/uploads\/2025\/06\/Punk-style-tone-150x200.jpeg 150w\" sizes=\"auto, (max-width: 600px) 100vw, 600px\" \/><p id=\"caption-attachment-5335\" class=\"wp-caption-text\">Tono estilo punk<\/p><\/div><\/li>\n<li><strong>Estilo hippie<\/strong><br \/>\nLos colores tie-dye morado, rosa y amarillo se utilizan con frecuencia en el estilo de moda mientras se integran m\u00faltiples colores para crear una est\u00e9tica libre y relajada.<img loading=\"lazy\" decoding=\"async\" class=\"aligncenter wp-image-5336\" src=\"https:\/\/lydenim.com\/wp-content\/uploads\/2025\/06\/Hippie-Tone-Style-scaled.jpeg\" alt=\"\" width=\"600\" height=\"401\" srcset=\"https:\/\/lydenim.com\/wp-content\/uploads\/2025\/06\/Hippie-Tone-Style-scaled.jpeg 2560w, https:\/\/lydenim.com\/wp-content\/uploads\/2025\/06\/Hippie-Tone-Style-300x200.jpeg 300w, https:\/\/lydenim.com\/wp-content\/uploads\/2025\/06\/Hippie-Tone-Style-1024x684.jpeg 1024w, https:\/\/lydenim.com\/wp-content\/uploads\/2025\/06\/Hippie-Tone-Style-768x513.jpeg 768w, https:\/\/lydenim.com\/wp-content\/uploads\/2025\/06\/Hippie-Tone-Style-1536x1025.jpeg 1536w, https:\/\/lydenim.com\/wp-content\/uploads\/2025\/06\/Hippie-Tone-Style-2048x1367.jpeg 2048w, https:\/\/lydenim.com\/wp-content\/uploads\/2025\/06\/Hippie-Tone-Style-18x12.jpeg 18w, https:\/\/lydenim.com\/wp-content\/uploads\/2025\/06\/Hippie-Tone-Style-600x401.jpeg 600w, https:\/\/lydenim.com\/wp-content\/uploads\/2025\/06\/Hippie-Tone-Style-150x100.jpeg 150w\" sizes=\"auto, (max-width: 600px) 100vw, 600px\" \/><\/li>\n<\/ol>\n<h2>Opciones de accesorios para el estilo vintage<\/h2>\n<p>Los accesorios son clave para completar el look general.<\/p>\n<ul>\n<li><strong>Sombreros cl\u00e1sicos<\/strong>:Las boinas y las gorras de vendedor de peri\u00f3dicos a\u00f1aden un encanto vintage.<\/li>\n<li><strong>Bufandas vintage<\/strong>:Se puede atar alrededor del cuello, la cabeza o el bolso para realzar el estilo.<\/li>\n<li><strong>Calzado<\/strong>Los mocasines retro, los Mary Janes y los oxfords se pueden combinar con diferentes atuendos para mostrar varios estilos vintage.<\/li>\n<li><strong>Joyas<\/strong>:Los accesorios vintage como collares de perlas, broches y pendientes de gran tama\u00f1o a\u00f1aden detalles delicados al look general.<\/li>\n<\/ul>\n<div id=\"attachment_5339\" style=\"width: 610px\" class=\"wp-caption aligncenter\"><img loading=\"lazy\" decoding=\"async\" aria-describedby=\"caption-attachment-5339\" class=\"wp-image-5339\" src=\"https:\/\/lydenim.com\/wp-content\/uploads\/2025\/06\/Vintage-style-matching-scaled.jpeg\" alt=\"Combinaci\u00f3n de estilo vintage\" width=\"600\" height=\"376\" srcset=\"https:\/\/lydenim.com\/wp-content\/uploads\/2025\/06\/Vintage-style-matching-scaled.jpeg 2560w, https:\/\/lydenim.com\/wp-content\/uploads\/2025\/06\/Vintage-style-matching-300x188.jpeg 300w, https:\/\/lydenim.com\/wp-content\/uploads\/2025\/06\/Vintage-style-matching-1024x641.jpeg 1024w, https:\/\/lydenim.com\/wp-content\/uploads\/2025\/06\/Vintage-style-matching-768x481.jpeg 768w, https:\/\/lydenim.com\/wp-content\/uploads\/2025\/06\/Vintage-style-matching-1536x962.jpeg 1536w, https:\/\/lydenim.com\/wp-content\/uploads\/2025\/06\/Vintage-style-matching-2048x1282.jpeg 2048w, https:\/\/lydenim.com\/wp-content\/uploads\/2025\/06\/Vintage-style-matching-18x12.jpeg 18w, https:\/\/lydenim.com\/wp-content\/uploads\/2025\/06\/Vintage-style-matching-600x376.jpeg 600w, https:\/\/lydenim.com\/wp-content\/uploads\/2025\/06\/Vintage-style-matching-150x94.jpeg 150w\" sizes=\"auto, (max-width: 600px) 100vw, 600px\" \/><p id=\"caption-attachment-5339\" class=\"wp-caption-text\">Combinaci\u00f3n de estilo vintage<\/p><\/div>\n<h2>Conclusi\u00f3n<\/h2>\n<p>El estilo vintage ocupa una posici\u00f3n importante en el mundo del dise\u00f1o con sus caracter\u00edsticas \u00fanicas, ricos elementos de dise\u00f1o, profundas connotaciones culturales y amplia gama de aplicaciones, brindando a las personas un disfrute visual distintivo y una experiencia emocional.<\/p>\n<h2 dir=\"auto\">Servicios de personalizaci\u00f3n de LYDENIM<\/h2>\n<p dir=\"auto\">\ud83c\udfa8 Quiero <strong>telas de mezclilla personalizadas<\/strong> o\u00a0 <strong>\u00fanico<\/strong> <strong>prenda de mezclilla personalizada<\/strong>?LYDENIM se especializa en soluciones a medida para satisfacer sus necesidades de dise\u00f1o y producci\u00f3n.<\/p>\n<p dir=\"auto\">\ud83d\udecd\ufe0f <strong>Explora e insp\u00edrate<\/strong>:Explore nuestra selecci\u00f3n de telas y descubra ideas de dise\u00f1o en <a href=\"https:\/\/lydenim.com\/es\/\" target=\"_blank\" rel=\"noopener noreferrer nofollow\">LYDenim<\/a>.<\/p>\n<p dir=\"auto\">\ud83c\udf10 <strong>Ropa el\u00e1stica<\/strong>:Consulta nuestras ofertas en <a href=\"http:\/\/liangyuantextile.m.en.alibaba.com\" target=\"_blank\" rel=\"noopener noreferrer nofollow\">Mi Alibaba<\/a>. \ud83d\udce9 <strong>Contacto<\/strong>:Comun\u00edquese con nosotros en <a href=\"mailto:malone@lydenim.com\" target=\"_blank\" rel=\"noopener noreferrer nofollow\">malone@lydenim.com<\/a>.<\/p>\n<p dir=\"auto\">Crea tu obra maestra en denim con LYDENIM, tu socio de confianza para <strong>tejido el\u00e1stico<\/strong> y <strong>soluciones de mezclilla personalizadas<\/strong>.<\/p>","protected":false},"excerpt":{"rendered":"<p>Tiempo estimado de lectura: \uff5e5 minutos Or\u00edgenes del estilo vintage El comienzo del estilo vintage se produjo a trav\u00e9s de la nostalgia humana que llev\u00f3<\/p>","protected":false},"author":1,"featured_media":5340,"comment_status":"open","ping_status":"open","sticky":false,"template":"","format":"standard","meta":{"two_page_speed":[],"footnotes":""},"categories":[76],"tags":[],"class_list":["post-5324","post","type-post","status-publish","format-standard","has-post-thumbnail","hentry","category-garment"],"aioseo_notices":[],"_links":{"self":[{"href":"https:\/\/lydenim.com\/es\/wp-json\/wp\/v2\/posts\/5324","targetHints":{"allow":["GET"]}}],"collection":[{"href":"https:\/\/lydenim.com\/es\/wp-json\/wp\/v2\/posts"}],"about":[{"href":"https:\/\/lydenim.com\/es\/wp-json\/wp\/v2\/types\/post"}],"author":[{"embeddable":true,"href":"https:\/\/lydenim.com\/es\/wp-json\/wp\/v2\/users\/1"}],"replies":[{"embeddable":true,"href":"https:\/\/lydenim.com\/es\/wp-json\/wp\/v2\/comments?post=5324"}],"version-history":[{"count":5,"href":"https:\/\/lydenim.com\/es\/wp-json\/wp\/v2\/posts\/5324\/revisions"}],"predecessor-version":[{"id":6335,"href":"https:\/\/lydenim.com\/es\/wp-json\/wp\/v2\/posts\/5324\/revisions\/6335"}],"wp:featuredmedia":[{"embeddable":true,"href":"https:\/\/lydenim.com\/es\/wp-json\/wp\/v2\/media\/5340"}],"wp:attachment":[{"href":"https:\/\/lydenim.com\/es\/wp-json\/wp\/v2\/media?parent=5324"}],"wp:term":[{"taxonomy":"category","embeddable":true,"href":"https:\/\/lydenim.com\/es\/wp-json\/wp\/v2\/categories?post=5324"},{"taxonomy":"post_tag","embeddable":true,"href":"https:\/\/lydenim.com\/es\/wp-json\/wp\/v2\/tags?post=5324"}],"curies":[{"name":"wp","href":"https:\/\/api.w.org\/{rel}","templated":true}]}}