{"id":5408,"date":"2025-06-17T09:54:24","date_gmt":"2025-06-17T01:54:24","guid":{"rendered":"https:\/\/lydenim.com\/?p=5408"},"modified":"2025-08-24T13:32:06","modified_gmt":"2025-08-24T05:32:06","slug":"beyond-blue-when-did-denim-get-colorful-plus-fading-differences-materials-explained","status":"publish","type":"post","link":"https:\/\/lydenim.com\/es\/mas-alla-del-azul-cuando-se-volvio-colorido-el-denim-ademas-se-explican-las-diferencias-en-la-decoloracion-de-los-materiales\/","title":{"rendered":"M\u00e1s all\u00e1 del azul: \u00bfCu\u00e1ndo se volvi\u00f3 colorido el denim? Adem\u00e1s, explicaci\u00f3n sobre la decoloraci\u00f3n, las diferencias y los materiales."},"content":{"rendered":"<h2><strong>Tiempo estimado de lectura<\/strong>: ~7 minutos<\/h2>\n<h2>M\u00e1s all\u00e1 del azul: Descubriendo los secretos del color, la decoloraci\u00f3n y la tela del denim<\/h2>\n<p class=\"ds-markdown-paragraph\">El denim, en particular el cl\u00e1sico blue jeans, es un \u00edcono mundial. Pero el mundo del denim es rico y variado, abarcando colores como\u00a0<strong>Mezclilla negra<\/strong>Diversos lavados y distintos tipos de tela. Analicemos algunas preguntas frecuentes sobre la mezclilla:<\/p>\n<h2>\u00bfDesde cu\u00e1ndo la tela vaquera tiene un color distinto al azul?<\/h2>\n<p class=\"ds-markdown-paragraph\">Mientras\u00a0<strong>azul \u00edndigo<\/strong>\u00a0es sin\u00f3nimo de tradicional\u00a0<strong>dril<\/strong>La tela no siempre se ha limitado a este \u00fanico tono. La expansi\u00f3n m\u00e1s all\u00e1 del azul comenz\u00f3 sorprendentemente pronto:<\/p>\n<ol start=\"1\">\n<li>\n<p class=\"ds-markdown-paragraph\"><strong>Principios del siglo XX:<\/strong>\u00a0Impulsados por las necesidades de ropa de trabajo, los fabricantes comenzaron a producir\u00a0<strong>dril<\/strong> en colores como caqui y marr\u00f3n (a menudo llamado \u201clona de pato\u201d o similar, pero estructuralmente similar al denim) para ocupaciones espec\u00edficas o uso militar donde el azul no era ideal.<\/p>\n<p><div id=\"attachment_5439\" style=\"width: 610px\" class=\"wp-caption aligncenter\"><img loading=\"lazy\" decoding=\"async\" aria-describedby=\"caption-attachment-5439\" class=\"wp-image-5439\" src=\"https:\/\/lydenim.com\/wp-content\/uploads\/2025\/06\/denim-work-clothes.jpg\" alt=\"\" width=\"600\" height=\"871\" srcset=\"https:\/\/lydenim.com\/wp-content\/uploads\/2025\/06\/denim-work-clothes.jpg 849w, https:\/\/lydenim.com\/wp-content\/uploads\/2025\/06\/denim-work-clothes-207x300.jpg 207w, https:\/\/lydenim.com\/wp-content\/uploads\/2025\/06\/denim-work-clothes-706x1024.jpg 706w, https:\/\/lydenim.com\/wp-content\/uploads\/2025\/06\/denim-work-clothes-768x1114.jpg 768w, https:\/\/lydenim.com\/wp-content\/uploads\/2025\/06\/denim-work-clothes-8x12.jpg 8w, https:\/\/lydenim.com\/wp-content\/uploads\/2025\/06\/denim-work-clothes-600x871.jpg 600w, https:\/\/lydenim.com\/wp-content\/uploads\/2025\/06\/denim-work-clothes-150x218.jpg 150w\" sizes=\"auto, (max-width: 600px) 100vw, 600px\" \/><p id=\"caption-attachment-5439\" class=\"wp-caption-text\">ropa de trabajo de mezclilla<\/p><\/div><\/li>\n<li>\n<p class=\"ds-markdown-paragraph\"><strong>Despu\u00e9s de la Segunda Guerra Mundial (d\u00e9cada de 1950):<\/strong>\u00a0Esta era presenci\u00f3 un cambio significativo. La cultura juvenil adopt\u00f3 los jeans como moda, no solo como ropa de trabajo.\u00a0<strong>Mezclilla negra<\/strong>\u00a0Aument\u00f3 su popularidad, fuertemente influenciado por estilos rebeldes en el cine y la m\u00fasica (pensemos en Marlon Brando, James Dean y, posteriormente, en el rock and roll). Los tintes de azufre facilitaron la producci\u00f3n de negro uniforme y otros colores como el gris.<\/p>\n<p><div id=\"attachment_5441\" style=\"width: 610px\" class=\"wp-caption aligncenter\"><img loading=\"lazy\" decoding=\"async\" aria-describedby=\"caption-attachment-5441\" class=\"wp-image-5441\" src=\"https:\/\/lydenim.com\/wp-content\/uploads\/2025\/06\/Fashion-jeans.jpg\" alt=\"\" width=\"600\" height=\"800\" srcset=\"https:\/\/lydenim.com\/wp-content\/uploads\/2025\/06\/Fashion-jeans.jpg 1668w, https:\/\/lydenim.com\/wp-content\/uploads\/2025\/06\/Fashion-jeans-225x300.jpg 225w, https:\/\/lydenim.com\/wp-content\/uploads\/2025\/06\/Fashion-jeans-768x1024.jpg 768w, https:\/\/lydenim.com\/wp-content\/uploads\/2025\/06\/Fashion-jeans-1152x1536.jpg 1152w, https:\/\/lydenim.com\/wp-content\/uploads\/2025\/06\/Fashion-jeans-1536x2048.jpg 1536w, https:\/\/lydenim.com\/wp-content\/uploads\/2025\/06\/Fashion-jeans-9x12.jpg 9w, https:\/\/lydenim.com\/wp-content\/uploads\/2025\/06\/Fashion-jeans-600x800.jpg 600w, https:\/\/lydenim.com\/wp-content\/uploads\/2025\/06\/Fashion-jeans-150x200.jpg 150w\" sizes=\"auto, (max-width: 600px) 100vw, 600px\" \/><p id=\"caption-attachment-5441\" class=\"wp-caption-text\">Vaqueros de moda<\/p><\/div><\/li>\n<li>\n<p class=\"ds-markdown-paragraph\"><strong>A partir de la d\u00e9cada de 1970:<\/strong>\u00a0El\u00a0<strong>punk rock<\/strong>\u00a0El movimiento se consolid\u00f3 a\u00fan m\u00e1s\u00a0<strong>Mezclilla negra<\/strong>\u00a0como un elemento b\u00e1sico. Los dise\u00f1adores de moda experimentaron cada vez m\u00e1s con colores\u00a0<strong>dril<\/strong>, dando lugar a una paleta m\u00e1s amplia que incluye rojo, verde, morado y m\u00e1s.<\/p>\n<p><div id=\"attachment_5438\" style=\"width: 610px\" class=\"wp-caption aligncenter\"><img loading=\"lazy\" decoding=\"async\" aria-describedby=\"caption-attachment-5438\" class=\"wp-image-5438\" src=\"https:\/\/lydenim.com\/wp-content\/uploads\/2025\/06\/colored-denim.jpg\" alt=\"\" width=\"600\" height=\"800\" srcset=\"https:\/\/lydenim.com\/wp-content\/uploads\/2025\/06\/colored-denim.jpg 1668w, https:\/\/lydenim.com\/wp-content\/uploads\/2025\/06\/colored-denim-225x300.jpg 225w, https:\/\/lydenim.com\/wp-content\/uploads\/2025\/06\/colored-denim-768x1024.jpg 768w, https:\/\/lydenim.com\/wp-content\/uploads\/2025\/06\/colored-denim-1152x1536.jpg 1152w, https:\/\/lydenim.com\/wp-content\/uploads\/2025\/06\/colored-denim-1536x2048.jpg 1536w, https:\/\/lydenim.com\/wp-content\/uploads\/2025\/06\/colored-denim-9x12.jpg 9w, https:\/\/lydenim.com\/wp-content\/uploads\/2025\/06\/colored-denim-600x800.jpg 600w, https:\/\/lydenim.com\/wp-content\/uploads\/2025\/06\/colored-denim-150x200.jpg 150w\" sizes=\"auto, (max-width: 600px) 100vw, 600px\" \/><p id=\"caption-attachment-5438\" class=\"wp-caption-text\">mezclilla de color<\/p><\/div><\/li>\n<li>\n<p class=\"ds-markdown-paragraph\"><strong>Era moderna:<\/strong>\u00a0Hoy,\u00a0<strong>mezclilla no azul<\/strong>, especialmente\u00a0<strong>Mezclilla negra<\/strong>Es omnipresente. Las t\u00e9cnicas avanzadas de te\u00f1ido permiten un espectro casi ilimitado de colores, texturas y acabados.<\/p>\n<p><div id=\"attachment_5437\" style=\"width: 610px\" class=\"wp-caption aligncenter\"><img loading=\"lazy\" decoding=\"async\" aria-describedby=\"caption-attachment-5437\" class=\"wp-image-5437\" src=\"https:\/\/lydenim.com\/wp-content\/uploads\/2025\/06\/Black-Denim.jpg\" alt=\"\" width=\"600\" height=\"800\" srcset=\"https:\/\/lydenim.com\/wp-content\/uploads\/2025\/06\/Black-Denim.jpg 1080w, https:\/\/lydenim.com\/wp-content\/uploads\/2025\/06\/Black-Denim-225x300.jpg 225w, https:\/\/lydenim.com\/wp-content\/uploads\/2025\/06\/Black-Denim-768x1024.jpg 768w, https:\/\/lydenim.com\/wp-content\/uploads\/2025\/06\/Black-Denim-9x12.jpg 9w, https:\/\/lydenim.com\/wp-content\/uploads\/2025\/06\/Black-Denim-600x800.jpg 600w, https:\/\/lydenim.com\/wp-content\/uploads\/2025\/06\/Black-Denim-150x200.jpg 150w\" sizes=\"auto, (max-width: 600px) 100vw, 600px\" \/><p id=\"caption-attachment-5437\" class=\"wp-caption-text\">Mezclilla negra<\/p><\/div><\/li>\n<\/ol>\n<p class=\"ds-markdown-paragraph\">As\u00ed pues, aunque el azul sigue siendo el rey,\u00a0<strong>mezclilla de colores<\/strong>, particularmente\u00a0<strong>Mezclilla negra<\/strong>, ha sido una parte importante del panorama del denim durante m\u00e1s de medio siglo.<\/p>\n<h2>\u00bfEl denim prelavado se decolora como el denim crudo?<\/h2>\n<p class=\"ds-markdown-paragraph\">La respuesta corta es\u00a0<strong>No, no de la misma manera ni en la misma medida.<\/strong><\/p>\n<ul>\n<li>\n<p class=\"ds-markdown-paragraph\"><strong>Denim crudo (seco\/sin lavar):<\/strong>\u00a0Se trata de mezclilla en su estado m\u00e1s puro, sin tratar, despu\u00e9s del te\u00f1ido y el tejido. Es r\u00edgida y oscura. Su caracter\u00edstica distintiva es que...\u00a0<strong>se desvanece significativamente con el tiempo<\/strong>\u00a0Con el uso. El desvanecimiento es \u00fanico, creando &quot;bigotes&quot;, panales y desvanecimientos en el regazo de alto contraste, seg\u00fan el cuerpo y las actividades del usuario. Este desvanecimiento es lento y personalizado.<\/p>\n<p><div id=\"attachment_5443\" style=\"width: 610px\" class=\"wp-caption aligncenter\"><img loading=\"lazy\" decoding=\"async\" aria-describedby=\"caption-attachment-5443\" class=\"wp-image-5443\" src=\"https:\/\/lydenim.com\/wp-content\/uploads\/2025\/06\/Raw-Denim.jpg\" alt=\"\" width=\"600\" height=\"800\" srcset=\"https:\/\/lydenim.com\/wp-content\/uploads\/2025\/06\/Raw-Denim.jpg 1668w, https:\/\/lydenim.com\/wp-content\/uploads\/2025\/06\/Raw-Denim-225x300.jpg 225w, https:\/\/lydenim.com\/wp-content\/uploads\/2025\/06\/Raw-Denim-768x1024.jpg 768w, https:\/\/lydenim.com\/wp-content\/uploads\/2025\/06\/Raw-Denim-1152x1536.jpg 1152w, https:\/\/lydenim.com\/wp-content\/uploads\/2025\/06\/Raw-Denim-1536x2048.jpg 1536w, https:\/\/lydenim.com\/wp-content\/uploads\/2025\/06\/Raw-Denim-9x12.jpg 9w, https:\/\/lydenim.com\/wp-content\/uploads\/2025\/06\/Raw-Denim-600x800.jpg 600w, https:\/\/lydenim.com\/wp-content\/uploads\/2025\/06\/Raw-Denim-150x200.jpg 150w\" sizes=\"auto, (max-width: 600px) 100vw, 600px\" \/><p id=\"caption-attachment-5443\" class=\"wp-caption-text\"><br \/>Denim crudo<\/p><\/div><\/li>\n<li>\n<p class=\"ds-markdown-paragraph\"><strong>Denim prelavado:<\/strong>\u00a0Este denim ha sido sometido a lavado industrial (lavado a piedra, lavado enzim\u00e1tico, etc.)\u00a0<em>antes<\/em>\u00a0siendo vendido. Este proceso:<\/p>\n<ul>\n<li>\n<p class=\"ds-markdown-paragraph\">Elimina el exceso de tinte.<\/p>\n<\/li>\n<li>\n<p class=\"ds-markdown-paragraph\">Suaviza la tela.<\/p>\n<\/li>\n<li>\n<p class=\"ds-markdown-paragraph\">Crea un aspecto desgastado y un color uniforme.<\/p>\n<\/li>\n<li>\n<p class=\"ds-markdown-paragraph\"><strong>Reduce enormemente la decoloraci\u00f3n futura.<\/strong>\u00a0Mientras\u00a0<em>todo<\/em>\u00a0Las telas te\u00f1idas pueden deste\u00f1irse ligeramente con la exposici\u00f3n prolongada al sol y lavados fuertes repetidos.\u00a0<strong>mezclilla prelavada<\/strong>\u00a0Est\u00e1 dise\u00f1ado espec\u00edficamente para ser resistente al color y mantener una apariencia relativamente estable. No obtendr\u00e1 los patrones de decoloraci\u00f3n dram\u00e1ticos y de alto contraste que se ven en\u00a0<strong>mezclilla cruda<\/strong>.<img loading=\"lazy\" decoding=\"async\" class=\"aligncenter wp-image-4756\" src=\"https:\/\/lydenim.com\/wp-content\/uploads\/2025\/04\/IMG_6302.jpg\" alt=\"\" width=\"600\" height=\"600\" srcset=\"https:\/\/lydenim.com\/wp-content\/uploads\/2025\/04\/IMG_6302.jpg 2196w, https:\/\/lydenim.com\/wp-content\/uploads\/2025\/04\/IMG_6302-300x300.jpg 300w, https:\/\/lydenim.com\/wp-content\/uploads\/2025\/04\/IMG_6302-1024x1024.jpg 1024w, https:\/\/lydenim.com\/wp-content\/uploads\/2025\/04\/IMG_6302-150x150.jpg 150w, https:\/\/lydenim.com\/wp-content\/uploads\/2025\/04\/IMG_6302-768x768.jpg 768w, https:\/\/lydenim.com\/wp-content\/uploads\/2025\/04\/IMG_6302-1536x1536.jpg 1536w, https:\/\/lydenim.com\/wp-content\/uploads\/2025\/04\/IMG_6302-2048x2048.jpg 2048w, https:\/\/lydenim.com\/wp-content\/uploads\/2025\/04\/IMG_6302-12x12.jpg 12w, https:\/\/lydenim.com\/wp-content\/uploads\/2025\/04\/IMG_6302-600x600.jpg 600w\" sizes=\"auto, (max-width: 600px) 100vw, 600px\" \/><\/p>\n<\/li>\n<\/ul>\n<\/li>\n<\/ul>\n<p class=\"ds-markdown-paragraph\"><strong>Diferencia clave:<\/strong>\u00a0El denim crudo es\u00a0<em>quiso decir<\/em>\u00a0para deste\u00f1irse dram\u00e1ticamente y de forma personal. La mezclilla prelavada es\u00a0<em>tratado<\/em>\u00a0para minimizar una mayor decoloraci\u00f3n y proporcionar un aspecto uniforme y desgastado desde el primer d\u00eda.<\/p>\n<h3><strong>\u00bfCu\u00e1l es la diferencia entre denim y no denim?<\/strong><\/h3>\n<p class=\"ds-markdown-paragraph\">La divisi\u00f3n radica en\u00a0<strong>Estructura del tejido, te\u00f1ido del hilo y uso<\/strong>:<\/p>\n<div class=\"markdown-table-wrapper\">\n<table style=\"height: 155px;\" width=\"1071\">\n<thead>\n<tr>\n<th><strong>Caracter\u00edstica<\/strong><\/th>\n<th><strong>Dril<\/strong><\/th>\n<th><strong>Sin denim (por ejemplo, Chambray)<\/strong><\/th>\n<\/tr>\n<\/thead>\n<tbody>\n<tr>\n<td><strong>Tejer<\/strong><\/td>\n<td>Sarga derecha 3\u00d71 (costillas diagonales)<\/td>\n<td>Tejido liso (urdimbre\/trama cruzada)<\/td>\n<\/tr>\n<tr>\n<td><strong>Coloraci\u00f3n de hilo<\/strong><\/td>\n<td>Urdimbre te\u00f1ida (azul\/negro), trama blanca<\/td>\n<td>Urdimbre\/trama del mismo color (doble cara)<\/td>\n<\/tr>\n<tr>\n<td><strong>Desvanecimiento<\/strong><\/td>\n<td>\u201cP\u00e9rdida de color\u201d de alto contraste<\/td>\n<td>Decoloraci\u00f3n m\u00ednima; color s\u00f3lido<\/td>\n<\/tr>\n<tr>\n<td><strong>Textura<\/strong><\/td>\n<td>Grueso, r\u00edgido<\/td>\n<\/tr>\n<\/tbody>\n<\/table>\n<p>Los tejidos que no son denim incluyen telas como pana, franela o tejidos de punto que carecen de la sarga caracter\u00edstica del denim y del te\u00f1ido por inmersi\u00f3n \u00edndigo.<\/p>\n<h2>\u00bfCu\u00e1les son las materias primas necesarias para fabricar jeans de mezclilla?<\/h2>\n<p class=\"ds-markdown-paragraph\">Las materias primas b\u00e1sicas necesarias son:<\/p>\n<ol start=\"1\">\n<li>\n<p class=\"ds-markdown-paragraph\"><strong>Tela de mezclilla:<\/strong>\u00a0El material principal, tejido a partir de:<\/p>\n<ul>\n<li>\n<p class=\"ds-markdown-paragraph\"><strong>Hilo de algod\u00f3n:<\/strong>\u00a0La gran mayor\u00eda de la mezclilla est\u00e1 hecha de algod\u00f3n. El algod\u00f3n de fibra larga (como el Pima o el egipcio) es apreciado por su resistencia y suavidad. Esto incluye:<\/p>\n<ul>\n<li>\n<p class=\"ds-markdown-paragraph\"><strong>Hilo de urdimbre:<\/strong>\u00a0Te\u00f1ido (tradicionalmente \u00edndigo o negro azufre\/colores).<\/p>\n<\/li>\n<li>\n<p class=\"ds-markdown-paragraph\"><strong>Hilo de trama:<\/strong>\u00a0Generalmente sin te\u00f1ir (blanco o crudo).<\/p>\n<\/li>\n<\/ul>\n<\/li>\n<li>\n<p class=\"ds-markdown-paragraph\"><strong>(Opcional) Hilo el\u00e1stico:<\/strong>\u00a0El elastano (spandex\/lycra) a menudo se mezcla en peque\u00f1os porcentajes (1-3%) con el hilo de algod\u00f3n, especialmente en hilos de trama, para agregar comodidad y flexibilidad (\u201cdenim el\u00e1stico\u201d).<\/p>\n<p><div id=\"attachment_5440\" style=\"width: 610px\" class=\"wp-caption aligncenter\"><img loading=\"lazy\" decoding=\"async\" aria-describedby=\"caption-attachment-5440\" class=\"wp-image-5440\" src=\"https:\/\/lydenim.com\/wp-content\/uploads\/2025\/06\/fabric-Weave.jpg\" alt=\"\" width=\"600\" height=\"480\" srcset=\"https:\/\/lydenim.com\/wp-content\/uploads\/2025\/06\/fabric-Weave.jpg 1475w, https:\/\/lydenim.com\/wp-content\/uploads\/2025\/06\/fabric-Weave-300x240.jpg 300w, https:\/\/lydenim.com\/wp-content\/uploads\/2025\/06\/fabric-Weave-1024x819.jpg 1024w, https:\/\/lydenim.com\/wp-content\/uploads\/2025\/06\/fabric-Weave-768x614.jpg 768w, https:\/\/lydenim.com\/wp-content\/uploads\/2025\/06\/fabric-Weave-15x12.jpg 15w, https:\/\/lydenim.com\/wp-content\/uploads\/2025\/06\/fabric-Weave-600x480.jpg 600w, https:\/\/lydenim.com\/wp-content\/uploads\/2025\/06\/fabric-Weave-150x120.jpg 150w\" sizes=\"auto, (max-width: 600px) 100vw, 600px\" \/><p id=\"caption-attachment-5440\" class=\"wp-caption-text\">tejido-Tejido<\/p><\/div><\/li>\n<\/ul>\n<\/li>\n<li>\n<p class=\"ds-markdown-paragraph\"><strong>Hilo:<\/strong>\u00a0Para coser se utiliza hilo de poli\u00e9ster resistente o hilo con n\u00facleo de algod\u00f3n\/poli\u00e9ster debido a su resistencia y durabilidad. Tambi\u00e9n es com\u00fan el hilo de pespunte de contraste (generalmente dorado o naranja).<\/p>\n<p><div id=\"attachment_5444\" style=\"width: 610px\" class=\"wp-caption aligncenter\"><img loading=\"lazy\" decoding=\"async\" aria-describedby=\"caption-attachment-5444\" class=\"wp-image-5444\" src=\"https:\/\/lydenim.com\/wp-content\/uploads\/2025\/06\/Thread.jpg\" alt=\"\" width=\"600\" height=\"871\" srcset=\"https:\/\/lydenim.com\/wp-content\/uploads\/2025\/06\/Thread.jpg 1008w, https:\/\/lydenim.com\/wp-content\/uploads\/2025\/06\/Thread-207x300.jpg 207w, https:\/\/lydenim.com\/wp-content\/uploads\/2025\/06\/Thread-706x1024.jpg 706w, https:\/\/lydenim.com\/wp-content\/uploads\/2025\/06\/Thread-768x1115.jpg 768w, https:\/\/lydenim.com\/wp-content\/uploads\/2025\/06\/Thread-8x12.jpg 8w, https:\/\/lydenim.com\/wp-content\/uploads\/2025\/06\/Thread-600x871.jpg 600w, https:\/\/lydenim.com\/wp-content\/uploads\/2025\/06\/Thread-150x218.jpg 150w\" sizes=\"auto, (max-width: 600px) 100vw, 600px\" \/><p id=\"caption-attachment-5444\" class=\"wp-caption-text\">Hilo<\/p><\/div><\/li>\n<li>\n<p class=\"ds-markdown-paragraph\"><strong>Tintes:<\/strong><\/p>\n<ul>\n<li>\n<p class=\"ds-markdown-paragraph\"><strong>Tinte \u00edndigo:<\/strong>\u00a0Para denim azul cl\u00e1sico (aplicado en m\u00faltiples inmersiones a los hilos de urdimbre).<\/p>\n<p><div id=\"attachment_2483\" style=\"width: 610px\" class=\"wp-caption aligncenter\"><img loading=\"lazy\" decoding=\"async\" aria-describedby=\"caption-attachment-2483\" class=\"wp-image-2483\" src=\"https:\/\/lydenim.com\/wp-content\/uploads\/2024\/12\/\u5e8f\u5217-Sequence-01.00_04_07_12.Still016-scaled.jpg\" alt=\"Te\u00f1ido\" width=\"600\" height=\"338\" srcset=\"https:\/\/lydenim.com\/wp-content\/uploads\/2024\/12\/\u5e8f\u5217-Sequence-01.00_04_07_12.Still016-scaled.jpg 2560w, https:\/\/lydenim.com\/wp-content\/uploads\/2024\/12\/\u5e8f\u5217-Sequence-01.00_04_07_12.Still016-scaled-150x84.jpg 150w, https:\/\/lydenim.com\/wp-content\/uploads\/2024\/12\/\u5e8f\u5217-Sequence-01.00_04_07_12.Still016-scaled-600x338.jpg 600w, https:\/\/lydenim.com\/wp-content\/uploads\/2024\/12\/\u5e8f\u5217-Sequence-01.00_04_07_12.Still016-300x169.jpg 300w, https:\/\/lydenim.com\/wp-content\/uploads\/2024\/12\/\u5e8f\u5217-Sequence-01.00_04_07_12.Still016-1024x576.jpg 1024w, https:\/\/lydenim.com\/wp-content\/uploads\/2024\/12\/\u5e8f\u5217-Sequence-01.00_04_07_12.Still016-768x432.jpg 768w, https:\/\/lydenim.com\/wp-content\/uploads\/2024\/12\/\u5e8f\u5217-Sequence-01.00_04_07_12.Still016-1536x864.jpg 1536w, https:\/\/lydenim.com\/wp-content\/uploads\/2024\/12\/\u5e8f\u5217-Sequence-01.00_04_07_12.Still016-2048x1152.jpg 2048w, https:\/\/lydenim.com\/wp-content\/uploads\/2024\/12\/\u5e8f\u5217-Sequence-01.00_04_07_12.Still016-18x10.jpg 18w\" sizes=\"auto, (max-width: 600px) 100vw, 600px\" \/><p id=\"caption-attachment-2483\" class=\"wp-caption-text\">Te\u00f1ido<\/p><\/div><\/li>\n<li>\n<p class=\"ds-markdown-paragraph\"><strong>Colorantes de azufre:<\/strong>\u00a0Se utiliza com\u00fanmente para denim negro y otros colores como marr\u00f3n, gris, verde, etc. (se aplica a los hilos de urdimbre).<img loading=\"lazy\" decoding=\"async\" class=\"aligncenter wp-image-2893\" src=\"https:\/\/lydenim.com\/wp-content\/uploads\/2025\/01\/DSC08118-1-scaled.jpg\" alt=\"\" width=\"600\" height=\"600\" srcset=\"https:\/\/lydenim.com\/wp-content\/uploads\/2025\/01\/DSC08118-1-scaled.jpg 2560w, https:\/\/lydenim.com\/wp-content\/uploads\/2025\/01\/DSC08118-1-300x300.jpg 300w, https:\/\/lydenim.com\/wp-content\/uploads\/2025\/01\/DSC08118-1-150x150.jpg 150w, https:\/\/lydenim.com\/wp-content\/uploads\/2025\/01\/DSC08118-1-scaled-600x600.jpg 600w, https:\/\/lydenim.com\/wp-content\/uploads\/2025\/01\/DSC08118-1-1024x1024.jpg 1024w, https:\/\/lydenim.com\/wp-content\/uploads\/2025\/01\/DSC08118-1-768x768.jpg 768w, https:\/\/lydenim.com\/wp-content\/uploads\/2025\/01\/DSC08118-1-1536x1536.jpg 1536w, https:\/\/lydenim.com\/wp-content\/uploads\/2025\/01\/DSC08118-1-2048x2048.jpg 2048w, https:\/\/lydenim.com\/wp-content\/uploads\/2025\/01\/DSC08118-1-12x12.jpg 12w\" sizes=\"auto, (max-width: 600px) 100vw, 600px\" \/><\/p>\n<\/li>\n<li>\n<p class=\"ds-markdown-paragraph\"><strong>Tintes\/pigmentos reactivos:<\/strong>\u00a0A veces se utiliza para te\u00f1ir piezas despu\u00e9s del tejido o para lograr efectos espec\u00edficos.<\/p>\n<\/li>\n<\/ul>\n<\/li>\n<li>\n<p class=\"ds-markdown-paragraph\"><strong><img loading=\"lazy\" decoding=\"async\" class=\"size-full wp-image-4128 aligncenter\" src=\"https:\/\/lydenim.com\/wp-content\/uploads\/2025\/03\/IMG_5571-e1741764048760.jpg\" alt=\"\" width=\"600\" height=\"600\" \/>Hardware (adornos\/accesorios):<\/strong><\/p>\n<ul>\n<li>\n<p class=\"ds-markdown-paragraph\"><strong>Botones:<\/strong>\u00a0Generalmente de metal (lat\u00f3n, cobre, acero), a menudo de marca.<\/p>\n<\/li>\n<li>\n<p class=\"ds-markdown-paragraph\"><strong>Remaches:<\/strong>\u00a0Metal (cobre, lat\u00f3n) utilizado en puntos de tensi\u00f3n (esquinas de bolsillos, base de la mosca).<\/p>\n<\/li>\n<li>\n<p class=\"ds-markdown-paragraph\"><strong>Cremallera:<\/strong>\u00a0Metal o pl\u00e1stico para la mosca.<\/p>\n<\/li>\n<li>\n<p class=\"ds-markdown-paragraph\"><strong>Etiqueta(s):<\/strong>\u00a0Etiqueta de parche tejida o de cuero, etiquetas de tama\u00f1o\/cuidado.<\/p>\n<\/li>\n<li>\n<p class=\"ds-markdown-paragraph\"><strong>Bolsas de bolsillo:<\/strong>\u00a0Generalmente est\u00e1 hecho de algod\u00f3n m\u00e1s ligero o de tela de mezcla de algod\u00f3n y poli\u00e9ster.<\/p>\n<p><div id=\"attachment_5442\" style=\"width: 610px\" class=\"wp-caption aligncenter\"><img loading=\"lazy\" decoding=\"async\" aria-describedby=\"caption-attachment-5442\" class=\"wp-image-5442\" src=\"https:\/\/lydenim.com\/wp-content\/uploads\/2025\/06\/Hardware.jpg\" alt=\"\" width=\"600\" height=\"871\" srcset=\"https:\/\/lydenim.com\/wp-content\/uploads\/2025\/06\/Hardware.jpg 1141w, https:\/\/lydenim.com\/wp-content\/uploads\/2025\/06\/Hardware-207x300.jpg 207w, https:\/\/lydenim.com\/wp-content\/uploads\/2025\/06\/Hardware-706x1024.jpg 706w, https:\/\/lydenim.com\/wp-content\/uploads\/2025\/06\/Hardware-768x1115.jpg 768w, https:\/\/lydenim.com\/wp-content\/uploads\/2025\/06\/Hardware-1058x1536.jpg 1058w, https:\/\/lydenim.com\/wp-content\/uploads\/2025\/06\/Hardware-8x12.jpg 8w, https:\/\/lydenim.com\/wp-content\/uploads\/2025\/06\/Hardware-600x871.jpg 600w, https:\/\/lydenim.com\/wp-content\/uploads\/2025\/06\/Hardware-150x218.jpg 150w\" sizes=\"auto, (max-width: 600px) 100vw, 600px\" \/><p id=\"caption-attachment-5442\" class=\"wp-caption-text\">Hardware<\/p><\/div><\/li>\n<\/ul>\n<\/li>\n<li>\n<p class=\"ds-markdown-paragraph\"><strong>(Impl\u00edcito) Agua y productos qu\u00edmicos:<\/strong>\u00a0Se utiliza ampliamente en los procesos de te\u00f1ido, lavado (para jeans prelavados) y acabado.<\/p>\n<\/li>\n<\/ol>\n<h3><strong>Conclusi\u00f3n: El legado y el futuro del denim<\/strong><\/h3>\n<p class=\"ds-markdown-paragraph\">De sus or\u00edgenes en la tela para velas francesa (<em>Serge de <a href=\"https:\/\/en.wikipedia.org\/wiki\/Denim\">Nimes<\/a><\/em>) Para una industria global, el denim representa durabilidad y rebeli\u00f3n.\u00a0<strong>Mezclilla negra<\/strong>\u00a0Marc\u00f3 un cambio cultural en la d\u00e9cada de 1950, transformando la ropa de trabajo en un s\u00edmbolo de estilo. Hoy, la sostenibilidad impulsa la innovaci\u00f3n, con tintes bacterianos y fabricaci\u00f3n circular que prometen una evoluci\u00f3n ecol\u00f3gica. Sin embargo, su atractivo principal permanece: el denim se adapta, se decolora y resiste como ning\u00fan otro tejido.<\/p>\n<h2 dir=\"auto\">Servicios de personalizaci\u00f3n de LYDENIM<\/h2>\n<p dir=\"auto\">\ud83c\udfa8 Quiero <strong>telas de mezclilla personalizadas<\/strong> o\u00a0 <strong>\u00fanico<\/strong> <strong>prenda de mezclilla personalizada<\/strong>?LYDENIM se especializa en soluciones a medida para satisfacer sus necesidades de dise\u00f1o y producci\u00f3n.<\/p>\n<p dir=\"auto\">\ud83d\udecd\ufe0f <strong>Explora e insp\u00edrate<\/strong>:Explore nuestra selecci\u00f3n de telas y descubra ideas de dise\u00f1o en <a href=\"https:\/\/lydenim.com\/es\/\" target=\"_blank\" rel=\"noopener noreferrer nofollow\">LYDenim<\/a>.<\/p>\n<p dir=\"auto\">\ud83c\udf10 <strong>Ropa el\u00e1stica<\/strong>:Consulta nuestras ofertas en <a href=\"http:\/\/liangyuantextile.m.en.alibaba.com\" target=\"_blank\" rel=\"noopener noreferrer nofollow\">Mi Alibaba<\/a>. \ud83d\udce9 <strong>Contacto<\/strong>:Comun\u00edquese con nosotros en <a href=\"mailto:malone@lydenim.com\" target=\"_blank\" rel=\"noopener noreferrer nofollow\">malone@lydenim.com<\/a>.<\/p>\n<p dir=\"auto\">Crea tu obra maestra en denim con LYDENIM, tu socio de confianza para <strong>tejido el\u00e1stico<\/strong> y <strong>soluciones de mezclilla personalizadas<\/strong>.<\/p>\n<\/div>","protected":false},"excerpt":{"rendered":"<p>Tiempo estimado de lectura: \uff5e7 minutos M\u00e1s all\u00e1 del azul: Descubriendo los secretos del color, la decoloraci\u00f3n y la tela de mezclilla La mezclilla, particularmente la cl\u00e1sica<\/p>","protected":false},"author":1,"featured_media":5445,"comment_status":"open","ping_status":"open","sticky":false,"template":"","format":"standard","meta":{"two_page_speed":[],"footnotes":""},"categories":[66],"tags":[],"class_list":["post-5408","post","type-post","status-publish","format-standard","has-post-thumbnail","hentry","category-denim-knowledge"],"aioseo_notices":[],"_links":{"self":[{"href":"https:\/\/lydenim.com\/es\/wp-json\/wp\/v2\/posts\/5408","targetHints":{"allow":["GET"]}}],"collection":[{"href":"https:\/\/lydenim.com\/es\/wp-json\/wp\/v2\/posts"}],"about":[{"href":"https:\/\/lydenim.com\/es\/wp-json\/wp\/v2\/types\/post"}],"author":[{"embeddable":true,"href":"https:\/\/lydenim.com\/es\/wp-json\/wp\/v2\/users\/1"}],"replies":[{"embeddable":true,"href":"https:\/\/lydenim.com\/es\/wp-json\/wp\/v2\/comments?post=5408"}],"version-history":[{"count":5,"href":"https:\/\/lydenim.com\/es\/wp-json\/wp\/v2\/posts\/5408\/revisions"}],"predecessor-version":[{"id":6346,"href":"https:\/\/lydenim.com\/es\/wp-json\/wp\/v2\/posts\/5408\/revisions\/6346"}],"wp:featuredmedia":[{"embeddable":true,"href":"https:\/\/lydenim.com\/es\/wp-json\/wp\/v2\/media\/5445"}],"wp:attachment":[{"href":"https:\/\/lydenim.com\/es\/wp-json\/wp\/v2\/media?parent=5408"}],"wp:term":[{"taxonomy":"category","embeddable":true,"href":"https:\/\/lydenim.com\/es\/wp-json\/wp\/v2\/categories?post=5408"},{"taxonomy":"post_tag","embeddable":true,"href":"https:\/\/lydenim.com\/es\/wp-json\/wp\/v2\/tags?post=5408"}],"curies":[{"name":"wp","href":"https:\/\/api.w.org\/{rel}","templated":true}]}}