{"id":5493,"date":"2025-06-23T09:53:50","date_gmt":"2025-06-23T01:53:50","guid":{"rendered":"https:\/\/lydenim.com\/?p=5493"},"modified":"2025-08-24T13:34:30","modified_gmt":"2025-08-24T05:34:30","slug":"2026-spring-summer-trend-forecast","status":"publish","type":"post","link":"https:\/\/lydenim.com\/es\/pronostico-de-tendencias-primavera-verano-2026\/","title":{"rendered":"Pron\u00f3stico de tendencias primavera\/verano 2026"},"content":{"rendered":"<h2 data-pm-slice=\"1 1 []\">Tiempo estimado de lectura: ~6 minutos<\/h2>\n<h2 data-start=\"130\" data-end=\"194\"><strong data-start=\"133\" data-end=\"194\">Parte I: Tendencias de color: an\u00e1lisis de diez paletas de colores clave<\/strong><\/h2>\n<p data-start=\"196\" data-end=\"460\">Las tendencias de color para la Primavera\/Verano 2026 muestran <strong data-start=\"245\" data-end=\"258\">diversidad<\/strong> y <strong data-start=\"263\" data-end=\"287\">expresi\u00f3n emocional<\/strong>, que van desde <strong data-start=\"302\" data-end=\"327\">pasteles suaves y curativos<\/strong> a <strong data-start=\"331\" data-end=\"365\">tonos energ\u00e9ticos de alta saturaci\u00f3n<\/strong>Cada familia de colores transmite estados de \u00e1nimo distintos. Aqu\u00ed tienes un an\u00e1lisis detallado de las diez paletas clave:<\/p>\n<h3 data-start=\"467\" data-end=\"493\"><strong data-start=\"471\" data-end=\"493\">Paleta acrom\u00e1tica<\/strong><\/h3>\n<ul data-start=\"495\" data-end=\"742\">\n<li data-start=\"495\" data-end=\"564\">\n<p data-start=\"497\" data-end=\"564\"><strong data-start=\"497\" data-end=\"512\">Colores clave:<\/strong> Blanco n\u00e1car, gris grafito, negro mate<\/p>\n<\/li>\n<li data-start=\"565\" data-end=\"618\">\n<p data-start=\"567\" data-end=\"618\"><strong data-start=\"567\" data-end=\"580\">Palabras clave:<\/strong> Minimalista, sofisticado, atemporal<\/p>\n<\/li>\n<li data-start=\"619\" data-end=\"742\">\n<p data-start=\"621\" data-end=\"742\"><strong data-start=\"621\" data-end=\"637\">Solicitud:<\/strong> Sigue siendo esencial como color fundamental, especialmente adecuado para sastrer\u00eda minimalista y tejidos t\u00e9cnicos.<\/p>\n<\/li>\n<\/ul>\n<p data-start=\"744\" data-end=\"765\"><strong data-start=\"744\" data-end=\"765\">Aspectos destacados de las tendencias:<\/strong><\/p>\n<ul data-start=\"766\" data-end=\"960\">\n<li data-start=\"766\" data-end=\"868\">\n<p data-start=\"768\" data-end=\"868\">El blanco n\u00e1car reemplaza a los blancos puros y fr\u00edos, ofreciendo una iridiscencia sutil para una textura mejorada.<\/p>\n<\/li>\n<li data-start=\"869\" data-end=\"960\">\n<p data-start=\"871\" data-end=\"960\">El gris grafito se utiliza en trajes y abrigos, a menudo con un acabado microbrillante que le da un toque moderno.<\/p>\n<p><div id=\"attachment_5494\" style=\"width: 610px\" class=\"wp-caption aligncenter\"><img loading=\"lazy\" decoding=\"async\" aria-describedby=\"caption-attachment-5494\" class=\"wp-image-5494\" src=\"https:\/\/lydenim.com\/wp-content\/uploads\/2025\/06\/Achromatic-Palette-scaled.jpg\" alt=\"\" width=\"600\" height=\"424\" srcset=\"https:\/\/lydenim.com\/wp-content\/uploads\/2025\/06\/Achromatic-Palette-scaled.jpg 2560w, https:\/\/lydenim.com\/wp-content\/uploads\/2025\/06\/Achromatic-Palette-300x212.jpg 300w, https:\/\/lydenim.com\/wp-content\/uploads\/2025\/06\/Achromatic-Palette-1024x724.jpg 1024w, https:\/\/lydenim.com\/wp-content\/uploads\/2025\/06\/Achromatic-Palette-768x543.jpg 768w, https:\/\/lydenim.com\/wp-content\/uploads\/2025\/06\/Achromatic-Palette-1536x1086.jpg 1536w, https:\/\/lydenim.com\/wp-content\/uploads\/2025\/06\/Achromatic-Palette-2048x1448.jpg 2048w, https:\/\/lydenim.com\/wp-content\/uploads\/2025\/06\/Achromatic-Palette-18x12.jpg 18w, https:\/\/lydenim.com\/wp-content\/uploads\/2025\/06\/Achromatic-Palette-600x424.jpg 600w, https:\/\/lydenim.com\/wp-content\/uploads\/2025\/06\/Achromatic-Palette-150x106.jpg 150w\" sizes=\"auto, (max-width: 600px) 100vw, 600px\" \/><p id=\"caption-attachment-5494\" class=\"wp-caption-text\">Paleta acrom\u00e1tica<\/p><\/div><\/li>\n<\/ul>\n<h3 data-start=\"967\" data-end=\"989\"><strong data-start=\"971\" data-end=\"989\">Paleta de colores pastel<\/strong><\/h3>\n<ul data-start=\"991\" data-end=\"1202\">\n<li data-start=\"991\" data-end=\"1053\">\n<p data-start=\"993\" data-end=\"1053\"><strong data-start=\"993\" data-end=\"1008\">Colores clave:<\/strong> Rosa brumoso, glicina p\u00e1lida, verde leche menta<\/p>\n<\/li>\n<li data-start=\"1054\" data-end=\"1100\">\n<p data-start=\"1056\" data-end=\"1100\"><strong data-start=\"1056\" data-end=\"1069\">Palabras clave:<\/strong> So\u00f1ador, ligero, curativo<\/p>\n<\/li>\n<li data-start=\"1101\" data-end=\"1202\">\n<p data-start=\"1103\" data-end=\"1202\"><strong data-start=\"1103\" data-end=\"1119\">Solicitud:<\/strong> Ideal para tejidos suaves como gasa, tejidos de punto y seda, creando looks rom\u00e1nticos de primavera\/verano.<\/p>\n<\/li>\n<\/ul>\n<p data-start=\"1204\" data-end=\"1225\"><strong data-start=\"1204\" data-end=\"1225\">Aspectos destacados de las tendencias:<\/strong><\/p>\n<ul data-start=\"1226\" data-end=\"1384\">\n<li data-start=\"1226\" data-end=\"1316\">\n<p data-start=\"1228\" data-end=\"1316\">Predominan los pasteles de baja saturaci\u00f3n, que ofrecen m\u00e1s sutileza que los colores dulces tradicionales.<\/p>\n<\/li>\n<li data-start=\"1317\" data-end=\"1384\">\n<p data-start=\"1319\" data-end=\"1384\">La superposici\u00f3n de tonos (por ejemplo, Pale Wisteria + Misty Pink) realza la profundidad.<\/p>\n<p><div id=\"attachment_5503\" style=\"width: 610px\" class=\"wp-caption aligncenter\"><img loading=\"lazy\" decoding=\"async\" aria-describedby=\"caption-attachment-5503\" class=\"wp-image-5503\" src=\"https:\/\/lydenim.com\/wp-content\/uploads\/2025\/06\/Pastel-Palette-scaled.jpg\" alt=\"\" width=\"600\" height=\"424\" srcset=\"https:\/\/lydenim.com\/wp-content\/uploads\/2025\/06\/Pastel-Palette-scaled.jpg 2560w, https:\/\/lydenim.com\/wp-content\/uploads\/2025\/06\/Pastel-Palette-300x212.jpg 300w, https:\/\/lydenim.com\/wp-content\/uploads\/2025\/06\/Pastel-Palette-1024x724.jpg 1024w, https:\/\/lydenim.com\/wp-content\/uploads\/2025\/06\/Pastel-Palette-768x543.jpg 768w, https:\/\/lydenim.com\/wp-content\/uploads\/2025\/06\/Pastel-Palette-1536x1086.jpg 1536w, https:\/\/lydenim.com\/wp-content\/uploads\/2025\/06\/Pastel-Palette-2048x1448.jpg 2048w, https:\/\/lydenim.com\/wp-content\/uploads\/2025\/06\/Pastel-Palette-18x12.jpg 18w, https:\/\/lydenim.com\/wp-content\/uploads\/2025\/06\/Pastel-Palette-600x424.jpg 600w, https:\/\/lydenim.com\/wp-content\/uploads\/2025\/06\/Pastel-Palette-150x106.jpg 150w\" sizes=\"auto, (max-width: 600px) 100vw, 600px\" \/><p id=\"caption-attachment-5503\" class=\"wp-caption-text\">Paleta de colores pastel<\/p><\/div><\/li>\n<\/ul>\n<h3 data-start=\"1391\" data-end=\"1414\"><strong data-start=\"1395\" data-end=\"1414\">Paleta neutra<\/strong><\/h3>\n<ul data-start=\"1416\" data-end=\"1612\">\n<li data-start=\"1416\" data-end=\"1463\">\n<p data-start=\"1418\" data-end=\"1463\"><strong data-start=\"1418\" data-end=\"1433\">Colores clave:<\/strong> Leche de avena, caqui claro, arena<\/p>\n<\/li>\n<li data-start=\"1464\" data-end=\"1513\">\n<p data-start=\"1466\" data-end=\"1513\"><strong data-start=\"1466\" data-end=\"1479\">Palabras clave:<\/strong> Natural, vers\u00e1til, c\u00f3modo.<\/p>\n<\/li>\n<li data-start=\"1514\" data-end=\"1612\">\n<p data-start=\"1516\" data-end=\"1612\"><strong data-start=\"1516\" data-end=\"1532\">Solicitud:<\/strong> Perfecto para ropa informal, prendas de punto y prendas de lino, enfatizando un ambiente relajado.<\/p>\n<\/li>\n<\/ul>\n<p data-start=\"1614\" data-end=\"1635\"><strong data-start=\"1614\" data-end=\"1635\">Aspectos destacados de las tendencias:<\/strong><\/p>\n<ul data-start=\"1636\" data-end=\"1730\">\n<li data-start=\"1636\" data-end=\"1730\">\n<p data-start=\"1638\" data-end=\"1730\">Los tonos neutros c\u00e1lidos ganan popularidad y reemplazan a los grises fr\u00edos, ideales para la est\u00e9tica del \u201clujo tranquilo\u201d.<\/p>\n<p><div id=\"attachment_5501\" style=\"width: 610px\" class=\"wp-caption aligncenter\"><img loading=\"lazy\" decoding=\"async\" aria-describedby=\"caption-attachment-5501\" class=\"wp-image-5501\" src=\"https:\/\/lydenim.com\/wp-content\/uploads\/2025\/06\/Neutral-Palette-scaled.jpg\" alt=\"\" width=\"600\" height=\"424\" srcset=\"https:\/\/lydenim.com\/wp-content\/uploads\/2025\/06\/Neutral-Palette-scaled.jpg 2560w, https:\/\/lydenim.com\/wp-content\/uploads\/2025\/06\/Neutral-Palette-300x212.jpg 300w, https:\/\/lydenim.com\/wp-content\/uploads\/2025\/06\/Neutral-Palette-1024x724.jpg 1024w, https:\/\/lydenim.com\/wp-content\/uploads\/2025\/06\/Neutral-Palette-768x543.jpg 768w, https:\/\/lydenim.com\/wp-content\/uploads\/2025\/06\/Neutral-Palette-1536x1086.jpg 1536w, https:\/\/lydenim.com\/wp-content\/uploads\/2025\/06\/Neutral-Palette-2048x1448.jpg 2048w, https:\/\/lydenim.com\/wp-content\/uploads\/2025\/06\/Neutral-Palette-18x12.jpg 18w, https:\/\/lydenim.com\/wp-content\/uploads\/2025\/06\/Neutral-Palette-600x424.jpg 600w, https:\/\/lydenim.com\/wp-content\/uploads\/2025\/06\/Neutral-Palette-150x106.jpg 150w\" sizes=\"auto, (max-width: 600px) 100vw, 600px\" \/><p id=\"caption-attachment-5501\" class=\"wp-caption-text\">Paleta neutra<\/p><\/div><\/li>\n<\/ul>\n<h3 data-start=\"1737\" data-end=\"1758\"><strong data-start=\"1741\" data-end=\"1758\">Paleta marr\u00f3n<\/strong><\/h3>\n<ul data-start=\"1760\" data-end=\"1962\">\n<li data-start=\"1760\" data-end=\"1819\">\n<p data-start=\"1762\" data-end=\"1819\"><strong data-start=\"1762\" data-end=\"1777\">Colores clave:<\/strong> Marr\u00f3n caramelo, Marr\u00f3n terracota, Toffee<\/p>\n<\/li>\n<li data-start=\"1820\" data-end=\"1860\">\n<p data-start=\"1822\" data-end=\"1860\"><strong data-start=\"1822\" data-end=\"1835\">Palabras clave:<\/strong> C\u00e1lido, artesanal, retro<\/p>\n<\/li>\n<li data-start=\"1861\" data-end=\"1962\">\n<p data-start=\"1863\" data-end=\"1962\"><strong data-start=\"1863\" data-end=\"1879\">Solicitud:<\/strong> La mejor opci\u00f3n para cuero, gamuza y tejidos gruesos, que complementan los estilos revival de los a\u00f1os 70.<\/p>\n<\/li>\n<\/ul>\n<p data-start=\"1964\" data-end=\"1985\"><strong data-start=\"1964\" data-end=\"1985\">Aspectos destacados de las tendencias:<\/strong><\/p>\n<ul data-start=\"1986\" data-end=\"2090\">\n<li data-start=\"1986\" data-end=\"2090\">\n<p data-start=\"1988\" data-end=\"2090\">El marr\u00f3n terracota surge como un tono clave, que ofrece una sensaci\u00f3n cruda y terrosa adecuada para dise\u00f1os sustentables.<\/p>\n<p><div id=\"attachment_5496\" style=\"width: 610px\" class=\"wp-caption aligncenter\"><img loading=\"lazy\" decoding=\"async\" aria-describedby=\"caption-attachment-5496\" class=\"wp-image-5496\" src=\"https:\/\/lydenim.com\/wp-content\/uploads\/2025\/06\/Brown-Palette-scaled.jpg\" alt=\"\" width=\"600\" height=\"424\" srcset=\"https:\/\/lydenim.com\/wp-content\/uploads\/2025\/06\/Brown-Palette-scaled.jpg 2560w, https:\/\/lydenim.com\/wp-content\/uploads\/2025\/06\/Brown-Palette-300x212.jpg 300w, https:\/\/lydenim.com\/wp-content\/uploads\/2025\/06\/Brown-Palette-1024x724.jpg 1024w, https:\/\/lydenim.com\/wp-content\/uploads\/2025\/06\/Brown-Palette-768x543.jpg 768w, https:\/\/lydenim.com\/wp-content\/uploads\/2025\/06\/Brown-Palette-1536x1086.jpg 1536w, https:\/\/lydenim.com\/wp-content\/uploads\/2025\/06\/Brown-Palette-2048x1448.jpg 2048w, https:\/\/lydenim.com\/wp-content\/uploads\/2025\/06\/Brown-Palette-18x12.jpg 18w, https:\/\/lydenim.com\/wp-content\/uploads\/2025\/06\/Brown-Palette-600x424.jpg 600w, https:\/\/lydenim.com\/wp-content\/uploads\/2025\/06\/Brown-Palette-150x106.jpg 150w\" sizes=\"auto, (max-width: 600px) 100vw, 600px\" \/><p id=\"caption-attachment-5496\" class=\"wp-caption-text\">Paleta marr\u00f3n<\/p><\/div><\/li>\n<\/ul>\n<h3 data-start=\"2097\" data-end=\"2118\"><strong data-start=\"2101\" data-end=\"2118\">Paleta verde<\/strong><\/h3>\n<ul data-start=\"2120\" data-end=\"2297\">\n<li data-start=\"2120\" data-end=\"2177\">\n<p data-start=\"2122\" data-end=\"2177\"><strong data-start=\"2122\" data-end=\"2137\">Colores clave:<\/strong> Verde musgo, menta manzana, lima el\u00e9ctrica<\/p>\n<\/li>\n<li data-start=\"2178\" data-end=\"2218\">\n<p data-start=\"2180\" data-end=\"2218\"><strong data-start=\"2180\" data-end=\"2193\">Palabras clave:<\/strong> Vitalidad, tecnolog\u00eda, naturaleza<\/p>\n<\/li>\n<li data-start=\"2219\" data-end=\"2297\">\n<p data-start=\"2221\" data-end=\"2297\"><strong data-start=\"2221\" data-end=\"2237\">Solicitud:<\/strong> Vers\u00e1tiles, desde vestidos maxi boho hasta ropa deportiva futurista.<\/p>\n<\/li>\n<\/ul>\n<p data-start=\"2299\" data-end=\"2320\"><strong data-start=\"2299\" data-end=\"2320\">Aspectos destacados de las tendencias:<\/strong><\/p>\n<ul data-start=\"2321\" data-end=\"2470\">\n<li data-start=\"2321\" data-end=\"2404\">\n<p data-start=\"2323\" data-end=\"2404\">El verde musgo lidera la tendencia de curaci\u00f3n natural, perfecto para mezclas de lino y algod\u00f3n.<\/p>\n<\/li>\n<li data-start=\"2405\" data-end=\"2470\">\n<p data-start=\"2407\" data-end=\"2470\">El color lima el\u00e9ctrico sirve como color de acento para lograr un alto impacto visual.<\/p>\n<p><div id=\"attachment_5499\" style=\"width: 610px\" class=\"wp-caption aligncenter\"><img loading=\"lazy\" decoding=\"async\" aria-describedby=\"caption-attachment-5499\" class=\"wp-image-5499\" src=\"https:\/\/lydenim.com\/wp-content\/uploads\/2025\/06\/Green-Palette-scaled.jpg\" alt=\"\" width=\"600\" height=\"424\" srcset=\"https:\/\/lydenim.com\/wp-content\/uploads\/2025\/06\/Green-Palette-scaled.jpg 2560w, https:\/\/lydenim.com\/wp-content\/uploads\/2025\/06\/Green-Palette-300x212.jpg 300w, https:\/\/lydenim.com\/wp-content\/uploads\/2025\/06\/Green-Palette-1024x724.jpg 1024w, https:\/\/lydenim.com\/wp-content\/uploads\/2025\/06\/Green-Palette-768x543.jpg 768w, https:\/\/lydenim.com\/wp-content\/uploads\/2025\/06\/Green-Palette-1536x1086.jpg 1536w, https:\/\/lydenim.com\/wp-content\/uploads\/2025\/06\/Green-Palette-2048x1448.jpg 2048w, https:\/\/lydenim.com\/wp-content\/uploads\/2025\/06\/Green-Palette-18x12.jpg 18w, https:\/\/lydenim.com\/wp-content\/uploads\/2025\/06\/Green-Palette-600x424.jpg 600w, https:\/\/lydenim.com\/wp-content\/uploads\/2025\/06\/Green-Palette-150x106.jpg 150w\" sizes=\"auto, (max-width: 600px) 100vw, 600px\" \/><p id=\"caption-attachment-5499\" class=\"wp-caption-text\">Paleta verde<\/p><\/div><\/li>\n<\/ul>\n<h3 data-start=\"2477\" data-end=\"2497\"><strong data-start=\"2481\" data-end=\"2497\">Paleta azul<\/strong><\/h3>\n<ul data-start=\"2499\" data-end=\"2665\">\n<li data-start=\"2499\" data-end=\"2556\">\n<p data-start=\"2501\" data-end=\"2556\"><strong data-start=\"2501\" data-end=\"2516\">Colores clave:<\/strong> Azul brumoso, azul piscina, cobalto digital<\/p>\n<\/li>\n<li data-start=\"2557\" data-end=\"2598\">\n<p data-start=\"2559\" data-end=\"2598\"><strong data-start=\"2559\" data-end=\"2572\">Palabras clave:<\/strong> Tranquilo, fresco y futurista.<\/p>\n<\/li>\n<li data-start=\"2599\" data-end=\"2665\">\n<p data-start=\"2601\" data-end=\"2665\"><strong data-start=\"2601\" data-end=\"2617\">Solicitud:<\/strong> Ideal para camisas, denim y tejidos t\u00e9cnicos.<\/p>\n<\/li>\n<\/ul>\n<p data-start=\"2667\" data-end=\"2688\"><strong data-start=\"2667\" data-end=\"2688\">Aspectos destacados de las tendencias:<\/strong><\/p>\n<ul data-start=\"2689\" data-end=\"2825\">\n<li data-start=\"2689\" data-end=\"2754\">\n<p data-start=\"2691\" data-end=\"2754\">El azul brumoso se adapta a estilos minimalistas: baja saturaci\u00f3n pero aireado.<\/p>\n<\/li>\n<li data-start=\"2755\" data-end=\"2825\">\n<p data-start=\"2757\" data-end=\"2825\">Cobalto digital utilizado en recubrimientos fotoluminiscentes para efectos de ciencia ficci\u00f3n.<\/p>\n<p><div id=\"attachment_5495\" style=\"width: 610px\" class=\"wp-caption aligncenter\"><img loading=\"lazy\" decoding=\"async\" aria-describedby=\"caption-attachment-5495\" class=\"wp-image-5495\" src=\"https:\/\/lydenim.com\/wp-content\/uploads\/2025\/06\/Blue-Palette-scaled.jpg\" alt=\"\" width=\"600\" height=\"424\" srcset=\"https:\/\/lydenim.com\/wp-content\/uploads\/2025\/06\/Blue-Palette-scaled.jpg 2560w, https:\/\/lydenim.com\/wp-content\/uploads\/2025\/06\/Blue-Palette-300x212.jpg 300w, https:\/\/lydenim.com\/wp-content\/uploads\/2025\/06\/Blue-Palette-1024x724.jpg 1024w, https:\/\/lydenim.com\/wp-content\/uploads\/2025\/06\/Blue-Palette-768x543.jpg 768w, https:\/\/lydenim.com\/wp-content\/uploads\/2025\/06\/Blue-Palette-1536x1086.jpg 1536w, https:\/\/lydenim.com\/wp-content\/uploads\/2025\/06\/Blue-Palette-2048x1448.jpg 2048w, https:\/\/lydenim.com\/wp-content\/uploads\/2025\/06\/Blue-Palette-18x12.jpg 18w, https:\/\/lydenim.com\/wp-content\/uploads\/2025\/06\/Blue-Palette-600x424.jpg 600w, https:\/\/lydenim.com\/wp-content\/uploads\/2025\/06\/Blue-Palette-150x106.jpg 150w\" sizes=\"auto, (max-width: 600px) 100vw, 600px\" \/><p id=\"caption-attachment-5495\" class=\"wp-caption-text\">Paleta azul<\/p><\/div><\/li>\n<\/ul>\n<h3 data-start=\"2832\" data-end=\"2854\"><strong data-start=\"2836\" data-end=\"2854\">Paleta amarilla<\/strong><\/h3>\n<ul data-start=\"2856\" data-end=\"3047\">\n<li data-start=\"2856\" data-end=\"2926\">\n<p data-start=\"2858\" data-end=\"2926\"><strong data-start=\"2858\" data-end=\"2873\">Colores clave:<\/strong> Natillas de vainilla, amarillo rayo de sol, lim\u00f3n fluorescente<\/p>\n<\/li>\n<li data-start=\"2927\" data-end=\"2971\">\n<p data-start=\"2929\" data-end=\"2971\"><strong data-start=\"2929\" data-end=\"2942\">Palabras clave:<\/strong> Energ\u00eda, optimismo y sol<\/p>\n<\/li>\n<li data-start=\"2972\" data-end=\"3047\">\n<p data-start=\"2974\" data-end=\"3047\"><strong data-start=\"2974\" data-end=\"2990\">Solicitud:<\/strong> Ilumina looks en vestidos, chalecos de punto y accesorios.<\/p>\n<\/li>\n<\/ul>\n<p data-start=\"3049\" data-end=\"3070\"><strong data-start=\"3049\" data-end=\"3070\">Aspectos destacados de las tendencias:<\/strong><\/p>\n<ul data-start=\"3071\" data-end=\"3214\">\n<li data-start=\"3071\" data-end=\"3146\">\n<p data-start=\"3073\" data-end=\"3146\">La crema de vainilla se convierte en una alternativa popular y m\u00e1s suave al color amarillo brillante.<\/p>\n<\/li>\n<li data-start=\"3147\" data-end=\"3214\">\n<p data-start=\"3149\" data-end=\"3214\">El Lim\u00f3n Fluorescente energiza los art\u00edculos deportivos, realzando la juventud.<\/p>\n<p><div id=\"attachment_5512\" style=\"width: 610px\" class=\"wp-caption aligncenter\"><img loading=\"lazy\" decoding=\"async\" aria-describedby=\"caption-attachment-5512\" class=\"wp-image-5512\" src=\"https:\/\/lydenim.com\/wp-content\/uploads\/2025\/06\/Yellow-Palette-scaled.jpg\" alt=\"\" width=\"600\" height=\"424\" srcset=\"https:\/\/lydenim.com\/wp-content\/uploads\/2025\/06\/Yellow-Palette-scaled.jpg 2560w, https:\/\/lydenim.com\/wp-content\/uploads\/2025\/06\/Yellow-Palette-300x212.jpg 300w, https:\/\/lydenim.com\/wp-content\/uploads\/2025\/06\/Yellow-Palette-1024x724.jpg 1024w, https:\/\/lydenim.com\/wp-content\/uploads\/2025\/06\/Yellow-Palette-768x543.jpg 768w, https:\/\/lydenim.com\/wp-content\/uploads\/2025\/06\/Yellow-Palette-1536x1086.jpg 1536w, https:\/\/lydenim.com\/wp-content\/uploads\/2025\/06\/Yellow-Palette-2048x1448.jpg 2048w, https:\/\/lydenim.com\/wp-content\/uploads\/2025\/06\/Yellow-Palette-18x12.jpg 18w, https:\/\/lydenim.com\/wp-content\/uploads\/2025\/06\/Yellow-Palette-600x424.jpg 600w, https:\/\/lydenim.com\/wp-content\/uploads\/2025\/06\/Yellow-Palette-150x106.jpg 150w\" sizes=\"auto, (max-width: 600px) 100vw, 600px\" \/><p id=\"caption-attachment-5512\" class=\"wp-caption-text\">Paleta amarilla<\/p><\/div><\/li>\n<\/ul>\n<h3 data-start=\"3221\" data-end=\"3243\"><strong data-start=\"3225\" data-end=\"3243\">Paleta naranja<\/strong><\/h3>\n<ul data-start=\"3245\" data-end=\"3432\">\n<li data-start=\"3245\" data-end=\"3309\">\n<p data-start=\"3247\" data-end=\"3309\"><strong data-start=\"3247\" data-end=\"3262\">Colores clave:<\/strong> Naranja Atardecer, Naranja Jengibre, Naranja Virtual<\/p>\n<\/li>\n<li data-start=\"3310\" data-end=\"3354\">\n<p data-start=\"3312\" data-end=\"3354\"><strong data-start=\"3312\" data-end=\"3325\">Palabras clave:<\/strong> Pasi\u00f3n, Energ\u00eda, Aventura<\/p>\n<\/li>\n<li data-start=\"3355\" data-end=\"3432\">\n<p data-start=\"3357\" data-end=\"3432\"><strong data-start=\"3357\" data-end=\"3373\">Solicitud:<\/strong> Una elecci\u00f3n en\u00e9rgica para su\u00e9teres, prendas de abrigo y trajes de ba\u00f1o.<\/p>\n<\/li>\n<\/ul>\n<p data-start=\"3434\" data-end=\"3455\"><strong data-start=\"3434\" data-end=\"3455\">Aspectos destacados de las tendencias:<\/strong><\/p>\n<ul data-start=\"3456\" data-end=\"3612\">\n<li data-start=\"3456\" data-end=\"3535\">\n<p data-start=\"3458\" data-end=\"3535\">El color Sunset Orange se presta bien para dise\u00f1os degradados (por ejemplo, de naranja a rosa).<\/p>\n<\/li>\n<li data-start=\"3536\" data-end=\"3612\">\n<p data-start=\"3538\" data-end=\"3612\">Virtual Orange presenta una calidad fluorescente y se adapta a la est\u00e9tica digital.<\/p>\n<p><div id=\"attachment_5502\" style=\"width: 610px\" class=\"wp-caption aligncenter\"><img loading=\"lazy\" decoding=\"async\" aria-describedby=\"caption-attachment-5502\" class=\"wp-image-5502\" src=\"https:\/\/lydenim.com\/wp-content\/uploads\/2025\/06\/Orange-Palette-scaled.jpg\" alt=\"\" width=\"600\" height=\"424\" srcset=\"https:\/\/lydenim.com\/wp-content\/uploads\/2025\/06\/Orange-Palette-scaled.jpg 2560w, https:\/\/lydenim.com\/wp-content\/uploads\/2025\/06\/Orange-Palette-300x212.jpg 300w, https:\/\/lydenim.com\/wp-content\/uploads\/2025\/06\/Orange-Palette-1024x724.jpg 1024w, https:\/\/lydenim.com\/wp-content\/uploads\/2025\/06\/Orange-Palette-768x543.jpg 768w, https:\/\/lydenim.com\/wp-content\/uploads\/2025\/06\/Orange-Palette-1536x1086.jpg 1536w, https:\/\/lydenim.com\/wp-content\/uploads\/2025\/06\/Orange-Palette-2048x1448.jpg 2048w, https:\/\/lydenim.com\/wp-content\/uploads\/2025\/06\/Orange-Palette-18x12.jpg 18w, https:\/\/lydenim.com\/wp-content\/uploads\/2025\/06\/Orange-Palette-600x424.jpg 600w, https:\/\/lydenim.com\/wp-content\/uploads\/2025\/06\/Orange-Palette-150x106.jpg 150w\" sizes=\"auto, (max-width: 600px) 100vw, 600px\" \/><p id=\"caption-attachment-5502\" class=\"wp-caption-text\">Paleta naranja<\/p><\/div><\/li>\n<\/ul>\n<h3 data-start=\"3619\" data-end=\"3638\"><strong data-start=\"3623\" data-end=\"3638\">Paleta roja<\/strong><\/h3>\n<ul data-start=\"3640\" data-end=\"3820\">\n<li data-start=\"3640\" data-end=\"3697\">\n<p data-start=\"3642\" data-end=\"3697\"><strong data-start=\"3642\" data-end=\"3657\">Colores clave:<\/strong> Rojo tomate, rojo cuarzo rosa, rojo vino<\/p>\n<\/li>\n<li data-start=\"3698\" data-end=\"3742\">\n<p data-start=\"3700\" data-end=\"3742\"><strong data-start=\"3700\" data-end=\"3713\">Palabras clave:<\/strong> Sensual, Cl\u00e1sico, Dram\u00e1tico<\/p>\n<\/li>\n<li data-start=\"3743\" data-end=\"3820\">\n<p data-start=\"3745\" data-end=\"3820\"><strong data-start=\"3745\" data-end=\"3761\">Solicitud:<\/strong> Hace una declaraci\u00f3n audaz en vestidos de noche, trajes y tacones.<\/p>\n<\/li>\n<\/ul>\n<p data-start=\"3822\" data-end=\"3843\"><strong data-start=\"3822\" data-end=\"3843\">Aspectos destacados de las tendencias:<\/strong><\/p>\n<ul data-start=\"3844\" data-end=\"3965\">\n<li data-start=\"3844\" data-end=\"3910\">\n<p data-start=\"3846\" data-end=\"3910\">El color rosa cuarzo rojo ofrece un toque m\u00e1s sofisticado y atenuado.<\/p>\n<\/li>\n<li data-start=\"3911\" data-end=\"3965\">\n<p data-start=\"3913\" data-end=\"3965\">El color rojo tomate resalta sobre cuero patentado para brindar una sensaci\u00f3n moderna.<\/p>\n<p><div id=\"attachment_5506\" style=\"width: 610px\" class=\"wp-caption aligncenter\"><img loading=\"lazy\" decoding=\"async\" aria-describedby=\"caption-attachment-5506\" class=\"wp-image-5506\" src=\"https:\/\/lydenim.com\/wp-content\/uploads\/2025\/06\/Red-Palette-scaled.jpg\" alt=\"\" width=\"600\" height=\"424\" srcset=\"https:\/\/lydenim.com\/wp-content\/uploads\/2025\/06\/Red-Palette-scaled.jpg 2560w, https:\/\/lydenim.com\/wp-content\/uploads\/2025\/06\/Red-Palette-300x212.jpg 300w, https:\/\/lydenim.com\/wp-content\/uploads\/2025\/06\/Red-Palette-1024x724.jpg 1024w, https:\/\/lydenim.com\/wp-content\/uploads\/2025\/06\/Red-Palette-768x543.jpg 768w, https:\/\/lydenim.com\/wp-content\/uploads\/2025\/06\/Red-Palette-1536x1086.jpg 1536w, https:\/\/lydenim.com\/wp-content\/uploads\/2025\/06\/Red-Palette-2048x1448.jpg 2048w, https:\/\/lydenim.com\/wp-content\/uploads\/2025\/06\/Red-Palette-18x12.jpg 18w, https:\/\/lydenim.com\/wp-content\/uploads\/2025\/06\/Red-Palette-600x424.jpg 600w, https:\/\/lydenim.com\/wp-content\/uploads\/2025\/06\/Red-Palette-150x106.jpg 150w\" sizes=\"auto, (max-width: 600px) 100vw, 600px\" \/><p id=\"caption-attachment-5506\" class=\"wp-caption-text\">Paleta roja<\/p><\/div><\/li>\n<\/ul>\n<h3 data-start=\"3972\" data-end=\"3994\"><strong data-start=\"3976\" data-end=\"3994\">Paleta p\u00farpura<\/strong><\/h3>\n<ul data-start=\"3996\" data-end=\"4195\">\n<li data-start=\"3996\" data-end=\"4063\">\n<p data-start=\"3998\" data-end=\"4063\"><strong data-start=\"3998\" data-end=\"4013\">Colores clave:<\/strong> Glicina p\u00e1lida, lavanda virtual, berenjena intensa<\/p>\n<\/li>\n<li data-start=\"4064\" data-end=\"4114\">\n<p data-start=\"4066\" data-end=\"4114\"><strong data-start=\"4066\" data-end=\"4079\">Palabras clave:<\/strong> Misterioso, rom\u00e1ntico, futurista.<\/p>\n<\/li>\n<li data-start=\"4115\" data-end=\"4195\">\n<p data-start=\"4117\" data-end=\"4195\"><strong data-start=\"4117\" data-end=\"4133\">Solicitud:<\/strong> Elegante elecci\u00f3n para vestidos de gasa, blazers y accesorios.<\/p>\n<\/li>\n<\/ul>\n<p data-start=\"4197\" data-end=\"4218\"><strong data-start=\"4197\" data-end=\"4218\">Aspectos destacados de las tendencias:<\/strong><\/p>\n<ul data-start=\"4219\" data-end=\"4334\">\n<li data-start=\"4219\" data-end=\"4289\">\n<p data-start=\"4221\" data-end=\"4289\">Virtual Lavender tiene un borde fluorescente, en consonancia con los estilos Y2K.<\/p>\n<\/li>\n<li data-start=\"4290\" data-end=\"4334\">\n<p data-start=\"4292\" data-end=\"4334\">El tono Berenjena intenso eleva el lujo de los terciopelos.<\/p>\n<p><div id=\"attachment_5504\" style=\"width: 610px\" class=\"wp-caption aligncenter\"><img loading=\"lazy\" decoding=\"async\" aria-describedby=\"caption-attachment-5504\" class=\"wp-image-5504\" src=\"https:\/\/lydenim.com\/wp-content\/uploads\/2025\/06\/Purple-Palette-scaled.jpg\" alt=\"\" width=\"600\" height=\"424\" srcset=\"https:\/\/lydenim.com\/wp-content\/uploads\/2025\/06\/Purple-Palette-scaled.jpg 2560w, https:\/\/lydenim.com\/wp-content\/uploads\/2025\/06\/Purple-Palette-300x212.jpg 300w, https:\/\/lydenim.com\/wp-content\/uploads\/2025\/06\/Purple-Palette-1024x724.jpg 1024w, https:\/\/lydenim.com\/wp-content\/uploads\/2025\/06\/Purple-Palette-768x543.jpg 768w, https:\/\/lydenim.com\/wp-content\/uploads\/2025\/06\/Purple-Palette-1536x1086.jpg 1536w, https:\/\/lydenim.com\/wp-content\/uploads\/2025\/06\/Purple-Palette-2048x1448.jpg 2048w, https:\/\/lydenim.com\/wp-content\/uploads\/2025\/06\/Purple-Palette-18x12.jpg 18w, https:\/\/lydenim.com\/wp-content\/uploads\/2025\/06\/Purple-Palette-600x424.jpg 600w, https:\/\/lydenim.com\/wp-content\/uploads\/2025\/06\/Purple-Palette-150x106.jpg 150w\" sizes=\"auto, (max-width: 600px) 100vw, 600px\" \/><p id=\"caption-attachment-5504\" class=\"wp-caption-text\">Paleta p\u00farpura<\/p><\/div><\/li>\n<\/ul>\n<h2 data-start=\"4341\" data-end=\"4386\"><strong data-start=\"4344\" data-end=\"4386\">Resumen: Principales tendencias de color de la temporada primavera\/verano 2026<\/strong><\/h2>\n<ul data-start=\"4388\" data-end=\"4690\">\n<li data-start=\"4388\" data-end=\"4499\">\n<p data-start=\"4390\" data-end=\"4499\"><strong data-start=\"4390\" data-end=\"4403\">Contraste:<\/strong> Tonos naturales (verde musgo, marr\u00f3n terracota) vs. tonos tecnol\u00f3gicos (lima el\u00e9ctrico, lavanda virtual)<\/p>\n<\/li>\n<li data-start=\"4500\" data-end=\"4606\">\n<p data-start=\"4502\" data-end=\"4606\"><strong data-start=\"4502\" data-end=\"4518\">Coexistencia:<\/strong> Los pasteles de baja saturaci\u00f3n junto con los fluorescentes de alta saturaci\u00f3n se adaptan a diversos estilos.<\/p>\n<\/li>\n<li data-start=\"4607\" data-end=\"4690\">\n<p data-start=\"4609\" data-end=\"4690\"><strong data-start=\"4609\" data-end=\"4629\">Los neutrales evolucionan:<\/strong> Mant\u00e9ngase vers\u00e1til, pero opte por matices m\u00e1s c\u00e1lidos.<\/p>\n<\/li>\n<\/ul>\n<p data-start=\"4692\" data-end=\"4709\"><strong data-start=\"4692\" data-end=\"4709\">Consejos de estilo:<\/strong><\/p>\n<ul data-start=\"4710\" data-end=\"4917\">\n<li data-start=\"4710\" data-end=\"4841\">\n<p data-start=\"4712\" data-end=\"4841\">Elija 1 o 2 colores principales (por ejemplo, verde musgo + blanco n\u00e1car) y agregue peque\u00f1os toques de color fluorescente (por ejemplo, lima el\u00e9ctrico).<\/p>\n<\/li>\n<li data-start=\"4842\" data-end=\"4917\">\n<p data-start=\"4844\" data-end=\"4917\">Crea sofisticaci\u00f3n con degradados tonales (por ejemplo, Azul brumoso \u2192 Azul piscina)<\/p>\n<\/li>\n<\/ul>\n<h2 data-start=\"4924\" data-end=\"4952\"><strong data-start=\"4927\" data-end=\"4952\">Parte II: Tendencias de estilo<\/strong><\/h2>\n<h3 data-start=\"4954\" data-end=\"5005\"><strong data-start=\"4958\" data-end=\"5003\">Est\u00e9tica fluida \u00b7 Siluetas flexibles<\/strong><\/h3>\n<p data-start=\"5006\" data-end=\"5169\">Como l\u00edneas que dibujan el movimiento de un arroyo, los cortes de ropa presentan curvas suaves que se adaptan naturalmente al movimiento del cuerpo.<strong data-start=\"5129\" data-end=\"5168\">como si llevara la forma del viento<\/strong>.<\/p>\n<div id=\"attachment_5509\" style=\"width: 610px\" class=\"wp-caption aligncenter\"><img loading=\"lazy\" decoding=\"async\" aria-describedby=\"caption-attachment-5509\" class=\"wp-image-5509\" src=\"https:\/\/lydenim.com\/wp-content\/uploads\/2025\/06\/Style-Trends.jpg\" alt=\"\" width=\"600\" height=\"800\" srcset=\"https:\/\/lydenim.com\/wp-content\/uploads\/2025\/06\/Style-Trends.jpg 1668w, https:\/\/lydenim.com\/wp-content\/uploads\/2025\/06\/Style-Trends-225x300.jpg 225w, https:\/\/lydenim.com\/wp-content\/uploads\/2025\/06\/Style-Trends-768x1024.jpg 768w, https:\/\/lydenim.com\/wp-content\/uploads\/2025\/06\/Style-Trends-1152x1536.jpg 1152w, https:\/\/lydenim.com\/wp-content\/uploads\/2025\/06\/Style-Trends-1536x2048.jpg 1536w, https:\/\/lydenim.com\/wp-content\/uploads\/2025\/06\/Style-Trends-9x12.jpg 9w, https:\/\/lydenim.com\/wp-content\/uploads\/2025\/06\/Style-Trends-600x800.jpg 600w, https:\/\/lydenim.com\/wp-content\/uploads\/2025\/06\/Style-Trends-150x200.jpg 150w\" sizes=\"auto, (max-width: 600px) 100vw, 600px\" \/><p id=\"caption-attachment-5509\" class=\"wp-caption-text\">Tendencias de estilo<\/p><\/div>\n<h3 data-start=\"5171\" data-end=\"5215\"><strong data-start=\"5175\" data-end=\"5213\">Texturas Respiratorias \u00b7 Poder Curativo<\/strong><\/h3>\n<p data-start=\"5216\" data-end=\"5358\">Evoca la idea de tejidos transpirables.<strong data-start=\"5254\" data-end=\"5284\">tejidos de punto de felpa o linos aireados<\/strong>\u2014una sensaci\u00f3n tan reconfortante como las nubes, que relaja el \u00e1nimo del usuario al contacto.<\/p>\n<div id=\"attachment_5508\" style=\"width: 610px\" class=\"wp-caption aligncenter\"><img loading=\"lazy\" decoding=\"async\" aria-describedby=\"caption-attachment-5508\" class=\"wp-image-5508\" src=\"https:\/\/lydenim.com\/wp-content\/uploads\/2025\/06\/Style-Trends-1-1.jpg\" alt=\"\" width=\"600\" height=\"800\" srcset=\"https:\/\/lydenim.com\/wp-content\/uploads\/2025\/06\/Style-Trends-1-1.jpg 1668w, https:\/\/lydenim.com\/wp-content\/uploads\/2025\/06\/Style-Trends-1-1-225x300.jpg 225w, https:\/\/lydenim.com\/wp-content\/uploads\/2025\/06\/Style-Trends-1-1-768x1024.jpg 768w, https:\/\/lydenim.com\/wp-content\/uploads\/2025\/06\/Style-Trends-1-1-1152x1536.jpg 1152w, https:\/\/lydenim.com\/wp-content\/uploads\/2025\/06\/Style-Trends-1-1-1536x2048.jpg 1536w, https:\/\/lydenim.com\/wp-content\/uploads\/2025\/06\/Style-Trends-1-1-9x12.jpg 9w, https:\/\/lydenim.com\/wp-content\/uploads\/2025\/06\/Style-Trends-1-1-600x800.jpg 600w, https:\/\/lydenim.com\/wp-content\/uploads\/2025\/06\/Style-Trends-1-1-150x200.jpg 150w\" sizes=\"auto, (max-width: 600px) 100vw, 600px\" \/><p id=\"caption-attachment-5508\" class=\"wp-caption-text\">Tendencias de estilo<\/p><\/div>\n<h3 data-start=\"5360\" data-end=\"5407\"><strong data-start=\"5364\" data-end=\"5405\">Tejidos et\u00e9reos \u00b7 Resonancia emocional<\/strong><\/h3>\n<p data-start=\"5408\" data-end=\"5560\">Como si la luz de la luna estuviera entretejida en la tela.<strong data-start=\"5445\" data-end=\"5487\">hilos ligeros o texturas caladas<\/strong> Crea una sensaci\u00f3n de ligereza, movi\u00e9ndose como un suave eco de emociones internas.<\/p>\n<div id=\"attachment_5507\" style=\"width: 610px\" class=\"wp-caption aligncenter\"><img loading=\"lazy\" decoding=\"async\" aria-describedby=\"caption-attachment-5507\" class=\"wp-image-5507\" src=\"https:\/\/lydenim.com\/wp-content\/uploads\/2025\/06\/Style-Trends-.jpg\" alt=\"\" width=\"600\" height=\"800\" srcset=\"https:\/\/lydenim.com\/wp-content\/uploads\/2025\/06\/Style-Trends-.jpg 1668w, https:\/\/lydenim.com\/wp-content\/uploads\/2025\/06\/Style-Trends--225x300.jpg 225w, https:\/\/lydenim.com\/wp-content\/uploads\/2025\/06\/Style-Trends--768x1024.jpg 768w, https:\/\/lydenim.com\/wp-content\/uploads\/2025\/06\/Style-Trends--1152x1536.jpg 1152w, https:\/\/lydenim.com\/wp-content\/uploads\/2025\/06\/Style-Trends--1536x2048.jpg 1536w, https:\/\/lydenim.com\/wp-content\/uploads\/2025\/06\/Style-Trends--9x12.jpg 9w, https:\/\/lydenim.com\/wp-content\/uploads\/2025\/06\/Style-Trends--600x800.jpg 600w, https:\/\/lydenim.com\/wp-content\/uploads\/2025\/06\/Style-Trends--150x200.jpg 150w\" sizes=\"auto, (max-width: 600px) 100vw, 600px\" \/><p id=\"caption-attachment-5507\" class=\"wp-caption-text\">Tendencias de estilo<\/p><\/div>\n<h2 data-start=\"5567\" data-end=\"5597\"><strong data-start=\"5570\" data-end=\"5597\">Parte III: Tendencias en tejidos<\/strong><\/h2>\n<h3 data-start=\"5599\" data-end=\"5628\"><strong data-start=\"5603\" data-end=\"5628\">Tejidos de fibras naturales<\/strong><\/h3>\n<ul data-start=\"5630\" data-end=\"6038\">\n<li data-start=\"5630\" data-end=\"5846\">\n<p data-start=\"5632\" data-end=\"5846\"><strong data-start=\"5632\" data-end=\"5662\">Algod\u00f3n y lino ligeros<\/strong><br data-start=\"5662\" data-end=\"5665\" \/>Fibras con propiedades antibacterianas y nutritivas para la piel, combinadas con procesos de te\u00f1ido no t\u00f3xicos. Caracter\u00edsticas: <strong data-start=\"5780\" data-end=\"5799\">texturas sutiles<\/strong> o <strong data-start=\"5803\" data-end=\"5827\">patrones utilitarios<\/strong>, ideal para el verano.<\/p>\n<p><div id=\"attachment_5500\" style=\"width: 610px\" class=\"wp-caption aligncenter\"><img loading=\"lazy\" decoding=\"async\" aria-describedby=\"caption-attachment-5500\" class=\"wp-image-5500\" src=\"https:\/\/lydenim.com\/wp-content\/uploads\/2025\/06\/Natural-Fiber-Fabrics.jpg\" alt=\"\" width=\"600\" height=\"267\" srcset=\"https:\/\/lydenim.com\/wp-content\/uploads\/2025\/06\/Natural-Fiber-Fabrics.jpg 2500w, https:\/\/lydenim.com\/wp-content\/uploads\/2025\/06\/Natural-Fiber-Fabrics-300x133.jpg 300w, https:\/\/lydenim.com\/wp-content\/uploads\/2025\/06\/Natural-Fiber-Fabrics-1024x455.jpg 1024w, https:\/\/lydenim.com\/wp-content\/uploads\/2025\/06\/Natural-Fiber-Fabrics-768x342.jpg 768w, https:\/\/lydenim.com\/wp-content\/uploads\/2025\/06\/Natural-Fiber-Fabrics-1536x683.jpg 1536w, https:\/\/lydenim.com\/wp-content\/uploads\/2025\/06\/Natural-Fiber-Fabrics-2048x911.jpg 2048w, https:\/\/lydenim.com\/wp-content\/uploads\/2025\/06\/Natural-Fiber-Fabrics-18x8.jpg 18w, https:\/\/lydenim.com\/wp-content\/uploads\/2025\/06\/Natural-Fiber-Fabrics-600x267.jpg 600w, https:\/\/lydenim.com\/wp-content\/uploads\/2025\/06\/Natural-Fiber-Fabrics-150x67.jpg 150w\" sizes=\"auto, (max-width: 600px) 100vw, 600px\" \/><p id=\"caption-attachment-5500\" class=\"wp-caption-text\">Tejidos de fibras naturales<\/p><\/div><\/li>\n<li data-start=\"5848\" data-end=\"6038\">\n<p data-start=\"5850\" data-end=\"6038\"><strong data-start=\"5850\" data-end=\"5865\">Mezclas de lana<\/strong><br data-start=\"5865\" data-end=\"5868\" \/>Lana merino mezclada con seda, lino o lyocell sostenibles. Presentada en <strong data-start=\"5945\" data-end=\"5962\">grises neutros<\/strong>, enriquecido con <strong data-start=\"5978\" data-end=\"5989\">rayas<\/strong> o <strong data-start=\"5993\" data-end=\"6008\">hilos ombr\u00e9<\/strong> para un tono sereno y lujoso.<\/p>\n<p><div id=\"attachment_5511\" style=\"width: 610px\" class=\"wp-caption aligncenter\"><img loading=\"lazy\" decoding=\"async\" aria-describedby=\"caption-attachment-5511\" class=\"wp-image-5511\" src=\"https:\/\/lydenim.com\/wp-content\/uploads\/2025\/06\/Wool-Blends.jpg\" alt=\"\" width=\"600\" height=\"267\" srcset=\"https:\/\/lydenim.com\/wp-content\/uploads\/2025\/06\/Wool-Blends.jpg 2502w, https:\/\/lydenim.com\/wp-content\/uploads\/2025\/06\/Wool-Blends-300x133.jpg 300w, https:\/\/lydenim.com\/wp-content\/uploads\/2025\/06\/Wool-Blends-1024x455.jpg 1024w, https:\/\/lydenim.com\/wp-content\/uploads\/2025\/06\/Wool-Blends-768x341.jpg 768w, https:\/\/lydenim.com\/wp-content\/uploads\/2025\/06\/Wool-Blends-1536x683.jpg 1536w, https:\/\/lydenim.com\/wp-content\/uploads\/2025\/06\/Wool-Blends-2048x910.jpg 2048w, https:\/\/lydenim.com\/wp-content\/uploads\/2025\/06\/Wool-Blends-18x8.jpg 18w, https:\/\/lydenim.com\/wp-content\/uploads\/2025\/06\/Wool-Blends-600x267.jpg 600w, https:\/\/lydenim.com\/wp-content\/uploads\/2025\/06\/Wool-Blends-150x67.jpg 150w\" sizes=\"auto, (max-width: 600px) 100vw, 600px\" \/><p id=\"caption-attachment-5511\" class=\"wp-caption-text\">Mezclas de lana<\/p><\/div><\/li>\n<\/ul>\n<h3 data-start=\"6045\" data-end=\"6078\"><strong data-start=\"6049\" data-end=\"6078\">Tejidos de fibra regenerada<\/strong><\/h3>\n<ul data-start=\"6080\" data-end=\"6417\">\n<li data-start=\"6080\" data-end=\"6246\">\n<p data-start=\"6082\" data-end=\"6246\"><strong data-start=\"6082\" data-end=\"6101\">Seda similar al agua<\/strong><br data-start=\"6101\" data-end=\"6104\" \/>Fabricadas con Modal, Cupro o Tencel Lyocell. Estas telas de sat\u00e9n ofrecen <strong data-start=\"6175\" data-end=\"6196\">brillo resplandeciente<\/strong>, <strong data-start=\"6198\" data-end=\"6215\">elegante cortina<\/strong>, y <strong data-start=\"6221\" data-end=\"6245\">textura suave y sedosa<\/strong>.<\/p>\n<p><div id=\"attachment_5510\" style=\"width: 610px\" class=\"wp-caption aligncenter\"><img loading=\"lazy\" decoding=\"async\" aria-describedby=\"caption-attachment-5510\" class=\"wp-image-5510\" src=\"https:\/\/lydenim.com\/wp-content\/uploads\/2025\/06\/Water-Like-Silk-scaled.jpg\" alt=\"\" width=\"600\" height=\"275\" srcset=\"https:\/\/lydenim.com\/wp-content\/uploads\/2025\/06\/Water-Like-Silk-scaled.jpg 2560w, https:\/\/lydenim.com\/wp-content\/uploads\/2025\/06\/Water-Like-Silk-300x137.jpg 300w, https:\/\/lydenim.com\/wp-content\/uploads\/2025\/06\/Water-Like-Silk-1024x469.jpg 1024w, https:\/\/lydenim.com\/wp-content\/uploads\/2025\/06\/Water-Like-Silk-768x352.jpg 768w, https:\/\/lydenim.com\/wp-content\/uploads\/2025\/06\/Water-Like-Silk-1536x703.jpg 1536w, https:\/\/lydenim.com\/wp-content\/uploads\/2025\/06\/Water-Like-Silk-2048x938.jpg 2048w, https:\/\/lydenim.com\/wp-content\/uploads\/2025\/06\/Water-Like-Silk-18x8.jpg 18w, https:\/\/lydenim.com\/wp-content\/uploads\/2025\/06\/Water-Like-Silk-600x275.jpg 600w, https:\/\/lydenim.com\/wp-content\/uploads\/2025\/06\/Water-Like-Silk-150x69.jpg 150w\" sizes=\"auto, (max-width: 600px) 100vw, 600px\" \/><p id=\"caption-attachment-5510\" class=\"wp-caption-text\">Seda similar al agua<\/p><\/div><\/li>\n<li data-start=\"6248\" data-end=\"6417\">\n<p data-start=\"6250\" data-end=\"6417\"><strong data-start=\"6250\" data-end=\"6268\">Nailon reciclado<\/strong><br data-start=\"6268\" data-end=\"6271\" \/>Finamente tejido con revestimientos impermeables, utilizando <strong data-start=\"6318\" data-end=\"6337\">nailon de base biol\u00f3gica<\/strong>, <strong data-start=\"6339\" data-end=\"6357\">c\u00e1\u00f1amo rastreable<\/strong>, y <strong data-start=\"6363\" data-end=\"6378\">fibras de lino<\/strong>Neutral en carbono y altamente funcional.<\/p>\n<p><div id=\"attachment_5505\" style=\"width: 610px\" class=\"wp-caption aligncenter\"><img loading=\"lazy\" decoding=\"async\" aria-describedby=\"caption-attachment-5505\" class=\"wp-image-5505\" src=\"https:\/\/lydenim.com\/wp-content\/uploads\/2025\/06\/Recycled-Nylon.jpg\" alt=\"\" width=\"600\" height=\"267\" srcset=\"https:\/\/lydenim.com\/wp-content\/uploads\/2025\/06\/Recycled-Nylon.jpg 2426w, https:\/\/lydenim.com\/wp-content\/uploads\/2025\/06\/Recycled-Nylon-300x134.jpg 300w, https:\/\/lydenim.com\/wp-content\/uploads\/2025\/06\/Recycled-Nylon-1024x456.jpg 1024w, https:\/\/lydenim.com\/wp-content\/uploads\/2025\/06\/Recycled-Nylon-768x342.jpg 768w, https:\/\/lydenim.com\/wp-content\/uploads\/2025\/06\/Recycled-Nylon-1536x684.jpg 1536w, https:\/\/lydenim.com\/wp-content\/uploads\/2025\/06\/Recycled-Nylon-2048x912.jpg 2048w, https:\/\/lydenim.com\/wp-content\/uploads\/2025\/06\/Recycled-Nylon-18x8.jpg 18w, https:\/\/lydenim.com\/wp-content\/uploads\/2025\/06\/Recycled-Nylon-600x267.jpg 600w, https:\/\/lydenim.com\/wp-content\/uploads\/2025\/06\/Recycled-Nylon-150x67.jpg 150w\" sizes=\"auto, (max-width: 600px) 100vw, 600px\" \/><p id=\"caption-attachment-5505\" class=\"wp-caption-text\">Nailon reciclado<\/p><\/div><\/li>\n<\/ul>\n<h3 data-start=\"6424\" data-end=\"6457\"><strong data-start=\"6428\" data-end=\"6457\">Tejidos de proceso especiales<\/strong><\/h3>\n<ul data-start=\"6459\" data-end=\"6831\">\n<li data-start=\"6459\" data-end=\"6642\">\n<p data-start=\"6461\" data-end=\"6642\"><strong data-start=\"6461\" data-end=\"6477\">Encaje digital<\/strong><br data-start=\"6477\" data-end=\"6480\" \/>Cortado con l\u00e1ser en tejidos suaves como <strong data-start=\"6513\" data-end=\"6530\">popelina de algod\u00f3n<\/strong> o <strong data-start=\"6534\" data-end=\"6548\">seda de la paz<\/strong>Presentado en tonos apagados, ideal para la transici\u00f3n de <strong data-start=\"6605\" data-end=\"6641\">De entornos urbanos a estilos vacacionales<\/strong>.<\/p>\n<p><div id=\"attachment_5498\" style=\"width: 610px\" class=\"wp-caption aligncenter\"><img loading=\"lazy\" decoding=\"async\" aria-describedby=\"caption-attachment-5498\" class=\"wp-image-5498\" src=\"https:\/\/lydenim.com\/wp-content\/uploads\/2025\/06\/Digital-Lace.jpg\" alt=\"\" width=\"600\" height=\"267\" srcset=\"https:\/\/lydenim.com\/wp-content\/uploads\/2025\/06\/Digital-Lace.jpg 2428w, https:\/\/lydenim.com\/wp-content\/uploads\/2025\/06\/Digital-Lace-300x133.jpg 300w, https:\/\/lydenim.com\/wp-content\/uploads\/2025\/06\/Digital-Lace-1024x455.jpg 1024w, https:\/\/lydenim.com\/wp-content\/uploads\/2025\/06\/Digital-Lace-768x342.jpg 768w, https:\/\/lydenim.com\/wp-content\/uploads\/2025\/06\/Digital-Lace-1536x683.jpg 1536w, https:\/\/lydenim.com\/wp-content\/uploads\/2025\/06\/Digital-Lace-2048x911.jpg 2048w, https:\/\/lydenim.com\/wp-content\/uploads\/2025\/06\/Digital-Lace-18x8.jpg 18w, https:\/\/lydenim.com\/wp-content\/uploads\/2025\/06\/Digital-Lace-600x267.jpg 600w, https:\/\/lydenim.com\/wp-content\/uploads\/2025\/06\/Digital-Lace-150x67.jpg 150w\" sizes=\"auto, (max-width: 600px) 100vw, 600px\" \/><p id=\"caption-attachment-5498\" class=\"wp-caption-text\">Encaje digital<\/p><\/div><\/li>\n<li data-start=\"6644\" data-end=\"6831\">\n<p data-start=\"6646\" data-end=\"6831\"><strong data-start=\"6646\" data-end=\"6674\">Telas con textura arrugada<\/strong><br data-start=\"6674\" data-end=\"6677\" \/>Creado con acabados o tejidos especiales como <strong data-start=\"6724\" data-end=\"6738\">seersucker<\/strong>, <strong data-start=\"6740\" data-end=\"6760\">arrugas org\u00e1nicas<\/strong>, y <strong data-start=\"6766\" data-end=\"6790\">contracci\u00f3n controlada<\/strong>, combinando transpirabilidad con estructura.<\/p>\n<p><div id=\"attachment_5497\" style=\"width: 610px\" class=\"wp-caption aligncenter\"><img loading=\"lazy\" decoding=\"async\" aria-describedby=\"caption-attachment-5497\" class=\"wp-image-5497\" src=\"https:\/\/lydenim.com\/wp-content\/uploads\/2025\/06\/Crinkled-Texture-Fabrics-scaled.jpg\" alt=\"\" width=\"600\" height=\"160\" srcset=\"https:\/\/lydenim.com\/wp-content\/uploads\/2025\/06\/Crinkled-Texture-Fabrics-scaled.jpg 2560w, https:\/\/lydenim.com\/wp-content\/uploads\/2025\/06\/Crinkled-Texture-Fabrics-300x80.jpg 300w, https:\/\/lydenim.com\/wp-content\/uploads\/2025\/06\/Crinkled-Texture-Fabrics-1024x273.jpg 1024w, https:\/\/lydenim.com\/wp-content\/uploads\/2025\/06\/Crinkled-Texture-Fabrics-768x205.jpg 768w, https:\/\/lydenim.com\/wp-content\/uploads\/2025\/06\/Crinkled-Texture-Fabrics-1536x410.jpg 1536w, https:\/\/lydenim.com\/wp-content\/uploads\/2025\/06\/Crinkled-Texture-Fabrics-2048x546.jpg 2048w, https:\/\/lydenim.com\/wp-content\/uploads\/2025\/06\/Crinkled-Texture-Fabrics-18x5.jpg 18w, https:\/\/lydenim.com\/wp-content\/uploads\/2025\/06\/Crinkled-Texture-Fabrics-600x160.jpg 600w, https:\/\/lydenim.com\/wp-content\/uploads\/2025\/06\/Crinkled-Texture-Fabrics-150x40.jpg 150w\" sizes=\"auto, (max-width: 600px) 100vw, 600px\" \/><p id=\"caption-attachment-5497\" class=\"wp-caption-text\">Telas con textura arrugada<\/p><\/div><\/li>\n<\/ul>\n<h2 data-start=\"6838\" data-end=\"6861\"><strong data-start=\"6841\" data-end=\"6861\">Parte IV: Resumen<\/strong><\/h2>\n<p data-start=\"6863\" data-end=\"7164\">La primavera\/verano 2026 abraza <strong data-start=\"6891\" data-end=\"6909\">fusi\u00f3n diversa<\/strong> y anima <strong data-start=\"6925\" data-end=\"6956\">moda relajada y expresiva<\/strong>Las siluetas fluidas evocan calma, como <strong data-start=\"6995\" data-end=\"7015\">merengue batido<\/strong>La temporada integra <strong data-start=\"7039\" data-end=\"7068\">responsabilidad ecol\u00f3gica<\/strong> y <strong data-start=\"7073\" data-end=\"7097\">inteligencia natural<\/strong>, visible en <strong data-start=\"7110\" data-end=\"7132\">texturas similares a la corteza<\/strong> y <strong data-start=\"7137\" data-end=\"7163\">efectos de superficie erosionada<\/strong>.<\/p>\n<h2 data-start=\"7171\" data-end=\"7207\"><strong data-start=\"7174\" data-end=\"7207\">Para compra o personalizaci\u00f3n<\/strong><\/h2>\n<p data-start=\"7209\" data-end=\"7422\">\u00bfEst\u00e1s buscando comprar o dise\u00f1ar moda personalizada que se adapte a tu estilo personal y forma corporal?<br data-start=\"7294\" data-end=\"7297\" \/>\ud83d\udce9 <strong data-start=\"7300\" data-end=\"7315\">Cont\u00e1ctanos:<\/strong> <a class=\"cursor-pointer\" rel=\"noopener\" data-start=\"7316\" data-end=\"7363\">malone@lydenim.com<\/a><br data-start=\"7363\" data-end=\"7366\" \/>\ud83c\udf10 <strong data-start=\"7369\" data-end=\"7379\">Visita:<\/strong> <a class=\"\" href=\"https:\/\/lydenim.com\/es\/\" target=\"_new\" rel=\"noopener\" data-start=\"7380\" data-end=\"7422\">www.lydenim.com<\/a><\/p>\n<h2 data-start=\"7429\" data-end=\"7464\"><strong data-start=\"7432\" data-end=\"7464\">\u00bfNecesita ayuda para seleccionar telas?<\/strong><\/h2>\n<p data-start=\"7466\" data-end=\"7649\">\u00bfSe siente abrumado por las opciones?<br data-start=\"7497\" data-end=\"7500\" \/>\ud83d\udecd\ufe0f Explore nuestra selecci\u00f3n de telas curadas en <strong data-start=\"7543\" data-end=\"7585\"><a class=\"\" href=\"https:\/\/lydenim.com\/es\/\" target=\"_new\" rel=\"noopener\" data-start=\"7545\" data-end=\"7583\">es.lydenim.com<\/a><\/strong><br data-start=\"7585\" data-end=\"7588\" \/>\ud83d\udd0d Para m\u00e1s estilos, explora nuestra <a href=\"http:\/\/liangyuantextile.m.en.alibaba.com\"><strong data-start=\"7620\" data-end=\"7649\">Colecci\u00f3n de prendas de Alibaba<\/strong><\/a><\/p>\n<h2 data-start=\"7656\" data-end=\"7682\"><strong data-start=\"7659\" data-end=\"7682\">\u00bfQuieres saber m\u00e1s?<\/strong><\/h2>\n<p data-start=\"7684\" data-end=\"7775\">\ud83d\udce7 Para m\u00e1s consultas u oportunidades de colaboraci\u00f3n, env\u00edenos un correo electr\u00f3nico a <strong data-start=\"7753\" data-end=\"7775\"><a class=\"cursor-pointer\" href=\"mailto:malone@lydenim.com\" rel=\"noopener\" data-start=\"7755\" data-end=\"7773\">malone@lydenim.com<\/a><\/strong><\/p>","protected":false},"excerpt":{"rendered":"<p>Tiempo estimado de lectura: ~6 minutos Parte I: Tendencias de color: an\u00e1lisis de diez paletas de colores clave Las tendencias de color para<\/p>","protected":false},"author":1,"featured_media":5514,"comment_status":"open","ping_status":"open","sticky":false,"template":"","format":"standard","meta":{"two_page_speed":[],"footnotes":""},"categories":[76],"tags":[],"class_list":["post-5493","post","type-post","status-publish","format-standard","has-post-thumbnail","hentry","category-garment"],"aioseo_notices":[],"_links":{"self":[{"href":"https:\/\/lydenim.com\/es\/wp-json\/wp\/v2\/posts\/5493","targetHints":{"allow":["GET"]}}],"collection":[{"href":"https:\/\/lydenim.com\/es\/wp-json\/wp\/v2\/posts"}],"about":[{"href":"https:\/\/lydenim.com\/es\/wp-json\/wp\/v2\/types\/post"}],"author":[{"embeddable":true,"href":"https:\/\/lydenim.com\/es\/wp-json\/wp\/v2\/users\/1"}],"replies":[{"embeddable":true,"href":"https:\/\/lydenim.com\/es\/wp-json\/wp\/v2\/comments?post=5493"}],"version-history":[{"count":3,"href":"https:\/\/lydenim.com\/es\/wp-json\/wp\/v2\/posts\/5493\/revisions"}],"predecessor-version":[{"id":6355,"href":"https:\/\/lydenim.com\/es\/wp-json\/wp\/v2\/posts\/5493\/revisions\/6355"}],"wp:featuredmedia":[{"embeddable":true,"href":"https:\/\/lydenim.com\/es\/wp-json\/wp\/v2\/media\/5514"}],"wp:attachment":[{"href":"https:\/\/lydenim.com\/es\/wp-json\/wp\/v2\/media?parent=5493"}],"wp:term":[{"taxonomy":"category","embeddable":true,"href":"https:\/\/lydenim.com\/es\/wp-json\/wp\/v2\/categories?post=5493"},{"taxonomy":"post_tag","embeddable":true,"href":"https:\/\/lydenim.com\/es\/wp-json\/wp\/v2\/tags?post=5493"}],"curies":[{"name":"wp","href":"https:\/\/api.w.org\/{rel}","templated":true}]}}