{"id":5515,"date":"2025-06-22T12:04:55","date_gmt":"2025-06-22T04:04:55","guid":{"rendered":"https:\/\/lydenim.com\/?p=5515"},"modified":"2025-08-24T13:33:56","modified_gmt":"2025-08-24T05:33:56","slug":"what-is-cold-transfer-denim","status":"publish","type":"post","link":"https:\/\/lydenim.com\/es\/que-es-la-mezclilla-de-transferencia-en-frio\/","title":{"rendered":"\u00bfQu\u00e9 es el Denim de Transferencia en Fr\u00edo?"},"content":{"rendered":"<h2 data-pm-slice=\"1 1 []\">Tiempo estimado de lectura: ~5 minutos<\/h2>\n<h2 data-start=\"426\" data-end=\"445\"><strong data-start=\"429\" data-end=\"445\">Introducci\u00f3n<\/strong><\/h2>\n<p data-start=\"447\" data-end=\"766\">A medida que la sostenibilidad se convierte en una preocupaci\u00f3n central en la industria de la moda, la producci\u00f3n tradicional de mezclilla se enfrenta a un escrutinio riguroso por su alto consumo de agua y productos qu\u00edmicos. Se estima que cada par de jeans requiere entre 50 y 100 litros de agua e implica el uso de productos qu\u00edmicos como el cloro y la sosa c\u00e1ustica, lo que plantea riesgos ambientales y para la salud.<\/p>\n<p data-start=\"768\" data-end=\"1000\"><strong data-start=\"768\" data-end=\"802\">Tecnolog\u00eda de mezclilla de transferencia en fr\u00edo<\/strong> surge como una soluci\u00f3n innovadora. Aprovecha <strong data-start=\"851\" data-end=\"899\">Procesos de impresi\u00f3n digital y transferencia en fr\u00edo<\/strong> para reducir el consumo de recursos al tiempo que ofrece <strong data-start=\"946\" data-end=\"959\">eficiente<\/strong> y <strong data-start=\"964\" data-end=\"980\">personalizado<\/strong> m\u00e9todos de producci\u00f3n.<\/p>\n<p data-start=\"1002\" data-end=\"1024\">Este art\u00edculo explora:<\/p>\n<ul data-start=\"1026\" data-end=\"1190\">\n<li data-start=\"1026\" data-end=\"1057\">\n<p data-start=\"1028\" data-end=\"1057\">\u00bfQu\u00e9 es el denim de transferencia en fr\u00edo?<\/p>\n<\/li>\n<li data-start=\"1058\" data-end=\"1103\">\n<p data-start=\"1060\" data-end=\"1103\">En qu\u00e9 se diferencia de los procesos tradicionales<\/p>\n<\/li>\n<li data-start=\"1104\" data-end=\"1145\">\n<p data-start=\"1106\" data-end=\"1145\">Sus ventajas y perspectivas de la industria<\/p>\n<\/li>\n<li data-start=\"1146\" data-end=\"1190\">\n<p data-start=\"1148\" data-end=\"1190\">Consideraciones clave para marcas y compradores<\/p>\n<\/li>\n<\/ul>\n<div id=\"attachment_5522\" style=\"width: 610px\" class=\"wp-caption aligncenter\"><img loading=\"lazy\" decoding=\"async\" aria-describedby=\"caption-attachment-5522\" class=\"wp-image-5522\" src=\"https:\/\/lydenim.com\/wp-content\/uploads\/2025\/06\/IMG_6589-\u62f7\u8d1d.jpg\" alt=\"\" width=\"600\" height=\"802\" srcset=\"https:\/\/lydenim.com\/wp-content\/uploads\/2025\/06\/IMG_6589-\u62f7\u8d1d.jpg 1242w, https:\/\/lydenim.com\/wp-content\/uploads\/2025\/06\/IMG_6589-\u62f7\u8d1d-224x300.jpg 224w, https:\/\/lydenim.com\/wp-content\/uploads\/2025\/06\/IMG_6589-\u62f7\u8d1d-766x1024.jpg 766w, https:\/\/lydenim.com\/wp-content\/uploads\/2025\/06\/IMG_6589-\u62f7\u8d1d-768x1026.jpg 768w, https:\/\/lydenim.com\/wp-content\/uploads\/2025\/06\/IMG_6589-\u62f7\u8d1d-1149x1536.jpg 1149w, https:\/\/lydenim.com\/wp-content\/uploads\/2025\/06\/IMG_6589-\u62f7\u8d1d-9x12.jpg 9w, https:\/\/lydenim.com\/wp-content\/uploads\/2025\/06\/IMG_6589-\u62f7\u8d1d-600x802.jpg 600w, https:\/\/lydenim.com\/wp-content\/uploads\/2025\/06\/IMG_6589-\u62f7\u8d1d-150x200.jpg 150w\" sizes=\"auto, (max-width: 600px) 100vw, 600px\" \/><p id=\"caption-attachment-5522\" class=\"wp-caption-text\">Denim de transferencia en fr\u00edo<\/p><\/div>\n<h2 data-start=\"1197\" data-end=\"1232\"><strong data-start=\"1200\" data-end=\"1232\">\u00bfQu\u00e9 es el Denim de Transferencia en Fr\u00edo?<\/strong><\/h2>\n<p data-start=\"1234\" data-end=\"1391\">La transferencia en fr\u00edo de mezclilla es un m\u00e9todo de alta tecnolog\u00eda en el que los patrones de mezclilla dise\u00f1ados digitalmente se transfieren a telas de mezclilla blancas utilizando <strong data-start=\"1363\" data-end=\"1390\">equipo de transferencia de fr\u00edo<\/strong>.<\/p>\n<h3 data-start=\"1393\" data-end=\"1420\">\u2714 El Proceso Incluye:<\/h3>\n<ol data-start=\"1422\" data-end=\"1633\">\n<li data-start=\"1422\" data-end=\"1515\">\n<p data-start=\"1425\" data-end=\"1515\"><strong data-start=\"1425\" data-end=\"1445\">Impresi\u00f3n digital<\/strong> de texturas y efectos de mezclilla sobre una pel\u00edcula de transferencia utilizando tinta reactiva<\/p>\n<\/li>\n<li data-start=\"1516\" data-end=\"1585\">\n<p data-start=\"1519\" data-end=\"1585\">Usando <strong data-start=\"1525\" data-end=\"1552\">maquinaria de transferencia de fr\u00edo<\/strong> para aplicar la impresi\u00f3n sobre la tela<\/p>\n<\/li>\n<li data-start=\"1586\" data-end=\"1633\">\n<p data-start=\"1589\" data-end=\"1633\">Final <strong data-start=\"1595\" data-end=\"1633\">corte, costura y lavado ligero<\/strong><\/p>\n<\/li>\n<\/ol>\n<p data-start=\"1635\" data-end=\"1791\">Marcas como <strong data-start=\"1647\" data-end=\"1656\">SHEIN<\/strong> ya han adoptado este enfoque. En 2024, se inform\u00f3 que la marca produjo m\u00e1s de <strong data-start=\"1737\" data-end=\"1757\">380.000 prendas<\/strong>, ahorrando <strong data-start=\"1766\" data-end=\"1790\">19.500 toneladas de agua<\/strong>.<\/p>\n<div id=\"attachment_5525\" style=\"width: 610px\" class=\"wp-caption aligncenter\"><img loading=\"lazy\" decoding=\"async\" aria-describedby=\"caption-attachment-5525\" class=\"wp-image-5525\" src=\"https:\/\/lydenim.com\/wp-content\/uploads\/2025\/06\/IMG_6598-\u62f7\u8d1d.jpg\" alt=\"\" width=\"600\" height=\"800\" srcset=\"https:\/\/lydenim.com\/wp-content\/uploads\/2025\/06\/IMG_6598-\u62f7\u8d1d.jpg 1245w, https:\/\/lydenim.com\/wp-content\/uploads\/2025\/06\/IMG_6598-\u62f7\u8d1d-225x300.jpg 225w, https:\/\/lydenim.com\/wp-content\/uploads\/2025\/06\/IMG_6598-\u62f7\u8d1d-768x1024.jpg 768w, https:\/\/lydenim.com\/wp-content\/uploads\/2025\/06\/IMG_6598-\u62f7\u8d1d-1152x1536.jpg 1152w, https:\/\/lydenim.com\/wp-content\/uploads\/2025\/06\/IMG_6598-\u62f7\u8d1d-9x12.jpg 9w, https:\/\/lydenim.com\/wp-content\/uploads\/2025\/06\/IMG_6598-\u62f7\u8d1d-600x800.jpg 600w, https:\/\/lydenim.com\/wp-content\/uploads\/2025\/06\/IMG_6598-\u62f7\u8d1d-150x200.jpg 150w\" sizes=\"auto, (max-width: 600px) 100vw, 600px\" \/><p id=\"caption-attachment-5525\" class=\"wp-caption-text\">Denim de transferencia en fr\u00edo<\/p><\/div>\n<h2 data-start=\"1798\" data-end=\"1849\"><strong data-start=\"1801\" data-end=\"1849\">Diferencias con los procesos tradicionales del denim<\/strong><\/h2>\n<p data-start=\"1851\" data-end=\"1990\">La fabricaci\u00f3n tradicional de denim incluye tejido, te\u00f1ido \u00edndigo, lavado repetido y abrasi\u00f3n, procesos que requieren un uso intensivo de recursos y mano de obra.<\/p>\n<div class=\"_tableContainer_16hzy_1\">\n<div class=\"_tableWrapper_16hzy_14 group flex w-fit flex-col-reverse\" tabindex=\"-1\">\n<table class=\"w-fit min-w-(--thread-content-width)\" style=\"height: 185px;\" width=\"982\" data-start=\"1992\" data-end=\"2428\">\n<thead data-start=\"1992\" data-end=\"2046\">\n<tr data-start=\"1992\" data-end=\"2046\">\n<th data-start=\"1992\" data-end=\"2001\" data-col-size=\"sm\">Aspecto<\/th>\n<th data-start=\"2001\" data-end=\"2023\" data-col-size=\"sm\">Proceso tradicional<\/th>\n<th data-start=\"2023\" data-end=\"2046\" data-col-size=\"sm\">Denim de transferencia en fr\u00edo<\/th>\n<\/tr>\n<\/thead>\n<tbody data-start=\"2102\" data-end=\"2428\">\n<tr data-start=\"2102\" data-end=\"2157\">\n<td data-start=\"2102\" data-end=\"2114\" data-col-size=\"sm\">Uso del agua<\/td>\n<td data-col-size=\"sm\" data-start=\"2114\" data-end=\"2137\">Alto (50\u2013100 L\/vaquero)<\/td>\n<td data-col-size=\"sm\" data-start=\"2137\" data-end=\"2157\">70.5% menos agua<\/td>\n<\/tr>\n<tr data-start=\"2158\" data-end=\"2220\">\n<td data-start=\"2158\" data-end=\"2170\" data-col-size=\"sm\">Productos qu\u00edmicos<\/td>\n<td data-col-size=\"sm\" data-start=\"2170\" data-end=\"2196\">Utiliza cloro y carbonato de sodio.<\/td>\n<td data-col-size=\"sm\" data-start=\"2196\" data-end=\"2220\">Sin qu\u00edmicos nocivos<\/td>\n<\/tr>\n<tr data-start=\"2221\" data-end=\"2284\">\n<td data-start=\"2221\" data-end=\"2233\" data-col-size=\"sm\">Plazo de entrega<\/td>\n<td data-col-size=\"sm\" data-start=\"2233\" data-end=\"2257\">Ciclo de producci\u00f3n largo<\/td>\n<td data-col-size=\"sm\" data-start=\"2257\" data-end=\"2284\">Entrega r\u00e1pida en 15 d\u00edas<\/td>\n<\/tr>\n<tr data-start=\"2285\" data-end=\"2355\">\n<td data-start=\"2285\" data-end=\"2295\" data-col-size=\"sm\">Proceso<\/td>\n<td data-col-size=\"sm\" data-start=\"2295\" data-end=\"2321\">Multipaso y abrasivo<\/td>\n<td data-col-size=\"sm\" data-start=\"2321\" data-end=\"2355\">Digital, limpio y simplificado<\/td>\n<\/tr>\n<tr data-start=\"2356\" data-end=\"2428\">\n<td data-start=\"2356\" data-end=\"2365\" data-col-size=\"sm\">Seguridad<\/td>\n<td data-col-size=\"sm\" data-start=\"2365\" data-end=\"2396\">Exposici\u00f3n de los trabajadores a sustancias qu\u00edmicas<\/td>\n<td data-col-size=\"sm\" data-start=\"2396\" data-end=\"2428\">Entorno de producci\u00f3n m\u00e1s seguro<\/td>\n<\/tr>\n<\/tbody>\n<\/table>\n<div class=\"sticky end-(--thread-content-margin) h-0 self-end select-none\">\n<div class=\"absolute end-0 flex items-end\"><\/div>\n<\/div>\n<\/div>\n<\/div>\n<p data-start=\"2430\" data-end=\"2583\"><strong data-start=\"2430\" data-end=\"2460\">Verificado por Bureau Veritas<\/strong>, la transferencia de fr\u00edo reduce significativamente ambos <strong data-start=\"2503\" data-end=\"2516\">uso del agua<\/strong> y <strong data-start=\"2521\" data-end=\"2542\">exposici\u00f3n qu\u00edmica<\/strong>, convirti\u00e9ndolo en una alternativa m\u00e1s segura y ecol\u00f3gica.<\/p>\n<h2 data-start=\"2590\" data-end=\"2630\"><img loading=\"lazy\" decoding=\"async\" class=\"aligncenter wp-image-5524\" src=\"https:\/\/lydenim.com\/wp-content\/uploads\/2025\/06\/IMG_6597.jpg\" alt=\"\" width=\"600\" height=\"605\" srcset=\"https:\/\/lydenim.com\/wp-content\/uploads\/2025\/06\/IMG_6597.jpg 1245w, https:\/\/lydenim.com\/wp-content\/uploads\/2025\/06\/IMG_6597-297x300.jpg 297w, https:\/\/lydenim.com\/wp-content\/uploads\/2025\/06\/IMG_6597-1015x1024.jpg 1015w, https:\/\/lydenim.com\/wp-content\/uploads\/2025\/06\/IMG_6597-150x151.jpg 150w, https:\/\/lydenim.com\/wp-content\/uploads\/2025\/06\/IMG_6597-768x775.jpg 768w, https:\/\/lydenim.com\/wp-content\/uploads\/2025\/06\/IMG_6597-12x12.jpg 12w, https:\/\/lydenim.com\/wp-content\/uploads\/2025\/06\/IMG_6597-600x605.jpg 600w\" sizes=\"auto, (max-width: 600px) 100vw, 600px\" \/><\/h2>\n<h2 data-start=\"2590\" data-end=\"2630\"><strong data-start=\"2593\" data-end=\"2630\">Ventajas de la impresi\u00f3n en fr\u00edo de mezclilla<\/strong><\/h2>\n<h3 data-start=\"2632\" data-end=\"2662\">\u2705 <strong data-start=\"2638\" data-end=\"2662\">1. Producci\u00f3n m\u00e1s r\u00e1pida<\/strong><\/h3>\n<p data-start=\"2664\" data-end=\"2761\">Se pueden completar lotes peque\u00f1os en <strong data-start=\"2698\" data-end=\"2709\">15 d\u00edas<\/strong>, ideal para <strong data-start=\"2721\" data-end=\"2737\">moda r\u00e1pida<\/strong> o <strong data-start=\"2741\" data-end=\"2760\">gotas a pedido<\/strong>.<\/p>\n<h3 data-start=\"2763\" data-end=\"2791\">\u2705 <strong data-start=\"2769\" data-end=\"2791\">2. Rentabilidad<\/strong><\/h3>\n<ul data-start=\"2793\" data-end=\"2960\">\n<li data-start=\"2793\" data-end=\"2852\">\n<p data-start=\"2795\" data-end=\"2852\">Elimina la necesidad de lavados qu\u00edmicos que consumen mucha agua.<\/p>\n<\/li>\n<li data-start=\"2853\" data-end=\"2907\">\n<p data-start=\"2855\" data-end=\"2907\">Reduce los costes laborales y energ\u00e9ticos para efectos complejos<\/p>\n<\/li>\n<li data-start=\"2908\" data-end=\"2960\">\n<p data-start=\"2910\" data-end=\"2960\">Rentable para <strong data-start=\"2929\" data-end=\"2960\">dise\u00f1os \u00fanicos o intrincados<\/strong><\/p>\n<\/li>\n<\/ul>\n<h3 data-start=\"2962\" data-end=\"3000\">\u2705 <strong data-start=\"2968\" data-end=\"3000\">3. Flexibilidad de personalizaci\u00f3n<\/strong><\/h3>\n<ul data-start=\"3002\" data-end=\"3149\">\n<li data-start=\"3002\" data-end=\"3057\">\n<p data-start=\"3004\" data-end=\"3057\">Admite diversos tejidos como algod\u00f3n y mezclas de algod\u00f3n.<\/p>\n<\/li>\n<li data-start=\"3058\" data-end=\"3098\">\n<p data-start=\"3060\" data-end=\"3098\">Opciones ilimitadas de dise\u00f1o y patrones.<\/p>\n<\/li>\n<li data-start=\"3099\" data-end=\"3149\">\n<p data-start=\"3101\" data-end=\"3149\">Perfecto para <strong data-start=\"3113\" data-end=\"3149\">colecciones de moda personalizadas<\/strong><\/p>\n<\/li>\n<\/ul>\n<h3 data-start=\"3151\" data-end=\"3184\">\u2705 <strong data-start=\"3157\" data-end=\"3184\">4. Impacto ambiental<\/strong><\/h3>\n<ul data-start=\"3186\" data-end=\"3359\">\n<li data-start=\"3186\" data-end=\"3222\">\n<p data-start=\"3188\" data-end=\"3222\">Verificado <strong data-start=\"3197\" data-end=\"3220\">70.5% ahorro de agua<\/strong><\/p>\n<\/li>\n<li data-start=\"3223\" data-end=\"3258\">\n<p data-start=\"3225\" data-end=\"3258\"><strong data-start=\"3225\" data-end=\"3256\">Sin descargas qu\u00edmicas t\u00f3xicas<\/strong><\/p>\n<\/li>\n<li data-start=\"3259\" data-end=\"3306\">\n<p data-start=\"3261\" data-end=\"3306\">Soportes <strong data-start=\"3270\" data-end=\"3304\">abastecimiento de tejidos neutros en carbono<\/strong><\/p>\n<\/li>\n<li data-start=\"3307\" data-end=\"3359\">\n<p data-start=\"3309\" data-end=\"3359\">Se alinea con <strong data-start=\"3321\" data-end=\"3334\">Objetivos ESG<\/strong> en moda sostenible<\/p>\n<\/li>\n<\/ul>\n<h3 data-start=\"3361\" data-end=\"3383\">\u26a0\ufe0f Consideraciones:<\/h3>\n<ul data-start=\"3385\" data-end=\"3496\">\n<li data-start=\"3385\" data-end=\"3438\">\n<p data-start=\"3387\" data-end=\"3438\">El costo inicial del equipo es alto (aprox. $250,000)<\/p>\n<\/li>\n<li data-start=\"3439\" data-end=\"3496\">\n<p data-start=\"3441\" data-end=\"3496\">Alguno <strong data-start=\"3446\" data-end=\"3464\">tejidos recubiertos<\/strong> Puede afectar la suavidad y la comodidad.<img loading=\"lazy\" decoding=\"async\" class=\"aligncenter wp-image-5520\" src=\"https:\/\/lydenim.com\/wp-content\/uploads\/2025\/06\/IMG_6579.jpg\" alt=\"\" width=\"600\" height=\"800\" srcset=\"https:\/\/lydenim.com\/wp-content\/uploads\/2025\/06\/IMG_6579.jpg 1280w, https:\/\/lydenim.com\/wp-content\/uploads\/2025\/06\/IMG_6579-225x300.jpg 225w, https:\/\/lydenim.com\/wp-content\/uploads\/2025\/06\/IMG_6579-768x1024.jpg 768w, https:\/\/lydenim.com\/wp-content\/uploads\/2025\/06\/IMG_6579-1152x1536.jpg 1152w, https:\/\/lydenim.com\/wp-content\/uploads\/2025\/06\/IMG_6579-9x12.jpg 9w, https:\/\/lydenim.com\/wp-content\/uploads\/2025\/06\/IMG_6579-600x800.jpg 600w, https:\/\/lydenim.com\/wp-content\/uploads\/2025\/06\/IMG_6579-150x200.jpg 150w\" sizes=\"auto, (max-width: 600px) 100vw, 600px\" \/><\/p>\n<\/li>\n<\/ul>\n<h2 data-start=\"3503\" data-end=\"3543\"><strong data-start=\"3506\" data-end=\"3543\">Aplicaciones y perspectivas de la industria<\/strong><\/h2>\n<ul data-start=\"3545\" data-end=\"3817\">\n<li data-start=\"3545\" data-end=\"3601\">\n<p data-start=\"3547\" data-end=\"3601\">Ya escalado por <strong data-start=\"3565\" data-end=\"3588\">marcas de moda r\u00e1pida<\/strong> como SHEIN<\/p>\n<\/li>\n<li data-start=\"3602\" data-end=\"3697\">\n<p data-start=\"3604\" data-end=\"3697\">Ideal para <strong data-start=\"3614\" data-end=\"3643\">colecciones ecoconscientes<\/strong>, <strong data-start=\"3645\" data-end=\"3667\">gotas de mezclilla personalizadas<\/strong>, y <strong data-start=\"3673\" data-end=\"3695\">sellos independientes<\/strong><\/p>\n<\/li>\n<li data-start=\"3698\" data-end=\"3817\">\n<p data-start=\"3700\" data-end=\"3817\">Las aplicaciones futuras incluyen <strong data-start=\"3728\" data-end=\"3745\">mezclilla premium<\/strong>, <strong data-start=\"3747\" data-end=\"3778\">Personalizaci\u00f3n asistida por IA<\/strong>, y <strong data-start=\"3784\" data-end=\"3817\">comercio electr\u00f3nico de personalizaci\u00f3n masiva<\/strong><\/p>\n<\/li>\n<\/ul>\n<h2 data-start=\"3824\" data-end=\"3869\"><strong data-start=\"3827\" data-end=\"3869\">C\u00f3mo elegir el denim de transferencia en fr\u00edo adecuado<\/strong><\/h2>\n<h3 data-start=\"3871\" data-end=\"3905\">\u2714 Consejos para compradores y dise\u00f1adores:<\/h3>\n<ul data-start=\"3907\" data-end=\"4277\">\n<li data-start=\"3907\" data-end=\"3981\">\n<p data-start=\"3909\" data-end=\"3932\"><strong data-start=\"3909\" data-end=\"3929\">Selecci\u00f3n de peso<\/strong>:<\/p>\n<ul data-start=\"3935\" data-end=\"3981\">\n<li data-start=\"3935\" data-end=\"3954\">\n<p data-start=\"3937\" data-end=\"3954\">Vaqueros: 10\u201315 oz<\/p>\n<\/li>\n<li data-start=\"3957\" data-end=\"3981\">\n<p data-start=\"3959\" data-end=\"3981\">Faldas\/Chaquetas: 5\u20139 oz<\/p>\n<\/li>\n<\/ul>\n<\/li>\n<li data-start=\"3983\" data-end=\"4079\">\n<p data-start=\"3985\" data-end=\"4003\"><strong data-start=\"3985\" data-end=\"4000\">Tipo de dise\u00f1o<\/strong>:<\/p>\n<ul data-start=\"4006\" data-end=\"4079\">\n<li data-start=\"4006\" data-end=\"4079\">\n<p data-start=\"4008\" data-end=\"4079\">Ideal para desvanecimientos fotorrealistas, efectos vintage e impresiones experimentales.<\/p>\n<\/li>\n<\/ul>\n<\/li>\n<li data-start=\"4081\" data-end=\"4161\">\n<p data-start=\"4083\" data-end=\"4102\"><strong data-start=\"4083\" data-end=\"4099\">Prioridad ecol\u00f3gica<\/strong>:<\/p>\n<ul data-start=\"4190\" data-end=\"4277\">\n<li data-start=\"4105\" data-end=\"4161\">\n<p data-start=\"4107\" data-end=\"4161\">Elegir <strong data-start=\"4114\" data-end=\"4138\">bases de algod\u00f3n org\u00e1nico<\/strong> y <strong data-start=\"4143\" data-end=\"4161\">tintas no t\u00f3xicas<img loading=\"lazy\" decoding=\"async\" class=\"aligncenter wp-image-5521\" src=\"https:\/\/lydenim.com\/wp-content\/uploads\/2025\/06\/IMG_6580-\u62f7\u8d1d-scaled.jpg\" alt=\"\" width=\"600\" height=\"800\" srcset=\"https:\/\/lydenim.com\/wp-content\/uploads\/2025\/06\/IMG_6580-\u62f7\u8d1d-scaled.jpg 1920w, https:\/\/lydenim.com\/wp-content\/uploads\/2025\/06\/IMG_6580-\u62f7\u8d1d-225x300.jpg 225w, https:\/\/lydenim.com\/wp-content\/uploads\/2025\/06\/IMG_6580-\u62f7\u8d1d-768x1024.jpg 768w, https:\/\/lydenim.com\/wp-content\/uploads\/2025\/06\/IMG_6580-\u62f7\u8d1d-1152x1536.jpg 1152w, https:\/\/lydenim.com\/wp-content\/uploads\/2025\/06\/IMG_6580-\u62f7\u8d1d-1536x2048.jpg 1536w, https:\/\/lydenim.com\/wp-content\/uploads\/2025\/06\/IMG_6580-\u62f7\u8d1d-9x12.jpg 9w, https:\/\/lydenim.com\/wp-content\/uploads\/2025\/06\/IMG_6580-\u62f7\u8d1d-600x800.jpg 600w, https:\/\/lydenim.com\/wp-content\/uploads\/2025\/06\/IMG_6580-\u62f7\u8d1d-150x200.jpg 150w\" sizes=\"auto, (max-width: 600px) 100vw, 600px\" \/><\/strong><\/p>\n<\/li>\n<\/ul>\n<\/li>\n<\/ul>\n<h2 data-start=\"4284\" data-end=\"4301\"><strong data-start=\"4287\" data-end=\"4301\">Conclusi\u00f3n<\/strong><\/h2>\n<p data-start=\"4303\" data-end=\"4562\"><strong data-start=\"4303\" data-end=\"4326\">Denim de transferencia en fr\u00edo<\/strong> es m\u00e1s que una tendencia, es una <strong data-start=\"4355\" data-end=\"4373\">transformaci\u00f3n<\/strong> En la producci\u00f3n de mezclilla. Al reducir el uso de agua, evitar productos qu\u00edmicos nocivos y permitir la libertad creativa, este m\u00e9todo equilibra <strong data-start=\"4498\" data-end=\"4561\">eficiencia, personalizaci\u00f3n y responsabilidad ambiental<\/strong>.<\/p>\n<p data-start=\"4564\" data-end=\"4669\">Ayuda a las marcas de moda a satisfacer las demandas modernas de <strong data-start=\"4612\" data-end=\"4621\">velocidad<\/strong>, <strong data-start=\"4623\" data-end=\"4632\">estilo<\/strong>, y <strong data-start=\"4638\" data-end=\"4656\">sostenibilidad<\/strong> de repente.<img loading=\"lazy\" decoding=\"async\" class=\"aligncenter wp-image-5518\" src=\"https:\/\/lydenim.com\/wp-content\/uploads\/2025\/06\/IMG_6573.jpg\" alt=\"\" width=\"600\" height=\"800\" srcset=\"https:\/\/lydenim.com\/wp-content\/uploads\/2025\/06\/IMG_6573.jpg 1280w, https:\/\/lydenim.com\/wp-content\/uploads\/2025\/06\/IMG_6573-225x300.jpg 225w, https:\/\/lydenim.com\/wp-content\/uploads\/2025\/06\/IMG_6573-768x1024.jpg 768w, https:\/\/lydenim.com\/wp-content\/uploads\/2025\/06\/IMG_6573-1152x1536.jpg 1152w, https:\/\/lydenim.com\/wp-content\/uploads\/2025\/06\/IMG_6573-9x12.jpg 9w, https:\/\/lydenim.com\/wp-content\/uploads\/2025\/06\/IMG_6573-600x800.jpg 600w, https:\/\/lydenim.com\/wp-content\/uploads\/2025\/06\/IMG_6573-150x200.jpg 150w\" sizes=\"auto, (max-width: 600px) 100vw, 600px\" \/><\/p>\n<h2 data-start=\"4676\" data-end=\"4713\"><strong data-start=\"4679\" data-end=\"4713\">Pedidos personalizados y asistencia con telas<\/strong><\/h2>\n<p data-start=\"4715\" data-end=\"4884\">\ud83e\uddf5 <strong data-start=\"4718\" data-end=\"4781\">\u00bfEst\u00e1s buscando personalizar tus propias prendas de mezclilla con transferencia en fr\u00edo?<\/strong><br data-start=\"4781\" data-end=\"4784\" \/>Cont\u00e1ctanos a trav\u00e9s de <strong data-start=\"4799\" data-end=\"4824\">\ud83d\udce7 <a class=\"cursor-pointer\" rel=\"noopener\" data-start=\"4804\" data-end=\"4822\">malone@lydenim.com<\/a><\/strong> o visite <strong data-start=\"4834\" data-end=\"4883\">\ud83c\udf10 <a class=\"\" href=\"https:\/\/lydenim.com\/es\/\" target=\"_new\" rel=\"noopener\" data-start=\"4839\" data-end=\"4881\">www.lydenim.com<\/a><\/strong>.<\/p>\n<p data-start=\"4886\" data-end=\"4899\">Tambi\u00e9n puedes:<\/p>\n<ul data-start=\"4901\" data-end=\"5000\">\n<li data-start=\"4901\" data-end=\"4937\">\n<p data-start=\"4903\" data-end=\"4937\">\ud83d\udccc Explora las telas en nuestra web<\/p>\n<\/li>\n<li data-start=\"4938\" data-end=\"5000\">\n<p data-start=\"4940\" data-end=\"5000\">\ud83d\udecd\ufe0f Explora m\u00e1s estilos y dise\u00f1os en nuestra <a href=\"http:\/\/liangyuantextile.m.en.alibaba.com\"><strong data-start=\"4983\" data-end=\"5000\">Tienda Alibaba<\/strong><\/a><\/p>\n<\/li>\n<\/ul>\n<h2 data-start=\"5007\" data-end=\"5036\"><strong data-start=\"5010\" data-end=\"5036\">\u00bfNecesita m\u00e1s informaci\u00f3n?<\/strong><\/h2>\n<p data-start=\"5038\" data-end=\"5149\">Comun\u00edquese con nuestro equipo para obtener m\u00e1s detalles, orientaci\u00f3n sobre abastecimiento o consultas sobre tendencias.<br data-start=\"5114\" data-end=\"5117\" \/>\ud83d\udce7 <strong data-start=\"5120\" data-end=\"5149\">Correo electr\u00f3nico: <a class=\"cursor-pointer\" href=\"mailto:malone@lydenim.com\" rel=\"noopener\" data-start=\"5129\" data-end=\"5147\">malone@lydenim.com<\/a><\/strong><\/p>","protected":false},"excerpt":{"rendered":"<p>Tiempo estimado de lectura: ~5 minutos Introducci\u00f3n A medida que la sostenibilidad se convierte en una preocupaci\u00f3n central en la industria de la moda, la producci\u00f3n tradicional de mezclilla se enfrenta a<\/p>","protected":false},"author":1,"featured_media":5526,"comment_status":"open","ping_status":"open","sticky":false,"template":"","format":"standard","meta":{"two_page_speed":[],"footnotes":""},"categories":[76],"tags":[],"class_list":["post-5515","post","type-post","status-publish","format-standard","has-post-thumbnail","hentry","category-garment"],"aioseo_notices":[],"_links":{"self":[{"href":"https:\/\/lydenim.com\/es\/wp-json\/wp\/v2\/posts\/5515","targetHints":{"allow":["GET"]}}],"collection":[{"href":"https:\/\/lydenim.com\/es\/wp-json\/wp\/v2\/posts"}],"about":[{"href":"https:\/\/lydenim.com\/es\/wp-json\/wp\/v2\/types\/post"}],"author":[{"embeddable":true,"href":"https:\/\/lydenim.com\/es\/wp-json\/wp\/v2\/users\/1"}],"replies":[{"embeddable":true,"href":"https:\/\/lydenim.com\/es\/wp-json\/wp\/v2\/comments?post=5515"}],"version-history":[{"count":6,"href":"https:\/\/lydenim.com\/es\/wp-json\/wp\/v2\/posts\/5515\/revisions"}],"predecessor-version":[{"id":6353,"href":"https:\/\/lydenim.com\/es\/wp-json\/wp\/v2\/posts\/5515\/revisions\/6353"}],"wp:featuredmedia":[{"embeddable":true,"href":"https:\/\/lydenim.com\/es\/wp-json\/wp\/v2\/media\/5526"}],"wp:attachment":[{"href":"https:\/\/lydenim.com\/es\/wp-json\/wp\/v2\/media?parent=5515"}],"wp:term":[{"taxonomy":"category","embeddable":true,"href":"https:\/\/lydenim.com\/es\/wp-json\/wp\/v2\/categories?post=5515"},{"taxonomy":"post_tag","embeddable":true,"href":"https:\/\/lydenim.com\/es\/wp-json\/wp\/v2\/tags?post=5515"}],"curies":[{"name":"wp","href":"https:\/\/api.w.org\/{rel}","templated":true}]}}