{"id":5533,"date":"2025-06-24T12:06:09","date_gmt":"2025-06-24T04:06:09","guid":{"rendered":"https:\/\/lydenim.com\/?p=5533"},"modified":"2025-06-25T01:45:54","modified_gmt":"2025-06-24T17:45:54","slug":"the-evolution-of-jeans-styles","status":"publish","type":"post","link":"https:\/\/lydenim.com\/es\/la-evolucion-de-los-estilos-de-jeans\/","title":{"rendered":"La evoluci\u00f3n de los estilos de jeans"},"content":{"rendered":"<h3 data-start=\"1674\" data-end=\"1908\">Tiempo estimado de lectura: ~ 6 minutos<\/h3>\n<p data-start=\"1674\" data-end=\"1908\">Andy Warhol expres\u00f3 su sue\u00f1o de desarrollar una prenda similar a los vaqueros, ya que hab\u00edan alcanzado una aceptaci\u00f3n universal atemporal. \u00bfQu\u00e9 requer\u00eda la transformaci\u00f3n de los vaqueros, desde pantalones de trabajo funcionales hasta b\u00e1sicos de moda tan apreciados? Deb\u00edamos seguir la evoluci\u00f3n de los cortes vaqueros a lo largo de la historia.<\/p>\n<blockquote data-start=\"1616\" data-end=\"1672\">\n<div id=\"attachment_5535\" style=\"width: 810px\" class=\"wp-caption aligncenter\"><img loading=\"lazy\" decoding=\"async\" aria-describedby=\"caption-attachment-5535\" class=\"wp-image-5535\" src=\"https:\/\/lydenim.com\/wp-content\/uploads\/2025\/06\/Andy-Warhols-work-22Marilyn-Monroe22.jpg\" alt=\"\" width=\"800\" height=\"795\" srcset=\"https:\/\/lydenim.com\/wp-content\/uploads\/2025\/06\/Andy-Warhols-work-22Marilyn-Monroe22.jpg 1080w, https:\/\/lydenim.com\/wp-content\/uploads\/2025\/06\/Andy-Warhols-work-22Marilyn-Monroe22-300x298.jpg 300w, https:\/\/lydenim.com\/wp-content\/uploads\/2025\/06\/Andy-Warhols-work-22Marilyn-Monroe22-1024x1017.jpg 1024w, https:\/\/lydenim.com\/wp-content\/uploads\/2025\/06\/Andy-Warhols-work-22Marilyn-Monroe22-150x149.jpg 150w, https:\/\/lydenim.com\/wp-content\/uploads\/2025\/06\/Andy-Warhols-work-22Marilyn-Monroe22-768x763.jpg 768w, https:\/\/lydenim.com\/wp-content\/uploads\/2025\/06\/Andy-Warhols-work-22Marilyn-Monroe22-12x12.jpg 12w, https:\/\/lydenim.com\/wp-content\/uploads\/2025\/06\/Andy-Warhols-work-22Marilyn-Monroe22-600x596.jpg 600w\" sizes=\"auto, (max-width: 800px) 100vw, 800px\" \/><p id=\"caption-attachment-5535\" class=\"wp-caption-text\">La obra de Andy Warhol, Marilyn Monroe<\/p><\/div>\n<p style=\"text-align: center;\" data-start=\"1618\" data-end=\"1672\">Andy Warhol declar\u00f3 su deseo de morir mientras vest\u00eda sus jeans azules. \u2014 Andy Warhol<\/p>\n<\/blockquote>\n<h3 data-start=\"1915\" data-end=\"1978\">1. Los or\u00edgenes del denim comienzan con telas de vela francesas que eventualmente se convirtieron en un s\u00edmbolo cultural estadounidense.<\/h3>\n<p data-start=\"1980\" data-end=\"2255\">La serge de N\u00eemes fue un potente material para la navegaci\u00f3n, originario de Francia durante el siglo XV. Cuando los comerciantes ingleses recibieron la tela, la llamaron \u00abdenim\u00bb en lugar de \u00abserge de N\u00eemes\u00bb. Esta tela se convirti\u00f3 en el material predilecto de los mineros de oro y los trabajadores ganaderos estadounidenses, quienes acu\u00f1aron el t\u00e9rmino \u00abjeans\u00bb.<\/p>\n<div id=\"attachment_5537\" style=\"width: 610px\" class=\"wp-caption aligncenter\"><img loading=\"lazy\" decoding=\"async\" aria-describedby=\"caption-attachment-5537\" class=\"wp-image-5537\" src=\"https:\/\/lydenim.com\/wp-content\/uploads\/2025\/06\/DM_20250623201226_003.jpg\" alt=\"\" width=\"600\" height=\"187\" srcset=\"https:\/\/lydenim.com\/wp-content\/uploads\/2025\/06\/DM_20250623201226_003.jpg 579w, https:\/\/lydenim.com\/wp-content\/uploads\/2025\/06\/DM_20250623201226_003-300x93.jpg 300w, https:\/\/lydenim.com\/wp-content\/uploads\/2025\/06\/DM_20250623201226_003-18x6.jpg 18w, https:\/\/lydenim.com\/wp-content\/uploads\/2025\/06\/DM_20250623201226_003-150x47.jpg 150w\" sizes=\"auto, (max-width: 600px) 100vw, 600px\" \/><p id=\"caption-attachment-5537\" class=\"wp-caption-text\">Nim Arena en Francia<\/p><\/div>\n<h3 data-start=\"2262\" data-end=\"2315\">2. El Oeste americano experiment\u00f3 su primera revoluci\u00f3n del denim en la d\u00e9cada de 1880 a trav\u00e9s del estilo holgado de cintura media durante la era de la fiebre del oro.<\/h3>\n<div id=\"attachment_5538\" style=\"width: 610px\" class=\"wp-caption aligncenter\"><img loading=\"lazy\" decoding=\"async\" aria-describedby=\"caption-attachment-5538\" class=\"wp-image-5538\" src=\"https:\/\/lydenim.com\/wp-content\/uploads\/2025\/06\/DM_20250623201226_004.jpg\" alt=\"\" width=\"600\" height=\"385\" srcset=\"https:\/\/lydenim.com\/wp-content\/uploads\/2025\/06\/DM_20250623201226_004.jpg 1080w, https:\/\/lydenim.com\/wp-content\/uploads\/2025\/06\/DM_20250623201226_004-300x193.jpg 300w, https:\/\/lydenim.com\/wp-content\/uploads\/2025\/06\/DM_20250623201226_004-1024x657.jpg 1024w, https:\/\/lydenim.com\/wp-content\/uploads\/2025\/06\/DM_20250623201226_004-768x493.jpg 768w, https:\/\/lydenim.com\/wp-content\/uploads\/2025\/06\/DM_20250623201226_004-18x12.jpg 18w, https:\/\/lydenim.com\/wp-content\/uploads\/2025\/06\/DM_20250623201226_004-600x385.jpg 600w, https:\/\/lydenim.com\/wp-content\/uploads\/2025\/06\/DM_20250623201226_004-150x96.jpg 150w\" sizes=\"auto, (max-width: 600px) 100vw, 600px\" \/><p id=\"caption-attachment-5538\" class=\"wp-caption-text\">Sellos conmemorativos de la \u201cFiebre del Oro\u201d<\/p><\/div>\n<p data-start=\"2317\" data-end=\"2496\">Levi Strauss utiliz\u00f3 tela de lona no vendida para crear pantalones de trabajo resistentes para los mineros de oro. Los primeros jeans aut\u00e9nticos aparecieron despu\u00e9s de que Levi Strauss integrara la sarga \u00edndigo y Jacob Davis implementara el refuerzo con remaches.<\/p>\n<div id=\"attachment_5539\" style=\"width: 610px\" class=\"wp-caption aligncenter\"><img loading=\"lazy\" decoding=\"async\" aria-describedby=\"caption-attachment-5539\" class=\"wp-image-5539\" src=\"https:\/\/lydenim.com\/wp-content\/uploads\/2025\/06\/DM_20250623201226_005.jpg\" alt=\"\" width=\"600\" height=\"922\" srcset=\"https:\/\/lydenim.com\/wp-content\/uploads\/2025\/06\/DM_20250623201226_005.jpg 851w, https:\/\/lydenim.com\/wp-content\/uploads\/2025\/06\/DM_20250623201226_005-195x300.jpg 195w, https:\/\/lydenim.com\/wp-content\/uploads\/2025\/06\/DM_20250623201226_005-666x1024.jpg 666w, https:\/\/lydenim.com\/wp-content\/uploads\/2025\/06\/DM_20250623201226_005-768x1180.jpg 768w, https:\/\/lydenim.com\/wp-content\/uploads\/2025\/06\/DM_20250623201226_005-8x12.jpg 8w, https:\/\/lydenim.com\/wp-content\/uploads\/2025\/06\/DM_20250623201226_005-600x922.jpg 600w, https:\/\/lydenim.com\/wp-content\/uploads\/2025\/06\/DM_20250623201226_005-150x231.jpg 150w\" sizes=\"auto, (max-width: 600px) 100vw, 600px\" \/><p id=\"caption-attachment-5539\" class=\"wp-caption-text\">Levi Strauss, el fundador de \u201cLevi&#039;s\u201d<\/p><\/div>\n<p data-start=\"2498\" data-end=\"2517\"><strong data-start=\"2498\" data-end=\"2517\">Aspectos destacados del ajuste:<\/strong><\/p>\n<ul data-start=\"2518\" data-end=\"2619\">\n<li data-start=\"2518\" data-end=\"2545\">\n<p data-start=\"2520\" data-end=\"2545\">Corte holgado con tirantes<\/p>\n<p><div id=\"attachment_5540\" style=\"width: 610px\" class=\"wp-caption aligncenter\"><img loading=\"lazy\" decoding=\"async\" aria-describedby=\"caption-attachment-5540\" class=\"size-full wp-image-5540\" src=\"https:\/\/lydenim.com\/wp-content\/uploads\/2025\/06\/DM_20250623201226_006.jpg\" alt=\"\" width=\"600\" height=\"337\" srcset=\"https:\/\/lydenim.com\/wp-content\/uploads\/2025\/06\/DM_20250623201226_006.jpg 600w, https:\/\/lydenim.com\/wp-content\/uploads\/2025\/06\/DM_20250623201226_006-300x169.jpg 300w, https:\/\/lydenim.com\/wp-content\/uploads\/2025\/06\/DM_20250623201226_006-18x10.jpg 18w, https:\/\/lydenim.com\/wp-content\/uploads\/2025\/06\/DM_20250623201226_006-150x84.jpg 150w\" sizes=\"auto, (max-width: 600px) 100vw, 600px\" \/><p id=\"caption-attachment-5540\" class=\"wp-caption-text\">Buscadores de oro trabajando en jeans<\/p><\/div><\/li>\n<li data-start=\"2546\" data-end=\"2585\">\n<p data-start=\"2548\" data-end=\"2585\">Cintura ajustable con hebilla trasera.<\/p>\n<p><div id=\"attachment_5541\" style=\"width: 610px\" class=\"wp-caption aligncenter\"><img loading=\"lazy\" decoding=\"async\" aria-describedby=\"caption-attachment-5541\" class=\"wp-image-5541\" src=\"https:\/\/lydenim.com\/wp-content\/uploads\/2025\/06\/DM_20250623201226_007.png\" alt=\"\" width=\"600\" height=\"400\" srcset=\"https:\/\/lydenim.com\/wp-content\/uploads\/2025\/06\/DM_20250623201226_007.png 585w, https:\/\/lydenim.com\/wp-content\/uploads\/2025\/06\/DM_20250623201226_007-300x200.png 300w, https:\/\/lydenim.com\/wp-content\/uploads\/2025\/06\/DM_20250623201226_007-18x12.png 18w, https:\/\/lydenim.com\/wp-content\/uploads\/2025\/06\/DM_20250623201226_007-150x100.png 150w\" sizes=\"auto, (max-width: 600px) 100vw, 600px\" \/><p id=\"caption-attachment-5541\" class=\"wp-caption-text\">Los buscadores de oro que utilizan correas para fijar sus pantalones est\u00e1n seleccionando oro a orillas del r\u00edo.<\/p><\/div><\/li>\n<li data-start=\"2586\" data-end=\"2619\">\n<p data-start=\"2588\" data-end=\"2619\">El dise\u00f1o recto de las patas permit\u00eda a los trabajadores moverse libremente durante su trabajo.<\/p>\n<\/li>\n<\/ul>\n<h3 data-start=\"2626\" data-end=\"2683\">3. Durante la d\u00e9cada de 1930, el Western Fit con piernas rectas se hizo popular debido a la moda vaquera.<\/h3>\n<p data-start=\"2685\" data-end=\"2819\">La popularidad de las pel\u00edculas del oeste en Hollywood y la industria del turismo ranchero propiciaron la adopci\u00f3n generalizada de la moda vaquera. Los jeans se popularizaron como s\u00edmbolo del encanto americano rudo.<\/p>\n<p data-start=\"2821\" data-end=\"2840\"><strong data-start=\"2821\" data-end=\"2840\">Aspectos destacados del ajuste:<\/strong><\/p>\n<ul data-start=\"2841\" data-end=\"2940\">\n<li data-start=\"2841\" data-end=\"2861\">\n<p data-start=\"2843\" data-end=\"2861\">Piernas anchas y rectas<\/p>\n<\/li>\n<li data-start=\"2862\" data-end=\"2899\">\n<p data-start=\"2864\" data-end=\"2899\">Remaches reforzados y bolsillos de parche<\/p>\n<\/li>\n<li data-start=\"2900\" data-end=\"2940\">\n<p data-start=\"2902\" data-end=\"2940\">La cintura alta proporcionaba beneficios funcionales y un atractivo moderno para el usuario.<\/p>\n<p><div id=\"attachment_5543\" style=\"width: 610px\" class=\"wp-caption aligncenter\"><img loading=\"lazy\" decoding=\"async\" aria-describedby=\"caption-attachment-5543\" class=\"wp-image-5543\" src=\"https:\/\/lydenim.com\/wp-content\/uploads\/2025\/06\/DM_20250623201226_009.png\" alt=\"\" width=\"600\" height=\"900\" srcset=\"https:\/\/lydenim.com\/wp-content\/uploads\/2025\/06\/DM_20250623201226_009.png 640w, https:\/\/lydenim.com\/wp-content\/uploads\/2025\/06\/DM_20250623201226_009-200x300.png 200w, https:\/\/lydenim.com\/wp-content\/uploads\/2025\/06\/DM_20250623201226_009-8x12.png 8w, https:\/\/lydenim.com\/wp-content\/uploads\/2025\/06\/DM_20250623201226_009-600x900.png 600w, https:\/\/lydenim.com\/wp-content\/uploads\/2025\/06\/DM_20250623201226_009-150x225.png 150w\" sizes=\"auto, (max-width: 600px) 100vw, 600px\" \/><p id=\"caption-attachment-5543\" class=\"wp-caption-text\">Gary Cooper, decorado con la imagen del vaquero del oeste, es muy popular.<\/p><\/div><\/li>\n<\/ul>\n<h3 data-start=\"2947\" data-end=\"3001\">4. El ajuste est\u00e1ndar surgi\u00f3 en la d\u00e9cada de 1940 cuando el denim utilitario se convirti\u00f3 en el estilo predominante durante los tiempos de guerra.<\/h3>\n<p data-start=\"3003\" data-end=\"3151\">La eficiencia de los materiales se convirti\u00f3 en una necesidad en tiempos de guerra, lo que oblig\u00f3 a los fabricantes a adoptar nuevos m\u00e9todos de producci\u00f3n. Los vaqueros tipo M1937 sufrieron cambios que resultaron en ropa de trabajo de calidad militar, al perder elementos de herrajes y desarrollar un dise\u00f1o m\u00e1s holgado.<\/p>\n<p data-start=\"3153\" data-end=\"3172\"><strong data-start=\"3153\" data-end=\"3172\">Aspectos destacados del ajuste:<\/strong><\/p>\n<ul data-start=\"3173\" data-end=\"3264\">\n<li data-start=\"3173\" data-end=\"3204\">\n<p data-start=\"3175\" data-end=\"3204\">Dise\u00f1o minimalista sin remaches<\/p>\n<\/li>\n<li data-start=\"3205\" data-end=\"3229\">\n<p data-start=\"3207\" data-end=\"3229\">bolsillos traseros de gran tama\u00f1o<\/p>\n<\/li>\n<li data-start=\"3230\" data-end=\"3264\">\n<p data-start=\"3232\" data-end=\"3264\">Silueta suelta centrada en la comodidad<\/p>\n<p><div id=\"attachment_5547\" style=\"width: 610px\" class=\"wp-caption aligncenter\"><img loading=\"lazy\" decoding=\"async\" aria-describedby=\"caption-attachment-5547\" class=\"wp-image-5547\" src=\"https:\/\/lydenim.com\/wp-content\/uploads\/2025\/06\/DM_20250623201226_013.jpg\" alt=\"\" width=\"600\" height=\"499\" srcset=\"https:\/\/lydenim.com\/wp-content\/uploads\/2025\/06\/DM_20250623201226_013.jpg 596w, https:\/\/lydenim.com\/wp-content\/uploads\/2025\/06\/DM_20250623201226_013-300x250.jpg 300w, https:\/\/lydenim.com\/wp-content\/uploads\/2025\/06\/DM_20250623201226_013-14x12.jpg 14w, https:\/\/lydenim.com\/wp-content\/uploads\/2025\/06\/DM_20250623201226_013-150x125.jpg 150w\" sizes=\"auto, (max-width: 600px) 100vw, 600px\" \/><p id=\"caption-attachment-5547\" class=\"wp-caption-text\">Los jeans Levi&#039;s 501XX, modelo 1937, conservan la hebilla Par\u00eds, cancelan la hebilla de la correa y el bot\u00f3n impreso con la marca pasa a ser un bot\u00f3n de laurel o bot\u00f3n de donut impreso con el logo de la victoria.<\/p><\/div><\/li>\n<\/ul>\n<h3 data-start=\"3271\" data-end=\"3328\">5. D\u00e9cada de 1950: Rebeli\u00f3n y estilo: el denim se populariza<\/h3>\n<p data-start=\"3330\" data-end=\"3471\">La popularidad de los jeans entre las celebridades estadounidenses, como James Dean y Marilyn Monroe, puso de moda la mezclilla. Durante esta \u00e9poca, los adolescentes la adoptaron como s\u00edmbolo oficial de rebeld\u00eda y expresi\u00f3n personal.<\/p>\n<div id=\"attachment_5549\" style=\"width: 610px\" class=\"wp-caption aligncenter\"><img loading=\"lazy\" decoding=\"async\" aria-describedby=\"caption-attachment-5549\" class=\"wp-image-5549\" src=\"https:\/\/lydenim.com\/wp-content\/uploads\/2025\/06\/DM_20250623201226_015.jpg\" alt=\"\" width=\"600\" height=\"878\" srcset=\"https:\/\/lydenim.com\/wp-content\/uploads\/2025\/06\/DM_20250623201226_015.jpg 640w, https:\/\/lydenim.com\/wp-content\/uploads\/2025\/06\/DM_20250623201226_015-205x300.jpg 205w, https:\/\/lydenim.com\/wp-content\/uploads\/2025\/06\/DM_20250623201226_015-8x12.jpg 8w, https:\/\/lydenim.com\/wp-content\/uploads\/2025\/06\/DM_20250623201226_015-600x878.jpg 600w, https:\/\/lydenim.com\/wp-content\/uploads\/2025\/06\/DM_20250623201226_015-150x220.jpg 150w\" sizes=\"auto, (max-width: 600px) 100vw, 600px\" \/><p id=\"caption-attachment-5549\" class=\"wp-caption-text\">James Dean, im\u00e1genes de \u201cRebeli\u00f3n sin causa\u201d<\/p><\/div>\n<div id=\"attachment_5550\" style=\"width: 610px\" class=\"wp-caption aligncenter\"><img loading=\"lazy\" decoding=\"async\" aria-describedby=\"caption-attachment-5550\" class=\"wp-image-5550\" src=\"https:\/\/lydenim.com\/wp-content\/uploads\/2025\/06\/DM_20250623201226_016.jpg\" alt=\"\" width=\"600\" height=\"810\" srcset=\"https:\/\/lydenim.com\/wp-content\/uploads\/2025\/06\/DM_20250623201226_016.jpg 500w, https:\/\/lydenim.com\/wp-content\/uploads\/2025\/06\/DM_20250623201226_016-222x300.jpg 222w, https:\/\/lydenim.com\/wp-content\/uploads\/2025\/06\/DM_20250623201226_016-9x12.jpg 9w, https:\/\/lydenim.com\/wp-content\/uploads\/2025\/06\/DM_20250623201226_016-150x203.jpg 150w\" sizes=\"auto, (max-width: 600px) 100vw, 600px\" \/><p id=\"caption-attachment-5550\" class=\"wp-caption-text\">Malan Brando<\/p><\/div>\n<div id=\"attachment_5551\" style=\"width: 610px\" class=\"wp-caption aligncenter\"><img loading=\"lazy\" decoding=\"async\" aria-describedby=\"caption-attachment-5551\" class=\"wp-image-5551\" src=\"https:\/\/lydenim.com\/wp-content\/uploads\/2025\/06\/DM_20250623201226_017.jpg\" alt=\"\" width=\"600\" height=\"819\" srcset=\"https:\/\/lydenim.com\/wp-content\/uploads\/2025\/06\/DM_20250623201226_017.jpg 640w, https:\/\/lydenim.com\/wp-content\/uploads\/2025\/06\/DM_20250623201226_017-220x300.jpg 220w, https:\/\/lydenim.com\/wp-content\/uploads\/2025\/06\/DM_20250623201226_017-9x12.jpg 9w, https:\/\/lydenim.com\/wp-content\/uploads\/2025\/06\/DM_20250623201226_017-600x819.jpg 600w, https:\/\/lydenim.com\/wp-content\/uploads\/2025\/06\/DM_20250623201226_017-150x205.jpg 150w\" sizes=\"auto, (max-width: 600px) 100vw, 600px\" \/><p id=\"caption-attachment-5551\" class=\"wp-caption-text\">Marilyn Monroe<\/p><\/div>\n<h3 data-start=\"3478\" data-end=\"3531\">6. La d\u00e9cada de 1960 fue testigo del auge de los jeans rectos y ajustados, que se convirtieron en una tendencia de moda durante el movimiento hippie.<\/h3>\n<p data-start=\"3533\" data-end=\"3658\">Los j\u00f3venes manifestantes rechazaron los est\u00e1ndares convencionales al usar jeans ajustados durante la d\u00e9cada de 1960. La industria de la moda lanz\u00f3 dise\u00f1os ajustados de pierna recta para promover la libertad personal y la autoexpresi\u00f3n.<\/p>\n<p data-start=\"3660\" data-end=\"3679\"><strong data-start=\"3660\" data-end=\"3679\">Aspectos destacados del ajuste:<\/strong><\/p>\n<ul data-start=\"3680\" data-end=\"3786\">\n<li data-start=\"3680\" data-end=\"3709\">\n<p data-start=\"3682\" data-end=\"3709\">L\u00edneas limpias con un ajuste ce\u00f1ido.<\/p>\n<\/li>\n<li data-start=\"3710\" data-end=\"3740\">\n<p data-start=\"3712\" data-end=\"3740\">Opciones de estilo hasta el tobillo<\/p>\n<\/li>\n<li data-start=\"3741\" data-end=\"3786\">\n<p data-start=\"3743\" data-end=\"3786\">El dise\u00f1o funcion\u00f3 bien cuando se combin\u00f3 con botas o zapatillas deportivas.<\/p>\n<p><div id=\"attachment_5552\" style=\"width: 610px\" class=\"wp-caption aligncenter\"><img loading=\"lazy\" decoding=\"async\" aria-describedby=\"caption-attachment-5552\" class=\"wp-image-5552\" src=\"https:\/\/lydenim.com\/wp-content\/uploads\/2025\/06\/DM_20250623201226_018.jpg\" alt=\"\" width=\"600\" height=\"600\" srcset=\"https:\/\/lydenim.com\/wp-content\/uploads\/2025\/06\/DM_20250623201226_018.jpg 1080w, https:\/\/lydenim.com\/wp-content\/uploads\/2025\/06\/DM_20250623201226_018-300x300.jpg 300w, https:\/\/lydenim.com\/wp-content\/uploads\/2025\/06\/DM_20250623201226_018-1024x1024.jpg 1024w, https:\/\/lydenim.com\/wp-content\/uploads\/2025\/06\/DM_20250623201226_018-150x150.jpg 150w, https:\/\/lydenim.com\/wp-content\/uploads\/2025\/06\/DM_20250623201226_018-768x768.jpg 768w, https:\/\/lydenim.com\/wp-content\/uploads\/2025\/06\/DM_20250623201226_018-12x12.jpg 12w, https:\/\/lydenim.com\/wp-content\/uploads\/2025\/06\/DM_20250623201226_018-600x600.jpg 600w\" sizes=\"auto, (max-width: 600px) 100vw, 600px\" \/><p id=\"caption-attachment-5552\" class=\"wp-caption-text\">Las im\u00e1genes de \u201cOllywood Past\u201d, el fondo est\u00e1 ambientado en 1969, en el apogeo del desarrollo de los deportes hippies, Tu Zuo Brad y Pitt llevan vaqueros rectos y ajustados.<\/p><\/div><\/li>\n<\/ul>\n<h3 data-start=\"3793\" data-end=\"3841\">7. La d\u00e9cada de 1970 vio el surgimiento del Punk Tight Fit, que se convirti\u00f3 en una forma refinada de rebeli\u00f3n.<\/h3>\n<p data-start=\"3843\" data-end=\"3987\">Los miembros de la subcultura punk usaban vaqueros ajustados y estrechos que combinaban con chaquetas con tachuelas y peinados impactantes. El denim surgi\u00f3 como un poderoso emblema que representaba tanto la resistencia contra la sociedad como la ruda vida urbana.<\/p>\n<div id=\"attachment_5553\" style=\"width: 610px\" class=\"wp-caption aligncenter\"><img loading=\"lazy\" decoding=\"async\" aria-describedby=\"caption-attachment-5553\" class=\"wp-image-5553\" src=\"https:\/\/lydenim.com\/wp-content\/uploads\/2025\/06\/DM_20250623201226_019.jpg\" alt=\"\" width=\"600\" height=\"860\" srcset=\"https:\/\/lydenim.com\/wp-content\/uploads\/2025\/06\/DM_20250623201226_019.jpg 670w, https:\/\/lydenim.com\/wp-content\/uploads\/2025\/06\/DM_20250623201226_019-209x300.jpg 209w, https:\/\/lydenim.com\/wp-content\/uploads\/2025\/06\/DM_20250623201226_019-8x12.jpg 8w, https:\/\/lydenim.com\/wp-content\/uploads\/2025\/06\/DM_20250623201226_019-600x860.jpg 600w, https:\/\/lydenim.com\/wp-content\/uploads\/2025\/06\/DM_20250623201226_019-150x215.jpg 150w\" sizes=\"auto, (max-width: 600px) 100vw, 600px\" \/><p id=\"caption-attachment-5553\" class=\"wp-caption-text\">En aquella \u00e9poca la gente punk se remachaba los jeans, mostrando su esp\u00edritu rebelde y agresivo.<\/p><\/div>\n<h3 data-start=\"3994\" data-end=\"4044\">8. En la d\u00e9cada de 1980, los jeans ajustados recuperaron su popularidad gracias a la influencia de la moda de las estrellas de rock.<\/h3>\n<p data-start=\"4046\" data-end=\"4189\">El mundo de la moda adopt\u00f3 los jeans ajustados como prenda esencial para actuar en el escenario. La industria musical utiliz\u00f3 la mezclilla para crear prendas expresivas que resaltaban la individualidad de los artistas mediante colores llamativos y siluetas impactantes.<\/p>\n<div id=\"attachment_5554\" style=\"width: 610px\" class=\"wp-caption aligncenter\"><img loading=\"lazy\" decoding=\"async\" aria-describedby=\"caption-attachment-5554\" class=\"wp-image-5554\" src=\"https:\/\/lydenim.com\/wp-content\/uploads\/2025\/06\/DM_20250623201226_020.jpg\" alt=\"\" width=\"600\" height=\"774\" srcset=\"https:\/\/lydenim.com\/wp-content\/uploads\/2025\/06\/DM_20250623201226_020.jpg 465w, https:\/\/lydenim.com\/wp-content\/uploads\/2025\/06\/DM_20250623201226_020-233x300.jpg 233w, https:\/\/lydenim.com\/wp-content\/uploads\/2025\/06\/DM_20250623201226_020-9x12.jpg 9w, https:\/\/lydenim.com\/wp-content\/uploads\/2025\/06\/DM_20250623201226_020-150x194.jpg 150w\" sizes=\"auto, (max-width: 600px) 100vw, 600px\" \/><p id=\"caption-attachment-5554\" class=\"wp-caption-text\">La superestrella del rock Elvis trae estos pantalones ligeramente ajustados con perneras interiores y los lleva a la moda callejera.<\/p><\/div>\n<h3 data-start=\"4196\" data-end=\"4248\">Conclusi\u00f3n: El denim como cronolog\u00eda de la cultura juvenil<\/h3>\n<p data-start=\"4250\" data-end=\"4436\">Cada silueta de mezclilla representa un per\u00edodo hist\u00f3rico espec\u00edfico que evolucion\u00f3 desde pantalones de trabajo funcionales hasta atuendos rebeldes y dise\u00f1os de moda. El mundo de la moda considera los jeans como marcadores hist\u00f3ricos que muestran c\u00f3mo se expresan las diferentes generaciones.<\/p>\n<h3 data-start=\"3871\" data-end=\"3901\"><strong data-start=\"3875\" data-end=\"3901\">Servicios de personalizaci\u00f3n<\/strong><\/h3>\n<p data-start=\"3902\" data-end=\"4173\">\ud83d\udce9 <strong data-start=\"3439\" data-end=\"3451\">Contacto:<\/strong> <a class=\"cursor-pointer\" rel=\"noopener\" data-start=\"3452\" data-end=\"3470\">malone@lydenim.com<\/a><br data-start=\"3470\" data-end=\"3473\" \/>\ud83c\udf10 <strong data-start=\"3476\" data-end=\"3488\">Sitio web Fabric:<\/strong> <a class=\"\" href=\"https:\/\/lydenim.com\/es\/\" target=\"_new\" rel=\"noopener\" data-start=\"3489\" data-end=\"3504\">www.lydenim.com<\/a><br data-start=\"3504\" data-end=\"3507\" \/>\ud83d\udecd\ufe0f <strong data-start=\"3511\" data-end=\"3531\">Explorar la personalizaci\u00f3n:<\/strong> Explora las selecciones y obt\u00e9n inspiraci\u00f3n de dise\u00f1o en<a href=\"http:\/\/liangyuantextile.m.en.alibaba.com\"> Mi Alibaba<\/a>.<br data-start=\"3588\" data-end=\"3591\" \/>\ud83c\udfa8 <strong data-start=\"3594\" data-end=\"3641\">Crea tu obra maestra en denim con LYDENIM.<\/strong><\/p>","protected":false},"excerpt":{"rendered":"<p>Tiempo estimado de lectura: ~ 6 minutos Andy Warhol expres\u00f3 su sue\u00f1o de desarrollar una prenda similar a los jeans porque...<\/p>","protected":false},"author":1,"featured_media":5556,"comment_status":"open","ping_status":"open","sticky":false,"template":"","format":"standard","meta":{"two_page_speed":[],"footnotes":""},"categories":[66],"tags":[],"class_list":["post-5533","post","type-post","status-publish","format-standard","has-post-thumbnail","hentry","category-denim-knowledge"],"aioseo_notices":[],"_links":{"self":[{"href":"https:\/\/lydenim.com\/es\/wp-json\/wp\/v2\/posts\/5533","targetHints":{"allow":["GET"]}}],"collection":[{"href":"https:\/\/lydenim.com\/es\/wp-json\/wp\/v2\/posts"}],"about":[{"href":"https:\/\/lydenim.com\/es\/wp-json\/wp\/v2\/types\/post"}],"author":[{"embeddable":true,"href":"https:\/\/lydenim.com\/es\/wp-json\/wp\/v2\/users\/1"}],"replies":[{"embeddable":true,"href":"https:\/\/lydenim.com\/es\/wp-json\/wp\/v2\/comments?post=5533"}],"version-history":[{"count":3,"href":"https:\/\/lydenim.com\/es\/wp-json\/wp\/v2\/posts\/5533\/revisions"}],"predecessor-version":[{"id":5578,"href":"https:\/\/lydenim.com\/es\/wp-json\/wp\/v2\/posts\/5533\/revisions\/5578"}],"wp:featuredmedia":[{"embeddable":true,"href":"https:\/\/lydenim.com\/es\/wp-json\/wp\/v2\/media\/5556"}],"wp:attachment":[{"href":"https:\/\/lydenim.com\/es\/wp-json\/wp\/v2\/media?parent=5533"}],"wp:term":[{"taxonomy":"category","embeddable":true,"href":"https:\/\/lydenim.com\/es\/wp-json\/wp\/v2\/categories?post=5533"},{"taxonomy":"post_tag","embeddable":true,"href":"https:\/\/lydenim.com\/es\/wp-json\/wp\/v2\/tags?post=5533"}],"curies":[{"name":"wp","href":"https:\/\/api.w.org\/{rel}","templated":true}]}}