{"id":5594,"date":"2025-06-27T11:55:36","date_gmt":"2025-06-27T03:55:36","guid":{"rendered":"https:\/\/lydenim.com\/?p=5594"},"modified":"2025-08-24T13:40:04","modified_gmt":"2025-08-24T05:40:04","slug":"denim-stretch-material-everything-you-need-to-know","status":"publish","type":"post","link":"https:\/\/lydenim.com\/es\/material-elastico-de-mezclilla-todo-lo-que-necesitas-saber\/","title":{"rendered":"Material el\u00e1stico de mezclilla: todo lo que necesitas saber"},"content":{"rendered":"<h2 data-pm-slice=\"1 1 []\">Tiempo estimado de lectura: ~3 minutos<\/h2>\n<h2 style=\"text-align: left;\" data-pm-slice=\"1 1 []\">Introducci\u00f3n<\/h2>\n<p dir=\"auto\">El denim el\u00e1stico ha revolucionado el mundo de los jeans, combinando la durabilidad cl\u00e1sica del denim con la comodidad de las fibras el\u00e1sticas. Si te interesa el denim con spandex o el denim con elasticidad en 4 direcciones, esta gu\u00eda responde a todas tus preguntas con informaci\u00f3n de expertos, datos y consejos pr\u00e1cticos.<\/p>\n<div id=\"attachment_4617\" style=\"width: 610px\" class=\"wp-caption aligncenter\"><img loading=\"lazy\" decoding=\"async\" aria-describedby=\"caption-attachment-4617\" class=\"wp-image-4617\" src=\"https:\/\/lydenim.com\/wp-content\/uploads\/2025\/04\/IMG_4827-scaled.jpg\" alt=\"Vaqueros el\u00e1sticos en cuatro direcciones\" width=\"600\" height=\"799\" srcset=\"https:\/\/lydenim.com\/wp-content\/uploads\/2025\/04\/IMG_4827-scaled.jpg 1922w, https:\/\/lydenim.com\/wp-content\/uploads\/2025\/04\/IMG_4827-225x300.jpg 225w, https:\/\/lydenim.com\/wp-content\/uploads\/2025\/04\/IMG_4827-769x1024.jpg 769w, https:\/\/lydenim.com\/wp-content\/uploads\/2025\/04\/IMG_4827-768x1023.jpg 768w, https:\/\/lydenim.com\/wp-content\/uploads\/2025\/04\/IMG_4827-1153x1536.jpg 1153w, https:\/\/lydenim.com\/wp-content\/uploads\/2025\/04\/IMG_4827-1537x2048.jpg 1537w, https:\/\/lydenim.com\/wp-content\/uploads\/2025\/04\/IMG_4827-9x12.jpg 9w, https:\/\/lydenim.com\/wp-content\/uploads\/2025\/04\/IMG_4827-600x799.jpg 600w, https:\/\/lydenim.com\/wp-content\/uploads\/2025\/04\/IMG_4827-150x200.jpg 150w\" sizes=\"auto, (max-width: 600px) 100vw, 600px\" \/><p id=\"caption-attachment-4617\" class=\"wp-caption-text\">Vaqueros el\u00e1sticos en cuatro direcciones<\/p><\/div>\n<h2 dir=\"auto\"><strong>\u00bfC\u00f3mo se fabrica la tela vaquera el\u00e1stica?<\/strong><\/h2>\n<p dir=\"auto\">La mezclilla el\u00e1stica, tambi\u00e9n conocida como tela vaquera el\u00e1stica, se produce combinando algod\u00f3n con fibras el\u00e1sticas como el spandex o el elastano. Normalmente, la tela se compone de 90-991 TP3T de algod\u00f3n y 1-101 TP3T de fibras el\u00e1sticas, seg\u00fan el nivel de elasticidad deseado. El proceso para la tela vaquera el\u00e1stica implica:<\/p>\n<ol dir=\"auto\">\n<li><strong>Mezcla<\/strong>:Las fibras de algod\u00f3n se mezclan con fibras el\u00e1sticas (por ejemplo, spandex 2% para una elasticidad media).<img loading=\"lazy\" decoding=\"async\" class=\"size-full wp-image-2052 aligncenter\" src=\"https:\/\/lydenim.com\/wp-content\/uploads\/2024\/12\/\u4e0b\u8f7d-3.jpg\" alt=\"MEZCLA ORG\u00c1NICA\" width=\"280\" height=\"180\" srcset=\"https:\/\/lydenim.com\/wp-content\/uploads\/2024\/12\/\u4e0b\u8f7d-3.jpg 280w, https:\/\/lydenim.com\/wp-content\/uploads\/2024\/12\/\u4e0b\u8f7d-3-150x96.jpg 150w\" sizes=\"auto, (max-width: 280px) 100vw, 280px\" \/><\/li>\n<li><strong>Girando<\/strong>:La mezcla se hila para formar hilo.\n<p><div id=\"attachment_4379\" style=\"width: 610px\" class=\"wp-caption aligncenter\"><img loading=\"lazy\" decoding=\"async\" aria-describedby=\"caption-attachment-4379\" class=\"wp-image-4379\" src=\"https:\/\/lydenim.com\/wp-content\/uploads\/2025\/03\/Cotton-fibers-prepped-for-spinning.avif\" alt=\"Fibras de algod\u00f3n preparadas para hilar\" width=\"600\" height=\"600\" srcset=\"https:\/\/lydenim.com\/wp-content\/uploads\/2025\/03\/Cotton-fibers-prepped-for-spinning.avif 750w, https:\/\/lydenim.com\/wp-content\/uploads\/2025\/03\/Cotton-fibers-prepped-for-spinning-300x300.avif 300w, https:\/\/lydenim.com\/wp-content\/uploads\/2025\/03\/Cotton-fibers-prepped-for-spinning-150x150.avif 150w, https:\/\/lydenim.com\/wp-content\/uploads\/2025\/03\/Cotton-fibers-prepped-for-spinning-12x12.avif 12w, https:\/\/lydenim.com\/wp-content\/uploads\/2025\/03\/Cotton-fibers-prepped-for-spinning-600x600.avif 600w\" sizes=\"auto, (max-width: 600px) 100vw, 600px\" \/><p id=\"caption-attachment-4379\" class=\"wp-caption-text\">Fibras de algod\u00f3n preparadas para hilar<\/p><\/div><\/li>\n<li><strong>Tejer<\/strong>Un tejido de sarga incorpora fibras el\u00e1sticas en la trama (hilos horizontales), lo que permite elasticidad a lo ancho. Para la mezclilla con elasticidad en cuatro direcciones, se a\u00f1aden fibras el\u00e1sticas tanto a la urdimbre como a la trama, lo que permite elasticidad en todas las direcciones.<img loading=\"lazy\" decoding=\"async\" class=\"aligncenter wp-image-2499\" src=\"https:\/\/lydenim.com\/wp-content\/uploads\/2024\/12\/\u5e8f\u5217-Sequence-01.00_05_31_21.Still032-scaled.jpg\" alt=\"\" width=\"600\" height=\"338\" srcset=\"https:\/\/lydenim.com\/wp-content\/uploads\/2024\/12\/\u5e8f\u5217-Sequence-01.00_05_31_21.Still032-scaled.jpg 2560w, https:\/\/lydenim.com\/wp-content\/uploads\/2024\/12\/\u5e8f\u5217-Sequence-01.00_05_31_21.Still032-scaled-150x84.jpg 150w, https:\/\/lydenim.com\/wp-content\/uploads\/2024\/12\/\u5e8f\u5217-Sequence-01.00_05_31_21.Still032-scaled-600x338.jpg 600w, https:\/\/lydenim.com\/wp-content\/uploads\/2024\/12\/\u5e8f\u5217-Sequence-01.00_05_31_21.Still032-300x169.jpg 300w, https:\/\/lydenim.com\/wp-content\/uploads\/2024\/12\/\u5e8f\u5217-Sequence-01.00_05_31_21.Still032-1024x576.jpg 1024w, https:\/\/lydenim.com\/wp-content\/uploads\/2024\/12\/\u5e8f\u5217-Sequence-01.00_05_31_21.Still032-768x432.jpg 768w, https:\/\/lydenim.com\/wp-content\/uploads\/2024\/12\/\u5e8f\u5217-Sequence-01.00_05_31_21.Still032-1536x864.jpg 1536w, https:\/\/lydenim.com\/wp-content\/uploads\/2024\/12\/\u5e8f\u5217-Sequence-01.00_05_31_21.Still032-2048x1152.jpg 2048w, https:\/\/lydenim.com\/wp-content\/uploads\/2024\/12\/\u5e8f\u5217-Sequence-01.00_05_31_21.Still032-18x10.jpg 18w\" sizes=\"auto, (max-width: 600px) 100vw, 600px\" \/><\/li>\n<li><strong>Refinamiento<\/strong>El te\u00f1ido y el acabado le dan el ic\u00f3nico aspecto del denim.<br \/>\nEste m\u00e9todo garantiza que el denim el\u00e1stico conserve su atractivo resistente y al mismo tiempo agregue flexibilidad.<\/li>\n<\/ol>\n<h4 dir=\"auto\"><strong>\u00bfLos jeans el\u00e1sticos son menos duraderos que los jeans tradicionales?<\/strong><\/h4>\n<p dir=\"auto\">La durabilidad depende del contenido el\u00e1stico. La mezclilla tradicional de algod\u00f3n 100% es reconocida por su longevidad, que suele durar de 5 a 10 a\u00f1os con el cuidado adecuado. Sin embargo, los jeans el\u00e1sticos presentan una desventaja. Un estudio de 2021 realizado por <strong>Revista de investigaci\u00f3n textil<\/strong> Descubrieron que el denim con spandex 3% pierde entre un 20 y un 30% de su elasticidad despu\u00e9s de 50 ciclos de lavado a 40\u00b0C, mientras que el denim de algod\u00f3n 100% mantiene su estructura.<\/p>\n<ul dir=\"auto\">\n<li><strong>Baja elasticidad (1-2%)<\/strong>:Durabilidad comparable a la del denim tradicional.\n<p><div id=\"attachment_4507\" style=\"width: 610px\" class=\"wp-caption aligncenter\"><img loading=\"lazy\" decoding=\"async\" aria-describedby=\"caption-attachment-4507\" class=\"wp-image-4507\" src=\"https:\/\/lydenim.com\/wp-content\/uploads\/2025\/03\/IMG_6219.jpg\" alt=\"\" width=\"600\" height=\"600\" srcset=\"https:\/\/lydenim.com\/wp-content\/uploads\/2025\/03\/IMG_6219.jpg 2196w, https:\/\/lydenim.com\/wp-content\/uploads\/2025\/03\/IMG_6219-300x300.jpg 300w, https:\/\/lydenim.com\/wp-content\/uploads\/2025\/03\/IMG_6219-1024x1024.jpg 1024w, https:\/\/lydenim.com\/wp-content\/uploads\/2025\/03\/IMG_6219-150x150.jpg 150w, https:\/\/lydenim.com\/wp-content\/uploads\/2025\/03\/IMG_6219-768x768.jpg 768w, https:\/\/lydenim.com\/wp-content\/uploads\/2025\/03\/IMG_6219-1536x1536.jpg 1536w, https:\/\/lydenim.com\/wp-content\/uploads\/2025\/03\/IMG_6219-2048x2048.jpg 2048w, https:\/\/lydenim.com\/wp-content\/uploads\/2025\/03\/IMG_6219-12x12.jpg 12w, https:\/\/lydenim.com\/wp-content\/uploads\/2025\/03\/IMG_6219-600x600.jpg 600w\" sizes=\"auto, (max-width: 600px) 100vw, 600px\" \/><p id=\"caption-attachment-4507\" class=\"wp-caption-text\">Orillo de baja elasticidad<\/p><\/div><\/li>\n<li><strong>Alta elasticidad (3-5%)<\/strong>:M\u00e1s propenso al desgaste, especialmente con la exposici\u00f3n al calor.<br \/>\nEl experto en moda Nick Wooster se\u00f1ala: \u201cEl denim el\u00e1stico prioriza la comodidad sobre la longevidad, pero el lavado en fr\u00edo puede duplicar su vida \u00fatil\u201d.<img loading=\"lazy\" decoding=\"async\" class=\"aligncenter wp-image-2890\" src=\"https:\/\/lydenim.com\/wp-content\/uploads\/2025\/01\/DSC08102-scaled.jpg\" alt=\"\" width=\"600\" height=\"600\" srcset=\"https:\/\/lydenim.com\/wp-content\/uploads\/2025\/01\/DSC08102-scaled.jpg 2560w, https:\/\/lydenim.com\/wp-content\/uploads\/2025\/01\/DSC08102-300x300.jpg 300w, https:\/\/lydenim.com\/wp-content\/uploads\/2025\/01\/DSC08102-150x150.jpg 150w, https:\/\/lydenim.com\/wp-content\/uploads\/2025\/01\/DSC08102-scaled-600x600.jpg 600w, https:\/\/lydenim.com\/wp-content\/uploads\/2025\/01\/DSC08102-1024x1024.jpg 1024w, https:\/\/lydenim.com\/wp-content\/uploads\/2025\/01\/DSC08102-768x768.jpg 768w, https:\/\/lydenim.com\/wp-content\/uploads\/2025\/01\/DSC08102-1536x1536.jpg 1536w, https:\/\/lydenim.com\/wp-content\/uploads\/2025\/01\/DSC08102-2048x2048.jpg 2048w, https:\/\/lydenim.com\/wp-content\/uploads\/2025\/01\/DSC08102-12x12.jpg 12w\" sizes=\"auto, (max-width: 600px) 100vw, 600px\" \/><\/li>\n<\/ul>\n<h2 dir=\"auto\"><strong>\u00bfEs el spandex el mejor tejido el\u00e1stico?<\/strong><\/h2>\n<p dir=\"auto\">El spandex, sin\u00f3nimo de elastano o lycra, domina el tejido spandex de mezclilla debido a su capacidad de estiramiento 500% y su excelente recuperaci\u00f3n, por <strong>DuPont<\/strong>El desarrollador original de Lycra. Comparaci\u00f3n con alternativas:<\/p>\n<ul dir=\"auto\">\n<li><strong>Spandex<\/strong>:Ideal para jeans ajustados, con retenci\u00f3n de forma 95% despu\u00e9s del estiramiento.<\/li>\n<li><strong>Poli\u00e9ster<\/strong>:M\u00e1s duradero pero se estira solo 20-30%.<\/li>\n<li><strong>Poliuretano<\/strong>:Muy el\u00e1stico pero menos transpirable.<br \/>\nPara las telas de mezclilla el\u00e1sticas en cuatro direcciones, el spandex sigue siendo el est\u00e1ndar de oro, aunque est\u00e1n surgiendo mezclas con poli\u00e9ster para aplicaciones centradas en la durabilidad, dice la dise\u00f1adora textil Jane Mills.<\/p>\n<p><div id=\"attachment_5604\" style=\"width: 610px\" class=\"wp-caption aligncenter\"><img loading=\"lazy\" decoding=\"async\" aria-describedby=\"caption-attachment-5604\" class=\"wp-image-5604\" src=\"https:\/\/lydenim.com\/wp-content\/uploads\/2025\/06\/DM_20250626203910_001.jpg\" alt=\"\" width=\"600\" height=\"600\" srcset=\"https:\/\/lydenim.com\/wp-content\/uploads\/2025\/06\/DM_20250626203910_001.jpg 500w, https:\/\/lydenim.com\/wp-content\/uploads\/2025\/06\/DM_20250626203910_001-300x300.jpg 300w, https:\/\/lydenim.com\/wp-content\/uploads\/2025\/06\/DM_20250626203910_001-150x150.jpg 150w, https:\/\/lydenim.com\/wp-content\/uploads\/2025\/06\/DM_20250626203910_001-12x12.jpg 12w\" sizes=\"auto, (max-width: 600px) 100vw, 600px\" \/><p id=\"caption-attachment-5604\" class=\"wp-caption-text\">Hilo de spandex<\/p><\/div><\/li>\n<\/ul>\n<h2 dir=\"auto\"><strong>\u00bfLos jeans de algod\u00f3n 100% se estiran?<\/strong><\/h2>\n<p dir=\"auto\">S\u00ed, pero m\u00ednimamente. La elasticidad natural del algod\u00f3n y el tejido de sarga del denim permiten una elasticidad de 5-10% al bies, seg\u00fan... <strong>El blog de los vaqueros<\/strong>A diferencia del denim el\u00e1stico, carece de recuperaci\u00f3n el\u00e1stica. Con el tiempo (de 3 a 6 meses de uso), los jeans de algod\u00f3n 100% se amoldan al cuerpo, pero no recuperan su forma original, a diferencia de sus contrapartes el\u00e1sticas.<img loading=\"lazy\" decoding=\"async\" class=\"aligncenter wp-image-4829\" src=\"https:\/\/lydenim.com\/wp-content\/uploads\/2025\/04\/100-Cotton-Denim.jpg\" alt=\"\" width=\"600\" height=\"703\" srcset=\"https:\/\/lydenim.com\/wp-content\/uploads\/2025\/04\/100-Cotton-Denim.jpg 1242w, https:\/\/lydenim.com\/wp-content\/uploads\/2025\/04\/100-Cotton-Denim-256x300.jpg 256w, https:\/\/lydenim.com\/wp-content\/uploads\/2025\/04\/100-Cotton-Denim-873x1024.jpg 873w, https:\/\/lydenim.com\/wp-content\/uploads\/2025\/04\/100-Cotton-Denim-768x900.jpg 768w, https:\/\/lydenim.com\/wp-content\/uploads\/2025\/04\/100-Cotton-Denim-10x12.jpg 10w, https:\/\/lydenim.com\/wp-content\/uploads\/2025\/04\/100-Cotton-Denim-600x703.jpg 600w, https:\/\/lydenim.com\/wp-content\/uploads\/2025\/04\/100-Cotton-Denim-150x176.jpg 150w\" sizes=\"auto, (max-width: 600px) 100vw, 600px\" \/><\/p>\n<h2 dir=\"auto\"><strong>\u00bfQu\u00e9 significa \u201cjeans el\u00e1sticos\u201d?<\/strong><\/h2>\n<p dir=\"auto\">Los jeans el\u00e1sticos est\u00e1n confeccionados con tejido denim el\u00e1stico que contiene fibras el\u00e1sticas 1-5%. Ofrecen un look ajustado con mayor comodidad, perfectos para estilos de vida activos o estilos ajustados.<img loading=\"lazy\" decoding=\"async\" class=\"aligncenter wp-image-4822\" src=\"https:\/\/lydenim.com\/wp-content\/uploads\/2025\/04\/Cotton-Polyester-25-Polyester-5-Spandex.jpg\" alt=\"\" width=\"600\" height=\"695\" srcset=\"https:\/\/lydenim.com\/wp-content\/uploads\/2025\/04\/Cotton-Polyester-25-Polyester-5-Spandex.jpg 1242w, https:\/\/lydenim.com\/wp-content\/uploads\/2025\/04\/Cotton-Polyester-25-Polyester-5-Spandex-259x300.jpg 259w, https:\/\/lydenim.com\/wp-content\/uploads\/2025\/04\/Cotton-Polyester-25-Polyester-5-Spandex-884x1024.jpg 884w, https:\/\/lydenim.com\/wp-content\/uploads\/2025\/04\/Cotton-Polyester-25-Polyester-5-Spandex-768x890.jpg 768w, https:\/\/lydenim.com\/wp-content\/uploads\/2025\/04\/Cotton-Polyester-25-Polyester-5-Spandex-10x12.jpg 10w, https:\/\/lydenim.com\/wp-content\/uploads\/2025\/04\/Cotton-Polyester-25-Polyester-5-Spandex-600x695.jpg 600w, https:\/\/lydenim.com\/wp-content\/uploads\/2025\/04\/Cotton-Polyester-25-Polyester-5-Spandex-150x174.jpg 150w\" sizes=\"auto, (max-width: 600px) 100vw, 600px\" \/><\/p>\n<h2 dir=\"auto\"><strong>\u00bfPor qu\u00e9 los jeans ajustados se estiran?<\/strong><\/h2>\n<p dir=\"auto\">Los jeans ajustados se estiran gracias a fibras el\u00e1sticas como el spandex, que se expanden hasta 5 veces su longitud y se recuperan al relajarse. Esto garantiza un ajuste ce\u00f1ido sin restringir el movimiento, como explica la experta en denim Sarah Ahmed.<\/p>\n<h2 dir=\"auto\"><strong>\u00bfDeben usarse los jeans ajustados al principio?<\/strong><\/h2>\n<ul dir=\"auto\">\n<li><strong>Vaqueros el\u00e1sticos<\/strong>Compre un ajuste c\u00f3modo. Un par de spandex 2% se estira de 10 a 15% con el uso, por <strong>Noticias ABC<\/strong> estudios de dimensionamiento.<\/li>\n<li><strong>Vaqueros de algod\u00f3n 100%<\/strong>Opte por un ajuste ce\u00f1ido, ya que se aflojan entre 1 y 2 pulgadas con el tiempo.<br \/>\nEl bloguero de denim John Baxter aconseja: \u201cCon el denim el\u00e1stico, no elijas una talla menor: conf\u00eda en que la tela se adaptar\u00e1\u201d.<\/li>\n<\/ul>\n<h2 dir=\"auto\"><strong>Escenarios de uso<\/strong><\/h2>\n<ul dir=\"auto\">\n<li><strong>Ropa casual<\/strong>:Jeans el\u00e1sticos 1-2% para mayor durabilidad y facilidad.<\/li>\n<li><strong>D\u00edas activos<\/strong>:Denim el\u00e1stico en 4 direcciones para una m\u00e1xima flexibilidad (por ejemplo, ciclismo o senderismo).<\/li>\n<li><strong>Declaraciones de moda<\/strong>Vaqueros ajustados y muy el\u00e1sticos para un look atrevido y ajustado.<img loading=\"lazy\" decoding=\"async\" class=\"aligncenter wp-image-2091\" src=\"https:\/\/lydenim.com\/wp-content\/uploads\/2024\/12\/\u4e0b\u8f7d-6.jpg\" alt=\"Vaqueros para mujer\" width=\"600\" height=\"400\" srcset=\"https:\/\/lydenim.com\/wp-content\/uploads\/2024\/12\/\u4e0b\u8f7d-6.jpg 1000w, https:\/\/lydenim.com\/wp-content\/uploads\/2024\/12\/\u4e0b\u8f7d-6-150x100.jpg 150w, https:\/\/lydenim.com\/wp-content\/uploads\/2024\/12\/\u4e0b\u8f7d-6-600x400.jpg 600w, https:\/\/lydenim.com\/wp-content\/uploads\/2024\/12\/\u4e0b\u8f7d-6-300x200.jpg 300w, https:\/\/lydenim.com\/wp-content\/uploads\/2024\/12\/\u4e0b\u8f7d-6-768x512.jpg 768w\" sizes=\"auto, (max-width: 600px) 100vw, 600px\" \/><\/li>\n<\/ul>\n<h2 dir=\"auto\"><strong>Conclusi\u00f3n<\/strong><\/h2>\n<p dir=\"auto\">El tejido el\u00e1stico de mezclilla une tradici\u00f3n e innovaci\u00f3n, ofreciendo comodidad sin sacrificar el estilo. Ya sea que elijas tela de mezclilla con spandex o mezclilla con elasticidad en 4 direcciones, comprender su producci\u00f3n y cuidado te garantiza sacar el m\u00e1ximo provecho de tus jeans. \u00a1Comparte tus experiencias con la mezclilla el\u00e1stica abajo!<\/p>\n<h2 dir=\"auto\">Servicios de personalizaci\u00f3n de LYDENIM<\/h2>\n<p dir=\"auto\">\ud83c\udfa8 Quiero <strong>telas de mezclilla personalizadas<\/strong> o\u00a0 <strong>\u00fanico<\/strong> <strong>prenda de mezclilla personalizada<\/strong>?LYDENIM se especializa en soluciones a medida para satisfacer sus necesidades de dise\u00f1o y producci\u00f3n.<\/p>\n<p dir=\"auto\">\ud83d\udecd\ufe0f <strong>Explora e insp\u00edrate<\/strong>:Explore nuestra selecci\u00f3n de telas y descubra ideas de dise\u00f1o en <a href=\"https:\/\/lydenim.com\/es\/\" target=\"_blank\" rel=\"noopener noreferrer nofollow\">LYDenim<\/a>.<\/p>\n<p dir=\"auto\">\ud83c\udf10 <strong>Ropa el\u00e1stica<\/strong>:Consulta nuestras ofertas en <a href=\"http:\/\/liangyuantextile.m.en.alibaba.com\" target=\"_blank\" rel=\"noopener noreferrer nofollow\">Mi Alibaba<\/a>. \ud83d\udce9 <strong>Contacto<\/strong>:Comun\u00edquese con nosotros en <a href=\"mailto:malone@lydenim.com\" target=\"_blank\" rel=\"noopener noreferrer nofollow\">malone@lydenim.com<\/a>.<\/p>\n<p dir=\"auto\">Crea tu obra maestra en denim con LYDENIM, tu socio de confianza para <strong>tejido el\u00e1stico<\/strong> y <strong>soluciones de mezclilla personalizadas<\/strong>.<\/p>","protected":false},"excerpt":{"rendered":"<p>Tiempo estimado de lectura: ~3 minutos Introducci\u00f3n El denim el\u00e1stico ha revolucionado el mundo de los jeans, combinando la durabilidad cl\u00e1sica del denim<\/p>","protected":false},"author":1,"featured_media":5605,"comment_status":"open","ping_status":"open","sticky":false,"template":"","format":"standard","meta":{"two_page_speed":[],"footnotes":""},"categories":[66],"tags":[],"class_list":["post-5594","post","type-post","status-publish","format-standard","has-post-thumbnail","hentry","category-denim-knowledge"],"aioseo_notices":[],"_links":{"self":[{"href":"https:\/\/lydenim.com\/es\/wp-json\/wp\/v2\/posts\/5594","targetHints":{"allow":["GET"]}}],"collection":[{"href":"https:\/\/lydenim.com\/es\/wp-json\/wp\/v2\/posts"}],"about":[{"href":"https:\/\/lydenim.com\/es\/wp-json\/wp\/v2\/types\/post"}],"author":[{"embeddable":true,"href":"https:\/\/lydenim.com\/es\/wp-json\/wp\/v2\/users\/1"}],"replies":[{"embeddable":true,"href":"https:\/\/lydenim.com\/es\/wp-json\/wp\/v2\/comments?post=5594"}],"version-history":[{"count":4,"href":"https:\/\/lydenim.com\/es\/wp-json\/wp\/v2\/posts\/5594\/revisions"}],"predecessor-version":[{"id":6361,"href":"https:\/\/lydenim.com\/es\/wp-json\/wp\/v2\/posts\/5594\/revisions\/6361"}],"wp:featuredmedia":[{"embeddable":true,"href":"https:\/\/lydenim.com\/es\/wp-json\/wp\/v2\/media\/5605"}],"wp:attachment":[{"href":"https:\/\/lydenim.com\/es\/wp-json\/wp\/v2\/media?parent=5594"}],"wp:term":[{"taxonomy":"category","embeddable":true,"href":"https:\/\/lydenim.com\/es\/wp-json\/wp\/v2\/categories?post=5594"},{"taxonomy":"post_tag","embeddable":true,"href":"https:\/\/lydenim.com\/es\/wp-json\/wp\/v2\/tags?post=5594"}],"curies":[{"name":"wp","href":"https:\/\/api.w.org\/{rel}","templated":true}]}}