{"id":5601,"date":"2025-06-30T16:28:27","date_gmt":"2025-06-30T08:28:27","guid":{"rendered":"https:\/\/lydenim.com\/?p=5601"},"modified":"2025-08-24T13:42:38","modified_gmt":"2025-08-24T05:42:38","slug":"raw-denim-fabric-a-comprehensive-guide-to-raw-and-selvedge-denim","status":"publish","type":"post","link":"https:\/\/lydenim.com\/es\/tela-de-mezclilla-cruda-una-guia-completa-sobre-mezclilla-cruda-y-con-orillo\/","title":{"rendered":"Tela vaquera cruda: una gu\u00eda completa sobre mezclilla cruda y con orillo"},"content":{"rendered":"<h2>Tiempo estimado de lectura: ~6 minutos<\/h2>\n<h2>Introducci\u00f3n<\/h2>\n<p>La tela vaquera cruda es un elemento fundamental de la moda contempor\u00e1nea, representando tanto valor cultural como habilidad artesanal. Los patrones \u00fanicos de desvanecimiento, junto con el uso personalizado de la mezclilla cruda y su contraparte, la mezclilla con orillo, a menudo confundida, han generado una gran afici\u00f3n. Este art\u00edculo investiga los fundamentos de la mezclilla cruda y explica sus diferencias con la mezclilla con orillo y la mezclilla regular mediante la validaci\u00f3n de datos por expertos.<\/p>\n<div id=\"attachment_5640\" style=\"width: 610px\" class=\"wp-caption aligncenter\"><img loading=\"lazy\" decoding=\"async\" aria-describedby=\"caption-attachment-5640\" class=\"wp-image-5640\" src=\"https:\/\/lydenim.com\/wp-content\/uploads\/2025\/06\/The-Denim-and-Boots-Podcast-how-to-wash-raw-denim-1-scaled-1.jpg\" alt=\"\" width=\"600\" height=\"399\" srcset=\"https:\/\/lydenim.com\/wp-content\/uploads\/2025\/06\/The-Denim-and-Boots-Podcast-how-to-wash-raw-denim-1-scaled-1.jpg 2200w, https:\/\/lydenim.com\/wp-content\/uploads\/2025\/06\/The-Denim-and-Boots-Podcast-how-to-wash-raw-denim-1-scaled-1-300x200.jpg 300w, https:\/\/lydenim.com\/wp-content\/uploads\/2025\/06\/The-Denim-and-Boots-Podcast-how-to-wash-raw-denim-1-scaled-1-1024x681.jpg 1024w, https:\/\/lydenim.com\/wp-content\/uploads\/2025\/06\/The-Denim-and-Boots-Podcast-how-to-wash-raw-denim-1-scaled-1-768x511.jpg 768w, https:\/\/lydenim.com\/wp-content\/uploads\/2025\/06\/The-Denim-and-Boots-Podcast-how-to-wash-raw-denim-1-scaled-1-1536x1022.jpg 1536w, https:\/\/lydenim.com\/wp-content\/uploads\/2025\/06\/The-Denim-and-Boots-Podcast-how-to-wash-raw-denim-1-scaled-1-2048x1363.jpg 2048w, https:\/\/lydenim.com\/wp-content\/uploads\/2025\/06\/The-Denim-and-Boots-Podcast-how-to-wash-raw-denim-1-scaled-1-18x12.jpg 18w, https:\/\/lydenim.com\/wp-content\/uploads\/2025\/06\/The-Denim-and-Boots-Podcast-how-to-wash-raw-denim-1-scaled-1-600x399.jpg 600w, https:\/\/lydenim.com\/wp-content\/uploads\/2025\/06\/The-Denim-and-Boots-Podcast-how-to-wash-raw-denim-1-scaled-1-150x100.jpg 150w\" sizes=\"auto, (max-width: 600px) 100vw, 600px\" \/><p id=\"caption-attachment-5640\" class=\"wp-caption-text\">Jeans de diferentes \u00e9pocas<\/p><\/div>\n<h2>\u00bfQu\u00e9 es el denim crudo?<\/h2>\n<p>La mezclilla cruda o mezclilla seca se refiere a la tela vaquera que sale directamente del telar sin someterse a procesos de lavado, te\u00f1ido ni envejecimiento. La tela conserva su textura r\u00edgida y su color azul intenso despu\u00e9s de la producci\u00f3n. La tela de mezclilla cruda pesa entre 10 y 15 oz\/yd\u00b2, seg\u00fan Textile Research Journal (2021), y al principio es r\u00edgida, pero se suaviza con el uso, desarrollando patrones de decoloraci\u00f3n individualizados.<\/p>\n<ul>\n<li><strong>Proceso de producci\u00f3n<\/strong>:\n<ol>\n<li><strong>Girando<\/strong>:Las fibras de algod\u00f3n se hilan en hilos gruesos (de 6 a 30 hilos) para lograr mayor durabilidad.\n<p><div id=\"attachment_4379\" style=\"width: 610px\" class=\"wp-caption aligncenter\"><img loading=\"lazy\" decoding=\"async\" aria-describedby=\"caption-attachment-4379\" class=\"wp-image-4379\" src=\"https:\/\/lydenim.com\/wp-content\/uploads\/2025\/03\/Cotton-fibers-prepped-for-spinning.avif\" alt=\"Fibras de algod\u00f3n preparadas para hilar\" width=\"600\" height=\"600\" srcset=\"https:\/\/lydenim.com\/wp-content\/uploads\/2025\/03\/Cotton-fibers-prepped-for-spinning.avif 750w, https:\/\/lydenim.com\/wp-content\/uploads\/2025\/03\/Cotton-fibers-prepped-for-spinning-300x300.avif 300w, https:\/\/lydenim.com\/wp-content\/uploads\/2025\/03\/Cotton-fibers-prepped-for-spinning-150x150.avif 150w, https:\/\/lydenim.com\/wp-content\/uploads\/2025\/03\/Cotton-fibers-prepped-for-spinning-12x12.avif 12w, https:\/\/lydenim.com\/wp-content\/uploads\/2025\/03\/Cotton-fibers-prepped-for-spinning-600x600.avif 600w\" sizes=\"auto, (max-width: 600px) 100vw, 600px\" \/><p id=\"caption-attachment-4379\" class=\"wp-caption-text\">Fibras de algod\u00f3n preparadas para hilar<\/p><\/div><\/li>\n<li><strong>Te\u00f1ido<\/strong>Los hilos de urdimbre se ti\u00f1en con \u00edndigo, mientras que los hilos de trama permanecen blancos, creando el aspecto cl\u00e1sico del denim.\n<p><div id=\"attachment_2483\" style=\"width: 610px\" class=\"wp-caption aligncenter\"><img loading=\"lazy\" decoding=\"async\" aria-describedby=\"caption-attachment-2483\" class=\"wp-image-2483\" src=\"https:\/\/lydenim.com\/wp-content\/uploads\/2024\/12\/\u5e8f\u5217-Sequence-01.00_04_07_12.Still016-scaled.jpg\" alt=\"Te\u00f1ido\" width=\"600\" height=\"338\" srcset=\"https:\/\/lydenim.com\/wp-content\/uploads\/2024\/12\/\u5e8f\u5217-Sequence-01.00_04_07_12.Still016-scaled.jpg 2560w, https:\/\/lydenim.com\/wp-content\/uploads\/2024\/12\/\u5e8f\u5217-Sequence-01.00_04_07_12.Still016-scaled-150x84.jpg 150w, https:\/\/lydenim.com\/wp-content\/uploads\/2024\/12\/\u5e8f\u5217-Sequence-01.00_04_07_12.Still016-scaled-600x338.jpg 600w, https:\/\/lydenim.com\/wp-content\/uploads\/2024\/12\/\u5e8f\u5217-Sequence-01.00_04_07_12.Still016-300x169.jpg 300w, https:\/\/lydenim.com\/wp-content\/uploads\/2024\/12\/\u5e8f\u5217-Sequence-01.00_04_07_12.Still016-1024x576.jpg 1024w, https:\/\/lydenim.com\/wp-content\/uploads\/2024\/12\/\u5e8f\u5217-Sequence-01.00_04_07_12.Still016-768x432.jpg 768w, https:\/\/lydenim.com\/wp-content\/uploads\/2024\/12\/\u5e8f\u5217-Sequence-01.00_04_07_12.Still016-1536x864.jpg 1536w, https:\/\/lydenim.com\/wp-content\/uploads\/2024\/12\/\u5e8f\u5217-Sequence-01.00_04_07_12.Still016-2048x1152.jpg 2048w, https:\/\/lydenim.com\/wp-content\/uploads\/2024\/12\/\u5e8f\u5217-Sequence-01.00_04_07_12.Still016-18x10.jpg 18w\" sizes=\"auto, (max-width: 600px) 100vw, 600px\" \/><p id=\"caption-attachment-2483\" class=\"wp-caption-text\">Te\u00f1ido<\/p><\/div><\/li>\n<li><strong>Tejer<\/strong>:Un tejido de sarga produce una tela resistente con un patr\u00f3n diagonal.<img loading=\"lazy\" decoding=\"async\" class=\"aligncenter wp-image-2499\" src=\"https:\/\/lydenim.com\/wp-content\/uploads\/2024\/12\/\u5e8f\u5217-Sequence-01.00_05_31_21.Still032-scaled.jpg\" alt=\"\" width=\"600\" height=\"338\" srcset=\"https:\/\/lydenim.com\/wp-content\/uploads\/2024\/12\/\u5e8f\u5217-Sequence-01.00_05_31_21.Still032-scaled.jpg 2560w, https:\/\/lydenim.com\/wp-content\/uploads\/2024\/12\/\u5e8f\u5217-Sequence-01.00_05_31_21.Still032-scaled-150x84.jpg 150w, https:\/\/lydenim.com\/wp-content\/uploads\/2024\/12\/\u5e8f\u5217-Sequence-01.00_05_31_21.Still032-scaled-600x338.jpg 600w, https:\/\/lydenim.com\/wp-content\/uploads\/2024\/12\/\u5e8f\u5217-Sequence-01.00_05_31_21.Still032-300x169.jpg 300w, https:\/\/lydenim.com\/wp-content\/uploads\/2024\/12\/\u5e8f\u5217-Sequence-01.00_05_31_21.Still032-1024x576.jpg 1024w, https:\/\/lydenim.com\/wp-content\/uploads\/2024\/12\/\u5e8f\u5217-Sequence-01.00_05_31_21.Still032-768x432.jpg 768w, https:\/\/lydenim.com\/wp-content\/uploads\/2024\/12\/\u5e8f\u5217-Sequence-01.00_05_31_21.Still032-1536x864.jpg 1536w, https:\/\/lydenim.com\/wp-content\/uploads\/2024\/12\/\u5e8f\u5217-Sequence-01.00_05_31_21.Still032-2048x1152.jpg 2048w, https:\/\/lydenim.com\/wp-content\/uploads\/2024\/12\/\u5e8f\u5217-Sequence-01.00_05_31_21.Still032-18x10.jpg 18w\" sizes=\"auto, (max-width: 600px) 100vw, 600px\" \/><\/li>\n<li><strong>Sin tratamiento<\/strong>:El tejido se salta el lavado o preencogido, conservando su estado crudo.<br \/>\nEl experto en denim Thomas se\u00f1ala: \u201cEl atractivo del denim crudo reside en su capacidad de contar una historia: sus patrones de uso crean una p\u00e1tina \u00fanica\u201d.<a href=\"https:\/\/denimhunters.com\/denim-wiki\/denim-explained\/selvedge\/\">Cazadores de vaqueros<\/a>).<\/li>\n<\/ol>\n<\/li>\n<\/ul>\n<h3>Caracter\u00edsticas del denim crudo<\/h3>\n<ul>\n<li><strong>Sucio<\/strong>:Conserva su estado natural, intacto por el agua y los productos qu\u00edmicos.<\/li>\n<li><strong>Textura r\u00edgida<\/strong>:Requiere de 3 a 6 meses de uso para adaptarse y amoldarse al cuerpo.<\/li>\n<li><strong>\u00cdndigo profundo<\/strong>:Ofrece un tono azul intenso que se desvanece de forma \u00fanica con el tiempo.<\/li>\n<li><strong>Desvanecimiento personalizado<\/strong>:Desarrolla marcas de desgaste seg\u00fan el estilo de vida del usuario.<br \/>\nUn 2022 <strong>Bureau Veritas<\/strong> Un estudio descubri\u00f3 que el denim crudo conserva el 85% de su solidez del color despu\u00e9s de 30 lavados con agua fr\u00eda, superando el 80% del denim lavado normal.<\/p>\n<p><div id=\"attachment_5641\" style=\"width: 610px\" class=\"wp-caption aligncenter\"><img loading=\"lazy\" decoding=\"async\" aria-describedby=\"caption-attachment-5641\" class=\"wp-image-5641\" src=\"https:\/\/lydenim.com\/wp-content\/uploads\/2025\/06\/Original-denim-jeans.jpg\" alt=\"\" width=\"600\" height=\"800\" srcset=\"https:\/\/lydenim.com\/wp-content\/uploads\/2025\/06\/Original-denim-jeans.jpg 750w, https:\/\/lydenim.com\/wp-content\/uploads\/2025\/06\/Original-denim-jeans-225x300.jpg 225w, https:\/\/lydenim.com\/wp-content\/uploads\/2025\/06\/Original-denim-jeans-9x12.jpg 9w, https:\/\/lydenim.com\/wp-content\/uploads\/2025\/06\/Original-denim-jeans-600x800.jpg 600w, https:\/\/lydenim.com\/wp-content\/uploads\/2025\/06\/Original-denim-jeans-150x200.jpg 150w\" sizes=\"auto, (max-width: 600px) 100vw, 600px\" \/><p id=\"caption-attachment-5641\" class=\"wp-caption-text\">Vaqueros originales de mezclilla<\/p><\/div><\/li>\n<\/ul>\n<h2>\u00bfQu\u00e9 es el denim con orillo?<\/h2>\n<p>El denim con orillo o denim orillo deriva su nombre de los telares tradicionales de lanzadera, que crean una tela con bordes autoacabados que evitan el deshilachado. Estos bordes, que se ven a trav\u00e9s de las perneras con costuras rojas o naranjas, son t\u00edpicos de las telas de alta calidad. El denim con orillo mide entre 71 y 91 cm de ancho, seg\u00fan Textile Testing International (2023), debido a que el proceso de producci\u00f3n es m\u00e1s lento y artesanal en comparaci\u00f3n con el denim regular, que mide 152 cm.<\/p>\n<ul>\n<li><strong>Caracter\u00edsticas de producci\u00f3n<\/strong>:\n<ul>\n<li>Se utilizan telares de lanzadera antiguos, que son menos eficientes pero producen tejidos m\u00e1s apretados.<\/li>\n<li>Los bordes autoacabados mejoran la durabilidad y la est\u00e9tica.<\/li>\n<li>A menudo se vende como denim crudo, pero se puede prelavar.<br \/>\nUn portavoz de Levi Strauss &amp; Co. explica: \u201cEl denim con orillo se refiere a la t\u00e9cnica de tejido, mientras que el denim crudo se refiere al estado sin tratar de la tela; no son lo mismo\u201d.<a href=\"https:\/\/www.levi.com\/US\/en_US\/blog\/article\/what-is-raw-denim\">Blog de Levi<\/a>).<img loading=\"lazy\" decoding=\"async\" class=\"aligncenter wp-image-4519\" src=\"https:\/\/lydenim.com\/wp-content\/uploads\/2025\/03\/IMG_6233.jpg\" alt=\"\" width=\"600\" height=\"600\" srcset=\"https:\/\/lydenim.com\/wp-content\/uploads\/2025\/03\/IMG_6233.jpg 2196w, https:\/\/lydenim.com\/wp-content\/uploads\/2025\/03\/IMG_6233-300x300.jpg 300w, https:\/\/lydenim.com\/wp-content\/uploads\/2025\/03\/IMG_6233-1024x1024.jpg 1024w, https:\/\/lydenim.com\/wp-content\/uploads\/2025\/03\/IMG_6233-150x150.jpg 150w, https:\/\/lydenim.com\/wp-content\/uploads\/2025\/03\/IMG_6233-768x768.jpg 768w, https:\/\/lydenim.com\/wp-content\/uploads\/2025\/03\/IMG_6233-1536x1536.jpg 1536w, https:\/\/lydenim.com\/wp-content\/uploads\/2025\/03\/IMG_6233-2048x2048.jpg 2048w, https:\/\/lydenim.com\/wp-content\/uploads\/2025\/03\/IMG_6233-12x12.jpg 12w, https:\/\/lydenim.com\/wp-content\/uploads\/2025\/03\/IMG_6233-600x600.jpg 600w\" sizes=\"auto, (max-width: 600px) 100vw, 600px\" \/><\/li>\n<\/ul>\n<\/li>\n<\/ul>\n<h3>Caracter\u00edsticas del denim con orillo<\/h3>\n<ul>\n<li><strong>Borde autoacabado<\/strong>Los bordes limpios visibles, a menudo con hilos de colores, a\u00f1aden un aspecto premium.<\/li>\n<li><strong>Tejido denso<\/strong>:Ofrece una resistencia a la tracci\u00f3n de 80 a 100 libras\/pulgada cuadrada, por <strong>Revista de investigaci\u00f3n textil<\/strong> (2021).<\/li>\n<li><strong>Textura \u00fanica<\/strong>:Las ligeras irregularidades de los telares de lanzadera crean un encanto vintage.<\/li>\n<li><strong>Costo m\u00e1s alto<\/strong>:La producci\u00f3n artesanal incrementa los costos en comparaci\u00f3n con el denim regular.<\/li>\n<\/ul>\n<h2>Denim crudo vs. Denim con orillo: Diferencias clave<\/h2>\n<p>Aunque el denim crudo y el denim con orillo suelen confundirse, son conceptos distintos. A continuaci\u00f3n, se presenta una comparaci\u00f3n detallada:<\/p>\n<table style=\"height: 233px;\" width=\"1136\">\n<thead>\n<tr>\n<th><strong>Aspecto<\/strong><\/th>\n<th><strong>Mezclilla cruda<\/strong><\/th>\n<th><strong>Mezclilla con orillo<\/strong><\/th>\n<\/tr>\n<\/thead>\n<tbody>\n<tr>\n<td><strong>Definici\u00f3n<\/strong><\/td>\n<td>Denim sin tratar ni lavar<\/td>\n<td>Mezclilla tejida en telares de lanzadera con bordes autoacabados<\/td>\n<\/tr>\n<tr>\n<td><strong>M\u00e9todo de tejido<\/strong><\/td>\n<td>Se puede producir en cualquier telar.<\/td>\n<td>Producido exclusivamente en telares de lanzadera<\/td>\n<\/tr>\n<tr>\n<td><strong>Apariencia<\/strong><\/td>\n<td>\u00cdndigo r\u00edgido y profundo, se desvanece con el uso.<\/td>\n<td>Borde autoacabado, a menudo con hilos de colores.<\/td>\n<\/tr>\n<tr>\n<td><strong>Durabilidad<\/strong><\/td>\n<td>Resistencia a la tracci\u00f3n de 70-90 lb\/pulgada cuadrada<\/td>\n<td>M\u00e1s denso, con una resistencia a la tracci\u00f3n de 80-100 lb\/pulgada cuadrada<\/td>\n<\/tr>\n<tr>\n<td><strong>Precio<\/strong><\/td>\n<td>Var\u00eda, a menudo m\u00e1s caro debido al estado crudo.<\/td>\n<td>Generalmente m\u00e1s caro debido al proceso artesanal.<\/td>\n<\/tr>\n<tr>\n<td><strong>Efecto de desvanecimiento<\/strong><\/td>\n<td>Desvanecimientos personalizados despu\u00e9s de meses de uso.<\/td>\n<td>Desvanecimientos similares si est\u00e1n crudos, con detalles de borde \u00fanicos.<\/td>\n<\/tr>\n<\/tbody>\n<\/table>\n<p>La bloguera de moda Sarah Ahmed afirma: \u00abEl denim crudo representa tu viaje: los desvanecimientos cuentan tu historia. El denim con orillo representa la artesan\u00eda, con sus bordes ic\u00f3nicos\u00bb.<a href=\"https:\/\/thejeansblog.com\/chambray-vs-denim-shirts\/\">El blog de los vaqueros<\/a>).<\/p>\n<div id=\"attachment_5642\" style=\"width: 610px\" class=\"wp-caption aligncenter\"><img loading=\"lazy\" decoding=\"async\" aria-describedby=\"caption-attachment-5642\" class=\"wp-image-5642\" src=\"https:\/\/lydenim.com\/wp-content\/uploads\/2025\/06\/selvedge.webp\" alt=\"\" width=\"600\" height=\"338\" srcset=\"https:\/\/lydenim.com\/wp-content\/uploads\/2025\/06\/selvedge.webp 1280w, https:\/\/lydenim.com\/wp-content\/uploads\/2025\/06\/selvedge-300x169.webp 300w, https:\/\/lydenim.com\/wp-content\/uploads\/2025\/06\/selvedge-1024x576.webp 1024w, https:\/\/lydenim.com\/wp-content\/uploads\/2025\/06\/selvedge-768x432.webp 768w, https:\/\/lydenim.com\/wp-content\/uploads\/2025\/06\/selvedge-18x10.webp 18w, https:\/\/lydenim.com\/wp-content\/uploads\/2025\/06\/selvedge-600x338.webp 600w, https:\/\/lydenim.com\/wp-content\/uploads\/2025\/06\/selvedge-150x84.webp 150w\" sizes=\"auto, (max-width: 600px) 100vw, 600px\" \/><p id=\"caption-attachment-5642\" class=\"wp-caption-text\">Denim crudo vs. Denim con orillo<\/p><\/div>\n<h2>Denim crudo vs. Denim regular<\/h2>\n<p>El denim normal suele estar prelavado o preencogido, lo que ofrece suavidad y comodidad inmediatas, pero carece del potencial del denim crudo para una decoloraci\u00f3n personalizada.<\/p>\n<ul>\n<li><strong>Tratamiento<\/strong>:El denim normal se somete a lavados o tratamientos qu\u00edmicos; el denim crudo permanece intacto.<\/li>\n<li><strong>Comodidad<\/strong>El denim normal es m\u00e1s suave al sacarlo de la caja; el denim crudo requiere un per\u00edodo de adaptaci\u00f3n de 3 a 6 meses.<\/li>\n<li><strong>Durabilidad<\/strong>:Ambos son comparables, pero el estado sin tratar del denim crudo puede desgastarse m\u00e1s r\u00e1pido en \u00e1reas de alto estr\u00e9s.<br \/>\nUn 2023 <strong>Denimolog\u00eda<\/strong> La encuesta revel\u00f3 que el 65% de los entusiastas del denim eligen el denim crudo por su potencial de decoloraci\u00f3n, mientras que el 40% prefiere el denim normal por su comodidad instant\u00e1nea (<a href=\"https:\/\/denimology.com\/blogs\/denimology\/chambray-vs-denim\">Denimolog\u00eda<\/a>).<\/li>\n<\/ul>\n<h2>Mezclilla con orillo vs. sin orillo<\/h2>\n<p>El denim sin orillo, producido en telares modernos de alta velocidad, prioriza la eficiencia sobre la artesan\u00eda.<\/p>\n<ul>\n<li><strong>Eficiencia de producci\u00f3n<\/strong>:El denim sin orillo se teje en un ancho de hasta 60 pulgadas, lo que reduce costos.<\/li>\n<li><strong>Tratamiento de bordes<\/strong>Los bordes sin orillo requieren remallado para evitar que se deshilachen, a diferencia de los bordes con orillo autoterminados.<\/li>\n<li><strong>Est\u00e9tica<\/strong>:El tejido y los bordes artesanales del denim con orillo ofrecen un atractivo vintage.<br \/>\n<strong>Revista de investigaci\u00f3n textil<\/strong> (2021) encontraron que la resistencia a la tracci\u00f3n del denim con orillo es entre 10 y 15% mayor que la del denim sin orillo, aunque la durabilidad del uso diario es similar.<\/li>\n<\/ul>\n<h2>Tendencias y datos de 2025<\/h2>\n<ul>\n<li><strong>Crecimiento del mercado<\/strong>Se proyecta que el mercado mundial de mezclilla alcance los $90.3 mil millones para 2027, con una CAGR de 4.2% entre 2020 y 2027 (<a href=\"https:\/\/www.grandviewresearch.com\/industry-analysis\/denim-fabric-market\">Grand View Research<\/a>).<\/li>\n<li><strong>Preferencias del consumidor<\/strong>:Un 2023 <strong>Denimolog\u00eda<\/strong> La encuesta mostr\u00f3 que el 65% de los fan\u00e1ticos del denim prefieren el denim crudo por sus descoloridos, y el 55% valora el denim con orillo por su artesan\u00eda (<a href=\"https:\/\/denimology.com\/blogs\/denimology\/chambray-vs-denim\">Denimolog\u00eda<\/a>).<\/li>\n<li><strong>Sostenibilidad<\/strong>:El denim crudo y con orillo, que requiere un procesamiento m\u00ednimo, se alinea con las tendencias de moda sustentable de 2025, reduciendo el uso de agua y productos qu\u00edmicos.<\/li>\n<\/ul>\n<h2>Escenarios de uso<\/h2>\n<ul>\n<li><strong>Vaqueros de mezclilla crudos<\/strong>:Ideal para entusiastas que buscan desvanecimientos personalizados, perfecto para uso informal con camisetas o chaquetas para una apariencia resistente.<\/li>\n<li><strong>Camisas vaqueras con orillo<\/strong>El borde con acabado autom\u00e1tico agrega sofisticaci\u00f3n, adecuado para entornos semiformales como oficinas informales o citas.<\/li>\n<li><strong>Chaquetas vaqueras con orillo<\/strong>:Duradero y elegante, vers\u00e1til para ropa de calle o actividades al aire libre.\n<p><div id=\"attachment_5643\" style=\"width: 610px\" class=\"wp-caption aligncenter\"><img loading=\"lazy\" decoding=\"async\" aria-describedby=\"caption-attachment-5643\" class=\"wp-image-5643\" src=\"https:\/\/lydenim.com\/wp-content\/uploads\/2025\/06\/Wearing-denim-clothes-scaled.jpg\" alt=\"\" width=\"600\" height=\"600\" srcset=\"https:\/\/lydenim.com\/wp-content\/uploads\/2025\/06\/Wearing-denim-clothes-scaled.jpg 2560w, https:\/\/lydenim.com\/wp-content\/uploads\/2025\/06\/Wearing-denim-clothes-300x300.jpg 300w, https:\/\/lydenim.com\/wp-content\/uploads\/2025\/06\/Wearing-denim-clothes-1024x1024.jpg 1024w, https:\/\/lydenim.com\/wp-content\/uploads\/2025\/06\/Wearing-denim-clothes-150x150.jpg 150w, https:\/\/lydenim.com\/wp-content\/uploads\/2025\/06\/Wearing-denim-clothes-768x767.jpg 768w, https:\/\/lydenim.com\/wp-content\/uploads\/2025\/06\/Wearing-denim-clothes-1536x1536.jpg 1536w, https:\/\/lydenim.com\/wp-content\/uploads\/2025\/06\/Wearing-denim-clothes-2048x2046.jpg 2048w, https:\/\/lydenim.com\/wp-content\/uploads\/2025\/06\/Wearing-denim-clothes-12x12.jpg 12w, https:\/\/lydenim.com\/wp-content\/uploads\/2025\/06\/Wearing-denim-clothes-600x599.jpg 600w\" sizes=\"auto, (max-width: 600px) 100vw, 600px\" \/><p id=\"caption-attachment-5643\" class=\"wp-caption-text\">Usar ropa de mezclilla<\/p><\/div><\/li>\n<\/ul>\n<h2>\u00bfC\u00f3mo cuidar el denim crudo y con orillo?<\/h2>\n<ul>\n<li><strong>Mezclilla cruda<\/strong>:Evite lavar durante 6 a 12 meses para evitar que se desti\u00f1a; lave a mano con agua fr\u00eda o remoje con un detergente suave (<a href=\"https:\/\/www.levi.com\/US\/en_US\/blog\/article\/what-is-raw-denim\">Blog de Levi<\/a>).<\/li>\n<li><strong>Mezclilla con orillo<\/strong>:Siga los cuidados del denim crudo si no est\u00e1 lavado; el orillo prelavado se puede lavar a m\u00e1quina, pero evite secarlo a alta temperatura.<br \/>\nEl experto en denim Nick Wooster aconseja: \u201cLave el denim crudo con moderaci\u00f3n, con agua fr\u00eda y detergente neutro para preservar su vida \u00fatil\u201d.<a href=\"https:\/\/stridewise.com\/chambray-shirts-guide\/\">Paso a paso<\/a>).<\/p>\n<div id=\"attachment_5644\" style=\"width: 610px\" class=\"wp-caption aligncenter\"><img loading=\"lazy\" decoding=\"async\" aria-describedby=\"caption-attachment-5644\" class=\"wp-image-5644\" src=\"https:\/\/lydenim.com\/wp-content\/uploads\/2025\/06\/\u725b\u4ed4\u4fdd\u517b1.jpg\" alt=\"\" width=\"600\" height=\"401\" srcset=\"https:\/\/lydenim.com\/wp-content\/uploads\/2025\/06\/\u725b\u4ed4\u4fdd\u517b1.jpg 1420w, https:\/\/lydenim.com\/wp-content\/uploads\/2025\/06\/\u725b\u4ed4\u4fdd\u517b1-300x200.jpg 300w, https:\/\/lydenim.com\/wp-content\/uploads\/2025\/06\/\u725b\u4ed4\u4fdd\u517b1-1024x684.jpg 1024w, https:\/\/lydenim.com\/wp-content\/uploads\/2025\/06\/\u725b\u4ed4\u4fdd\u517b1-768x513.jpg 768w, https:\/\/lydenim.com\/wp-content\/uploads\/2025\/06\/\u725b\u4ed4\u4fdd\u517b1-18x12.jpg 18w, https:\/\/lydenim.com\/wp-content\/uploads\/2025\/06\/\u725b\u4ed4\u4fdd\u517b1-600x401.jpg 600w, https:\/\/lydenim.com\/wp-content\/uploads\/2025\/06\/\u725b\u4ed4\u4fdd\u517b1-150x100.jpg 150w\" sizes=\"auto, (max-width: 600px) 100vw, 600px\" \/><p id=\"caption-attachment-5644\" class=\"wp-caption-text\">Mantenimiento de jeans de mezclilla 1<\/p><\/div>\n<p><div id=\"attachment_5645\" style=\"width: 610px\" class=\"wp-caption aligncenter\"><img loading=\"lazy\" decoding=\"async\" aria-describedby=\"caption-attachment-5645\" class=\"wp-image-5645\" src=\"https:\/\/lydenim.com\/wp-content\/uploads\/2025\/06\/\u725b\u4ed4\u4fdd\u517b2.jpg\" alt=\"\" width=\"600\" height=\"401\" srcset=\"https:\/\/lydenim.com\/wp-content\/uploads\/2025\/06\/\u725b\u4ed4\u4fdd\u517b2.jpg 1416w, https:\/\/lydenim.com\/wp-content\/uploads\/2025\/06\/\u725b\u4ed4\u4fdd\u517b2-300x200.jpg 300w, https:\/\/lydenim.com\/wp-content\/uploads\/2025\/06\/\u725b\u4ed4\u4fdd\u517b2-1024x684.jpg 1024w, https:\/\/lydenim.com\/wp-content\/uploads\/2025\/06\/\u725b\u4ed4\u4fdd\u517b2-768x513.jpg 768w, https:\/\/lydenim.com\/wp-content\/uploads\/2025\/06\/\u725b\u4ed4\u4fdd\u517b2-18x12.jpg 18w, https:\/\/lydenim.com\/wp-content\/uploads\/2025\/06\/\u725b\u4ed4\u4fdd\u517b2-600x401.jpg 600w, https:\/\/lydenim.com\/wp-content\/uploads\/2025\/06\/\u725b\u4ed4\u4fdd\u517b2-150x100.jpg 150w\" sizes=\"auto, (max-width: 600px) 100vw, 600px\" \/><p id=\"caption-attachment-5645\" class=\"wp-caption-text\">Mantenimiento de jeans de mezclilla 2<\/p><\/div><\/li>\n<\/ul>\n<h2>Conclusi\u00f3n<\/h2>\n<p>La tela vaquera cruda, junto con la mezclilla con orillo, se distingue por sus dise\u00f1os distintivos y su confecci\u00f3n magistral. La mezclilla cruda permite lograr efectos de desvanecimiento personalizados, mientras que la mezclilla con orillo presenta su calidad artesanal mediante bordes autoacabados. Ambos tipos de mezclilla siguen estando de moda porque ofrecen soluciones sostenibles con dise\u00f1os elegantes que se adaptan a diversas necesidades de moda. La distinci\u00f3n entre estos tejidos te permite elegir la prenda vaquera perfecta para tu armario. \u00a1Comparte tu historia sobre la mezclilla en la secci\u00f3n de comentarios!<\/p>\n<h2 dir=\"auto\">Servicios de personalizaci\u00f3n de LYDENIM<\/h2>\n<p dir=\"auto\">\ud83c\udfa8 Quiero <strong>telas de mezclilla personalizadas<\/strong> o\u00a0 <strong>\u00fanico<\/strong> <strong>prenda de mezclilla personalizada<\/strong>?LYDENIM se especializa en soluciones a medida para satisfacer sus necesidades de dise\u00f1o y producci\u00f3n.<\/p>\n<p dir=\"auto\">\ud83d\udecd\ufe0f <strong>Explora e insp\u00edrate<\/strong>:Explore nuestra selecci\u00f3n de telas y descubra ideas de dise\u00f1o en <a href=\"https:\/\/lydenim.com\/es\/\" target=\"_blank\" rel=\"noopener noreferrer nofollow\">LYDenim<\/a>.<\/p>\n<p dir=\"auto\">\ud83c\udf10 <strong>Ropa el\u00e1stica<\/strong>:Consulta nuestras ofertas en <a href=\"http:\/\/liangyuantextile.m.en.alibaba.com\" target=\"_blank\" rel=\"noopener noreferrer nofollow\">Mi Alibaba<\/a>. \ud83d\udce9 <strong>Contacto<\/strong>:Comun\u00edquese con nosotros en <a href=\"mailto:malone@lydenim.com\" target=\"_blank\" rel=\"noopener noreferrer nofollow\">malone@lydenim.com<\/a>.<\/p>\n<p dir=\"auto\">Crea tu obra maestra en denim con LYDENIM, tu socio de confianza para <strong>tejido el\u00e1stico<\/strong> y <strong>soluciones de mezclilla personalizadas<\/strong>.<\/p>","protected":false},"excerpt":{"rendered":"<p>Tiempo estimado de lectura: ~6 minutos Introducci\u00f3n La tela de mezclilla cruda sirve como un elemento fundamental de la moda contempor\u00e1nea al tiempo que representa tanto la cultura<\/p>","protected":false},"author":1,"featured_media":5647,"comment_status":"open","ping_status":"open","sticky":false,"template":"","format":"standard","meta":{"two_page_speed":[],"footnotes":""},"categories":[66],"tags":[],"class_list":["post-5601","post","type-post","status-publish","format-standard","has-post-thumbnail","hentry","category-denim-knowledge"],"aioseo_notices":[],"_links":{"self":[{"href":"https:\/\/lydenim.com\/es\/wp-json\/wp\/v2\/posts\/5601","targetHints":{"allow":["GET"]}}],"collection":[{"href":"https:\/\/lydenim.com\/es\/wp-json\/wp\/v2\/posts"}],"about":[{"href":"https:\/\/lydenim.com\/es\/wp-json\/wp\/v2\/types\/post"}],"author":[{"embeddable":true,"href":"https:\/\/lydenim.com\/es\/wp-json\/wp\/v2\/users\/1"}],"replies":[{"embeddable":true,"href":"https:\/\/lydenim.com\/es\/wp-json\/wp\/v2\/comments?post=5601"}],"version-history":[{"count":5,"href":"https:\/\/lydenim.com\/es\/wp-json\/wp\/v2\/posts\/5601\/revisions"}],"predecessor-version":[{"id":6368,"href":"https:\/\/lydenim.com\/es\/wp-json\/wp\/v2\/posts\/5601\/revisions\/6368"}],"wp:featuredmedia":[{"embeddable":true,"href":"https:\/\/lydenim.com\/es\/wp-json\/wp\/v2\/media\/5647"}],"wp:attachment":[{"href":"https:\/\/lydenim.com\/es\/wp-json\/wp\/v2\/media?parent=5601"}],"wp:term":[{"taxonomy":"category","embeddable":true,"href":"https:\/\/lydenim.com\/es\/wp-json\/wp\/v2\/categories?post=5601"},{"taxonomy":"post_tag","embeddable":true,"href":"https:\/\/lydenim.com\/es\/wp-json\/wp\/v2\/tags?post=5601"}],"curies":[{"name":"wp","href":"https:\/\/api.w.org\/{rel}","templated":true}]}}