{"id":5635,"date":"2025-06-30T11:29:37","date_gmt":"2025-06-30T03:29:37","guid":{"rendered":"https:\/\/lydenim.com\/?p=5635"},"modified":"2025-08-24T13:42:15","modified_gmt":"2025-08-24T05:42:15","slug":"designer-jeans","status":"publish","type":"post","link":"https:\/\/lydenim.com\/es\/vaqueros-de-disenador\/","title":{"rendered":"Jeans de dise\u00f1ador: Tendencias de moda de 2025, consejos de estilo y potencial de mercado"},"content":{"rendered":"<h2 data-pm-slice=\"1 1 []\">Tiempo estimado de lectura: ~3 minutos<\/h2>\n<h2>Introducci\u00f3n<\/h2>\n<p>Los jeans de dise\u00f1ador son la cumbre de la moda en 2025, combinando la comodidad del denim con la creatividad \u00fanica de dise\u00f1adores de alta gama. Conocidos por sus materiales de primera calidad, su impecable confecci\u00f3n y sus dise\u00f1os distintivos, estos jeans son los favoritos de los amantes de la moda. Este art\u00edculo explora la traducci\u00f3n de palabras clave, las ventajas y desventajas de los jeans de dise\u00f1ador, sus usos, las perspectivas de expertos y de la comunidad, y su potencial de mercado, ofreciendo una gu\u00eda completa para los lectores.<img loading=\"lazy\" decoding=\"async\" class=\"aligncenter wp-image-5467\" src=\"https:\/\/lydenim.com\/wp-content\/uploads\/2025\/06\/2025-Denim-Trends.jpg\" alt=\"\" width=\"600\" height=\"267\" srcset=\"https:\/\/lydenim.com\/wp-content\/uploads\/2025\/06\/2025-Denim-Trends.jpg 2502w, https:\/\/lydenim.com\/wp-content\/uploads\/2025\/06\/2025-Denim-Trends-300x133.jpg 300w, https:\/\/lydenim.com\/wp-content\/uploads\/2025\/06\/2025-Denim-Trends-1024x455.jpg 1024w, https:\/\/lydenim.com\/wp-content\/uploads\/2025\/06\/2025-Denim-Trends-768x341.jpg 768w, https:\/\/lydenim.com\/wp-content\/uploads\/2025\/06\/2025-Denim-Trends-1536x683.jpg 1536w, https:\/\/lydenim.com\/wp-content\/uploads\/2025\/06\/2025-Denim-Trends-2048x910.jpg 2048w, https:\/\/lydenim.com\/wp-content\/uploads\/2025\/06\/2025-Denim-Trends-18x8.jpg 18w, https:\/\/lydenim.com\/wp-content\/uploads\/2025\/06\/2025-Denim-Trends-600x267.jpg 600w, https:\/\/lydenim.com\/wp-content\/uploads\/2025\/06\/2025-Denim-Trends-150x67.jpg 150w\" sizes=\"auto, (max-width: 600px) 100vw, 600px\" \/><\/p>\n<h2>Tendencias de moda en jeans de dise\u00f1ador para 2025<\/h2>\n<p>Los jeans de dise\u00f1ador en 2025 est\u00e1n adoptando estilos nost\u00e1lgicos, con varias tendencias clave emergentes:<\/p>\n<ul>\n<li><strong>Vaqueros de barril<\/strong>Estos jeans de pierna ancha ofrecen un equilibrio entre comodidad y estilo, avalado por celebridades como Blake Lively y Julianne Moore.<img loading=\"lazy\" decoding=\"async\" class=\"aligncenter wp-image-5110\" src=\"https:\/\/lydenim.com\/wp-content\/uploads\/2025\/05\/IMG_5650.jpg\" alt=\"\" width=\"600\" height=\"800\" srcset=\"https:\/\/lydenim.com\/wp-content\/uploads\/2025\/05\/IMG_5650.jpg 750w, https:\/\/lydenim.com\/wp-content\/uploads\/2025\/05\/IMG_5650-225x300.jpg 225w, https:\/\/lydenim.com\/wp-content\/uploads\/2025\/05\/IMG_5650-9x12.jpg 9w, https:\/\/lydenim.com\/wp-content\/uploads\/2025\/05\/IMG_5650-600x800.jpg 600w, https:\/\/lydenim.com\/wp-content\/uploads\/2025\/05\/IMG_5650-150x200.jpg 150w\" sizes=\"auto, (max-width: 600px) 100vw, 600px\" \/><\/li>\n<li><strong>Vaqueros de corte bota<\/strong>Un cl\u00e1sico de los a\u00f1os 70 de corte entallado y atractivo retro, perfecto para looks elegantes.<img loading=\"lazy\" decoding=\"async\" class=\"aligncenter wp-image-5158\" src=\"https:\/\/lydenim.com\/wp-content\/uploads\/2025\/05\/18741747712009_.pic_.jpg\" alt=\"\" width=\"600\" height=\"799\" srcset=\"https:\/\/lydenim.com\/wp-content\/uploads\/2025\/05\/18741747712009_.pic_.jpg 1280w, https:\/\/lydenim.com\/wp-content\/uploads\/2025\/05\/18741747712009_.pic_-225x300.jpg 225w, https:\/\/lydenim.com\/wp-content\/uploads\/2025\/05\/18741747712009_.pic_-769x1024.jpg 769w, https:\/\/lydenim.com\/wp-content\/uploads\/2025\/05\/18741747712009_.pic_-768x1023.jpg 768w, https:\/\/lydenim.com\/wp-content\/uploads\/2025\/05\/18741747712009_.pic_-1153x1536.jpg 1153w, https:\/\/lydenim.com\/wp-content\/uploads\/2025\/05\/18741747712009_.pic_-9x12.jpg 9w, https:\/\/lydenim.com\/wp-content\/uploads\/2025\/05\/18741747712009_.pic_-600x799.jpg 600w, https:\/\/lydenim.com\/wp-content\/uploads\/2025\/05\/18741747712009_.pic_-150x200.jpg 150w\" sizes=\"auto, (max-width: 600px) 100vw, 600px\" \/><\/li>\n<li><strong>Estilos Y2K<\/strong>Los dise\u00f1os de talle bajo con elementos decorativos como estampados florales o bordados est\u00e1n volviendo a ponerse de moda.<\/li>\n<li><img loading=\"lazy\" decoding=\"async\" class=\"wp-image-4991 aligncenter\" src=\"https:\/\/lydenim.com\/wp-content\/uploads\/2025\/05\/YProject-Spring-2024-Ready-To-Wear.jpg\" alt=\"\" width=\"600\" height=\"648\" srcset=\"https:\/\/lydenim.com\/wp-content\/uploads\/2025\/05\/YProject-Spring-2024-Ready-To-Wear.jpg 832w, https:\/\/lydenim.com\/wp-content\/uploads\/2025\/05\/YProject-Spring-2024-Ready-To-Wear-278x300.jpg 278w, https:\/\/lydenim.com\/wp-content\/uploads\/2025\/05\/YProject-Spring-2024-Ready-To-Wear-768x829.jpg 768w, https:\/\/lydenim.com\/wp-content\/uploads\/2025\/05\/YProject-Spring-2024-Ready-To-Wear-11x12.jpg 11w, https:\/\/lydenim.com\/wp-content\/uploads\/2025\/05\/YProject-Spring-2024-Ready-To-Wear-600x648.jpg 600w, https:\/\/lydenim.com\/wp-content\/uploads\/2025\/05\/YProject-Spring-2024-Ready-To-Wear-150x162.jpg 150w\" sizes=\"auto, (max-width: 600px) 100vw, 600px\" \/><\/li>\n<li><strong>Mezclilla cruda<\/strong>Los jeans sin lavar son tendencia por su descolorido natural, ofreciendo un aspecto personalizado.<\/li>\n<\/ul>\n<h2>Ventajas de los jeans de dise\u00f1ador<\/h2>\n<p>Los jeans de dise\u00f1o son apreciados por sus cualidades \u00fanicas:<\/p>\n<ul>\n<li><strong>Estilo<\/strong>:Se alinean con las tendencias de moda actuales, ofreciendo una apariencia elegante y vanguardista.<\/li>\n<li><strong>Materiales<\/strong>:Confeccionado con mezclilla de primera calidad, algod\u00f3n org\u00e1nico y elastano para una comodidad y durabilidad superiores.<\/li>\n<li><strong>Comodidad y ajuste<\/strong>Los dise\u00f1adores priorizan los cortes personalizados para un ajuste favorecedor y c\u00f3modo.<\/li>\n<li><strong>Durabilidad<\/strong>:Los materiales de alta calidad y la artesan\u00eda garantizan longevidad.<\/li>\n<li><strong>Variedad<\/strong>:Disponible en diversos colores, estilos y cortes para adaptarse a varios gustos.<img loading=\"lazy\" decoding=\"async\" class=\"aligncenter wp-image-5637\" src=\"https:\/\/lydenim.com\/wp-content\/uploads\/2025\/06\/Detailed-jeans.jpeg\" alt=\"\" width=\"600\" height=\"600\" srcset=\"https:\/\/lydenim.com\/wp-content\/uploads\/2025\/06\/Detailed-jeans.jpeg 1280w, https:\/\/lydenim.com\/wp-content\/uploads\/2025\/06\/Detailed-jeans-300x300.jpeg 300w, https:\/\/lydenim.com\/wp-content\/uploads\/2025\/06\/Detailed-jeans-1024x1024.jpeg 1024w, https:\/\/lydenim.com\/wp-content\/uploads\/2025\/06\/Detailed-jeans-150x150.jpeg 150w, https:\/\/lydenim.com\/wp-content\/uploads\/2025\/06\/Detailed-jeans-768x768.jpeg 768w, https:\/\/lydenim.com\/wp-content\/uploads\/2025\/06\/Detailed-jeans-12x12.jpeg 12w, https:\/\/lydenim.com\/wp-content\/uploads\/2025\/06\/Detailed-jeans-600x600.jpeg 600w\" sizes=\"auto, (max-width: 600px) 100vw, 600px\" \/><\/li>\n<\/ul>\n<h2>Desventajas de los jeans de dise\u00f1ador<\/h2>\n<p>A pesar de su atractivo, los jeans de dise\u00f1ador tienen algunas limitaciones:<\/p>\n<ul>\n<li><strong>Costo<\/strong>:Son significativamente m\u00e1s caros y potencialmente fuera del alcance de algunos presupuestos.<\/li>\n<li><strong>Mantenimiento<\/strong>:Requiere un cuidado especial para mantener la calidad y la apariencia.<\/li>\n<li><strong>Uso diario limitado<\/strong>:Algunos estilos pueden ser demasiado formales o poco pr\u00e1cticos para el uso diario.<\/li>\n<\/ul>\n<h2>Escenarios de uso<\/h2>\n<p>Los jeans de dise\u00f1o son vers\u00e1tiles para diversas situaciones:<\/p>\n<ul>\n<li><strong>Ropa de oficina<\/strong>Comb\u00ednalo con una blusa y zapatos planos para lograr un look profesional en lugares de trabajo creativos, como empresas de publicidad o dise\u00f1o.<\/li>\n<li><strong>Eventos sociales<\/strong>:Comb\u00ednalo con un top de seda y tacones para cenas o exposiciones de arte.<\/li>\n<li><strong>Salidas informales<\/strong>:Ll\u00e9valo con una camiseta estampada y zapatillas deportivas para ir de compras o a reuniones.<\/li>\n<li><strong>Vestimenta de viaje<\/strong>Comb\u00ednalo con una chaqueta o un su\u00e9ter para mayor comodidad y estilo en viajes largos.<\/li>\n<li><strong>Fiestas de moda<\/strong>Complementa tu look con art\u00edculos atrevidos como cinturones o pendientes grandes para conseguir un look moderno.<img loading=\"lazy\" decoding=\"async\" class=\"size-full wp-image-5011 aligncenter\" src=\"https:\/\/lydenim.com\/wp-content\/uploads\/2025\/05\/DM_20250505014945_020-e1746516393120.jpg\" alt=\"SACAI \/ PR\u00d3XIMO A PORTER PRIMAVERA 2025\" width=\"600\" height=\"567\" srcset=\"https:\/\/lydenim.com\/wp-content\/uploads\/2025\/05\/DM_20250505014945_020-e1746516393120.jpg 600w, https:\/\/lydenim.com\/wp-content\/uploads\/2025\/05\/DM_20250505014945_020-e1746516393120-300x284.jpg 300w, https:\/\/lydenim.com\/wp-content\/uploads\/2025\/05\/DM_20250505014945_020-e1746516393120-13x12.jpg 13w, https:\/\/lydenim.com\/wp-content\/uploads\/2025\/05\/DM_20250505014945_020-e1746516393120-150x142.jpg 150w\" sizes=\"auto, (max-width: 600px) 100vw, 600px\" \/><img loading=\"lazy\" decoding=\"async\" class=\"size-full wp-image-5002 aligncenter\" src=\"https:\/\/lydenim.com\/wp-content\/uploads\/2025\/05\/DM_20250505014945_009-e1746515390394.jpg\" alt=\"BALENCIAGA \/ PR\u00d3XIMO A PORTER PRIMAVERA 2025\" width=\"600\" height=\"863\" \/><\/li>\n<\/ul>\n<h2>Perspectivas de expertos y de la comunidad<\/h2>\n<p>A continuaci\u00f3n, se presentan perspectivas espec\u00edficas de expertos y comunidades de moda:<\/p>\n<ul>\n<li><strong>Faiza Bouguessa (Fundadora de Bouguessa)<\/strong>:\u201cLos jeans con corte barril seguir\u00e1n siendo populares, ofreciendo comodidad y estilo\u201d.<\/li>\n<li><strong>Laurel Pantin (escritora y consultora de marca)<\/strong>:\u201cLos jeans son la base de cualquier guardarropa, ofreciendo versatilidad y durabilidad\u201d.<\/li>\n<li><strong>Heuritech (Plataforma de tendencias de moda)<\/strong>:\u201cPersonalizar los jeans con accesorios como cinturones les da un aspecto fresco\u201d.<\/li>\n<li><strong>Usuario de Reddit u\/stylishguru (r\/malefashionadvice)<\/strong>:\u201cLos jeans oscuros con partes superiores blancas o negras son perfectos para ocasiones semiformales, realzados con mocasines\u201d.<\/li>\n<li><strong>El bazar de Harper<\/strong>:\u201cLos dise\u00f1adores se est\u00e1n inclinando por estilos ajustados, lo que podr\u00eda dar forma a las futuras tendencias del denim\u201d.<\/li>\n<\/ul>\n<h2>Consejos de cuidado<\/h2>\n<p>Para prolongar la vida \u00fatil de los jeans de dise\u00f1ador, siga estas pr\u00e1cticas de cuidado:<\/p>\n<ul>\n<li><strong>Lavar por separado<\/strong>:Limpiar con colores similares para evitar la transferencia de tinte.<\/li>\n<li><strong>Lavar por el rev\u00e9s<\/strong>: Protege la tela y el color.<\/li>\n<li><strong>Utilice detergente suave<\/strong>:Evite los productos qu\u00edmicos agresivos<\/li>\n<li><strong>Secar al aire<\/strong>:Evite el secado a altas temperaturas para mantener la forma y el color.<\/li>\n<li><strong>Trate las manchas con prontitud<\/strong>:Utilice un quitamanchas suave\n<div id=\"attachment_5644\" style=\"width: 610px\" class=\"wp-caption aligncenter\"><img loading=\"lazy\" decoding=\"async\" aria-describedby=\"caption-attachment-5644\" class=\"wp-image-5644\" src=\"https:\/\/lydenim.com\/wp-content\/uploads\/2025\/06\/\u725b\u4ed4\u4fdd\u517b1.jpg\" alt=\"\" width=\"600\" height=\"401\" srcset=\"https:\/\/lydenim.com\/wp-content\/uploads\/2025\/06\/\u725b\u4ed4\u4fdd\u517b1.jpg 1420w, https:\/\/lydenim.com\/wp-content\/uploads\/2025\/06\/\u725b\u4ed4\u4fdd\u517b1-300x200.jpg 300w, https:\/\/lydenim.com\/wp-content\/uploads\/2025\/06\/\u725b\u4ed4\u4fdd\u517b1-1024x684.jpg 1024w, https:\/\/lydenim.com\/wp-content\/uploads\/2025\/06\/\u725b\u4ed4\u4fdd\u517b1-768x513.jpg 768w, https:\/\/lydenim.com\/wp-content\/uploads\/2025\/06\/\u725b\u4ed4\u4fdd\u517b1-18x12.jpg 18w, https:\/\/lydenim.com\/wp-content\/uploads\/2025\/06\/\u725b\u4ed4\u4fdd\u517b1-600x401.jpg 600w, https:\/\/lydenim.com\/wp-content\/uploads\/2025\/06\/\u725b\u4ed4\u4fdd\u517b1-150x100.jpg 150w\" sizes=\"auto, (max-width: 600px) 100vw, 600px\" \/><p id=\"caption-attachment-5644\" class=\"wp-caption-text\">Mantenimiento de jeans de mezclilla 1<\/p><\/div>\n<p><div id=\"attachment_5645\" style=\"width: 610px\" class=\"wp-caption aligncenter\"><img loading=\"lazy\" decoding=\"async\" aria-describedby=\"caption-attachment-5645\" class=\"wp-image-5645\" src=\"https:\/\/lydenim.com\/wp-content\/uploads\/2025\/06\/\u725b\u4ed4\u4fdd\u517b2.jpg\" alt=\"\" width=\"600\" height=\"401\" srcset=\"https:\/\/lydenim.com\/wp-content\/uploads\/2025\/06\/\u725b\u4ed4\u4fdd\u517b2.jpg 1416w, https:\/\/lydenim.com\/wp-content\/uploads\/2025\/06\/\u725b\u4ed4\u4fdd\u517b2-300x200.jpg 300w, https:\/\/lydenim.com\/wp-content\/uploads\/2025\/06\/\u725b\u4ed4\u4fdd\u517b2-1024x684.jpg 1024w, https:\/\/lydenim.com\/wp-content\/uploads\/2025\/06\/\u725b\u4ed4\u4fdd\u517b2-768x513.jpg 768w, https:\/\/lydenim.com\/wp-content\/uploads\/2025\/06\/\u725b\u4ed4\u4fdd\u517b2-18x12.jpg 18w, https:\/\/lydenim.com\/wp-content\/uploads\/2025\/06\/\u725b\u4ed4\u4fdd\u517b2-600x401.jpg 600w, https:\/\/lydenim.com\/wp-content\/uploads\/2025\/06\/\u725b\u4ed4\u4fdd\u517b2-150x100.jpg 150w\" sizes=\"auto, (max-width: 600px) 100vw, 600px\" \/><p id=\"caption-attachment-5645\" class=\"wp-caption-text\">Mantenimiento de jeans de mezclilla 2<\/p><\/div><\/li>\n<\/ul>\n<h2>Potencial del mercado<\/h2>\n<p>De acuerdo a <a href=\"https:\/\/www.grandviewresearch.com\/\">Grand View Research<\/a>El mercado global de jeans se valor\u00f3 en USD 86.660 millones en 2024 y se proyecta que alcance los USD 121.500 millones para 2030, con una tasa de crecimiento anual compuesta (TCAC) de 5,91 TP3T. Los jeans de dise\u00f1ador, especialmente los de marcas de lujo, tienen una gran demanda debido a su versatilidad y estilo. Los datos de Google Trends indican un aumento significativo en las b\u00fasquedas de jeans en oto\u00f1o de 2024. El auge de la moda sostenible impulsa a\u00fan m\u00e1s los jeans de dise\u00f1ador ecol\u00f3gicos, con marcas como Stella McCartney y Rag &amp; Bone a la vanguardia de sus programas de producci\u00f3n y reciclaje sostenibles.<\/p>\n<h2>Conclusi\u00f3n<\/h2>\n<p>Los jeans de dise\u00f1ador no son solo una declaraci\u00f3n de moda; son un b\u00e1sico vers\u00e1til, duradero y atemporal para tu armario en 2025. Siguiendo los consejos de estilo y cuidado de expertos, podr\u00e1s aprovechar al m\u00e1ximo estas prendas de alta gama para diversas ocasiones. Ya sea para el trabajo, eventos sociales o salidas informales, los jeans de dise\u00f1ador ofrecen una flexibilidad y un estilo inigualables.<\/p>\n<h2 dir=\"auto\">Servicios de personalizaci\u00f3n de LYDENIM<\/h2>\n<p dir=\"auto\">\ud83c\udfa8 Quiero <strong>telas de mezclilla personalizadas<\/strong> o\u00a0 <strong>\u00fanico<\/strong> <strong>prenda de mezclilla personalizada<\/strong>?LYDENIM se especializa en soluciones a medida para satisfacer sus necesidades de dise\u00f1o y producci\u00f3n.<\/p>\n<p dir=\"auto\">\ud83d\udecd\ufe0f <strong>Explora e insp\u00edrate<\/strong>:Explore nuestra selecci\u00f3n de telas y descubra ideas de dise\u00f1o en <a href=\"https:\/\/lydenim.com\/es\/\" target=\"_blank\" rel=\"noopener noreferrer nofollow\">LYDenim<\/a>.<\/p>\n<p dir=\"auto\">\ud83c\udf10 <strong>Ropa el\u00e1stica<\/strong>:Consulta nuestras ofertas en <a href=\"http:\/\/liangyuantextile.m.en.alibaba.com\" target=\"_blank\" rel=\"noopener noreferrer nofollow\">Mi Alibaba<\/a>. \ud83d\udce9 <strong>Contacto<\/strong>:Comun\u00edquese con nosotros en <a href=\"mailto:malone@lydenim.com\" target=\"_blank\" rel=\"noopener noreferrer nofollow\">malone@lydenim.com<\/a>.<\/p>\n<p dir=\"auto\">Crea tu obra maestra en denim con LYDENIM, tu socio de confianza para <strong>tejido el\u00e1stico<\/strong> y <strong>soluciones de mezclilla personalizadas<\/strong>.<\/p>","protected":false},"excerpt":{"rendered":"<p>Tiempo estimado de lectura: ~3 minutos Introducci\u00f3n Los jeans de dise\u00f1ador son la c\u00faspide de la moda en 2025, combinando la comodidad del denim<\/p>","protected":false},"author":1,"featured_media":5691,"comment_status":"open","ping_status":"open","sticky":false,"template":"","format":"standard","meta":{"two_page_speed":[],"footnotes":""},"categories":[76],"tags":[],"class_list":["post-5635","post","type-post","status-publish","format-standard","has-post-thumbnail","hentry","category-garment"],"aioseo_notices":[],"_links":{"self":[{"href":"https:\/\/lydenim.com\/es\/wp-json\/wp\/v2\/posts\/5635","targetHints":{"allow":["GET"]}}],"collection":[{"href":"https:\/\/lydenim.com\/es\/wp-json\/wp\/v2\/posts"}],"about":[{"href":"https:\/\/lydenim.com\/es\/wp-json\/wp\/v2\/types\/post"}],"author":[{"embeddable":true,"href":"https:\/\/lydenim.com\/es\/wp-json\/wp\/v2\/users\/1"}],"replies":[{"embeddable":true,"href":"https:\/\/lydenim.com\/es\/wp-json\/wp\/v2\/comments?post=5635"}],"version-history":[{"count":5,"href":"https:\/\/lydenim.com\/es\/wp-json\/wp\/v2\/posts\/5635\/revisions"}],"predecessor-version":[{"id":6367,"href":"https:\/\/lydenim.com\/es\/wp-json\/wp\/v2\/posts\/5635\/revisions\/6367"}],"wp:featuredmedia":[{"embeddable":true,"href":"https:\/\/lydenim.com\/es\/wp-json\/wp\/v2\/media\/5691"}],"wp:attachment":[{"href":"https:\/\/lydenim.com\/es\/wp-json\/wp\/v2\/media?parent=5635"}],"wp:term":[{"taxonomy":"category","embeddable":true,"href":"https:\/\/lydenim.com\/es\/wp-json\/wp\/v2\/categories?post=5635"},{"taxonomy":"post_tag","embeddable":true,"href":"https:\/\/lydenim.com\/es\/wp-json\/wp\/v2\/tags?post=5635"}],"curies":[{"name":"wp","href":"https:\/\/api.w.org\/{rel}","templated":true}]}}