{"id":5657,"date":"2025-07-02T11:05:40","date_gmt":"2025-07-02T03:05:40","guid":{"rendered":"https:\/\/lydenim.com\/?p=5657"},"modified":"2025-08-24T13:43:25","modified_gmt":"2025-08-24T05:43:25","slug":"denim-styles","status":"publish","type":"post","link":"https:\/\/lydenim.com\/es\/estilos-de-mezclilla\/","title":{"rendered":"Estilos de mezclilla: desde los tipos de tela hasta las opciones de ajuste"},"content":{"rendered":"<h2>Tiempo estimado de lectura: ~ 6 minutos<\/h2>\n<h2>Introducci\u00f3n<\/h2>\n<p>El denim es una tela atemporal que ocupa un lugar destacado en la moda mundial gracias a su durabilidad, comodidad y estilo ic\u00f3nico. Con una amplia gama de tipos de tela, tramas y cortes, los estilos de denim ofrecen infinitas posibilidades de expresi\u00f3n personal. Desde los cl\u00e1sicos jeans rectos hasta los modernos dise\u00f1os holgados, el denim se adapta a diversas necesidades y ocasiones. Este art\u00edculo explora los tipos de tela de denim, las t\u00e9cnicas de tejido, los cortes populares, las ventajas, las desventajas, los usos, el potencial de mercado y la opini\u00f3n de expertos para guiar al lector en la selecci\u00f3n y el estilo de prendas de denim.<\/p>\n<h2>Tipos y tejidos de tela vaquera<\/h2>\n<p>La versatilidad del denim reside en sus tejidos y tratamientos \u00fanicos. A continuaci\u00f3n, se presentan los principales tipos y caracter\u00edsticas:<\/p>\n<h3><a href=\"https:\/\/lydenim.com\/es\/patrones-de-tejido\/\">Tejidos comunes<\/a><\/h3>\n<ul>\n<li><strong>Tejido de sarga<\/strong>:El tejido de mezclilla m\u00e1s frecuente, que crea un patr\u00f3n de nervaduras diagonales, conocido por su durabilidad y su apariencia ic\u00f3nica.\n<p><div id=\"attachment_3982\" style=\"width: 610px\" class=\"wp-caption aligncenter\"><img loading=\"lazy\" decoding=\"async\" aria-describedby=\"caption-attachment-3982\" class=\"wp-image-3982\" src=\"https:\/\/lydenim.com\/wp-content\/uploads\/2025\/03\/IMG_4206.jpg\" alt=\"Tejido de sarga\" width=\"600\" height=\"274\" srcset=\"https:\/\/lydenim.com\/wp-content\/uploads\/2025\/03\/IMG_4206.jpg 1186w, https:\/\/lydenim.com\/wp-content\/uploads\/2025\/03\/IMG_4206-300x137.jpg 300w, https:\/\/lydenim.com\/wp-content\/uploads\/2025\/03\/IMG_4206-1024x468.jpg 1024w, https:\/\/lydenim.com\/wp-content\/uploads\/2025\/03\/IMG_4206-768x351.jpg 768w, https:\/\/lydenim.com\/wp-content\/uploads\/2025\/03\/IMG_4206-18x8.jpg 18w, https:\/\/lydenim.com\/wp-content\/uploads\/2025\/03\/IMG_4206-600x274.jpg 600w, https:\/\/lydenim.com\/wp-content\/uploads\/2025\/03\/IMG_4206-150x69.jpg 150w\" sizes=\"auto, (max-width: 600px) 100vw, 600px\" \/><p id=\"caption-attachment-3982\" class=\"wp-caption-text\">Tejido de sarga<\/p><\/div><\/li>\n<li><strong>Tejido liso<\/strong>:Menos com\u00fan en denim, se utiliza para telas m\u00e1s ligeras como el chambray, ofreciendo una estructura m\u00e1s simple y equilibrada.\n<p><div id=\"attachment_3981\" style=\"width: 610px\" class=\"wp-caption aligncenter\"><img loading=\"lazy\" decoding=\"async\" aria-describedby=\"caption-attachment-3981\" class=\"wp-image-3981\" src=\"https:\/\/lydenim.com\/wp-content\/uploads\/2025\/03\/\u659c\u7eb9.jpeg\" alt=\"Tejido liso\" width=\"600\" height=\"301\" srcset=\"https:\/\/lydenim.com\/wp-content\/uploads\/2025\/03\/\u659c\u7eb9.jpeg 1156w, https:\/\/lydenim.com\/wp-content\/uploads\/2025\/03\/\u659c\u7eb9-300x151.jpeg 300w, https:\/\/lydenim.com\/wp-content\/uploads\/2025\/03\/\u659c\u7eb9-1024x514.jpeg 1024w, https:\/\/lydenim.com\/wp-content\/uploads\/2025\/03\/\u659c\u7eb9-768x385.jpeg 768w, https:\/\/lydenim.com\/wp-content\/uploads\/2025\/03\/\u659c\u7eb9-18x9.jpeg 18w, https:\/\/lydenim.com\/wp-content\/uploads\/2025\/03\/\u659c\u7eb9-600x301.jpeg 600w, https:\/\/lydenim.com\/wp-content\/uploads\/2025\/03\/\u659c\u7eb9-150x75.jpeg 150w\" sizes=\"auto, (max-width: 600px) 100vw, 600px\" \/><p id=\"caption-attachment-3981\" class=\"wp-caption-text\">Tejido liso<\/p><\/div><\/li>\n<li><strong>Sarga rota<\/strong>:Una variaci\u00f3n de sarga con patrones diagonales interrumpidos, que crea una textura distintiva, a menudo utilizada en jeans premium.\n<p><div id=\"attachment_3985\" style=\"width: 610px\" class=\"wp-caption aligncenter\"><img loading=\"lazy\" decoding=\"async\" aria-describedby=\"caption-attachment-3985\" class=\"wp-image-3985\" src=\"https:\/\/lydenim.com\/wp-content\/uploads\/2025\/03\/IMG_4209.jpg\" alt=\"Sarga rota\" width=\"600\" height=\"241\" srcset=\"https:\/\/lydenim.com\/wp-content\/uploads\/2025\/03\/IMG_4209.jpg 1178w, https:\/\/lydenim.com\/wp-content\/uploads\/2025\/03\/IMG_4209-300x120.jpg 300w, https:\/\/lydenim.com\/wp-content\/uploads\/2025\/03\/IMG_4209-1024x411.jpg 1024w, https:\/\/lydenim.com\/wp-content\/uploads\/2025\/03\/IMG_4209-768x308.jpg 768w, https:\/\/lydenim.com\/wp-content\/uploads\/2025\/03\/IMG_4209-18x7.jpg 18w, https:\/\/lydenim.com\/wp-content\/uploads\/2025\/03\/IMG_4209-600x241.jpg 600w, https:\/\/lydenim.com\/wp-content\/uploads\/2025\/03\/IMG_4209-150x60.jpg 150w\" sizes=\"auto, (max-width: 600px) 100vw, 600px\" \/><p id=\"caption-attachment-3985\" class=\"wp-caption-text\">Sarga rota<\/p><\/div><\/li>\n<li><strong>Sarga de espiga<\/strong>:Forma un patr\u00f3n en forma de V, a\u00f1adiendo un efecto decorativo, com\u00fanmente visto en chaquetas o dise\u00f1os especiales.\n<p><div id=\"attachment_3984\" style=\"width: 610px\" class=\"wp-caption aligncenter\"><img loading=\"lazy\" decoding=\"async\" aria-describedby=\"caption-attachment-3984\" class=\"wp-image-3984\" src=\"https:\/\/lydenim.com\/wp-content\/uploads\/2025\/03\/IMG_4208.jpg\" alt=\"Espiga (derivado de la sarga)\" width=\"600\" height=\"225\" srcset=\"https:\/\/lydenim.com\/wp-content\/uploads\/2025\/03\/IMG_4208.jpg 1165w, https:\/\/lydenim.com\/wp-content\/uploads\/2025\/03\/IMG_4208-300x112.jpg 300w, https:\/\/lydenim.com\/wp-content\/uploads\/2025\/03\/IMG_4208-1024x383.jpg 1024w, https:\/\/lydenim.com\/wp-content\/uploads\/2025\/03\/IMG_4208-768x287.jpg 768w, https:\/\/lydenim.com\/wp-content\/uploads\/2025\/03\/IMG_4208-18x7.jpg 18w, https:\/\/lydenim.com\/wp-content\/uploads\/2025\/03\/IMG_4208-600x225.jpg 600w, https:\/\/lydenim.com\/wp-content\/uploads\/2025\/03\/IMG_4208-150x56.jpg 150w\" sizes=\"auto, (max-width: 600px) 100vw, 600px\" \/><p id=\"caption-attachment-3984\" class=\"wp-caption-text\">Espiga (derivado de la sarga)<\/p><\/div><\/li>\n<li><strong>Textura slub<\/strong>: Presenta hilos desiguales que se asemejan a las uniones del bamb\u00fa, lo que a\u00f1ade inter\u00e9s visual y t\u00e1ctil.\n<p><div id=\"attachment_3987\" style=\"width: 610px\" class=\"wp-caption aligncenter\"><img loading=\"lazy\" decoding=\"async\" aria-describedby=\"caption-attachment-3987\" class=\"wp-image-3987\" src=\"https:\/\/lydenim.com\/wp-content\/uploads\/2025\/03\/IMG_4211.jpg\" alt=\"Textura slub\" width=\"600\" height=\"274\" srcset=\"https:\/\/lydenim.com\/wp-content\/uploads\/2025\/03\/IMG_4211.jpg 1150w, https:\/\/lydenim.com\/wp-content\/uploads\/2025\/03\/IMG_4211-300x137.jpg 300w, https:\/\/lydenim.com\/wp-content\/uploads\/2025\/03\/IMG_4211-1024x467.jpg 1024w, https:\/\/lydenim.com\/wp-content\/uploads\/2025\/03\/IMG_4211-768x351.jpg 768w, https:\/\/lydenim.com\/wp-content\/uploads\/2025\/03\/IMG_4211-18x8.jpg 18w, https:\/\/lydenim.com\/wp-content\/uploads\/2025\/03\/IMG_4211-600x274.jpg 600w, https:\/\/lydenim.com\/wp-content\/uploads\/2025\/03\/IMG_4211-150x68.jpg 150w\" sizes=\"auto, (max-width: 600px) 100vw, 600px\" \/><p id=\"caption-attachment-3987\" class=\"wp-caption-text\">Textura slub<\/p><\/div><\/li>\n<li><strong>Cruz slub<\/strong>:Sobre la base de agregar juntas Slub al hilo de urdimbre, tambi\u00e9n se agregan juntas Slub al hilo de trama, lo que ha logrado el efecto de Slub horizontal y vertical.\n<p><div id=\"attachment_4338\" style=\"width: 610px\" class=\"wp-caption aligncenter\"><img loading=\"lazy\" decoding=\"async\" aria-describedby=\"caption-attachment-4338\" class=\"wp-image-4338\" src=\"https:\/\/lydenim.com\/wp-content\/uploads\/2025\/03\/slub.jpg\" alt=\"gamuza\" width=\"600\" height=\"401\" srcset=\"https:\/\/lydenim.com\/wp-content\/uploads\/2025\/03\/slub.jpg 1045w, https:\/\/lydenim.com\/wp-content\/uploads\/2025\/03\/slub-300x201.jpg 300w, https:\/\/lydenim.com\/wp-content\/uploads\/2025\/03\/slub-1024x685.jpg 1024w, https:\/\/lydenim.com\/wp-content\/uploads\/2025\/03\/slub-768x514.jpg 768w, https:\/\/lydenim.com\/wp-content\/uploads\/2025\/03\/slub-18x12.jpg 18w, https:\/\/lydenim.com\/wp-content\/uploads\/2025\/03\/slub-600x401.jpg 600w, https:\/\/lydenim.com\/wp-content\/uploads\/2025\/03\/slub-150x100.jpg 150w\" sizes=\"auto, (max-width: 600px) 100vw, 600px\" \/><p id=\"caption-attachment-4338\" class=\"wp-caption-text\">gamuza<\/p><\/div><\/li>\n<li><strong>Mezclilla con respaldo de felpa<\/strong>:Tiene un respaldo suave similar a una toalla para mayor comodidad, se utiliza en mezclilla especial.<img loading=\"lazy\" decoding=\"async\" class=\"aligncenter wp-image-5659\" src=\"https:\/\/lydenim.com\/wp-content\/uploads\/2025\/07\/Terry-Backed-Denim.webp\" alt=\"\" width=\"600\" height=\"600\" srcset=\"https:\/\/lydenim.com\/wp-content\/uploads\/2025\/07\/Terry-Backed-Denim.webp 1024w, https:\/\/lydenim.com\/wp-content\/uploads\/2025\/07\/Terry-Backed-Denim-300x300.webp 300w, https:\/\/lydenim.com\/wp-content\/uploads\/2025\/07\/Terry-Backed-Denim-150x150.webp 150w, https:\/\/lydenim.com\/wp-content\/uploads\/2025\/07\/Terry-Backed-Denim-768x768.webp 768w, https:\/\/lydenim.com\/wp-content\/uploads\/2025\/07\/Terry-Backed-Denim-12x12.webp 12w, https:\/\/lydenim.com\/wp-content\/uploads\/2025\/07\/Terry-Backed-Denim-600x600.webp 600w\" sizes=\"auto, (max-width: 600px) 100vw, 600px\" \/><\/li>\n<\/ul>\n<h3>Patrones de tejido<\/h3>\n<p>Los tejidos de mezclilla se describen por el n\u00famero de hilos, lo que indica c\u00f3mo se entrelaza la trama con la urdimbre:<\/p>\n<ul>\n<li><strong>Tres piezas (sarga 3\/1)<\/strong>:La trama pasa por encima de tres hilos de urdimbre y por debajo de uno, formando una sarga cl\u00e1sica y duradera, com\u00fan en los jeans tradicionales.<img loading=\"lazy\" decoding=\"async\" class=\"aligncenter wp-image-5661\" src=\"https:\/\/lydenim.com\/wp-content\/uploads\/2025\/07\/31.jpg\" alt=\"\" width=\"600\" height=\"557\" srcset=\"https:\/\/lydenim.com\/wp-content\/uploads\/2025\/07\/31.jpg 872w, https:\/\/lydenim.com\/wp-content\/uploads\/2025\/07\/31-300x279.jpg 300w, https:\/\/lydenim.com\/wp-content\/uploads\/2025\/07\/31-768x713.jpg 768w, https:\/\/lydenim.com\/wp-content\/uploads\/2025\/07\/31-13x12.jpg 13w, https:\/\/lydenim.com\/wp-content\/uploads\/2025\/07\/31-600x557.jpg 600w, https:\/\/lydenim.com\/wp-content\/uploads\/2025\/07\/31-150x139.jpg 150w\" sizes=\"auto, (max-width: 600px) 100vw, 600px\" \/><\/li>\n<li><strong>Cuatro piezas (sarga 4\/1)<\/strong>:La trama pasa sobre cuatro hilos de urdimbre, aumentando la suavidad, ideal para estilos m\u00e1s ligeros.<img loading=\"lazy\" decoding=\"async\" class=\"aligncenter wp-image-5663\" src=\"https:\/\/lydenim.com\/wp-content\/uploads\/2025\/07\/IMG_5117.jpg\" alt=\"\" width=\"600\" height=\"600\" srcset=\"https:\/\/lydenim.com\/wp-content\/uploads\/2025\/07\/IMG_5117.jpg 2196w, https:\/\/lydenim.com\/wp-content\/uploads\/2025\/07\/IMG_5117-300x300.jpg 300w, https:\/\/lydenim.com\/wp-content\/uploads\/2025\/07\/IMG_5117-1024x1024.jpg 1024w, https:\/\/lydenim.com\/wp-content\/uploads\/2025\/07\/IMG_5117-150x150.jpg 150w, https:\/\/lydenim.com\/wp-content\/uploads\/2025\/07\/IMG_5117-768x768.jpg 768w, https:\/\/lydenim.com\/wp-content\/uploads\/2025\/07\/IMG_5117-1536x1536.jpg 1536w, https:\/\/lydenim.com\/wp-content\/uploads\/2025\/07\/IMG_5117-2048x2048.jpg 2048w, https:\/\/lydenim.com\/wp-content\/uploads\/2025\/07\/IMG_5117-12x12.jpg 12w, https:\/\/lydenim.com\/wp-content\/uploads\/2025\/07\/IMG_5117-600x600.jpg 600w\" sizes=\"auto, (max-width: 600px) 100vw, 600px\" \/><\/li>\n<li><strong>De cinco a doce piezas<\/strong>Los hilos con mayor n\u00famero de hilos son poco comunes y se utilizan para texturas complejas y especiales.\n<div id=\"attachment_5664\" style=\"width: 610px\" class=\"wp-caption aligncenter\"><img loading=\"lazy\" decoding=\"async\" aria-describedby=\"caption-attachment-5664\" class=\"wp-image-5664\" src=\"https:\/\/lydenim.com\/wp-content\/uploads\/2025\/07\/6\u7247.jpg\" alt=\"\" width=\"600\" height=\"600\" srcset=\"https:\/\/lydenim.com\/wp-content\/uploads\/2025\/07\/6\u7247.jpg 1000w, https:\/\/lydenim.com\/wp-content\/uploads\/2025\/07\/6\u7247-300x300.jpg 300w, https:\/\/lydenim.com\/wp-content\/uploads\/2025\/07\/6\u7247-150x150.jpg 150w, https:\/\/lydenim.com\/wp-content\/uploads\/2025\/07\/6\u7247-768x768.jpg 768w, https:\/\/lydenim.com\/wp-content\/uploads\/2025\/07\/6\u7247-12x12.jpg 12w, https:\/\/lydenim.com\/wp-content\/uploads\/2025\/07\/6\u7247-600x600.jpg 600w\" sizes=\"auto, (max-width: 600px) 100vw, 600px\" \/><p id=\"caption-attachment-5664\" class=\"wp-caption-text\">6<\/p><\/div>\n<p><div id=\"attachment_5665\" style=\"width: 610px\" class=\"wp-caption aligncenter\"><img loading=\"lazy\" decoding=\"async\" aria-describedby=\"caption-attachment-5665\" class=\"wp-image-5665\" src=\"https:\/\/lydenim.com\/wp-content\/uploads\/2025\/07\/8\u7247.jpg\" alt=\"\" width=\"600\" height=\"374\" srcset=\"https:\/\/lydenim.com\/wp-content\/uploads\/2025\/07\/8\u7247.jpg 1248w, https:\/\/lydenim.com\/wp-content\/uploads\/2025\/07\/8\u7247-300x187.jpg 300w, https:\/\/lydenim.com\/wp-content\/uploads\/2025\/07\/8\u7247-1024x638.jpg 1024w, https:\/\/lydenim.com\/wp-content\/uploads\/2025\/07\/8\u7247-768x479.jpg 768w, https:\/\/lydenim.com\/wp-content\/uploads\/2025\/07\/8\u7247-18x12.jpg 18w, https:\/\/lydenim.com\/wp-content\/uploads\/2025\/07\/8\u7247-600x374.jpg 600w, https:\/\/lydenim.com\/wp-content\/uploads\/2025\/07\/8\u7247-150x94.jpg 150w\" sizes=\"auto, (max-width: 600px) 100vw, 600px\" \/><p id=\"caption-attachment-5665\" class=\"wp-caption-text\">8<\/p><\/div><\/li>\n<\/ul>\n<h3>Telas de mezclilla especiales<\/h3>\n<ul>\n<li><strong>Mezclilla con orillo<\/strong>:Cuenta con un borde autoacabado para evitar que se deshilache, asociado con una artesan\u00eda de alta calidad.<img loading=\"lazy\" decoding=\"async\" class=\"aligncenter wp-image-5469\" src=\"https:\/\/lydenim.com\/wp-content\/uploads\/2025\/06\/Selvedge-Denim-1-1.jpg\" alt=\"\" width=\"600\" height=\"400\" srcset=\"https:\/\/lydenim.com\/wp-content\/uploads\/2025\/06\/Selvedge-Denim-1-1.jpg 1619w, https:\/\/lydenim.com\/wp-content\/uploads\/2025\/06\/Selvedge-Denim-1-1-300x200.jpg 300w, https:\/\/lydenim.com\/wp-content\/uploads\/2025\/06\/Selvedge-Denim-1-1-1024x683.jpg 1024w, https:\/\/lydenim.com\/wp-content\/uploads\/2025\/06\/Selvedge-Denim-1-1-768x512.jpg 768w, https:\/\/lydenim.com\/wp-content\/uploads\/2025\/06\/Selvedge-Denim-1-1-1536x1025.jpg 1536w, https:\/\/lydenim.com\/wp-content\/uploads\/2025\/06\/Selvedge-Denim-1-1-18x12.jpg 18w, https:\/\/lydenim.com\/wp-content\/uploads\/2025\/06\/Selvedge-Denim-1-1-600x400.jpg 600w, https:\/\/lydenim.com\/wp-content\/uploads\/2025\/06\/Selvedge-Denim-1-1-150x100.jpg 150w\" sizes=\"auto, (max-width: 600px) 100vw, 600px\" \/><\/li>\n<li><strong>Mezclilla cruda<\/strong>:Denim sin lavar que se desvanece naturalmente con el uso, creando una apariencia personalizada, popular entre los entusiastas del denim.\n<p><div id=\"attachment_5443\" style=\"width: 610px\" class=\"wp-caption aligncenter\"><img loading=\"lazy\" decoding=\"async\" aria-describedby=\"caption-attachment-5443\" class=\"wp-image-5443\" src=\"https:\/\/lydenim.com\/wp-content\/uploads\/2025\/06\/Raw-Denim.jpg\" alt=\"\" width=\"600\" height=\"800\" srcset=\"https:\/\/lydenim.com\/wp-content\/uploads\/2025\/06\/Raw-Denim.jpg 1668w, https:\/\/lydenim.com\/wp-content\/uploads\/2025\/06\/Raw-Denim-225x300.jpg 225w, https:\/\/lydenim.com\/wp-content\/uploads\/2025\/06\/Raw-Denim-768x1024.jpg 768w, https:\/\/lydenim.com\/wp-content\/uploads\/2025\/06\/Raw-Denim-1152x1536.jpg 1152w, https:\/\/lydenim.com\/wp-content\/uploads\/2025\/06\/Raw-Denim-1536x2048.jpg 1536w, https:\/\/lydenim.com\/wp-content\/uploads\/2025\/06\/Raw-Denim-9x12.jpg 9w, https:\/\/lydenim.com\/wp-content\/uploads\/2025\/06\/Raw-Denim-600x800.jpg 600w, https:\/\/lydenim.com\/wp-content\/uploads\/2025\/06\/Raw-Denim-150x200.jpg 150w\" sizes=\"auto, (max-width: 600px) 100vw, 600px\" \/><p id=\"caption-attachment-5443\" class=\"wp-caption-text\">Denim crudo<\/p><\/div><\/li>\n<li><strong>Mezclilla el\u00e1stica<\/strong>:Mezclado con spandex o elastano para mayor flexibilidad y comodidad, ideal para estilos ajustados.<img loading=\"lazy\" decoding=\"async\" class=\"aligncenter wp-image-2890\" src=\"https:\/\/lydenim.com\/wp-content\/uploads\/2025\/01\/DSC08102-scaled.jpg\" alt=\"\" width=\"600\" height=\"600\" srcset=\"https:\/\/lydenim.com\/wp-content\/uploads\/2025\/01\/DSC08102-scaled.jpg 2560w, https:\/\/lydenim.com\/wp-content\/uploads\/2025\/01\/DSC08102-300x300.jpg 300w, https:\/\/lydenim.com\/wp-content\/uploads\/2025\/01\/DSC08102-150x150.jpg 150w, https:\/\/lydenim.com\/wp-content\/uploads\/2025\/01\/DSC08102-scaled-600x600.jpg 600w, https:\/\/lydenim.com\/wp-content\/uploads\/2025\/01\/DSC08102-1024x1024.jpg 1024w, https:\/\/lydenim.com\/wp-content\/uploads\/2025\/01\/DSC08102-768x768.jpg 768w, https:\/\/lydenim.com\/wp-content\/uploads\/2025\/01\/DSC08102-1536x1536.jpg 1536w, https:\/\/lydenim.com\/wp-content\/uploads\/2025\/01\/DSC08102-2048x2048.jpg 2048w, https:\/\/lydenim.com\/wp-content\/uploads\/2025\/01\/DSC08102-12x12.jpg 12w\" sizes=\"auto, (max-width: 600px) 100vw, 600px\" \/><\/li>\n<li><strong>Denim org\u00e1nico<\/strong>:Fabricado con algod\u00f3n org\u00e1nico sin pesticidas sint\u00e9ticos, atractivo para los consumidores con conciencia ecol\u00f3gica.<img loading=\"lazy\" decoding=\"async\" class=\"aligncenter wp-image-2052\" src=\"https:\/\/lydenim.com\/wp-content\/uploads\/2024\/12\/\u4e0b\u8f7d-3.jpg\" alt=\"MEZCLA ORG\u00c1NICA\" width=\"600\" height=\"386\" srcset=\"https:\/\/lydenim.com\/wp-content\/uploads\/2024\/12\/\u4e0b\u8f7d-3.jpg 280w, https:\/\/lydenim.com\/wp-content\/uploads\/2024\/12\/\u4e0b\u8f7d-3-150x96.jpg 150w\" sizes=\"auto, (max-width: 600px) 100vw, 600px\" \/><\/li>\n<li><strong>Denim reciclado<\/strong>:Utiliza materiales reciclados para promover la sostenibilidad, aline\u00e1ndose con las tendencias de la moda verde.\n<p><div id=\"attachment_2820\" style=\"width: 610px\" class=\"wp-caption aligncenter\"><img loading=\"lazy\" decoding=\"async\" aria-describedby=\"caption-attachment-2820\" class=\"wp-image-2820\" src=\"https:\/\/lydenim.com\/wp-content\/uploads\/2025\/01\/\u56de\u6536\u725b\u4ed4.jpeg\" alt=\"\" width=\"600\" height=\"907\" srcset=\"https:\/\/lydenim.com\/wp-content\/uploads\/2025\/01\/\u56de\u6536\u725b\u4ed4.jpeg 736w, https:\/\/lydenim.com\/wp-content\/uploads\/2025\/01\/\u56de\u6536\u725b\u4ed4-150x227.jpeg 150w, https:\/\/lydenim.com\/wp-content\/uploads\/2025\/01\/\u56de\u6536\u725b\u4ed4-600x907.jpeg 600w, https:\/\/lydenim.com\/wp-content\/uploads\/2025\/01\/\u56de\u6536\u725b\u4ed4-199x300.jpeg 199w, https:\/\/lydenim.com\/wp-content\/uploads\/2025\/01\/\u56de\u6536\u725b\u4ed4-678x1024.jpeg 678w, https:\/\/lydenim.com\/wp-content\/uploads\/2025\/01\/\u56de\u6536\u725b\u4ed4-8x12.jpeg 8w\" sizes=\"auto, (max-width: 600px) 100vw, 600px\" \/><p id=\"caption-attachment-2820\" class=\"wp-caption-text\">Denim reciclado<\/p><\/div><\/li>\n<li><strong>Chambray<\/strong>:Una tela ligera y transpirable de ligamento tafet\u00e1n, a menudo utilizada para camisas y vestidos.\n<p><div id=\"attachment_5616\" style=\"width: 610px\" class=\"wp-caption aligncenter\"><img loading=\"lazy\" decoding=\"async\" aria-describedby=\"caption-attachment-5616\" class=\"wp-image-5616\" src=\"https:\/\/lydenim.com\/wp-content\/uploads\/2025\/06\/Chambray-Fabric.jpg\" alt=\"\" width=\"600\" height=\"600\" srcset=\"https:\/\/lydenim.com\/wp-content\/uploads\/2025\/06\/Chambray-Fabric.jpg 1000w, https:\/\/lydenim.com\/wp-content\/uploads\/2025\/06\/Chambray-Fabric-300x300.jpg 300w, https:\/\/lydenim.com\/wp-content\/uploads\/2025\/06\/Chambray-Fabric-150x150.jpg 150w, https:\/\/lydenim.com\/wp-content\/uploads\/2025\/06\/Chambray-Fabric-768x768.jpg 768w, https:\/\/lydenim.com\/wp-content\/uploads\/2025\/06\/Chambray-Fabric-12x12.jpg 12w, https:\/\/lydenim.com\/wp-content\/uploads\/2025\/06\/Chambray-Fabric-600x600.jpg 600w\" sizes=\"auto, (max-width: 600px) 100vw, 600px\" \/><p id=\"caption-attachment-5616\" class=\"wp-caption-text\">Tejido Chambray<\/p><\/div><\/li>\n<\/ul>\n<h3><a href=\"https:\/\/lydenim.com\/es\/10-tipos-de-tecnicas-de-lavado-de-tela-vaquera-explicadas\/\">Acabados de tela<\/a><\/h3>\n<ul>\n<li><strong>te\u00f1ido \u00edndigo<\/strong>:M\u00e9todo tradicional de te\u00f1ido de la urdimbre con \u00edndigo, dejando la trama blanca para un aspecto azul cl\u00e1sico.<img loading=\"lazy\" decoding=\"async\" class=\"aligncenter wp-image-4190\" src=\"https:\/\/lydenim.com\/wp-content\/uploads\/2025\/03\/IMG_4220.jpg\" alt=\"\" width=\"600\" height=\"471\" srcset=\"https:\/\/lydenim.com\/wp-content\/uploads\/2025\/03\/IMG_4220.jpg 1222w, https:\/\/lydenim.com\/wp-content\/uploads\/2025\/03\/IMG_4220-300x235.jpg 300w, https:\/\/lydenim.com\/wp-content\/uploads\/2025\/03\/IMG_4220-1024x804.jpg 1024w, https:\/\/lydenim.com\/wp-content\/uploads\/2025\/03\/IMG_4220-768x603.jpg 768w, https:\/\/lydenim.com\/wp-content\/uploads\/2025\/03\/IMG_4220-15x12.jpg 15w, https:\/\/lydenim.com\/wp-content\/uploads\/2025\/03\/IMG_4220-600x471.jpg 600w, https:\/\/lydenim.com\/wp-content\/uploads\/2025\/03\/IMG_4220-150x118.jpg 150w\" sizes=\"auto, (max-width: 600px) 100vw, 600px\" \/><\/li>\n<li><strong>Lavado a la piedra<\/strong>:Tratado con piedras p\u00f3mez para lograr una apariencia desgastada y descolorida, agregando un toque vintage.\n<p><div id=\"attachment_4186\" style=\"width: 610px\" class=\"wp-caption aligncenter\"><img loading=\"lazy\" decoding=\"async\" aria-describedby=\"caption-attachment-4186\" class=\"wp-image-4186\" src=\"https:\/\/lydenim.com\/wp-content\/uploads\/2025\/03\/IMG_4216.jpg\" alt=\"Lavado a la piedra (\u77f3\u6d17\/\u77f3\u78e8)\" width=\"600\" height=\"360\" srcset=\"https:\/\/lydenim.com\/wp-content\/uploads\/2025\/03\/IMG_4216.jpg 986w, https:\/\/lydenim.com\/wp-content\/uploads\/2025\/03\/IMG_4216-300x180.jpg 300w, https:\/\/lydenim.com\/wp-content\/uploads\/2025\/03\/IMG_4216-768x461.jpg 768w, https:\/\/lydenim.com\/wp-content\/uploads\/2025\/03\/IMG_4216-18x12.jpg 18w, https:\/\/lydenim.com\/wp-content\/uploads\/2025\/03\/IMG_4216-600x360.jpg 600w, https:\/\/lydenim.com\/wp-content\/uploads\/2025\/03\/IMG_4216-150x90.jpg 150w\" sizes=\"auto, (max-width: 600px) 100vw, 600px\" \/><p id=\"caption-attachment-4186\" class=\"wp-caption-text\">Lavado a la piedra<\/p><\/div><\/li>\n<li><strong>Lavado con \u00e1cido<\/strong>:Utiliza \u00e1cido para crear un aspecto desgastado y \u00fanico, popular en los dise\u00f1os de moda.<\/li>\n<li><strong>Sanforizado<\/strong>:Preencogido para minimizar la contracci\u00f3n posterior al lavado, garantizando la estabilidad del tama\u00f1o.<\/li>\n<\/ul>\n<h2>Estilos de jeans por ajuste<\/h2>\n<p>Los jeans de mezclilla ofrecen una variedad de cortes para adaptarse a diferentes preferencias y tipos de cuerpo:<\/p>\n<h3>Alturas de cintura<\/h3>\n<ul>\n<li><strong>De baja altura<\/strong>:Se sienta debajo de la cintura natural, inspirado en la moda Y2K, ideal para looks atrevidos e informales.<\/li>\n<li><strong>De altura media<\/strong>Se ajusta a la cintura natural y ofrece un estilo equilibrado y vers\u00e1til para la mayor\u00eda de las ocasiones.<\/li>\n<li><strong>Rascacielos<\/strong>:Se sienta por encima de la cintura natural, alargando las piernas, perfecto para atuendos profesionales o elegantes.\n<p><div id=\"attachment_5668\" style=\"width: 610px\" class=\"wp-caption aligncenter\"><img loading=\"lazy\" decoding=\"async\" aria-describedby=\"caption-attachment-5668\" class=\"wp-image-5668\" src=\"https:\/\/lydenim.com\/wp-content\/uploads\/2025\/07\/Waist.jpeg\" alt=\"\" width=\"600\" height=\"337\" srcset=\"https:\/\/lydenim.com\/wp-content\/uploads\/2025\/07\/Waist.jpeg 2279w, https:\/\/lydenim.com\/wp-content\/uploads\/2025\/07\/Waist-300x168.jpeg 300w, https:\/\/lydenim.com\/wp-content\/uploads\/2025\/07\/Waist-1024x575.jpeg 1024w, https:\/\/lydenim.com\/wp-content\/uploads\/2025\/07\/Waist-768x431.jpeg 768w, https:\/\/lydenim.com\/wp-content\/uploads\/2025\/07\/Waist-1536x863.jpeg 1536w, https:\/\/lydenim.com\/wp-content\/uploads\/2025\/07\/Waist-2048x1150.jpeg 2048w, https:\/\/lydenim.com\/wp-content\/uploads\/2025\/07\/Waist-18x10.jpeg 18w, https:\/\/lydenim.com\/wp-content\/uploads\/2025\/07\/Waist-600x337.jpeg 600w, https:\/\/lydenim.com\/wp-content\/uploads\/2025\/07\/Waist-150x84.jpeg 150w\" sizes=\"auto, (max-width: 600px) 100vw, 600px\" \/><p id=\"caption-attachment-5668\" class=\"wp-caption-text\">Cintura<\/p><\/div><\/li>\n<\/ul>\n<h3>Estilos de piernas<\/h3>\n<ul>\n<li><strong>Flaco<\/strong>: Ajustado de cintura a tobillo, acentuando la figura, ideal con botas o tacones.<\/li>\n<li><strong>Pierna recta<\/strong>Ajustado a las caderas y los muslos, recto desde la rodilla hasta el tobillo, una opci\u00f3n atemporal y vers\u00e1til.<\/li>\n<li><strong>Acampanado<\/strong>:Se ajusta a las caderas y los muslos y se ensancha desde la rodilla, a\u00f1adiendo un toque bohemio.<\/li>\n<li><strong>Corte de bota<\/strong>:Similar al acampanado pero con un vuelo m\u00e1s sutil que comienza en la pantorrilla, dise\u00f1ado para usar sobre botas.<\/li>\n<li><strong>Pierna ancha<\/strong>:Suelto desde la cadera hasta el dobladillo, crea una silueta dram\u00e1tica, adecuada para looks modernos o casuales.<\/li>\n<li><strong>Holgado<\/strong>De gran tama\u00f1o en todas partes, enfatizando la comodidad, ideal para estilos relajados.\n<p><div id=\"attachment_5670\" style=\"width: 610px\" class=\"wp-caption aligncenter\"><img loading=\"lazy\" decoding=\"async\" aria-describedby=\"caption-attachment-5670\" class=\"wp-image-5670\" src=\"https:\/\/lydenim.com\/wp-content\/uploads\/2025\/07\/Leg-Styles.jpeg\" alt=\"\" width=\"600\" height=\"337\" srcset=\"https:\/\/lydenim.com\/wp-content\/uploads\/2025\/07\/Leg-Styles.jpeg 2279w, https:\/\/lydenim.com\/wp-content\/uploads\/2025\/07\/Leg-Styles-300x168.jpeg 300w, https:\/\/lydenim.com\/wp-content\/uploads\/2025\/07\/Leg-Styles-1024x575.jpeg 1024w, https:\/\/lydenim.com\/wp-content\/uploads\/2025\/07\/Leg-Styles-768x431.jpeg 768w, https:\/\/lydenim.com\/wp-content\/uploads\/2025\/07\/Leg-Styles-1536x863.jpeg 1536w, https:\/\/lydenim.com\/wp-content\/uploads\/2025\/07\/Leg-Styles-2048x1150.jpeg 2048w, https:\/\/lydenim.com\/wp-content\/uploads\/2025\/07\/Leg-Styles-18x10.jpeg 18w, https:\/\/lydenim.com\/wp-content\/uploads\/2025\/07\/Leg-Styles-600x337.jpeg 600w, https:\/\/lydenim.com\/wp-content\/uploads\/2025\/07\/Leg-Styles-150x84.jpeg 150w\" sizes=\"auto, (max-width: 600px) 100vw, 600px\" \/><p id=\"caption-attachment-5670\" class=\"wp-caption-text\">Estilos de piernas<\/p><\/div><\/li>\n<\/ul>\n<h2>Ventajas y desventajas de los estilos de mezclilla<\/h2>\n<h3>Ventajas<\/h3>\n<ul>\n<li><strong>Durabilidad<\/strong>La naturaleza robusta del denim garantiza un uso duradero y ofrece una excelente relaci\u00f3n calidad-precio.<\/li>\n<li><strong>Versatilidad<\/strong>:Adecuado para ocasiones informales o semiformales con el estilo adecuado.<\/li>\n<li><strong>Estilo<\/strong>:Combina elementos cl\u00e1sicos y modernos, atendiendo diversas preferencias est\u00e9ticas.<\/li>\n<li><strong>Comodidad<\/strong>:El denim el\u00e1stico y los cortes relajados brindan comodidad durante todo el d\u00eda.<\/li>\n<li><strong>Variedad<\/strong>:Amplia gama de telas, tejidos y cortes que se adaptan a distintos tipos y estilos de cuerpo.<\/li>\n<\/ul>\n<h3>Desventajas<\/h3>\n<ul>\n<li><strong>Complejidad del mantenimiento<\/strong>:El denim puede deste\u00f1irse o encogerse si no se lava adecuadamente, por lo que requiere un cuidado cuidadoso.<\/li>\n<li><strong>Transpirabilidad limitada<\/strong>:El denim m\u00e1s grueso puede ser menos transpirable en climas c\u00e1lidos.<\/li>\n<li><strong>Desaf\u00edos de ajuste<\/strong>Encontrar el ajuste perfecto puede ser dif\u00edcil debido a la diversidad de estilos y formas corporales.<\/li>\n<li><strong>Variaciones de costos<\/strong>:El denim de alta gama o de dise\u00f1ador puede ser caro, lo que limita la accesibilidad.<\/li>\n<\/ul>\n<h2>Escenarios de estilo y uso<\/h2>\n<p>La versatilidad del denim lo hace ideal para diversos entornos. Aqu\u00ed tienes sugerencias de estilo espec\u00edficas:<\/p>\n<ul>\n<li><strong>Salidas informales<\/strong>:Jeans ajustados o de pierna recta con una camiseta estampada y zapatillas blancas para ir de compras, tomar un caf\u00e9 o hacer recados.<img loading=\"lazy\" decoding=\"async\" class=\"aligncenter wp-image-5671\" src=\"https:\/\/lydenim.com\/wp-content\/uploads\/2025\/07\/1.jpg\" alt=\"\" width=\"600\" height=\"900\" srcset=\"https:\/\/lydenim.com\/wp-content\/uploads\/2025\/07\/1.jpg 736w, https:\/\/lydenim.com\/wp-content\/uploads\/2025\/07\/1-200x300.jpg 200w, https:\/\/lydenim.com\/wp-content\/uploads\/2025\/07\/1-683x1024.jpg 683w, https:\/\/lydenim.com\/wp-content\/uploads\/2025\/07\/1-8x12.jpg 8w, https:\/\/lydenim.com\/wp-content\/uploads\/2025\/07\/1-600x900.jpg 600w, https:\/\/lydenim.com\/wp-content\/uploads\/2025\/07\/1-150x225.jpg 150w\" sizes=\"auto, (max-width: 600px) 100vw, 600px\" \/><\/li>\n<li><strong>Vestimenta en el lugar de trabajo<\/strong>:Jeans rectos de tiro medio con lavado oscuro, blusa blanca y mocasines, adecuados para industrias creativas como publicidad o estudios de dise\u00f1o.<img loading=\"lazy\" decoding=\"async\" class=\"aligncenter wp-image-5672\" src=\"https:\/\/lydenim.com\/wp-content\/uploads\/2025\/07\/2.jpg\" alt=\"\" width=\"600\" height=\"1067\" srcset=\"https:\/\/lydenim.com\/wp-content\/uploads\/2025\/07\/2.jpg 474w, https:\/\/lydenim.com\/wp-content\/uploads\/2025\/07\/2-169x300.jpg 169w, https:\/\/lydenim.com\/wp-content\/uploads\/2025\/07\/2-7x12.jpg 7w, https:\/\/lydenim.com\/wp-content\/uploads\/2025\/07\/2-150x267.jpg 150w\" sizes=\"auto, (max-width: 600px) 100vw, 600px\" \/><\/li>\n<li><strong>Eventos sociales<\/strong>:Jeans acampanados de tiro alto con blusa de seda y tacones para cenas, exposiciones de arte o fiestas.<img loading=\"lazy\" decoding=\"async\" class=\"aligncenter wp-image-5673\" src=\"https:\/\/lydenim.com\/wp-content\/uploads\/2025\/07\/3.jpg\" alt=\"\" width=\"600\" height=\"900\" srcset=\"https:\/\/lydenim.com\/wp-content\/uploads\/2025\/07\/3.jpg 736w, https:\/\/lydenim.com\/wp-content\/uploads\/2025\/07\/3-200x300.jpg 200w, https:\/\/lydenim.com\/wp-content\/uploads\/2025\/07\/3-683x1024.jpg 683w, https:\/\/lydenim.com\/wp-content\/uploads\/2025\/07\/3-8x12.jpg 8w, https:\/\/lydenim.com\/wp-content\/uploads\/2025\/07\/3-600x900.jpg 600w, https:\/\/lydenim.com\/wp-content\/uploads\/2025\/07\/3-150x225.jpg 150w\" sizes=\"auto, (max-width: 600px) 100vw, 600px\" \/><\/li>\n<li><strong>Estilo de verano<\/strong>:Jeans 7\/8 o shorts de mezclilla para mujer con sandalias y una parte superior liviana para salidas en climas c\u00e1lidos.<img loading=\"lazy\" decoding=\"async\" class=\"aligncenter wp-image-5674\" src=\"https:\/\/lydenim.com\/wp-content\/uploads\/2025\/07\/5.jpg\" alt=\"\" width=\"600\" height=\"900\" srcset=\"https:\/\/lydenim.com\/wp-content\/uploads\/2025\/07\/5.jpg 736w, https:\/\/lydenim.com\/wp-content\/uploads\/2025\/07\/5-200x300.jpg 200w, https:\/\/lydenim.com\/wp-content\/uploads\/2025\/07\/5-683x1024.jpg 683w, https:\/\/lydenim.com\/wp-content\/uploads\/2025\/07\/5-8x12.jpg 8w, https:\/\/lydenim.com\/wp-content\/uploads\/2025\/07\/5-600x900.jpg 600w, https:\/\/lydenim.com\/wp-content\/uploads\/2025\/07\/5-150x225.jpg 150w\" sizes=\"auto, (max-width: 600px) 100vw, 600px\" \/><\/li>\n<li><strong>Estilo callejero<\/strong>:Vaqueros holgados de tiro bajo con top corto y zapatillas gruesas para fiestas de moda o fotograf\u00eda callejera.<img loading=\"lazy\" decoding=\"async\" class=\"aligncenter wp-image-5675\" src=\"https:\/\/lydenim.com\/wp-content\/uploads\/2025\/07\/6.jpg\" alt=\"\" width=\"600\" height=\"900\" srcset=\"https:\/\/lydenim.com\/wp-content\/uploads\/2025\/07\/6.jpg 736w, https:\/\/lydenim.com\/wp-content\/uploads\/2025\/07\/6-200x300.jpg 200w, https:\/\/lydenim.com\/wp-content\/uploads\/2025\/07\/6-683x1024.jpg 683w, https:\/\/lydenim.com\/wp-content\/uploads\/2025\/07\/6-8x12.jpg 8w, https:\/\/lydenim.com\/wp-content\/uploads\/2025\/07\/6-600x900.jpg 600w, https:\/\/lydenim.com\/wp-content\/uploads\/2025\/07\/6-150x225.jpg 150w\" sizes=\"auto, (max-width: 600px) 100vw, 600px\" \/><\/li>\n<li><strong>Vestimenta de viaje<\/strong>:Combina jeans holgados y el\u00e1sticos con una chaqueta o un su\u00e9ter para mayor comodidad y estilo en viajes largos.<img loading=\"lazy\" decoding=\"async\" class=\"aligncenter wp-image-5676\" src=\"https:\/\/lydenim.com\/wp-content\/uploads\/2025\/07\/7.jpg\" alt=\"\" width=\"600\" height=\"749\" srcset=\"https:\/\/lydenim.com\/wp-content\/uploads\/2025\/07\/7.jpg 736w, https:\/\/lydenim.com\/wp-content\/uploads\/2025\/07\/7-240x300.jpg 240w, https:\/\/lydenim.com\/wp-content\/uploads\/2025\/07\/7-10x12.jpg 10w, https:\/\/lydenim.com\/wp-content\/uploads\/2025\/07\/7-600x749.jpg 600w, https:\/\/lydenim.com\/wp-content\/uploads\/2025\/07\/7-150x187.jpg 150w\" sizes=\"auto, (max-width: 600px) 100vw, 600px\" \/><\/li>\n<\/ul>\n<h2>Perspectivas de expertos y de la comunidad<\/h2>\n<p>Los expertos y las comunidades de moda brindan perspectivas valiosas sobre los estilos de mezclilla:<\/p>\n<ul>\n<li><strong>Grace Na (Fundadora de Pistola Denim)<\/strong>:\u201cLos jeans holgados son populares por su ajuste favorecedor y comodidad, lo que los convierte en una opci\u00f3n ideal para un estilo vers\u00e1til\u201d.<\/li>\n<li><strong>Caroline Maguire (Directora de Moda Senior en Shopbop)<\/strong>:\u201cLos estilos de mezclilla combinan nostalgia con innovaci\u00f3n, con cortes cl\u00e1sicos como jeans de pierna recta renovados con lavados modernos y elementos decorativos como bordados\u201d.<\/li>\n<li><strong>Jill Guenza (vicepresidenta global de dise\u00f1o femenino en Levi Strauss &amp; Co.)<\/strong>\u201cLas siluetas sueltas y fluidas dominan las tendencias del denim, ofreciendo un equilibrio entre comodidad y estilo\u201d.<\/li>\n<li><strong>Usuario de Reddit u\/stylishguru (r\/femalefashionadvice)<\/strong>:\u201cLos jeans oscuros con partes superiores blancas o negras son ideales para entornos semiformales, realzados con mocasines o tacones bajos\u201d.<\/li>\n<li><strong>Vogue brit\u00e1nica<\/strong>:\u201cLos dise\u00f1os de cintura, como las curvas \u00fanicas o las hebillas decorativas, son clave para realzar el look del denim\u201d.<\/li>\n<\/ul>\n<h2>Potencial del mercado<\/h2>\n<p>De acuerdo a <a href=\"https:\/\/www.grandviewresearch.com\/\">Grand View Research<\/a>El mercado global de vaqueros se valor\u00f3 en 86.660 millones de d\u00f3lares en 2024 y se proyecta que alcance los 121.500 millones de d\u00f3lares para 2030, con una tasa de crecimiento anual compuesta (TCAC) de 5,91 TP3T. Los estilos denim impulsan la demanda en los mercados casual y profesional gracias a su versatilidad y atractivo atemporal. Los datos de Google Trends indican un aumento significativo en las b\u00fasquedas de vaqueros en oto\u00f1o de 2024, lo que refleja el inter\u00e9s de los consumidores por tejidos duraderos y de alta calidad. El auge de la moda sostenible impulsa el denim org\u00e1nico y reciclado, con marcas como Stella McCartney satisfaciendo esta demanda mediante programas de producci\u00f3n y reciclaje ecol\u00f3gicos.<\/p>\n<h2>Consejos de cuidado<\/h2>\n<p>Para prolongar la vida \u00fatil de las prendas de mezclilla, siga estas pr\u00e1cticas de cuidado:<\/p>\n<ul>\n<li><strong>Lavar por separado<\/strong>:Limpiar con colores similares para evitar la transferencia de tinte.<\/li>\n<li><strong>Lavar por el rev\u00e9s<\/strong>: Protege la tela y el color.<\/li>\n<li><strong>Utilice detergente suave<\/strong>:Evite los productos qu\u00edmicos agresivos.<\/li>\n<li><strong>Secar al aire<\/strong>:Evite el secado a altas temperaturas para mantener la forma y el color.<\/li>\n<li><strong>Trate las manchas con prontitud<\/strong>:Utilice un quitamanchas suave.\n<div id=\"attachment_5644\" style=\"width: 610px\" class=\"wp-caption aligncenter\"><img loading=\"lazy\" decoding=\"async\" aria-describedby=\"caption-attachment-5644\" class=\"wp-image-5644\" src=\"https:\/\/lydenim.com\/wp-content\/uploads\/2025\/06\/\u725b\u4ed4\u4fdd\u517b1.jpg\" alt=\"\" width=\"600\" height=\"401\" srcset=\"https:\/\/lydenim.com\/wp-content\/uploads\/2025\/06\/\u725b\u4ed4\u4fdd\u517b1.jpg 1420w, https:\/\/lydenim.com\/wp-content\/uploads\/2025\/06\/\u725b\u4ed4\u4fdd\u517b1-300x200.jpg 300w, https:\/\/lydenim.com\/wp-content\/uploads\/2025\/06\/\u725b\u4ed4\u4fdd\u517b1-1024x684.jpg 1024w, https:\/\/lydenim.com\/wp-content\/uploads\/2025\/06\/\u725b\u4ed4\u4fdd\u517b1-768x513.jpg 768w, https:\/\/lydenim.com\/wp-content\/uploads\/2025\/06\/\u725b\u4ed4\u4fdd\u517b1-18x12.jpg 18w, https:\/\/lydenim.com\/wp-content\/uploads\/2025\/06\/\u725b\u4ed4\u4fdd\u517b1-600x401.jpg 600w, https:\/\/lydenim.com\/wp-content\/uploads\/2025\/06\/\u725b\u4ed4\u4fdd\u517b1-150x100.jpg 150w\" sizes=\"auto, (max-width: 600px) 100vw, 600px\" \/><p id=\"caption-attachment-5644\" class=\"wp-caption-text\">Mantenimiento de jeans de mezclilla 1<\/p><\/div>\n<p><div id=\"attachment_5645\" style=\"width: 610px\" class=\"wp-caption aligncenter\"><img loading=\"lazy\" decoding=\"async\" aria-describedby=\"caption-attachment-5645\" class=\"wp-image-5645\" src=\"https:\/\/lydenim.com\/wp-content\/uploads\/2025\/06\/\u725b\u4ed4\u4fdd\u517b2.jpg\" alt=\"\" width=\"600\" height=\"401\" srcset=\"https:\/\/lydenim.com\/wp-content\/uploads\/2025\/06\/\u725b\u4ed4\u4fdd\u517b2.jpg 1416w, https:\/\/lydenim.com\/wp-content\/uploads\/2025\/06\/\u725b\u4ed4\u4fdd\u517b2-300x200.jpg 300w, https:\/\/lydenim.com\/wp-content\/uploads\/2025\/06\/\u725b\u4ed4\u4fdd\u517b2-1024x684.jpg 1024w, https:\/\/lydenim.com\/wp-content\/uploads\/2025\/06\/\u725b\u4ed4\u4fdd\u517b2-768x513.jpg 768w, https:\/\/lydenim.com\/wp-content\/uploads\/2025\/06\/\u725b\u4ed4\u4fdd\u517b2-18x12.jpg 18w, https:\/\/lydenim.com\/wp-content\/uploads\/2025\/06\/\u725b\u4ed4\u4fdd\u517b2-600x401.jpg 600w, https:\/\/lydenim.com\/wp-content\/uploads\/2025\/06\/\u725b\u4ed4\u4fdd\u517b2-150x100.jpg 150w\" sizes=\"auto, (max-width: 600px) 100vw, 600px\" \/><p id=\"caption-attachment-5645\" class=\"wp-caption-text\">Mantenimiento de jeans de mezclilla 2<\/p><\/div><\/li>\n<\/ul>\n<h2>Conclusi\u00f3n<\/h2>\n<p>Los estilos de mezclilla ofrecen una amplia gama de opciones, desde telas resistentes con orillo hasta c\u00f3modas mezclas el\u00e1sticas y modernos jeans acampanados de tiro bajo. Al comprender los tipos de tela, los tejidos y las t\u00e9cnicas de estilismo, puedes elegir la mezclilla que complemente tu estilo de vida y exprese tu personalidad. La mezclilla no es solo un b\u00e1sico de moda, sino un lienzo para la individualidad, lo que la convierte en una prenda imprescindible en cualquier armario.<\/p>\n<h2 dir=\"auto\">Servicios de personalizaci\u00f3n de LYDENIM<\/h2>\n<p dir=\"auto\">\ud83c\udfa8 Quiero <strong>telas de mezclilla personalizadas<\/strong> o\u00a0 <strong>\u00fanico<\/strong> <strong>prenda de mezclilla personalizada<\/strong>?LYDENIM se especializa en soluciones a medida para satisfacer sus necesidades de dise\u00f1o y producci\u00f3n.<\/p>\n<p dir=\"auto\">\ud83d\udecd\ufe0f <strong>Explora e insp\u00edrate<\/strong>:Explore nuestra selecci\u00f3n de telas y descubra ideas de dise\u00f1o en <a href=\"https:\/\/lydenim.com\/es\/\" target=\"_blank\" rel=\"noopener noreferrer nofollow\">LYDenim<\/a>.<\/p>\n<p dir=\"auto\">\ud83c\udf10 <strong>Ropa el\u00e1stica<\/strong>:Consulta nuestras ofertas en <a href=\"http:\/\/liangyuantextile.m.en.alibaba.com\" target=\"_blank\" rel=\"noopener noreferrer nofollow\">Mi Alibaba<\/a>. \ud83d\udce9 <strong>Contacto<\/strong>:Comun\u00edquese con nosotros en <a href=\"mailto:malone@lydenim.com\" target=\"_blank\" rel=\"noopener noreferrer nofollow\">malone@lydenim.com<\/a>.<\/p>\n<p dir=\"auto\">Crea tu obra maestra en denim con LYDENIM, tu socio de confianza para <strong>tejido el\u00e1stico<\/strong> y <strong>soluciones de mezclilla personalizadas<\/strong>.<\/p>","protected":false},"excerpt":{"rendered":"<p>Tiempo estimado de lectura: ~ 6 minutos Introducci\u00f3n El denim es un tejido atemporal que ocupa un lugar destacado en la moda mundial.<\/p>","protected":false},"author":1,"featured_media":5680,"comment_status":"open","ping_status":"open","sticky":false,"template":"","format":"standard","meta":{"two_page_speed":[],"footnotes":""},"categories":[66],"tags":[],"class_list":["post-5657","post","type-post","status-publish","format-standard","has-post-thumbnail","hentry","category-denim-knowledge"],"aioseo_notices":[],"_links":{"self":[{"href":"https:\/\/lydenim.com\/es\/wp-json\/wp\/v2\/posts\/5657","targetHints":{"allow":["GET"]}}],"collection":[{"href":"https:\/\/lydenim.com\/es\/wp-json\/wp\/v2\/posts"}],"about":[{"href":"https:\/\/lydenim.com\/es\/wp-json\/wp\/v2\/types\/post"}],"author":[{"embeddable":true,"href":"https:\/\/lydenim.com\/es\/wp-json\/wp\/v2\/users\/1"}],"replies":[{"embeddable":true,"href":"https:\/\/lydenim.com\/es\/wp-json\/wp\/v2\/comments?post=5657"}],"version-history":[{"count":7,"href":"https:\/\/lydenim.com\/es\/wp-json\/wp\/v2\/posts\/5657\/revisions"}],"predecessor-version":[{"id":6372,"href":"https:\/\/lydenim.com\/es\/wp-json\/wp\/v2\/posts\/5657\/revisions\/6372"}],"wp:featuredmedia":[{"embeddable":true,"href":"https:\/\/lydenim.com\/es\/wp-json\/wp\/v2\/media\/5680"}],"wp:attachment":[{"href":"https:\/\/lydenim.com\/es\/wp-json\/wp\/v2\/media?parent=5657"}],"wp:term":[{"taxonomy":"category","embeddable":true,"href":"https:\/\/lydenim.com\/es\/wp-json\/wp\/v2\/categories?post=5657"},{"taxonomy":"post_tag","embeddable":true,"href":"https:\/\/lydenim.com\/es\/wp-json\/wp\/v2\/tags?post=5657"}],"curies":[{"name":"wp","href":"https:\/\/api.w.org\/{rel}","templated":true}]}}