{"id":5683,"date":"2025-07-08T11:14:29","date_gmt":"2025-07-08T03:14:29","guid":{"rendered":"https:\/\/lydenim.com\/?p=5683"},"modified":"2025-08-24T13:44:20","modified_gmt":"2025-08-24T05:44:20","slug":"denim-shrinkage-a-comprehensive-guide","status":"publish","type":"post","link":"https:\/\/lydenim.com\/es\/encogimiento-de-la-mezclilla-una-guia-completa\/","title":{"rendered":"Encogimiento de la mezclilla: una gu\u00eda completa"},"content":{"rendered":"<h2 dir=\"ltr\">Tiempo estimado de lectura: ~4 minutos<\/h2>\n<h2 dir=\"ltr\">\u00bfQu\u00e9 es el encogimiento del denim?<\/h2>\n<p dir=\"ltr\">El encogimiento de la mezclilla se refiere al fen\u00f3meno por el cual la tela de mezclilla se reduce de tama\u00f1o despu\u00e9s de lavarse o exponerse a la humedad y el calor. Esto se debe principalmente a su componente principal, el algod\u00f3n, una fibra natural que se hincha al absorber agua y se contrae al secarse. El grado de encogimiento depende de factores como la composici\u00f3n de la tela, el tipo de tejido y los procesos de fabricaci\u00f3n. Por ejemplo, la mezclilla cruda no preencogida, a menudo utilizada en telas para el mercado sin pedido, puede encogerse 5-7% a lo largo y 5-10% a lo ancho despu\u00e9s de su primer lavado. En contraste, la mezclilla sanforizada, tratada para minimizar el encogimiento, generalmente se contrae menos de 3%. Comprender este comportamiento es esencial para que los consumidores seleccionen la talla correcta y para que los fabricantes optimicen la producci\u00f3n.<\/p>\n<div id=\"attachment_5749\" style=\"width: 610px\" class=\"wp-caption aligncenter\"><img loading=\"lazy\" decoding=\"async\" aria-describedby=\"caption-attachment-5749\" class=\"wp-image-5749\" src=\"https:\/\/lydenim.com\/wp-content\/uploads\/2025\/07\/eaf37c0b9ce684991bae74eabf3dec70.jpg\" alt=\"\" width=\"600\" height=\"450\" srcset=\"https:\/\/lydenim.com\/wp-content\/uploads\/2025\/07\/eaf37c0b9ce684991bae74eabf3dec70.jpg 1211w, https:\/\/lydenim.com\/wp-content\/uploads\/2025\/07\/eaf37c0b9ce684991bae74eabf3dec70-300x225.jpg 300w, https:\/\/lydenim.com\/wp-content\/uploads\/2025\/07\/eaf37c0b9ce684991bae74eabf3dec70-1024x768.jpg 1024w, https:\/\/lydenim.com\/wp-content\/uploads\/2025\/07\/eaf37c0b9ce684991bae74eabf3dec70-768x576.jpg 768w, https:\/\/lydenim.com\/wp-content\/uploads\/2025\/07\/eaf37c0b9ce684991bae74eabf3dec70-16x12.jpg 16w, https:\/\/lydenim.com\/wp-content\/uploads\/2025\/07\/eaf37c0b9ce684991bae74eabf3dec70-600x450.jpg 600w, https:\/\/lydenim.com\/wp-content\/uploads\/2025\/07\/eaf37c0b9ce684991bae74eabf3dec70-150x112.jpg 150w\" sizes=\"auto, (max-width: 600px) 100vw, 600px\" \/><p id=\"caption-attachment-5749\" class=\"wp-caption-text\">Encogimiento de la mezclilla<\/p><\/div>\n<h2 dir=\"ltr\">Factores que influyen en la contracci\u00f3n: propiedades de la urdimbre y la trama<\/h2>\n<p dir=\"ltr\">La mezclilla se teje con hilos de urdimbre (a lo largo) y de trama (a lo ancho). Los hilos de urdimbre suelen te\u00f1irse de \u00edndigo y los de trama se dejan sin te\u00f1ir, lo que crea su ic\u00f3nico aspecto azul. Las propiedades de estos hilos influyen significativamente en el encogimiento:<\/p>\n<ul class=\"tight\" dir=\"ltr\" data-tight=\"true\">\n<li>\n<p dir=\"ltr\"><strong>Tipo de tejido<\/strong>El denim suele usar un tejido de sarga, que puede ser de derechas (diagonales de abajo a la izquierda a arriba a la derecha, como en Levi&#039;s) o de izquierdas (diagonales de abajo a la derecha a arriba a la izquierda, como en Lee). Seg\u00fan Real Men Real Style, la firmeza y la direcci\u00f3n del tejido influyen en el encogimiento, ya que los tejidos m\u00e1s apretados se encogen menos debido al menor espacio para la contracci\u00f3n de la fibra.<\/p>\n<\/li>\n<li>\n<p dir=\"ltr\"><strong>Densidad del hilo<\/strong>Los tejidos de alta densidad, como el denim de 14 onzas, se encogen menos que las telas m\u00e1s livianas de 10 onzas porque los hilos apretados limitan la contracci\u00f3n.<\/p>\n<\/li>\n<li>\n<p dir=\"ltr\"><strong>Contenido de fibra<\/strong>La mezclilla de algod\u00f3n puro se encoge significativamente debido a su naturaleza higrosc\u00f3pica. La mezclilla cruda sin preencoger puede encogerse entre 5 y 71 TP3T a lo largo y entre 5 y 101 TP3T a lo ancho. Las mezclas con poli\u00e9ster o elastano son m\u00e1s estables, con una encogimiento t\u00edpico de entre 3 y 51 TP3T (gzhenrytextile).<\/p>\n<\/li>\n<li>\n<p dir=\"ltr\"><strong>Tensi\u00f3n del tejido<\/strong>La tensi\u00f3n aplicada a los hilos de urdimbre y trama durante el tejido afecta la estabilidad de la tela. Una mayor tensi\u00f3n puede provocar un mayor encogimiento, ya que las fibras se relajan durante el lavado.<\/p>\n<p><div id=\"attachment_5744\" style=\"width: 610px\" class=\"wp-caption aligncenter\"><img loading=\"lazy\" decoding=\"async\" aria-describedby=\"caption-attachment-5744\" class=\"wp-image-5744\" src=\"https:\/\/lydenim.com\/wp-content\/uploads\/2025\/07\/8a3e113ed78b89412627f507015e251c.jpg\" alt=\"\" width=\"600\" height=\"337\" srcset=\"https:\/\/lydenim.com\/wp-content\/uploads\/2025\/07\/8a3e113ed78b89412627f507015e251c.jpg 1925w, https:\/\/lydenim.com\/wp-content\/uploads\/2025\/07\/8a3e113ed78b89412627f507015e251c-300x168.jpg 300w, https:\/\/lydenim.com\/wp-content\/uploads\/2025\/07\/8a3e113ed78b89412627f507015e251c-1024x575.jpg 1024w, https:\/\/lydenim.com\/wp-content\/uploads\/2025\/07\/8a3e113ed78b89412627f507015e251c-768x431.jpg 768w, https:\/\/lydenim.com\/wp-content\/uploads\/2025\/07\/8a3e113ed78b89412627f507015e251c-1536x862.jpg 1536w, https:\/\/lydenim.com\/wp-content\/uploads\/2025\/07\/8a3e113ed78b89412627f507015e251c-18x10.jpg 18w, https:\/\/lydenim.com\/wp-content\/uploads\/2025\/07\/8a3e113ed78b89412627f507015e251c-600x337.jpg 600w, https:\/\/lydenim.com\/wp-content\/uploads\/2025\/07\/8a3e113ed78b89412627f507015e251c-150x84.jpg 150w\" sizes=\"auto, (max-width: 600px) 100vw, 600px\" \/><p id=\"caption-attachment-5744\" class=\"wp-caption-text\">Urdimbre y trama<\/p><\/div><\/li>\n<\/ul>\n<h2 dir=\"ltr\">Control de la contracci\u00f3n mediante procesos textiles<\/h2>\n<p dir=\"ltr\">Los fabricantes emplean varias t\u00e9cnicas para reducir la contracci\u00f3n del denim durante la producci\u00f3n:<\/p>\n<ul class=\"tight\" dir=\"ltr\" data-tight=\"true\">\n<li>\n<p dir=\"ltr\"><strong>Sanforizaci\u00f3n<\/strong>Este proceso, iniciado por Sanford Cluett en 1930, consiste en estirar y relajar la tela en condiciones controladas para estabilizar sus dimensiones. Textile World afirma que la mezclilla sanforizada se encoge menos de 1% despu\u00e9s del lavado.<\/p>\n<p><div id=\"attachment_5747\" style=\"width: 610px\" class=\"wp-caption aligncenter\"><img loading=\"lazy\" decoding=\"async\" aria-describedby=\"caption-attachment-5747\" class=\"wp-image-5747\" src=\"https:\/\/lydenim.com\/wp-content\/uploads\/2025\/07\/4480e834ba80079c52585df0a3fbe8a1.jpg\" alt=\"\" width=\"600\" height=\"400\" srcset=\"https:\/\/lydenim.com\/wp-content\/uploads\/2025\/07\/4480e834ba80079c52585df0a3fbe8a1.jpg 1307w, https:\/\/lydenim.com\/wp-content\/uploads\/2025\/07\/4480e834ba80079c52585df0a3fbe8a1-300x200.jpg 300w, https:\/\/lydenim.com\/wp-content\/uploads\/2025\/07\/4480e834ba80079c52585df0a3fbe8a1-1024x682.jpg 1024w, https:\/\/lydenim.com\/wp-content\/uploads\/2025\/07\/4480e834ba80079c52585df0a3fbe8a1-768x512.jpg 768w, https:\/\/lydenim.com\/wp-content\/uploads\/2025\/07\/4480e834ba80079c52585df0a3fbe8a1-18x12.jpg 18w, https:\/\/lydenim.com\/wp-content\/uploads\/2025\/07\/4480e834ba80079c52585df0a3fbe8a1-600x400.jpg 600w, https:\/\/lydenim.com\/wp-content\/uploads\/2025\/07\/4480e834ba80079c52585df0a3fbe8a1-150x100.jpg 150w\" sizes=\"auto, (max-width: 600px) 100vw, 600px\" \/><p id=\"caption-attachment-5747\" class=\"wp-caption-text\">Control de la contracci\u00f3n<\/p><\/div><\/li>\n<li>\n<p dir=\"ltr\"><strong>Tratamientos qu\u00edmicos<\/strong>:Las resinas u otros productos qu\u00edmicos pueden mejorar la resistencia al encogimiento, aunque pueden alterar la textura o la transpirabilidad del tejido.<\/p>\n<p><img loading=\"lazy\" decoding=\"async\" class=\"aligncenter wp-image-5748\" src=\"https:\/\/lydenim.com\/wp-content\/uploads\/2025\/07\/d33bc795a592f627c5554279cf2f7083.jpg\" alt=\"\" width=\"600\" height=\"800\" srcset=\"https:\/\/lydenim.com\/wp-content\/uploads\/2025\/07\/d33bc795a592f627c5554279cf2f7083.jpg 1544w, https:\/\/lydenim.com\/wp-content\/uploads\/2025\/07\/d33bc795a592f627c5554279cf2f7083-225x300.jpg 225w, https:\/\/lydenim.com\/wp-content\/uploads\/2025\/07\/d33bc795a592f627c5554279cf2f7083-768x1024.jpg 768w, https:\/\/lydenim.com\/wp-content\/uploads\/2025\/07\/d33bc795a592f627c5554279cf2f7083-1152x1536.jpg 1152w, https:\/\/lydenim.com\/wp-content\/uploads\/2025\/07\/d33bc795a592f627c5554279cf2f7083-1536x2048.jpg 1536w, https:\/\/lydenim.com\/wp-content\/uploads\/2025\/07\/d33bc795a592f627c5554279cf2f7083-9x12.jpg 9w, https:\/\/lydenim.com\/wp-content\/uploads\/2025\/07\/d33bc795a592f627c5554279cf2f7083-600x800.jpg 600w, https:\/\/lydenim.com\/wp-content\/uploads\/2025\/07\/d33bc795a592f627c5554279cf2f7083-150x200.jpg 150w\" sizes=\"auto, (max-width: 600px) 100vw, 600px\" \/><\/li>\n<li>\n<p dir=\"ltr\"><strong>Mezclas de tejidos<\/strong>:La incorporaci\u00f3n de fibras sint\u00e9ticas como el poli\u00e9ster o el elastano reduce la contracci\u00f3n, ya que estas fibras son menos propensas a contraerse. shopduer destaca que el denim el\u00e1stico con elastano se encoge menos, pero requiere un manejo cuidadoso para evitar da\u00f1ar las fibras.<\/p>\n<p><div id=\"attachment_5604\" style=\"width: 610px\" class=\"wp-caption aligncenter\"><img loading=\"lazy\" decoding=\"async\" aria-describedby=\"caption-attachment-5604\" class=\"wp-image-5604\" src=\"https:\/\/lydenim.com\/wp-content\/uploads\/2025\/06\/DM_20250626203910_001.jpg\" alt=\"\" width=\"600\" height=\"600\" srcset=\"https:\/\/lydenim.com\/wp-content\/uploads\/2025\/06\/DM_20250626203910_001.jpg 500w, https:\/\/lydenim.com\/wp-content\/uploads\/2025\/06\/DM_20250626203910_001-300x300.jpg 300w, https:\/\/lydenim.com\/wp-content\/uploads\/2025\/06\/DM_20250626203910_001-150x150.jpg 150w, https:\/\/lydenim.com\/wp-content\/uploads\/2025\/06\/DM_20250626203910_001-12x12.jpg 12w\" sizes=\"auto, (max-width: 600px) 100vw, 600px\" \/><p id=\"caption-attachment-5604\" class=\"wp-caption-text\">Hilo de spandex<\/p><\/div><\/li>\n<\/ul>\n<p dir=\"ltr\">Estos m\u00e9todos reducen significativamente los riesgos de encogimiento, aunque a\u00fan puede producirse algo de encogimiento residual en condiciones de lavado inadecuadas.<\/p>\n<h2 dir=\"ltr\">Encogimiento en prendas terminadas<\/h2>\n<p dir=\"ltr\">Incluso con tratamientos de preencogimiento, las prendas de mezclilla terminadas pueden encogerse debido a varios factores:<\/p>\n<ul class=\"tight\" dir=\"ltr\" data-tight=\"true\">\n<li>\n<p dir=\"ltr\"><strong>Temperatura de lavado<\/strong>El agua caliente hace que las fibras de algod\u00f3n se contraigan m\u00e1s que el agua fr\u00eda. Nudie Jeans recomienda lavar con agua fr\u00eda para mantener el encogimiento por debajo de 3%.<\/p>\n<\/li>\n<li>\n<p dir=\"ltr\"><strong>M\u00e9todo de secado<\/strong>El secado a alta temperatura agrava el encogimiento al tensar las fibras. El secado al aire, especialmente del rev\u00e9s, ayuda a conservar el tama\u00f1o y el color.<\/p>\n<\/li>\n<li>\n<p dir=\"ltr\"><strong>Acci\u00f3n mec\u00e1nica<\/strong>La agitaci\u00f3n en la lavadora puede desplazar las fibras, aumentando el encogimiento. Un ciclo suave o el lavado a mano minimizan este efecto.<\/p>\n<\/li>\n<li>\n<p dir=\"ltr\"><strong>Desgaste y estiramiento<\/strong>El estiramiento durante el uso puede alterar la talla de una prenda, aunque se trata m\u00e1s de estiramiento que de encogimiento. Algunos aficionados encogen intencionalmente los jeans con agua caliente o secadora para un ajuste personalizado.<\/p>\n<p><div id=\"attachment_5419\" style=\"width: 610px\" class=\"wp-caption aligncenter\"><img loading=\"lazy\" decoding=\"async\" aria-describedby=\"caption-attachment-5419\" class=\"wp-image-5419\" src=\"https:\/\/lydenim.com\/wp-content\/uploads\/2025\/01\/use-heat-to-stretch-jeans.jpg\" alt=\"usa calor para estirar los jeans\" width=\"600\" height=\"289\" srcset=\"https:\/\/lydenim.com\/wp-content\/uploads\/2025\/01\/use-heat-to-stretch-jeans.jpg 1200w, https:\/\/lydenim.com\/wp-content\/uploads\/2025\/01\/use-heat-to-stretch-jeans-300x145.jpg 300w, https:\/\/lydenim.com\/wp-content\/uploads\/2025\/01\/use-heat-to-stretch-jeans-1024x493.jpg 1024w, https:\/\/lydenim.com\/wp-content\/uploads\/2025\/01\/use-heat-to-stretch-jeans-768x370.jpg 768w, https:\/\/lydenim.com\/wp-content\/uploads\/2025\/01\/use-heat-to-stretch-jeans-18x9.jpg 18w, https:\/\/lydenim.com\/wp-content\/uploads\/2025\/01\/use-heat-to-stretch-jeans-600x289.jpg 600w, https:\/\/lydenim.com\/wp-content\/uploads\/2025\/01\/use-heat-to-stretch-jeans-150x72.jpg 150w\" sizes=\"auto, (max-width: 600px) 100vw, 600px\" \/><p id=\"caption-attachment-5419\" class=\"wp-caption-text\">usa calor para estirar los jeans<\/p><\/div><\/li>\n<\/ul>\n<h2 dir=\"ltr\">Resumen y consejos pr\u00e1cticos<\/h2>\n<p dir=\"ltr\">El encogimiento de la mezclilla es inherente a su composici\u00f3n de algod\u00f3n y a la estructura del tejido, pero se puede controlar eficazmente mediante t\u00e9cnicas de producci\u00f3n y un cuidado adecuado. Las principales conclusiones incluyen:<\/p>\n<ul class=\"tight\" dir=\"ltr\" data-tight=\"true\">\n<li>\n<p dir=\"ltr\"><strong>Conozca su mezclilla<\/strong>:Consulte la etiqueta de cuidado para saber si sus jeans son de algod\u00f3n 100% (que potencialmente se encoge entre 5 y 7% a lo largo y entre 5 y 10% a lo ancho) o una mezcla (que se encoge entre 3 y 5% aproximadamente).<\/p>\n<\/li>\n<li>\n<p dir=\"ltr\"><strong>Siga las pautas de cuidado<\/strong>:Lavar con agua fr\u00eda y secar al aire para minimizar la contracci\u00f3n y mantener el color y el ajuste.<\/p>\n<\/li>\n<li>\n<p dir=\"ltr\"><strong>Prelavado de jeans nuevos<\/strong>:Considere lavar y secar los jeans nuevos antes de usarlos para tener en cuenta la contracci\u00f3n inicial, especialmente en el caso del denim crudo.<\/p>\n<p><div id=\"attachment_5422\" style=\"width: 610px\" class=\"wp-caption aligncenter\"><img loading=\"lazy\" decoding=\"async\" aria-describedby=\"caption-attachment-5422\" class=\"wp-image-5422\" src=\"https:\/\/lydenim.com\/wp-content\/uploads\/2025\/01\/Washing-machine-to-wash-jeans.jpg\" alt=\"Lavadora para lavar jeans\" width=\"600\" height=\"327\" srcset=\"https:\/\/lydenim.com\/wp-content\/uploads\/2025\/01\/Washing-machine-to-wash-jeans.jpg 1200w, https:\/\/lydenim.com\/wp-content\/uploads\/2025\/01\/Washing-machine-to-wash-jeans-300x164.jpg 300w, https:\/\/lydenim.com\/wp-content\/uploads\/2025\/01\/Washing-machine-to-wash-jeans-1024x558.jpg 1024w, https:\/\/lydenim.com\/wp-content\/uploads\/2025\/01\/Washing-machine-to-wash-jeans-768x419.jpg 768w, https:\/\/lydenim.com\/wp-content\/uploads\/2025\/01\/Washing-machine-to-wash-jeans-18x10.jpg 18w, https:\/\/lydenim.com\/wp-content\/uploads\/2025\/01\/Washing-machine-to-wash-jeans-600x327.jpg 600w, https:\/\/lydenim.com\/wp-content\/uploads\/2025\/01\/Washing-machine-to-wash-jeans-150x82.jpg 150w\" sizes=\"auto, (max-width: 600px) 100vw, 600px\" \/><p id=\"caption-attachment-5422\" class=\"wp-caption-text\">Lavadora para lavar jeans<\/p><\/div><\/li>\n<li>\n<p dir=\"ltr\"><strong>Acepte la contracci\u00f3n para lograr estilo<\/strong>:Algunos entusiastas del denim, como se se\u00f1ala en Styleforum, compran denim crudo ligeramente m\u00e1s grande y lo encogen para lograr un ajuste personalizado o un aspecto vintage.<img loading=\"lazy\" decoding=\"async\" class=\"aligncenter wp-image-5746\" src=\"https:\/\/lydenim.com\/wp-content\/uploads\/2025\/07\/2074f90d437243fc139518736dce8f02.jpg\" alt=\"\" width=\"600\" height=\"800\" srcset=\"https:\/\/lydenim.com\/wp-content\/uploads\/2025\/07\/2074f90d437243fc139518736dce8f02.jpg 1668w, https:\/\/lydenim.com\/wp-content\/uploads\/2025\/07\/2074f90d437243fc139518736dce8f02-225x300.jpg 225w, https:\/\/lydenim.com\/wp-content\/uploads\/2025\/07\/2074f90d437243fc139518736dce8f02-768x1024.jpg 768w, https:\/\/lydenim.com\/wp-content\/uploads\/2025\/07\/2074f90d437243fc139518736dce8f02-1152x1536.jpg 1152w, https:\/\/lydenim.com\/wp-content\/uploads\/2025\/07\/2074f90d437243fc139518736dce8f02-1536x2048.jpg 1536w, https:\/\/lydenim.com\/wp-content\/uploads\/2025\/07\/2074f90d437243fc139518736dce8f02-9x12.jpg 9w, https:\/\/lydenim.com\/wp-content\/uploads\/2025\/07\/2074f90d437243fc139518736dce8f02-600x800.jpg 600w, https:\/\/lydenim.com\/wp-content\/uploads\/2025\/07\/2074f90d437243fc139518736dce8f02-150x200.jpg 150w\" sizes=\"auto, (max-width: 600px) 100vw, 600px\" \/><\/p>\n<\/li>\n<\/ul>\n<h2 dir=\"ltr\">Conclusi\u00f3n<\/h2>\n<p dir=\"ltr\">El encogimiento de la mezclilla es consecuencia directa de las propiedades naturales del algod\u00f3n y la estructura del tejido, pero se puede controlar eficazmente mediante t\u00e9cnicas de fabricaci\u00f3n avanzadas y un mantenimiento cuidadoso. Los consumidores deben tener en cuenta la composici\u00f3n de la tela y los tratamientos de preencogimiento al elegir jeans, adem\u00e1s de lavarlos con agua fr\u00eda y secarlos al aire para garantizar su durabilidad y un ajuste perfecto. Ya sea que busque un look cl\u00e1sico o un efecto vintage personalizado, comprender el encogimiento le permitir\u00e1 tomar decisiones informadas y mantener el atractivo duradero de las prendas de mezclilla.<\/p>\n<h2 dir=\"auto\">Servicios de personalizaci\u00f3n de LYDENIM<\/h2>\n<p dir=\"auto\">\ud83c\udfa8 Quiero <strong>telas de mezclilla personalizadas<\/strong> o\u00a0 <strong>\u00fanico<\/strong> <strong>prenda de mezclilla personalizada<\/strong>?LYDENIM se especializa en soluciones a medida para satisfacer sus necesidades de dise\u00f1o y producci\u00f3n.<\/p>\n<p dir=\"auto\">\ud83d\udecd\ufe0f <strong>Explora e insp\u00edrate<\/strong>:Explore nuestra selecci\u00f3n de telas y descubra ideas de dise\u00f1o en <a href=\"https:\/\/lydenim.com\/es\/\" target=\"_blank\" rel=\"noopener noreferrer nofollow\">LYDenim<\/a>.<\/p>\n<p dir=\"auto\">\ud83c\udf10 <strong>Ropa el\u00e1stica<\/strong>:Consulta nuestras ofertas en <a href=\"http:\/\/liangyuantextile.m.en.alibaba.com\" target=\"_blank\" rel=\"noopener noreferrer nofollow\">Mi Alibaba<\/a>. \ud83d\udce9 <strong>Contacto<\/strong>:Comun\u00edquese con nosotros en <a href=\"mailto:malone@lydenim.com\" target=\"_blank\" rel=\"noopener noreferrer nofollow\">malone@lydenim.com<\/a>.<\/p>\n<p dir=\"auto\">Crea tu obra maestra en denim con LYDENIM, tu socio de confianza para <strong>tejido el\u00e1stico<\/strong> y <strong>soluciones de mezclilla personalizadas<\/strong>.<\/p>","protected":false},"excerpt":{"rendered":"<p>Tiempo estimado de lectura: ~4 minutos. \u00bfQu\u00e9 es el encogimiento de la mezclilla? El encogimiento de la mezclilla se refiere al fen\u00f3meno por el cual la tela se reduce de tama\u00f1o.<\/p>","protected":false},"author":1,"featured_media":5750,"comment_status":"open","ping_status":"open","sticky":false,"template":"","format":"standard","meta":{"two_page_speed":[],"footnotes":""},"categories":[66],"tags":[],"class_list":["post-5683","post","type-post","status-publish","format-standard","has-post-thumbnail","hentry","category-denim-knowledge"],"aioseo_notices":[],"_links":{"self":[{"href":"https:\/\/lydenim.com\/es\/wp-json\/wp\/v2\/posts\/5683","targetHints":{"allow":["GET"]}}],"collection":[{"href":"https:\/\/lydenim.com\/es\/wp-json\/wp\/v2\/posts"}],"about":[{"href":"https:\/\/lydenim.com\/es\/wp-json\/wp\/v2\/types\/post"}],"author":[{"embeddable":true,"href":"https:\/\/lydenim.com\/es\/wp-json\/wp\/v2\/users\/1"}],"replies":[{"embeddable":true,"href":"https:\/\/lydenim.com\/es\/wp-json\/wp\/v2\/comments?post=5683"}],"version-history":[{"count":5,"href":"https:\/\/lydenim.com\/es\/wp-json\/wp\/v2\/posts\/5683\/revisions"}],"predecessor-version":[{"id":6376,"href":"https:\/\/lydenim.com\/es\/wp-json\/wp\/v2\/posts\/5683\/revisions\/6376"}],"wp:featuredmedia":[{"embeddable":true,"href":"https:\/\/lydenim.com\/es\/wp-json\/wp\/v2\/media\/5750"}],"wp:attachment":[{"href":"https:\/\/lydenim.com\/es\/wp-json\/wp\/v2\/media?parent=5683"}],"wp:term":[{"taxonomy":"category","embeddable":true,"href":"https:\/\/lydenim.com\/es\/wp-json\/wp\/v2\/categories?post=5683"},{"taxonomy":"post_tag","embeddable":true,"href":"https:\/\/lydenim.com\/es\/wp-json\/wp\/v2\/tags?post=5683"}],"curies":[{"name":"wp","href":"https:\/\/api.w.org\/{rel}","templated":true}]}}