{"id":5685,"date":"2025-07-09T00:24:35","date_gmt":"2025-07-08T16:24:35","guid":{"rendered":"https:\/\/lydenim.com\/?p=5685"},"modified":"2025-08-24T13:44:33","modified_gmt":"2025-08-24T05:44:33","slug":"denim-outfit-trends-and-styles-for-2025","status":"publish","type":"post","link":"https:\/\/lydenim.com\/es\/tendencias-y-estilos-de-outfits-de-mezclilla-para-2025\/","title":{"rendered":"Outfit Denim: Tendencias y estilos para 2025"},"content":{"rendered":"<h2>Tiempo estimado de lectura: ~7 minutos<\/h2>\n<h2>Introducci\u00f3n<\/h2>\n<p>El denim es una tela resistente de sarga de algod\u00f3n que se populariz\u00f3 en el siglo XIX, tras su uso como ropa de trabajo, y se convirti\u00f3 en un material vers\u00e1til para la moda contempor\u00e1nea. En 2025, prendas de mezclilla como faldas, shorts, camisas y dise\u00f1os culturales de Denim Tears representan las principales tendencias de moda. El art\u00edculo examina estos componentes analizando su adaptabilidad estil\u00edstica, junto con los patrones de mercado y sus efectos sociales, mediante perspectivas profesionales e investigaci\u00f3n cuantitativa.<\/p>\n<div id=\"attachment_5740\" style=\"width: 610px\" class=\"wp-caption aligncenter\"><img loading=\"lazy\" decoding=\"async\" aria-describedby=\"caption-attachment-5740\" class=\"wp-image-5740\" src=\"https:\/\/lydenim.com\/wp-content\/uploads\/2025\/07\/d7939d7baa671e75d308ddd60b284a44.jpg\" alt=\"\" width=\"600\" height=\"399\" srcset=\"https:\/\/lydenim.com\/wp-content\/uploads\/2025\/07\/d7939d7baa671e75d308ddd60b284a44.jpg 1668w, https:\/\/lydenim.com\/wp-content\/uploads\/2025\/07\/d7939d7baa671e75d308ddd60b284a44-300x200.jpg 300w, https:\/\/lydenim.com\/wp-content\/uploads\/2025\/07\/d7939d7baa671e75d308ddd60b284a44-1024x681.jpg 1024w, https:\/\/lydenim.com\/wp-content\/uploads\/2025\/07\/d7939d7baa671e75d308ddd60b284a44-768x511.jpg 768w, https:\/\/lydenim.com\/wp-content\/uploads\/2025\/07\/d7939d7baa671e75d308ddd60b284a44-1536x1022.jpg 1536w, https:\/\/lydenim.com\/wp-content\/uploads\/2025\/07\/d7939d7baa671e75d308ddd60b284a44-18x12.jpg 18w, https:\/\/lydenim.com\/wp-content\/uploads\/2025\/07\/d7939d7baa671e75d308ddd60b284a44-600x399.jpg 600w, https:\/\/lydenim.com\/wp-content\/uploads\/2025\/07\/d7939d7baa671e75d308ddd60b284a44-150x100.jpg 150w\" sizes=\"auto, (max-width: 600px) 100vw, 600px\" \/><p id=\"caption-attachment-5740\" class=\"wp-caption-text\">Historial de atuendos<\/p><\/div>\n<h2>Falda vaquera: una prenda b\u00e1sica atemporal y vers\u00e1til<\/h2>\n<p>El mundo de la moda adopt\u00f3 las faldas vaqueras como una alternativa popular a los jeans tradicionales durante 2025. Los consumidores pueden elegir entre largos mini, midi y maxi, ya que estos estilos se adaptan a diversas preferencias de estilo y requisitos para eventos. Seg\u00fan Marie Claire (5 de marzo de 2025), las faldas vaqueras dominan actualmente la popularidad de los jeans gracias a su atractivo universal. Seg\u00fan Refinery29 (4 de abril de 2025), el n\u00famero de b\u00fasquedas de faldas vaqueras en sitios web minoristas aument\u00f3 en un 30% debido al creciente inter\u00e9s de los consumidores.<\/p>\n<ul>\n<li><strong>Minifaldas vaqueras<\/strong>Las minifaldas vaqueras crean un estilo juvenil perfecto al combinarlas con tops cortos o su\u00e9teres oversize. La falda Levi&#039;s Icon ($48.65) recibi\u00f3 elogios de Teen Vogue (24 de junio de 2025) por su dise\u00f1o vintage Y2K.<\/li>\n<li><strong>Faldas vaqueras midi<\/strong>:Ofrecen un equilibrio entre modestia y estilo, adecuados para entornos de oficina cuando se combinan con una blusa y tacones o salidas informales con zapatillas y una camiseta.<\/li>\n<li><strong>Faldas vaqueras largas<\/strong>Estas prendas funcionan mejor para estilos bohemios cuando se combinan con una chaqueta vaquera o un c\u00e1rdigan ligero seg\u00fan la Semana de la Moda de Londres (febrero de 2025).<\/li>\n<\/ul>\n<p><strong>Consejo de estilo<\/strong>Al combinar prendas de mezclilla sobre mezclilla, combina una falda vaquera con una camisa de chambray, seg\u00fan Glamour (30 de mayo de 2025). La combinaci\u00f3n de piezas de cuero y seda realzar\u00e1 el look general al usarlas como elementos de contraste.<\/p>\n<div id=\"attachment_5731\" style=\"width: 610px\" class=\"wp-caption aligncenter\"><img loading=\"lazy\" decoding=\"async\" aria-describedby=\"caption-attachment-5731\" class=\"wp-image-5731\" src=\"https:\/\/lydenim.com\/wp-content\/uploads\/2025\/07\/9f30620584d774b1486dbb346fa07f9b.jpg\" alt=\"\" width=\"600\" height=\"480\" srcset=\"https:\/\/lydenim.com\/wp-content\/uploads\/2025\/07\/9f30620584d774b1486dbb346fa07f9b.jpg 789w, https:\/\/lydenim.com\/wp-content\/uploads\/2025\/07\/9f30620584d774b1486dbb346fa07f9b-300x240.jpg 300w, https:\/\/lydenim.com\/wp-content\/uploads\/2025\/07\/9f30620584d774b1486dbb346fa07f9b-768x614.jpg 768w, https:\/\/lydenim.com\/wp-content\/uploads\/2025\/07\/9f30620584d774b1486dbb346fa07f9b-15x12.jpg 15w, https:\/\/lydenim.com\/wp-content\/uploads\/2025\/07\/9f30620584d774b1486dbb346fa07f9b-600x480.jpg 600w, https:\/\/lydenim.com\/wp-content\/uploads\/2025\/07\/9f30620584d774b1486dbb346fa07f9b-150x120.jpg 150w\" sizes=\"auto, (max-width: 600px) 100vw, 600px\" \/><p id=\"caption-attachment-5731\" class=\"wp-caption-text\">Falda de mezclilla<\/p><\/div>\n<p><strong>Escenarios de uso<\/strong>:<\/p>\n<ul>\n<li><strong>Salidas informales<\/strong>Una minifalda de jeans combinada con una camiseta estampada y zapatillas se convierte en el atuendo perfecto para los brunchs de fin de semana.<\/li>\n<li><strong>Ropa de oficina<\/strong>Una falda midi combinada con mocasines y una blusa entallada crea un atuendo apropiado para lugares de trabajo creativos.<\/li>\n<li><strong>Eventos nocturnos<\/strong>Las faldas largas combinadas con blusas de seda y tacones crean un atuendo adecuado para una cena de fiesta.<\/li>\n<\/ul>\n<h2>Shorts vaqueros: la prenda esencial para el clima c\u00e1lido<\/h2>\n<p>Durante 2025, la moda de verano incluye los shorts cortos como prenda esencial, disponibles en diferentes largos, desde micro hasta bermuda. InStyle (26 de febrero de 2025) informa que la popularidad de los shorts cortos ha aumentado un 75% gracias al apoyo de Hailey Bieber y Charli XCX. Heuritech (19 de mayo de 2025) revela que los consumidores europeos han aumentado su b\u00fasqueda de shorts de cintura baja un 11% debido a las tendencias de moda del efecto 2000.<\/p>\n<ul>\n<li><strong>Micro pantalones cortos<\/strong>El estilo corto funciona mejor para viajes a la playa o festivales de m\u00fasica con tops cortos o camisetas largas.\n<p><div id=\"attachment_5732\" style=\"width: 610px\" class=\"wp-caption aligncenter\"><img loading=\"lazy\" decoding=\"async\" aria-describedby=\"caption-attachment-5732\" class=\"wp-image-5732\" src=\"https:\/\/lydenim.com\/wp-content\/uploads\/2025\/07\/21d7bc2e98a9bcf904be674d847a1359.jpg\" alt=\"\" width=\"600\" height=\"750\" srcset=\"https:\/\/lydenim.com\/wp-content\/uploads\/2025\/07\/21d7bc2e98a9bcf904be674d847a1359.jpg 1668w, https:\/\/lydenim.com\/wp-content\/uploads\/2025\/07\/21d7bc2e98a9bcf904be674d847a1359-240x300.jpg 240w, https:\/\/lydenim.com\/wp-content\/uploads\/2025\/07\/21d7bc2e98a9bcf904be674d847a1359-819x1024.jpg 819w, https:\/\/lydenim.com\/wp-content\/uploads\/2025\/07\/21d7bc2e98a9bcf904be674d847a1359-768x960.jpg 768w, https:\/\/lydenim.com\/wp-content\/uploads\/2025\/07\/21d7bc2e98a9bcf904be674d847a1359-1229x1536.jpg 1229w, https:\/\/lydenim.com\/wp-content\/uploads\/2025\/07\/21d7bc2e98a9bcf904be674d847a1359-1638x2048.jpg 1638w, https:\/\/lydenim.com\/wp-content\/uploads\/2025\/07\/21d7bc2e98a9bcf904be674d847a1359-10x12.jpg 10w, https:\/\/lydenim.com\/wp-content\/uploads\/2025\/07\/21d7bc2e98a9bcf904be674d847a1359-600x750.jpg 600w, https:\/\/lydenim.com\/wp-content\/uploads\/2025\/07\/21d7bc2e98a9bcf904be674d847a1359-150x188.jpg 150w\" sizes=\"auto, (max-width: 600px) 100vw, 600px\" \/><p id=\"caption-attachment-5732\" class=\"wp-caption-text\">Micro pantalones cortos<\/p><\/div><\/li>\n<li><strong>Pantalones cortos hasta la mitad del muslo<\/strong>Los pantalones cortos hasta la mitad del muslo sirven para m\u00faltiples prop\u00f3sitos, ya que combinan con camisetas sin mangas para atuendos casuales y con camisas abotonadas para conjuntos m\u00e1s elegantes, seg\u00fan Jo-Lynne Shane (2 de mayo de 2024).\n<p><div id=\"attachment_5733\" style=\"width: 610px\" class=\"wp-caption aligncenter\"><img loading=\"lazy\" decoding=\"async\" aria-describedby=\"caption-attachment-5733\" class=\"wp-image-5733\" src=\"https:\/\/lydenim.com\/wp-content\/uploads\/2025\/07\/76b137ab208633fe36187032470edbe5.jpg\" alt=\"\" width=\"600\" height=\"800\" srcset=\"https:\/\/lydenim.com\/wp-content\/uploads\/2025\/07\/76b137ab208633fe36187032470edbe5.jpg 1535w, https:\/\/lydenim.com\/wp-content\/uploads\/2025\/07\/76b137ab208633fe36187032470edbe5-225x300.jpg 225w, https:\/\/lydenim.com\/wp-content\/uploads\/2025\/07\/76b137ab208633fe36187032470edbe5-768x1024.jpg 768w, https:\/\/lydenim.com\/wp-content\/uploads\/2025\/07\/76b137ab208633fe36187032470edbe5-1152x1536.jpg 1152w, https:\/\/lydenim.com\/wp-content\/uploads\/2025\/07\/76b137ab208633fe36187032470edbe5-9x12.jpg 9w, https:\/\/lydenim.com\/wp-content\/uploads\/2025\/07\/76b137ab208633fe36187032470edbe5-600x800.jpg 600w, https:\/\/lydenim.com\/wp-content\/uploads\/2025\/07\/76b137ab208633fe36187032470edbe5-150x200.jpg 150w\" sizes=\"auto, (max-width: 600px) 100vw, 600px\" \/><p id=\"caption-attachment-5733\" class=\"wp-caption-text\">Pantalones cortos hasta la mitad del muslo<\/p><\/div><\/li>\n<li><strong>Bermudas<\/strong>Los pantalones cortos Bermuda ofrecen un ajuste relajado y se pueden combinar con blazers para lograr un aspecto informal elegante, como se vio en Porter (26 de mayo de 2025).\n<p><div id=\"attachment_5734\" style=\"width: 610px\" class=\"wp-caption aligncenter\"><img loading=\"lazy\" decoding=\"async\" aria-describedby=\"caption-attachment-5734\" class=\"wp-image-5734\" src=\"https:\/\/lydenim.com\/wp-content\/uploads\/2025\/07\/97effee0e8c9ab79d6a96a2e5747ed6e.jpg\" alt=\"\" width=\"600\" height=\"800\" srcset=\"https:\/\/lydenim.com\/wp-content\/uploads\/2025\/07\/97effee0e8c9ab79d6a96a2e5747ed6e.jpg 1630w, https:\/\/lydenim.com\/wp-content\/uploads\/2025\/07\/97effee0e8c9ab79d6a96a2e5747ed6e-225x300.jpg 225w, https:\/\/lydenim.com\/wp-content\/uploads\/2025\/07\/97effee0e8c9ab79d6a96a2e5747ed6e-768x1024.jpg 768w, https:\/\/lydenim.com\/wp-content\/uploads\/2025\/07\/97effee0e8c9ab79d6a96a2e5747ed6e-1152x1536.jpg 1152w, https:\/\/lydenim.com\/wp-content\/uploads\/2025\/07\/97effee0e8c9ab79d6a96a2e5747ed6e-1536x2048.jpg 1536w, https:\/\/lydenim.com\/wp-content\/uploads\/2025\/07\/97effee0e8c9ab79d6a96a2e5747ed6e-9x12.jpg 9w, https:\/\/lydenim.com\/wp-content\/uploads\/2025\/07\/97effee0e8c9ab79d6a96a2e5747ed6e-600x800.jpg 600w, https:\/\/lydenim.com\/wp-content\/uploads\/2025\/07\/97effee0e8c9ab79d6a96a2e5747ed6e-150x200.jpg 150w\" sizes=\"auto, (max-width: 600px) 100vw, 600px\" \/><p id=\"caption-attachment-5734\" class=\"wp-caption-text\">Bermudas<\/p><\/div><\/li>\n<\/ul>\n<p><strong>Consejo de estilo<\/strong>Seg\u00fan Cosmopolitan (31 de mayo de 2024), el volumen de las bermudas debe equilibrarse con una camiseta ajustada. El denim sigue siendo el centro de atenci\u00f3n al llevar joyas sencillas.<\/p>\n<p><strong>Escenarios de uso<\/strong>:<\/p>\n<ul>\n<li><strong>Festivales de verano<\/strong>:Los micro shorts con camisetas sin mangas y sandalias crean un look divertido para un festival de verano.<\/li>\n<li><strong>Reuniones casuales<\/strong>:Los pantalones cortos hasta la mitad del muslo con una camiseta y zapatillas deportivas forman el atuendo perfecto para reuniones informales.<\/li>\n<li><strong>Viajar<\/strong>Los pantalones cortos Bermuda combinados con una chaqueta liviana son una excelente opci\u00f3n para crear conjuntos de viaje c\u00f3modos pero a la vez elegantes.<\/li>\n<\/ul>\n<h2>\u00bfDe qu\u00e9 color es el denim naturalmente?<\/h2>\n<p>El tejido de algod\u00f3n crudo conocido como &quot;ecru&quot; tiene un aspecto blanquecino o blanco natural, seg\u00fan Heddels (5 de junio de 2011). Wrangler.in explica que el tinte \u00edndigo genera su caracter\u00edstico color azul, aunque ahora se utilizan com\u00fanmente sustitutos sint\u00e9ticos en lugar de la extracci\u00f3n tradicional de la planta indigofera. Seg\u00fan Heuritech (19 de mayo de 2025), las b\u00fasquedas de denim claro en Europa han aumentado un 71%, mientras que el blanco y negro, junto con diferentes lavados, siguen estando de moda.<\/p>\n<p><strong>Contexto hist\u00f3rico<\/strong>:El siglo XIX estableci\u00f3 el te\u00f1ido \u00edndigo como una asociaci\u00f3n permanente con el denim a trav\u00e9s de su capacidad para crear colores fuertes y brillantes seg\u00fan RD.com el 26 de junio de 2025. MUD Jeans implementa denim sin te\u00f1ir en sus productos con fines de sustentabilidad porque este enfoque reduce el uso de agua en 93% en comparaci\u00f3n con las pr\u00e1cticas de te\u00f1ido regulares (MUD Jeans, 16 de septiembre de 2020).<\/p>\n<p><strong>Vogue recomienda<\/strong>:El denim blanco como lienzo en blanco para crear looks frescos con accesorios coloridos seg\u00fan su publicaci\u00f3n del 28 de abril de 2023.<\/p>\n<div id=\"attachment_5739\" style=\"width: 610px\" class=\"wp-caption aligncenter\"><img loading=\"lazy\" decoding=\"async\" aria-describedby=\"caption-attachment-5739\" class=\"wp-image-5739\" src=\"https:\/\/lydenim.com\/wp-content\/uploads\/2025\/07\/cd1ff0b5a565d4b713bb766ebe863655.jpg\" alt=\"\" width=\"600\" height=\"266\" srcset=\"https:\/\/lydenim.com\/wp-content\/uploads\/2025\/07\/cd1ff0b5a565d4b713bb766ebe863655.jpg 2434w, https:\/\/lydenim.com\/wp-content\/uploads\/2025\/07\/cd1ff0b5a565d4b713bb766ebe863655-300x133.jpg 300w, https:\/\/lydenim.com\/wp-content\/uploads\/2025\/07\/cd1ff0b5a565d4b713bb766ebe863655-1024x454.jpg 1024w, https:\/\/lydenim.com\/wp-content\/uploads\/2025\/07\/cd1ff0b5a565d4b713bb766ebe863655-768x341.jpg 768w, https:\/\/lydenim.com\/wp-content\/uploads\/2025\/07\/cd1ff0b5a565d4b713bb766ebe863655-1536x682.jpg 1536w, https:\/\/lydenim.com\/wp-content\/uploads\/2025\/07\/cd1ff0b5a565d4b713bb766ebe863655-2048x909.jpg 2048w, https:\/\/lydenim.com\/wp-content\/uploads\/2025\/07\/cd1ff0b5a565d4b713bb766ebe863655-18x8.jpg 18w, https:\/\/lydenim.com\/wp-content\/uploads\/2025\/07\/cd1ff0b5a565d4b713bb766ebe863655-600x266.jpg 600w, https:\/\/lydenim.com\/wp-content\/uploads\/2025\/07\/cd1ff0b5a565d4b713bb766ebe863655-150x67.jpg 150w\" sizes=\"auto, (max-width: 600px) 100vw, 600px\" \/><p id=\"caption-attachment-5739\" class=\"wp-caption-text\">Dril<\/p><\/div>\n<h2>Camisas vaqueras de moda: de lo casual a lo elegante<\/h2>\n<p>En 2025, la camisa vaquera sigue siendo una prenda vers\u00e1til porque cada persona la estiliza de forma diferente seg\u00fan sus necesidades. Seg\u00fan la revista Glamour (19 de junio de 2025), los conjuntos de mezclilla sobre mezclilla funcionan mejor al combinar camisas vaqueras con faldas o jeans para crear una apariencia uniforme.<\/p>\n<ul>\n<li><strong>Estilo casual<\/strong>:Para entornos casuales, la Semana de la Alta Costura de Par\u00eds (Marie Claire, 23 de octubre de 2024) presenta moda callejera con una camisa vaquera desabotonada sobre una camiseta sin mangas.<\/li>\n<li><strong>Listo para la oficina<\/strong>Una camisa de mezclilla crea un look listo para la oficina cuando se mete dentro de pantalones de cintura alta o una falda y se usan mocasines.<\/li>\n<li><strong>Mezclilla sobre mezclilla<\/strong>Un esmoquin canadiense se puede combinar con jeans o faldas de mezclilla si le agregas un cintur\u00f3n y joyas llamativas al atuendo.<\/li>\n<\/ul>\n<p><strong>Opini\u00f3n de expertos<\/strong>La influencer de moda Kim Brannigan (@styledbykimkj) prefiere los conjuntos denim sobre denim durante el oto\u00f1o porque los combina con cinturones y botas negras para lograr una apariencia sofisticada seg\u00fan People (15 de agosto de 2024).<\/p>\n<p><strong>Escenarios de uso<\/strong>:<\/p>\n<ul>\n<li><strong>Salidas de fin de semana<\/strong>:Una camisa vaquera abierta sobre una camiseta para paseos informales.<\/li>\n<li><strong>Entornos de trabajo<\/strong>:Una camisa vaquera metida por dentro con pantalones para oficinas creativas.<\/li>\n<li><strong>Looks de noche<\/strong>:Una camisa vaquera con falda y tacones para eventos semiformales.\n<p><div id=\"attachment_5735\" style=\"width: 610px\" class=\"wp-caption aligncenter\"><img loading=\"lazy\" decoding=\"async\" aria-describedby=\"caption-attachment-5735\" class=\"wp-image-5735\" src=\"https:\/\/lydenim.com\/wp-content\/uploads\/2025\/07\/0304df6dc85871b633f4f180e0c52e0d.jpg\" alt=\"\" width=\"600\" height=\"266\" srcset=\"https:\/\/lydenim.com\/wp-content\/uploads\/2025\/07\/0304df6dc85871b633f4f180e0c52e0d.jpg 2434w, https:\/\/lydenim.com\/wp-content\/uploads\/2025\/07\/0304df6dc85871b633f4f180e0c52e0d-300x133.jpg 300w, https:\/\/lydenim.com\/wp-content\/uploads\/2025\/07\/0304df6dc85871b633f4f180e0c52e0d-1024x454.jpg 1024w, https:\/\/lydenim.com\/wp-content\/uploads\/2025\/07\/0304df6dc85871b633f4f180e0c52e0d-768x341.jpg 768w, https:\/\/lydenim.com\/wp-content\/uploads\/2025\/07\/0304df6dc85871b633f4f180e0c52e0d-1536x682.jpg 1536w, https:\/\/lydenim.com\/wp-content\/uploads\/2025\/07\/0304df6dc85871b633f4f180e0c52e0d-2048x909.jpg 2048w, https:\/\/lydenim.com\/wp-content\/uploads\/2025\/07\/0304df6dc85871b633f4f180e0c52e0d-18x8.jpg 18w, https:\/\/lydenim.com\/wp-content\/uploads\/2025\/07\/0304df6dc85871b633f4f180e0c52e0d-600x266.jpg 600w, https:\/\/lydenim.com\/wp-content\/uploads\/2025\/07\/0304df6dc85871b633f4f180e0c52e0d-150x67.jpg 150w\" sizes=\"auto, (max-width: 600px) 100vw, 600px\" \/><p id=\"caption-attachment-5735\" class=\"wp-caption-text\">Camisas vaqueras de moda: de lo casual a lo elegante<\/p><\/div><\/li>\n<\/ul>\n<h2>Denim Tears: una marca con profundidad cultural<\/h2>\n<p>En 2019, el dise\u00f1ador de moda Tremaine Emory cre\u00f3 Denim Tears para fusionar la moda de lujo con debates culturales que exploran las perspectivas de la di\u00e1spora africana (Denim Tears). La marca presenta productos de mezclilla desgastada con tela rasgada y estampados de flores de algod\u00f3n que transmiten conceptos hist\u00f3ricos y raciales (The Caledonian, 20 de febrero de 2025).<\/p>\n<ul>\n<li><strong>Importancia cultural<\/strong>:La colecci\u00f3n \u201cCotton Wreath\u201d de la marca muestra el denim desgastado como m\u00e9todo para generar conversaciones sobre las narrativas hist\u00f3ricas afroamericanas.<\/li>\n<li><strong>Dise\u00f1o est\u00e9tico<\/strong>Los dise\u00f1os desgastados con bordados \u00fanicos de Denim Tears han establecido una influencia en la tendencia general de la moda del denim imperfecto significativo.<\/li>\n<\/ul>\n<p><strong>Influencia de la tendencia<\/strong>:Seg\u00fan Vogue (6 de febrero de 2025), la est\u00e9tica vintage de Denim Tears ha provocado un renovado inter\u00e9s en el denim desgastado que ahora aparece en las l\u00edneas de moda de Frame y Agolde.<\/p>\n<p><strong>Escenarios de uso<\/strong>:<\/p>\n<ul>\n<li><strong>Declaraciones de moda<\/strong>Los jeans Denim Tears deben combinarse con blusas b\u00e1sicas para mostrar su est\u00e9tica distintiva en reuniones de arte.<\/li>\n<li><strong>Estilo callejero<\/strong>Comb\u00ednalo con una sudadera con capucha y zapatillas para lograr un look urbano y atrevido.\n<p><div id=\"attachment_5736\" style=\"width: 610px\" class=\"wp-caption aligncenter\"><img loading=\"lazy\" decoding=\"async\" aria-describedby=\"caption-attachment-5736\" class=\"wp-image-5736\" src=\"https:\/\/lydenim.com\/wp-content\/uploads\/2025\/07\/651de76e8e26f1e38f823239e4d4132b.jpg\" alt=\"\" width=\"600\" height=\"266\" srcset=\"https:\/\/lydenim.com\/wp-content\/uploads\/2025\/07\/651de76e8e26f1e38f823239e4d4132b.jpg 2434w, https:\/\/lydenim.com\/wp-content\/uploads\/2025\/07\/651de76e8e26f1e38f823239e4d4132b-300x133.jpg 300w, https:\/\/lydenim.com\/wp-content\/uploads\/2025\/07\/651de76e8e26f1e38f823239e4d4132b-1024x454.jpg 1024w, https:\/\/lydenim.com\/wp-content\/uploads\/2025\/07\/651de76e8e26f1e38f823239e4d4132b-768x341.jpg 768w, https:\/\/lydenim.com\/wp-content\/uploads\/2025\/07\/651de76e8e26f1e38f823239e4d4132b-1536x682.jpg 1536w, https:\/\/lydenim.com\/wp-content\/uploads\/2025\/07\/651de76e8e26f1e38f823239e4d4132b-2048x909.jpg 2048w, https:\/\/lydenim.com\/wp-content\/uploads\/2025\/07\/651de76e8e26f1e38f823239e4d4132b-18x8.jpg 18w, https:\/\/lydenim.com\/wp-content\/uploads\/2025\/07\/651de76e8e26f1e38f823239e4d4132b-600x266.jpg 600w, https:\/\/lydenim.com\/wp-content\/uploads\/2025\/07\/651de76e8e26f1e38f823239e4d4132b-150x67.jpg 150w\" sizes=\"auto, (max-width: 600px) 100vw, 600px\" \/><p id=\"caption-attachment-5736\" class=\"wp-caption-text\">Prenda Denim Tears<\/p><\/div><\/li>\n<\/ul>\n<h2>Ventajas y desventajas de los conjuntos de mezclilla<\/h2>\n<table style=\"height: 175px;\" width=\"1216\">\n<thead>\n<tr>\n<th><strong>Aspecto<\/strong><\/th>\n<th><strong>Ventajas<\/strong><\/th>\n<th><strong>Desventajas<\/strong><\/th>\n<\/tr>\n<\/thead>\n<tbody>\n<tr>\n<td><strong>Versatilidad<\/strong><\/td>\n<td>Se puede combinar f\u00e1cilmente para looks casuales o semiformales.<\/td>\n<td>Algunos estilos (por ejemplo, desgastado) son menos formales.<\/td>\n<\/tr>\n<tr>\n<td><strong>Durabilidad<\/strong><\/td>\n<td>La naturaleza resistente del denim garantiza la longevidad.<\/td>\n<td>Al principio puede ser r\u00edgido y requerir un per\u00edodo de adaptaci\u00f3n.<\/td>\n<\/tr>\n<tr>\n<td><strong>Estilo<\/strong><\/td>\n<td>Atemporal y moderno, con diversas opciones.<\/td>\n<td>El mantenimiento (por ejemplo, el lavado) puede ser complejo.<\/td>\n<\/tr>\n<tr>\n<td><strong>Comodidad<\/strong><\/td>\n<td>Algod\u00f3n transpirable, especialmente en mezclas.<\/td>\n<td>El denim grueso puede ser c\u00e1lido en climas c\u00e1lidos.<\/td>\n<\/tr>\n<\/tbody>\n<\/table>\n<h2>Perspectivas de expertos y de la comunidad<\/h2>\n<ul>\n<li><strong>Marianne McDonald (Directora Creativa, Ciudadanos de la Humanidad)<\/strong>:\u201cLa silueta de herradura se siente escultural pero relajada, haciendo referencia a estilos vintage sin dejar de ser moderna\u201d (<em>Moda<\/em>, 14 de noviembre de 2024).<\/li>\n<li><strong>Catherine Bibeau (Estilista)<\/strong>:\u201cLos vestidos y faldas de mezclilla son vers\u00e1tiles para cualquier estilo, desde casual hasta elegante, con accesorios m\u00ednimos\u201d (<em>Gente<\/em>, 15 de agosto de 2024).<\/li>\n<li><strong>Usuario de Reddit u\/stylishguru (r\/femalefashionadvice)<\/strong>:\u201cLas faldas vaqueras con un blazer entallado y mocasines son mi opci\u00f3n preferida para lograr un look elegante pero sencillo\u201d (<em>Reddit<\/em>).<\/li>\n<li><strong>El bazar de Harper<\/strong>:\u201cLas faldas largas de mezclilla son una prenda b\u00e1sica que no pasa de moda y se pueden combinar con botas para el invierno o sandalias para el verano\u201d (24 de febrero de 2025).<\/li>\n<\/ul>\n<h2>Potencial del mercado<\/h2>\n<p>El mercado global de vaqueros super\u00f3 los 86.660 millones de d\u00f3lares en 2024, seg\u00fan Grand View Research (2024), y se prev\u00e9 que alcance los 121.500 millones de d\u00f3lares para 2030, con una tasa de crecimiento anual compuesta (TAAC) de 5,91 TP\u00b3T. La industria del denim est\u00e1 creciendo gracias a las faldas y shorts de mezclilla, seg\u00fan Heuritech (19 de mayo de 2025), que se\u00f1ala que las b\u00fasquedas de vaqueros acampanados aumentaron en 571 TP\u00b3T, mientras que la popularidad de los pantalones cortos (Jorts) aument\u00f3 en 751 TP\u00b3T (InStyle, 26 de febrero de 2025). La colecci\u00f3n de vaqueros sostenibles sin te\u00f1ir de MUD Jeans ha ganado popularidad gracias a su caracter\u00edstica de ahorro de agua de 931 TP\u00b3T (MUD Jeans, 16 de septiembre de 2020).<\/p>\n<div id=\"attachment_5741\" style=\"width: 610px\" class=\"wp-caption aligncenter\"><img loading=\"lazy\" decoding=\"async\" aria-describedby=\"caption-attachment-5741\" class=\"wp-image-5741\" src=\"https:\/\/lydenim.com\/wp-content\/uploads\/2025\/07\/Global-Denim-Jeans-Market-Value-Projection.jpg\" alt=\"\" width=\"600\" height=\"310\" srcset=\"https:\/\/lydenim.com\/wp-content\/uploads\/2025\/07\/Global-Denim-Jeans-Market-Value-Projection.jpg 1646w, https:\/\/lydenim.com\/wp-content\/uploads\/2025\/07\/Global-Denim-Jeans-Market-Value-Projection-300x155.jpg 300w, https:\/\/lydenim.com\/wp-content\/uploads\/2025\/07\/Global-Denim-Jeans-Market-Value-Projection-1024x529.jpg 1024w, https:\/\/lydenim.com\/wp-content\/uploads\/2025\/07\/Global-Denim-Jeans-Market-Value-Projection-768x397.jpg 768w, https:\/\/lydenim.com\/wp-content\/uploads\/2025\/07\/Global-Denim-Jeans-Market-Value-Projection-1536x793.jpg 1536w, https:\/\/lydenim.com\/wp-content\/uploads\/2025\/07\/Global-Denim-Jeans-Market-Value-Projection-18x9.jpg 18w, https:\/\/lydenim.com\/wp-content\/uploads\/2025\/07\/Global-Denim-Jeans-Market-Value-Projection-600x310.jpg 600w, https:\/\/lydenim.com\/wp-content\/uploads\/2025\/07\/Global-Denim-Jeans-Market-Value-Projection-150x77.jpg 150w\" sizes=\"auto, (max-width: 600px) 100vw, 600px\" \/><p id=\"caption-attachment-5741\" class=\"wp-caption-text\">Proyecci\u00f3n del valor del mercado global de jeans de mezclilla<\/p><\/div>\n<h2>Conclusi\u00f3n<\/h2>\n<p>El mundo de la moda en 2025 presenta conjuntos de mezclilla con dise\u00f1os cl\u00e1sicos y estilos modernos, que incluyen faldas y shorts de mezclilla, as\u00ed como camisas y la marca Denim Tears. Gracias a su valor cultural, estas prendas se pueden usar de diversas maneras para crear atuendos de moda, desde casuales hasta profesionales. Seguir estas tendencias y consejos de estilo te ayudar\u00e1 a crear conjuntos con significado, manteniendo la mezclilla como parte esencial de tu armario.<\/p>\n<h2 dir=\"auto\">Servicios de personalizaci\u00f3n de LYDENIM<\/h2>\n<p dir=\"auto\">\ud83c\udfa8 Quiero <strong>telas de mezclilla personalizadas<\/strong> o\u00a0 <strong>\u00fanico<\/strong> <strong>prenda de mezclilla personalizada<\/strong>?LYDENIM se especializa en soluciones a medida para satisfacer sus necesidades de dise\u00f1o y producci\u00f3n.<\/p>\n<p dir=\"auto\">\ud83d\udecd\ufe0f <strong>Explora e insp\u00edrate<\/strong>:Explore nuestra selecci\u00f3n de telas y descubra ideas de dise\u00f1o en <a href=\"https:\/\/lydenim.com\/es\/\" target=\"_blank\" rel=\"noopener noreferrer nofollow\">LYDenim<\/a>.<\/p>\n<p dir=\"auto\">\ud83c\udf10 <strong>Ropa el\u00e1stica<\/strong>:Consulta nuestras ofertas en <a href=\"http:\/\/liangyuantextile.m.en.alibaba.com\" target=\"_blank\" rel=\"noopener noreferrer nofollow\">Mi Alibaba<\/a>. \ud83d\udce9 <strong>Contacto<\/strong>:Comun\u00edquese con nosotros en <a href=\"mailto:malone@lydenim.com\" target=\"_blank\" rel=\"noopener noreferrer nofollow\">malone@lydenim.com<\/a>.<\/p>\n<p dir=\"auto\">Crea tu obra maestra en denim con LYDENIM, tu socio de confianza para <strong>tejido el\u00e1stico<\/strong> y <strong>soluciones de mezclilla personalizadas<\/strong>.<\/p>","protected":false},"excerpt":{"rendered":"<p>Tiempo estimado de lectura: ~7 minutos Introducci\u00f3n El denim representa una tela de sarga de algod\u00f3n resistente que entr\u00f3 en moda en el siglo XIX.<\/p>","protected":false},"author":1,"featured_media":5743,"comment_status":"open","ping_status":"open","sticky":false,"template":"","format":"standard","meta":{"two_page_speed":[],"footnotes":""},"categories":[66],"tags":[],"class_list":["post-5685","post","type-post","status-publish","format-standard","has-post-thumbnail","hentry","category-denim-knowledge"],"aioseo_notices":[],"_links":{"self":[{"href":"https:\/\/lydenim.com\/es\/wp-json\/wp\/v2\/posts\/5685","targetHints":{"allow":["GET"]}}],"collection":[{"href":"https:\/\/lydenim.com\/es\/wp-json\/wp\/v2\/posts"}],"about":[{"href":"https:\/\/lydenim.com\/es\/wp-json\/wp\/v2\/types\/post"}],"author":[{"embeddable":true,"href":"https:\/\/lydenim.com\/es\/wp-json\/wp\/v2\/users\/1"}],"replies":[{"embeddable":true,"href":"https:\/\/lydenim.com\/es\/wp-json\/wp\/v2\/comments?post=5685"}],"version-history":[{"count":5,"href":"https:\/\/lydenim.com\/es\/wp-json\/wp\/v2\/posts\/5685\/revisions"}],"predecessor-version":[{"id":6377,"href":"https:\/\/lydenim.com\/es\/wp-json\/wp\/v2\/posts\/5685\/revisions\/6377"}],"wp:featuredmedia":[{"embeddable":true,"href":"https:\/\/lydenim.com\/es\/wp-json\/wp\/v2\/media\/5743"}],"wp:attachment":[{"href":"https:\/\/lydenim.com\/es\/wp-json\/wp\/v2\/media?parent=5685"}],"wp:term":[{"taxonomy":"category","embeddable":true,"href":"https:\/\/lydenim.com\/es\/wp-json\/wp\/v2\/categories?post=5685"},{"taxonomy":"post_tag","embeddable":true,"href":"https:\/\/lydenim.com\/es\/wp-json\/wp\/v2\/tags?post=5685"}],"curies":[{"name":"wp","href":"https:\/\/api.w.org\/{rel}","templated":true}]}}