{"id":5697,"date":"2025-07-07T00:02:26","date_gmt":"2025-07-06T16:02:26","guid":{"rendered":"https:\/\/lydenim.com\/?p=5697"},"modified":"2025-08-24T13:43:54","modified_gmt":"2025-08-24T05:43:54","slug":"mens-denim-trends","status":"publish","type":"post","link":"https:\/\/lydenim.com\/es\/tendencias-de-mezclilla-para-hombres\/","title":{"rendered":"Tendencias de mezclilla para hombre 2025-2026: Los mejores estilos y gu\u00eda de estilo"},"content":{"rendered":"<h2 dir=\"ltr\">Tiempo estimado de lectura: ~6 minutos<\/h2>\n<h2 dir=\"ltr\">Introducci\u00f3n<\/h2>\n<p dir=\"ltr\">La moda masculina evoluciona a trav\u00e9s de las din\u00e1micas tendencias de mezclilla en 2025, que redefinen las opciones de ropa contempor\u00e1nea. La moda masculina tiene la mezclilla como base esencial, mientras que los dise\u00f1adores crean dise\u00f1os con cortes innovadores, t\u00e9cnicas de lavado y m\u00e9todos de estilismo. Evaluaciones de expertos, combinadas con an\u00e1lisis de datos y ejemplos de estilos de celebridades, como el look de Kendrick Lamar para el Super Bowl, te ayudar\u00e1n a actualizar tu armario con las principales tendencias de moda de mezclilla de 2025-2026.<\/p>\n<div id=\"attachment_5721\" style=\"width: 610px\" class=\"wp-caption aligncenter\"><img loading=\"lazy\" decoding=\"async\" aria-describedby=\"caption-attachment-5721\" class=\"wp-image-5721\" src=\"https:\/\/lydenim.com\/wp-content\/uploads\/2025\/07\/0a40630598d6cf9bd26a32ca05fc9e5e.jpg\" alt=\"\" width=\"600\" height=\"266\" srcset=\"https:\/\/lydenim.com\/wp-content\/uploads\/2025\/07\/0a40630598d6cf9bd26a32ca05fc9e5e.jpg 2434w, https:\/\/lydenim.com\/wp-content\/uploads\/2025\/07\/0a40630598d6cf9bd26a32ca05fc9e5e-300x133.jpg 300w, https:\/\/lydenim.com\/wp-content\/uploads\/2025\/07\/0a40630598d6cf9bd26a32ca05fc9e5e-1024x454.jpg 1024w, https:\/\/lydenim.com\/wp-content\/uploads\/2025\/07\/0a40630598d6cf9bd26a32ca05fc9e5e-768x341.jpg 768w, https:\/\/lydenim.com\/wp-content\/uploads\/2025\/07\/0a40630598d6cf9bd26a32ca05fc9e5e-1536x682.jpg 1536w, https:\/\/lydenim.com\/wp-content\/uploads\/2025\/07\/0a40630598d6cf9bd26a32ca05fc9e5e-2048x909.jpg 2048w, https:\/\/lydenim.com\/wp-content\/uploads\/2025\/07\/0a40630598d6cf9bd26a32ca05fc9e5e-18x8.jpg 18w, https:\/\/lydenim.com\/wp-content\/uploads\/2025\/07\/0a40630598d6cf9bd26a32ca05fc9e5e-600x266.jpg 600w, https:\/\/lydenim.com\/wp-content\/uploads\/2025\/07\/0a40630598d6cf9bd26a32ca05fc9e5e-150x67.jpg 150w\" sizes=\"auto, (max-width: 600px) 100vw, 600px\" \/><p id=\"caption-attachment-5721\" class=\"wp-caption-text\">Mezclilla para hombre<\/p><\/div>\n<h2 dir=\"ltr\">Tendencias clave<\/h2>\n<h3 dir=\"ltr\">1. Siluetas acampanadas<\/h3>\n<p dir=\"ltr\">La industria de la moda predice que en 2025 los jeans acampanados con su secci\u00f3n inferior m\u00e1s ancha se convertir\u00e1n en la opci\u00f3n favorita. Grace Na, directora creativa de Pistola Denim, afirma que la silueta de pierna ancha comenz\u00f3 a auge en 2024, antes de alcanzar su m\u00e1ximo esplendor en 2025. Este estilo es ideal para quienes prefieren expresarse con audacia, ya que pueden combinarlos con blusas ajustadas y cinturones para mantener el equilibrio. Heuritech afirma que la popularidad de la silueta acampanada aument\u00f3 en un 571% en los mercados europeos y estadounidenses entre enero y marzo de 2025.<\/p>\n<p dir=\"ltr\"><strong>Escenario de uso<\/strong>Puedes lograr un estilo urbano elegante combinando jeans acampanados con zapatillas y una camiseta ajustada, mientras que las camisas abotonadas con mocasines crean un atuendo moderno para ocasiones semiformales.<\/p>\n<div id=\"attachment_5723\" style=\"width: 610px\" class=\"wp-caption aligncenter\"><img loading=\"lazy\" decoding=\"async\" aria-describedby=\"caption-attachment-5723\" class=\"wp-image-5723\" src=\"https:\/\/lydenim.com\/wp-content\/uploads\/2025\/07\/800a0fae791571b2519cd6b1e5918305.jpg\" alt=\"\" width=\"600\" height=\"266\" srcset=\"https:\/\/lydenim.com\/wp-content\/uploads\/2025\/07\/800a0fae791571b2519cd6b1e5918305.jpg 2434w, https:\/\/lydenim.com\/wp-content\/uploads\/2025\/07\/800a0fae791571b2519cd6b1e5918305-300x133.jpg 300w, https:\/\/lydenim.com\/wp-content\/uploads\/2025\/07\/800a0fae791571b2519cd6b1e5918305-1024x454.jpg 1024w, https:\/\/lydenim.com\/wp-content\/uploads\/2025\/07\/800a0fae791571b2519cd6b1e5918305-768x341.jpg 768w, https:\/\/lydenim.com\/wp-content\/uploads\/2025\/07\/800a0fae791571b2519cd6b1e5918305-1536x682.jpg 1536w, https:\/\/lydenim.com\/wp-content\/uploads\/2025\/07\/800a0fae791571b2519cd6b1e5918305-2048x909.jpg 2048w, https:\/\/lydenim.com\/wp-content\/uploads\/2025\/07\/800a0fae791571b2519cd6b1e5918305-18x8.jpg 18w, https:\/\/lydenim.com\/wp-content\/uploads\/2025\/07\/800a0fae791571b2519cd6b1e5918305-600x266.jpg 600w, https:\/\/lydenim.com\/wp-content\/uploads\/2025\/07\/800a0fae791571b2519cd6b1e5918305-150x67.jpg 150w\" sizes=\"auto, (max-width: 600px) 100vw, 600px\" \/><p id=\"caption-attachment-5723\" class=\"wp-caption-text\">Tendencias masculinas<\/p><\/div>\n<h3 dir=\"ltr\">2. Jeans de pierna ancha<\/h3>\n<p dir=\"ltr\">La popularidad de los jeans de pierna ancha super\u00f3 a la de los ajustados gracias a su comodidad y a sus numerosas opciones de estilo. El futuro de los jeans de pierna ancha sigue siendo prometedor, seg\u00fan Grace Na, quien destaca su capacidad para adaptarse tanto a entornos casuales como formales. Equilibra el look metiendo la camisa por dentro de los jeans o usando un su\u00e9ter ajustado. Heuritech predice que el mercado de la moda masculina en Europa experimentar\u00e1 un crecimiento de 25% en popularidad a lo largo de 2025.<\/p>\n<p dir=\"ltr\"><strong>Escenario de uso<\/strong>Puedes usar jeans de pierna ancha con un blazer y mocasines para un atuendo de oficina o elegir una camiseta y zapatillas de lona para relajarte el fin de semana.<\/p>\n<div id=\"attachment_5724\" style=\"width: 610px\" class=\"wp-caption aligncenter\"><img loading=\"lazy\" decoding=\"async\" aria-describedby=\"caption-attachment-5724\" class=\"wp-image-5724\" src=\"https:\/\/lydenim.com\/wp-content\/uploads\/2025\/07\/36813dcd71afb0b89a0de0cf8ef7fea7.jpg\" alt=\"\" width=\"600\" height=\"266\" srcset=\"https:\/\/lydenim.com\/wp-content\/uploads\/2025\/07\/36813dcd71afb0b89a0de0cf8ef7fea7.jpg 2434w, https:\/\/lydenim.com\/wp-content\/uploads\/2025\/07\/36813dcd71afb0b89a0de0cf8ef7fea7-300x133.jpg 300w, https:\/\/lydenim.com\/wp-content\/uploads\/2025\/07\/36813dcd71afb0b89a0de0cf8ef7fea7-1024x454.jpg 1024w, https:\/\/lydenim.com\/wp-content\/uploads\/2025\/07\/36813dcd71afb0b89a0de0cf8ef7fea7-768x341.jpg 768w, https:\/\/lydenim.com\/wp-content\/uploads\/2025\/07\/36813dcd71afb0b89a0de0cf8ef7fea7-1536x682.jpg 1536w, https:\/\/lydenim.com\/wp-content\/uploads\/2025\/07\/36813dcd71afb0b89a0de0cf8ef7fea7-2048x909.jpg 2048w, https:\/\/lydenim.com\/wp-content\/uploads\/2025\/07\/36813dcd71afb0b89a0de0cf8ef7fea7-18x8.jpg 18w, https:\/\/lydenim.com\/wp-content\/uploads\/2025\/07\/36813dcd71afb0b89a0de0cf8ef7fea7-600x266.jpg 600w, https:\/\/lydenim.com\/wp-content\/uploads\/2025\/07\/36813dcd71afb0b89a0de0cf8ef7fea7-150x67.jpg 150w\" sizes=\"auto, (max-width: 600px) 100vw, 600px\" \/><p id=\"caption-attachment-5724\" class=\"wp-caption-text\">Vaqueros de pierna ancha<\/p><\/div>\n<h3 dir=\"ltr\">3. Jeans de pierna recta<\/h3>\n<p dir=\"ltr\">Los jeans de pierna recta son una prenda cl\u00e1sica que se adapta a todo tipo de cuerpo. Grace Na los describe como una prenda esencial y atemporal, ya que mantienen su forma y se mantienen firmes. Una est\u00e9tica moderna surge al combinar una camisa o chaqueta holgada con jeans de pierna recta. Seg\u00fan la rese\u00f1a de Wirecutter de 2025, los jeans de pierna recta son una excelente recomendaci\u00f3n para hombres por su resistencia y adaptabilidad.<\/p>\n<p dir=\"ltr\"><strong>Escenario de uso<\/strong>Debes combinar camisetas polo con zapatos de cuero para tu viaje diario al trabajo, pero c\u00e1mbialas por una sudadera con capucha y zapatillas deportivas cuando quieras relajarte.<\/p>\n<div id=\"attachment_5725\" style=\"width: 610px\" class=\"wp-caption aligncenter\"><img loading=\"lazy\" decoding=\"async\" aria-describedby=\"caption-attachment-5725\" class=\"wp-image-5725\" src=\"https:\/\/lydenim.com\/wp-content\/uploads\/2025\/07\/68890667349d91708c63618c82dbe1f4.jpg\" alt=\"\" width=\"600\" height=\"266\" srcset=\"https:\/\/lydenim.com\/wp-content\/uploads\/2025\/07\/68890667349d91708c63618c82dbe1f4.jpg 2434w, https:\/\/lydenim.com\/wp-content\/uploads\/2025\/07\/68890667349d91708c63618c82dbe1f4-300x133.jpg 300w, https:\/\/lydenim.com\/wp-content\/uploads\/2025\/07\/68890667349d91708c63618c82dbe1f4-1024x454.jpg 1024w, https:\/\/lydenim.com\/wp-content\/uploads\/2025\/07\/68890667349d91708c63618c82dbe1f4-768x341.jpg 768w, https:\/\/lydenim.com\/wp-content\/uploads\/2025\/07\/68890667349d91708c63618c82dbe1f4-1536x682.jpg 1536w, https:\/\/lydenim.com\/wp-content\/uploads\/2025\/07\/68890667349d91708c63618c82dbe1f4-2048x909.jpg 2048w, https:\/\/lydenim.com\/wp-content\/uploads\/2025\/07\/68890667349d91708c63618c82dbe1f4-18x8.jpg 18w, https:\/\/lydenim.com\/wp-content\/uploads\/2025\/07\/68890667349d91708c63618c82dbe1f4-600x266.jpg 600w, https:\/\/lydenim.com\/wp-content\/uploads\/2025\/07\/68890667349d91708c63618c82dbe1f4-150x67.jpg 150w\" sizes=\"auto, (max-width: 600px) 100vw, 600px\" \/><p id=\"caption-attachment-5725\" class=\"wp-caption-text\">Vaqueros de pierna recta<\/p><\/div>\n<h3 dir=\"ltr\">4. Vaqueros de ca\u00edda suave<\/h3>\n<p dir=\"ltr\">Los jeans de drapeado suave ofrecen una comodidad inspirada en los joggers gracias a su estructura ligera, ideal para quienes valoran la comodidad. Seg\u00fan Grace Na, estos jeans combinan comodidad con elementos de moda que se adaptan a un estilo de vestir contempor\u00e1neo. Su corte holgado combina a la perfecci\u00f3n con camisetas lisas y chaquetas ligeras, ideales para las temperaturas cambiantes de primavera y oto\u00f1o.<\/p>\n<p dir=\"ltr\"><strong>Escenario de uso<\/strong>La moda de primavera requiere una combinaci\u00f3n de chaqueta ligera y zapatillas deportivas, mientras que las salidas informales para tomar un caf\u00e9 se benefician de los su\u00e9teres de punto para una relajaci\u00f3n elegante.<\/p>\n<div id=\"attachment_5726\" style=\"width: 610px\" class=\"wp-caption aligncenter\"><img loading=\"lazy\" decoding=\"async\" aria-describedby=\"caption-attachment-5726\" class=\"wp-image-5726\" src=\"https:\/\/lydenim.com\/wp-content\/uploads\/2025\/07\/c35379038865963d2e38aec9dd653d34.jpg\" alt=\"\" width=\"600\" height=\"266\" srcset=\"https:\/\/lydenim.com\/wp-content\/uploads\/2025\/07\/c35379038865963d2e38aec9dd653d34.jpg 2434w, https:\/\/lydenim.com\/wp-content\/uploads\/2025\/07\/c35379038865963d2e38aec9dd653d34-300x133.jpg 300w, https:\/\/lydenim.com\/wp-content\/uploads\/2025\/07\/c35379038865963d2e38aec9dd653d34-1024x454.jpg 1024w, https:\/\/lydenim.com\/wp-content\/uploads\/2025\/07\/c35379038865963d2e38aec9dd653d34-768x341.jpg 768w, https:\/\/lydenim.com\/wp-content\/uploads\/2025\/07\/c35379038865963d2e38aec9dd653d34-1536x682.jpg 1536w, https:\/\/lydenim.com\/wp-content\/uploads\/2025\/07\/c35379038865963d2e38aec9dd653d34-2048x909.jpg 2048w, https:\/\/lydenim.com\/wp-content\/uploads\/2025\/07\/c35379038865963d2e38aec9dd653d34-18x8.jpg 18w, https:\/\/lydenim.com\/wp-content\/uploads\/2025\/07\/c35379038865963d2e38aec9dd653d34-600x266.jpg 600w, https:\/\/lydenim.com\/wp-content\/uploads\/2025\/07\/c35379038865963d2e38aec9dd653d34-150x67.jpg 150w\" sizes=\"auto, (max-width: 600px) 100vw, 600px\" \/><p id=\"caption-attachment-5726\" class=\"wp-caption-text\">Vaqueros de ca\u00edda suave<\/p><\/div>\n<h3 dir=\"ltr\">5. Vaqueros holgados<\/h3>\n<p dir=\"ltr\">Los pantalones vaqueros holgados se mantuvieron populares durante 2025 gracias a su comodidad y practicidad. Seg\u00fan Grace Na, para un look relajado, se recomienda usar zapatillas y camiseta, pero tambi\u00e9n se puede transformar en un look m\u00e1s formal combinando sandalias con joyas. Heuritech informa que la demanda de pantalones cortos vaqueros holgados en el mercado europeo de ropa masculina aument\u00f3 un 241% durante la primavera de 2025.<\/p>\n<p dir=\"ltr\"><strong>Escenario de uso<\/strong>La combinaci\u00f3n de camisetas gr\u00e1ficas y gorras crea un look de festival de m\u00fasica, mientras que las camisas de seda combinadas con mocasines generan un efecto audaz y moderno para eventos nocturnos.<\/p>\n<div id=\"attachment_5728\" style=\"width: 610px\" class=\"wp-caption aligncenter\"><img loading=\"lazy\" decoding=\"async\" aria-describedby=\"caption-attachment-5728\" class=\"wp-image-5728\" src=\"https:\/\/lydenim.com\/wp-content\/uploads\/2025\/07\/d7410de4b605b778b1fd7ea2161288d6.jpg\" alt=\"\" width=\"600\" height=\"266\" srcset=\"https:\/\/lydenim.com\/wp-content\/uploads\/2025\/07\/d7410de4b605b778b1fd7ea2161288d6.jpg 2434w, https:\/\/lydenim.com\/wp-content\/uploads\/2025\/07\/d7410de4b605b778b1fd7ea2161288d6-300x133.jpg 300w, https:\/\/lydenim.com\/wp-content\/uploads\/2025\/07\/d7410de4b605b778b1fd7ea2161288d6-1024x454.jpg 1024w, https:\/\/lydenim.com\/wp-content\/uploads\/2025\/07\/d7410de4b605b778b1fd7ea2161288d6-768x341.jpg 768w, https:\/\/lydenim.com\/wp-content\/uploads\/2025\/07\/d7410de4b605b778b1fd7ea2161288d6-1536x682.jpg 1536w, https:\/\/lydenim.com\/wp-content\/uploads\/2025\/07\/d7410de4b605b778b1fd7ea2161288d6-2048x909.jpg 2048w, https:\/\/lydenim.com\/wp-content\/uploads\/2025\/07\/d7410de4b605b778b1fd7ea2161288d6-18x8.jpg 18w, https:\/\/lydenim.com\/wp-content\/uploads\/2025\/07\/d7410de4b605b778b1fd7ea2161288d6-600x266.jpg 600w, https:\/\/lydenim.com\/wp-content\/uploads\/2025\/07\/d7410de4b605b778b1fd7ea2161288d6-150x67.jpg 150w\" sizes=\"auto, (max-width: 600px) 100vw, 600px\" \/><p id=\"caption-attachment-5728\" class=\"wp-caption-text\">Vaqueros holgados<\/p><\/div>\n<h2 dir=\"ltr\">Estilismo de famosos: el look de Kendrick Lamar para el Super Bowl<\/h2>\n<p dir=\"ltr\">Durante el espect\u00e1culo de medio tiempo del Super Bowl 2025, Kendrick Lamar eligi\u00f3 unos vaqueros acampanados de Celine que combin\u00f3 con una chaqueta Martine Rose personalizada, dise\u00f1ada por Taylor McNeill. Vogue present\u00f3 este conjunto, que combinaba elementos retro del a\u00f1o 2000 con un estilo contempor\u00e1neo, consolidando los vaqueros acampanados como una importante tendencia de moda.<\/p>\n<div id=\"attachment_5722\" style=\"width: 610px\" class=\"wp-caption aligncenter\"><img loading=\"lazy\" decoding=\"async\" aria-describedby=\"caption-attachment-5722\" class=\"wp-image-5722\" src=\"https:\/\/lydenim.com\/wp-content\/uploads\/2025\/07\/4cbda33153496605aa6e305795070e85.jpg\" alt=\"\" width=\"600\" height=\"800\" srcset=\"https:\/\/lydenim.com\/wp-content\/uploads\/2025\/07\/4cbda33153496605aa6e305795070e85.jpg 1533w, https:\/\/lydenim.com\/wp-content\/uploads\/2025\/07\/4cbda33153496605aa6e305795070e85-225x300.jpg 225w, https:\/\/lydenim.com\/wp-content\/uploads\/2025\/07\/4cbda33153496605aa6e305795070e85-768x1024.jpg 768w, https:\/\/lydenim.com\/wp-content\/uploads\/2025\/07\/4cbda33153496605aa6e305795070e85-1152x1536.jpg 1152w, https:\/\/lydenim.com\/wp-content\/uploads\/2025\/07\/4cbda33153496605aa6e305795070e85-9x12.jpg 9w, https:\/\/lydenim.com\/wp-content\/uploads\/2025\/07\/4cbda33153496605aa6e305795070e85-600x800.jpg 600w, https:\/\/lydenim.com\/wp-content\/uploads\/2025\/07\/4cbda33153496605aa6e305795070e85-150x200.jpg 150w\" sizes=\"auto, (max-width: 600px) 100vw, 600px\" \/><p id=\"caption-attachment-5722\" class=\"wp-caption-text\">Kendrick Lamar<\/p><\/div>\n<h2 dir=\"ltr\">Perspectivas basadas en datos<\/h2>\n<p dir=\"ltr\">El pron\u00f3stico de tendencias de Heuritech revela datos esenciales del mercado sobre las ventas de mezclilla en 2025:<\/p>\n<ul class=\"tight\" dir=\"ltr\" data-tight=\"true\">\n<li>\n<p dir=\"ltr\"><strong>Siluetas acampanadas<\/strong>Las siluetas acampanadas experimentaron un aumento del 57% en popularidad entre las mujeres europeas y estadounidenses durante los primeros tres meses de 2025 y la ropa masculina tambi\u00e9n mostr\u00f3 una expansi\u00f3n significativa.<\/p>\n<\/li>\n<li>\n<p dir=\"ltr\"><strong>Vaqueros de mezclilla crudos<\/strong>:El mercado de ropa masculina de Europa muestra un aumento proyectado de 16% en 2025, pero el segmento femenino lidera con un crecimiento de 29%, mientras que la ropa masculina de EE. UU. aumenta en 9% y el segmento femenino crece en 12%.<\/p>\n<\/li>\n<li>\n<p dir=\"ltr\"><strong>Vaqueros de pierna ancha<\/strong>:El mercado de ropa masculina en Europa se expandi\u00f3 en 7% mientras que el segmento femenino creci\u00f3 en 25%.<\/p>\n<\/li>\n<li>\n<p dir=\"ltr\"><strong>Pantalones cortos vaqueros holgados<\/strong>Los pantalones cortos holgados de mezclilla experimentaron una tasa de crecimiento de 24% en la ropa masculina europea durante la primavera de 2025 y un aumento de 13% en los EE. UU.<\/p>\n<\/li>\n<\/ul>\n<table>\n<colgroup>\n<col \/>\n<col \/>\n<col \/>\n<col \/>\n<col \/>\n<col \/><\/colgroup>\n<tbody>\n<tr class=\"border-border\">\n<th colspan=\"1\" rowspan=\"1\">\n<p dir=\"ltr\">Tendencia<\/p>\n<\/th>\n<th colspan=\"1\" rowspan=\"1\">\n<p dir=\"ltr\">Regi\u00f3n<\/p>\n<\/th>\n<th colspan=\"1\" rowspan=\"1\">\n<p dir=\"ltr\">G\u00e9nero<\/p>\n<\/th>\n<th colspan=\"1\" rowspan=\"1\">\n<p dir=\"ltr\">Periodo de tiempo<\/p>\n<\/th>\n<th colspan=\"1\" rowspan=\"1\">\n<p dir=\"ltr\">Tasa de crecimiento (%)<\/p>\n<\/th>\n<th colspan=\"1\" rowspan=\"1\">\n<p dir=\"ltr\">Notas<\/p>\n<\/th>\n<\/tr>\n<tr class=\"border-border\">\n<td colspan=\"1\" rowspan=\"1\">\n<p dir=\"ltr\">Siluetas acampanadas<\/p>\n<\/td>\n<td colspan=\"1\" rowspan=\"1\">\n<p dir=\"ltr\">UE\/EE.UU.<\/p>\n<\/td>\n<td colspan=\"1\" rowspan=\"1\">\n<p dir=\"ltr\">Mujer<\/p>\n<\/td>\n<td colspan=\"1\" rowspan=\"1\">\n<p dir=\"ltr\">Enero-marzo de 2025<\/p>\n<\/td>\n<td colspan=\"1\" rowspan=\"1\">57%<\/td>\n<td colspan=\"1\" rowspan=\"1\">\n<p dir=\"ltr\">Incluye jeans acampanados, con un notable crecimiento en la moda masculina.<\/p>\n<\/td>\n<\/tr>\n<tr class=\"border-border\">\n<td colspan=\"1\" rowspan=\"1\">\n<p dir=\"ltr\">Vaqueros de mezclilla crudos<\/p>\n<\/td>\n<td colspan=\"1\" rowspan=\"1\">\n<p dir=\"ltr\">UE<\/p>\n<\/td>\n<td colspan=\"1\" rowspan=\"1\">\n<p dir=\"ltr\">Hombres<\/p>\n<\/td>\n<td colspan=\"1\" rowspan=\"1\">\n<p dir=\"ltr\">A\u00f1o completo 2025<\/p>\n<\/td>\n<td colspan=\"1\" rowspan=\"1\">16%<\/td>\n<td colspan=\"1\" rowspan=\"1\">\n<p dir=\"ltr\">Mercado femenino en 29%; el denim crudo de pies a cabeza es popular en las redes sociales<\/p>\n<\/td>\n<\/tr>\n<tr class=\"border-border\">\n<td colspan=\"1\" rowspan=\"1\">\n<p dir=\"ltr\">Vaqueros de pierna ancha<\/p>\n<\/td>\n<td colspan=\"1\" rowspan=\"1\">\n<p dir=\"ltr\">UE<\/p>\n<\/td>\n<td colspan=\"1\" rowspan=\"1\">\n<p dir=\"ltr\">Hombres<\/p>\n<\/td>\n<td colspan=\"1\" rowspan=\"1\">\n<p dir=\"ltr\">A\u00f1o completo 2025<\/p>\n<\/td>\n<td colspan=\"1\" rowspan=\"1\">7%<\/td>\n<td colspan=\"1\" rowspan=\"1\">\n<p dir=\"ltr\">Mercado femenino en 25%; el estilo callejero es el preferido por los grupos demogr\u00e1ficos m\u00e1s j\u00f3venes<\/p>\n<\/td>\n<\/tr>\n<tr class=\"border-border\">\n<td colspan=\"1\" rowspan=\"1\">\n<p dir=\"ltr\">Pantalones cortos vaqueros holgados<\/p>\n<\/td>\n<td colspan=\"1\" rowspan=\"1\">\n<p dir=\"ltr\">UE<\/p>\n<\/td>\n<td colspan=\"1\" rowspan=\"1\">\n<p dir=\"ltr\">Hombres<\/p>\n<\/td>\n<td colspan=\"1\" rowspan=\"1\">\n<p dir=\"ltr\">Primavera de 2025<\/p>\n<\/td>\n<td colspan=\"1\" rowspan=\"1\">24%<\/td>\n<td colspan=\"1\" rowspan=\"1\">\n<p dir=\"ltr\">EE. UU. en 13%; popular entre la Generaci\u00f3n Z<\/p>\n<\/td>\n<\/tr>\n<\/tbody>\n<\/table>\n<div id=\"attachment_5727\" style=\"width: 610px\" class=\"wp-caption aligncenter\"><img loading=\"lazy\" decoding=\"async\" aria-describedby=\"caption-attachment-5727\" class=\"wp-image-5727\" src=\"https:\/\/lydenim.com\/wp-content\/uploads\/2025\/07\/chart.png\" alt=\"\" width=\"600\" height=\"617\" srcset=\"https:\/\/lydenim.com\/wp-content\/uploads\/2025\/07\/chart.png 631w, https:\/\/lydenim.com\/wp-content\/uploads\/2025\/07\/chart-292x300.png 292w, https:\/\/lydenim.com\/wp-content\/uploads\/2025\/07\/chart-12x12.png 12w, https:\/\/lydenim.com\/wp-content\/uploads\/2025\/07\/chart-600x617.png 600w, https:\/\/lydenim.com\/wp-content\/uploads\/2025\/07\/chart-150x154.png 150w\" sizes=\"auto, (max-width: 600px) 100vw, 600px\" \/><p id=\"caption-attachment-5727\" class=\"wp-caption-text\">Crecimiento de las tendencias de mezclilla para hombres en la UE, 2025<\/p><\/div>\n<h2 dir=\"ltr\">An\u00e1lisis de pros y contras<\/h2>\n<p dir=\"ltr\">A continuaci\u00f3n se presenta un an\u00e1lisis de las fortalezas y debilidades de cada tendencia para orientar su selecci\u00f3n:<\/p>\n<table style=\"height: 371px;\" width=\"1079\">\n<colgroup>\n<col \/>\n<col \/>\n<col \/><\/colgroup>\n<tbody>\n<tr class=\"border-border\">\n<th colspan=\"1\" rowspan=\"1\">\n<p dir=\"ltr\">Tendencia<\/p>\n<\/th>\n<th colspan=\"1\" rowspan=\"1\">\n<p dir=\"ltr\">Ventajas<\/p>\n<\/th>\n<th colspan=\"1\" rowspan=\"1\">\n<p dir=\"ltr\">Contras<\/p>\n<\/th>\n<\/tr>\n<tr class=\"border-border\">\n<td colspan=\"1\" rowspan=\"1\">\n<p dir=\"ltr\">Siluetas acampanadas<\/p>\n<\/td>\n<td colspan=\"1\" rowspan=\"1\">\n<p dir=\"ltr\">Est\u00e9tica \u00fanica, estilo vers\u00e1til.<\/p>\n<\/td>\n<td colspan=\"1\" rowspan=\"1\">\n<p dir=\"ltr\">Puede que no sea adecuado para todos los tipos de cuerpo.<\/p>\n<\/td>\n<\/tr>\n<tr class=\"border-border\">\n<td colspan=\"1\" rowspan=\"1\">\n<p dir=\"ltr\">Vaqueros de pierna ancha<\/p>\n<\/td>\n<td colspan=\"1\" rowspan=\"1\">\n<p dir=\"ltr\">C\u00f3modo y adaptable a diferentes configuraciones.<\/p>\n<\/td>\n<td colspan=\"1\" rowspan=\"1\">\n<p dir=\"ltr\">Menos adecuado para ocasiones formales.<\/p>\n<\/td>\n<\/tr>\n<tr class=\"border-border\">\n<td colspan=\"1\" rowspan=\"1\">\n<p dir=\"ltr\">Vaqueros de pierna recta<\/p>\n<\/td>\n<td colspan=\"1\" rowspan=\"1\">\n<p dir=\"ltr\">Atemporal, se adapta a todo tipo de cuerpo.<\/p>\n<\/td>\n<td colspan=\"1\" rowspan=\"1\">\n<p dir=\"ltr\">Puede carecer de atractivo para las tendencias actuales<\/p>\n<\/td>\n<\/tr>\n<tr class=\"border-border\">\n<td colspan=\"1\" rowspan=\"1\">\n<p dir=\"ltr\">Vaqueros de ca\u00edda suave<\/p>\n<\/td>\n<td colspan=\"1\" rowspan=\"1\">\n<p dir=\"ltr\">Sensaci\u00f3n ligera y moderna.<\/p>\n<\/td>\n<td colspan=\"1\" rowspan=\"1\">\n<p dir=\"ltr\">Menos estructurada, propensa a arrugarse.<\/p>\n<\/td>\n<\/tr>\n<tr class=\"border-border\">\n<td colspan=\"1\" rowspan=\"1\">\n<p dir=\"ltr\">Vaqueros holgados<\/p>\n<\/td>\n<td colspan=\"1\" rowspan=\"1\">\n<p dir=\"ltr\">C\u00f3modo y muy funcional.<\/p>\n<\/td>\n<td colspan=\"1\" rowspan=\"1\">\n<p dir=\"ltr\">Puede parecer demasiado relajado<\/p>\n<\/td>\n<\/tr>\n<\/tbody>\n<\/table>\n<h2 dir=\"ltr\">Asesoramiento de expertos<\/h2>\n<p dir=\"ltr\">Seg\u00fan los expertos en moda, deber\u00edas elegir vaqueros que se adapten a tu estilo personal. Seg\u00fan Caroline Maguire, directora de moda de Shopbop, las mejores tendencias de moda masculina transmiten seguridad. La tendencia actual de los vaqueros acampanados presenta siluetas m\u00e1s suaves, seg\u00fan Sonia Mosseri, fundadora de Still Here. Grace Na recomienda probar varias siluetas para encontrar el corte que te d\u00e9 m\u00e1s confianza.<\/p>\n<h2 dir=\"ltr\">Conclusi\u00f3n<\/h2>\n<div class=\"mb-8 mt-5 h-[280px] max-h-[280px] min-h-[280px] w-full resize-none overflow-hidden overflow-y-auto whitespace-pre-line rounded-t-lg bg-white px-4 py-5 text-sm text-dark-navy focus:outline-none\">Las tendencias de mezclilla para hombre 2025-2026 ofrecen diversas opciones, desde siluetas acampanadas llamativas hasta estilos cl\u00e1sicos de pierna recta, que satisfacen diferentes gustos. Estas tendencias, respaldadas por figuras como Kendrick Lamar y an\u00e1lisis basados en datos, te ayudar\u00e1n a renovar tu armario con confianza. Prueba estos estilos para encontrar el que mejor se adapte a tu estilo de vida.<\/div>\n<div class=\"absolute bottom-7 flex w-full items-center rounded-bl-lg rounded-br-lg border-t-[0.5px] border-silverFoil bg-hovered-white\">\n<div class=\"flex items-center gap-1 text-center\">\n<h2 dir=\"auto\">Servicios de personalizaci\u00f3n de LYDENIM<\/h2>\n<p dir=\"auto\">\ud83c\udfa8 Quiero <strong>telas de mezclilla personalizadas<\/strong> o\u00a0 <strong>\u00fanico<\/strong> <strong>prenda de mezclilla personalizada<\/strong>?LYDENIM se especializa en soluciones a medida para satisfacer sus necesidades de dise\u00f1o y producci\u00f3n.<\/p>\n<p dir=\"auto\">\ud83d\udecd\ufe0f <strong>Explora e insp\u00edrate<\/strong>:Explore nuestra selecci\u00f3n de telas y descubra ideas de dise\u00f1o en <a href=\"https:\/\/lydenim.com\/es\/\" target=\"_blank\" rel=\"noopener noreferrer nofollow\">LYDenim<\/a>.<\/p>\n<p dir=\"auto\">\ud83c\udf10 <strong>Ropa el\u00e1stica<\/strong>:Consulta nuestras ofertas en <a href=\"http:\/\/liangyuantextile.m.en.alibaba.com\" target=\"_blank\" rel=\"noopener noreferrer nofollow\">Mi Alibaba<\/a>. \ud83d\udce9 <strong>Contacto<\/strong>:Comun\u00edquese con nosotros en <a href=\"mailto:malone@lydenim.com\" target=\"_blank\" rel=\"noopener noreferrer nofollow\">malone@lydenim.com<\/a>.<\/p>\n<p dir=\"auto\">Crea tu obra maestra en denim con LYDENIM, tu socio de confianza para <strong>tejido el\u00e1stico<\/strong> y <strong>soluciones de mezclilla personalizadas<\/strong>.<\/p>\n<\/div>\n<\/div>","protected":false},"excerpt":{"rendered":"<p>Tiempo estimado de lectura: ~6 minutos Introducci\u00f3n La moda masculina evoluciona a trav\u00e9s de tendencias din\u00e1micas de mezclilla en 2025 que transforman las elecciones de ropa contempor\u00e1neas.<\/p>","protected":false},"author":1,"featured_media":5730,"comment_status":"open","ping_status":"open","sticky":false,"template":"","format":"standard","meta":{"two_page_speed":[],"footnotes":""},"categories":[66],"tags":[],"class_list":["post-5697","post","type-post","status-publish","format-standard","has-post-thumbnail","hentry","category-denim-knowledge"],"aioseo_notices":[],"_links":{"self":[{"href":"https:\/\/lydenim.com\/es\/wp-json\/wp\/v2\/posts\/5697","targetHints":{"allow":["GET"]}}],"collection":[{"href":"https:\/\/lydenim.com\/es\/wp-json\/wp\/v2\/posts"}],"about":[{"href":"https:\/\/lydenim.com\/es\/wp-json\/wp\/v2\/types\/post"}],"author":[{"embeddable":true,"href":"https:\/\/lydenim.com\/es\/wp-json\/wp\/v2\/users\/1"}],"replies":[{"embeddable":true,"href":"https:\/\/lydenim.com\/es\/wp-json\/wp\/v2\/comments?post=5697"}],"version-history":[{"count":3,"href":"https:\/\/lydenim.com\/es\/wp-json\/wp\/v2\/posts\/5697\/revisions"}],"predecessor-version":[{"id":6374,"href":"https:\/\/lydenim.com\/es\/wp-json\/wp\/v2\/posts\/5697\/revisions\/6374"}],"wp:featuredmedia":[{"embeddable":true,"href":"https:\/\/lydenim.com\/es\/wp-json\/wp\/v2\/media\/5730"}],"wp:attachment":[{"href":"https:\/\/lydenim.com\/es\/wp-json\/wp\/v2\/media?parent=5697"}],"wp:term":[{"taxonomy":"category","embeddable":true,"href":"https:\/\/lydenim.com\/es\/wp-json\/wp\/v2\/categories?post=5697"},{"taxonomy":"post_tag","embeddable":true,"href":"https:\/\/lydenim.com\/es\/wp-json\/wp\/v2\/tags?post=5697"}],"curies":[{"name":"wp","href":"https:\/\/api.w.org\/{rel}","templated":true}]}}