{"id":5752,"date":"2025-07-17T12:32:14","date_gmt":"2025-07-17T04:32:14","guid":{"rendered":"https:\/\/lydenim.com\/?p=5752"},"modified":"2025-08-24T13:47:03","modified_gmt":"2025-08-24T05:47:03","slug":"what-is-bonded-denim","status":"publish","type":"post","link":"https:\/\/lydenim.com\/es\/que-es-el-denim-reforzado\/","title":{"rendered":"\u00bfQu\u00e9 es el denim reforzado?"},"content":{"rendered":"<h2 data-start=\"909\" data-end=\"948\"><strong data-start=\"909\" data-end=\"948\">Tiempo estimado de lectura: \uff5e7 minutos<\/strong><\/h2>\n<h2>Introducci\u00f3n<\/h2>\n<p>El denim reforzado es un tejido innovador que combina el denim tradicional con otros materiales, creando una opci\u00f3n vers\u00e1til para prendas que equilibra funcionalidad y est\u00e9tica. Ampliamente utilizado en jeans, chaquetas, faldas y m\u00e1s, este tejido ha ganado popularidad en la industria de la moda por sus propiedades \u00fanicas. Este art\u00edculo explora la definici\u00f3n, el origen, los usos, los consejos de estilo y las ventajas y desventajas del denim reforzado, ofreciendo una gu\u00eda completa para quienes buscan incorporarlo a su guardarropa.<\/p>\n<div id=\"attachment_5865\" style=\"width: 610px\" class=\"wp-caption aligncenter\"><img loading=\"lazy\" decoding=\"async\" aria-describedby=\"caption-attachment-5865\" class=\"wp-image-5865\" src=\"https:\/\/lydenim.com\/wp-content\/uploads\/2025\/07\/e2cc53d381c29571358cf755ab671a31.jpg\" alt=\"\" width=\"600\" height=\"450\" srcset=\"https:\/\/lydenim.com\/wp-content\/uploads\/2025\/07\/e2cc53d381c29571358cf755ab671a31.jpg 1510w, https:\/\/lydenim.com\/wp-content\/uploads\/2025\/07\/e2cc53d381c29571358cf755ab671a31-300x225.jpg 300w, https:\/\/lydenim.com\/wp-content\/uploads\/2025\/07\/e2cc53d381c29571358cf755ab671a31-1024x768.jpg 1024w, https:\/\/lydenim.com\/wp-content\/uploads\/2025\/07\/e2cc53d381c29571358cf755ab671a31-768x576.jpg 768w, https:\/\/lydenim.com\/wp-content\/uploads\/2025\/07\/e2cc53d381c29571358cf755ab671a31-16x12.jpg 16w, https:\/\/lydenim.com\/wp-content\/uploads\/2025\/07\/e2cc53d381c29571358cf755ab671a31-600x450.jpg 600w, https:\/\/lydenim.com\/wp-content\/uploads\/2025\/07\/e2cc53d381c29571358cf755ab671a31-150x112.jpg 150w\" sizes=\"auto, (max-width: 600px) 100vw, 600px\" \/><p id=\"caption-attachment-5865\" class=\"wp-caption-text\">Garantizado<\/p><\/div>\n<h2>Definici\u00f3n<\/h2>\n<p>El denim reforzado se refiere a un tejido compuesto que se crea mediante la uni\u00f3n de denim tradicional con otro material, como cuero, fibras sint\u00e9ticas (p. ej., nailon o poli\u00e9ster) o fibras naturales (p. ej., algod\u00f3n o lino), mediante adhesivos, prensado t\u00e9rmico o soldadura ultras\u00f3nica. Este proceso conserva el aspecto y la textura cl\u00e1sicos del denim, a la vez que mejora su funcionalidad y atractivo est\u00e9tico. Por ejemplo, el denim reforzado con cuero a\u00f1ade un toque lujoso, mientras que el denim reforzado con fibra sint\u00e9tica mejora la impermeabilidad y la durabilidad.<\/p>\n<h2>Origen y proceso de fabricaci\u00f3n<\/h2>\n<h3>Origen<\/h3>\n<p>El origen del denim adherido se remonta a la b\u00fasqueda constante de telas multifuncionales por parte de la industria textil. Si bien los registros hist\u00f3ricos espec\u00edficos son escasos, las t\u00e9cnicas de adhesi\u00f3n cobraron fuerza a finales del siglo XX con el auge de la moda r\u00e1pida y la ropa funcional. El denim, conocido por su durabilidad, se convirti\u00f3 en una base ideal para la adhesi\u00f3n, permitiendo a los dise\u00f1adores satisfacer las demandas de los consumidores tanto de estilo como de practicidad.<\/p>\n<h3>Proceso de fabricaci\u00f3n<\/h3>\n<p>La producci\u00f3n de denim adherido implica los siguientes pasos:<\/p>\n<ol>\n<li><a href=\"http:\/\/lydenim.com\/es\/product\/\"><strong>Selecci\u00f3n de materiales<\/strong><\/a>:Se elige el denim como tejido base, combinado con un material secundario como cuero (natural o sint\u00e9tico), fibras sint\u00e9ticas (nailon, poli\u00e9ster) o fibras naturales (algod\u00f3n, lino).\n<p><div id=\"attachment_5868\" style=\"width: 610px\" class=\"wp-caption aligncenter\"><img loading=\"lazy\" decoding=\"async\" aria-describedby=\"caption-attachment-5868\" class=\"wp-image-5868\" src=\"https:\/\/lydenim.com\/wp-content\/uploads\/2025\/07\/fecca87fdf8bb63148d57ae536d55420.jpg\" alt=\"\" width=\"600\" height=\"800\" srcset=\"https:\/\/lydenim.com\/wp-content\/uploads\/2025\/07\/fecca87fdf8bb63148d57ae536d55420.jpg 1370w, https:\/\/lydenim.com\/wp-content\/uploads\/2025\/07\/fecca87fdf8bb63148d57ae536d55420-225x300.jpg 225w, https:\/\/lydenim.com\/wp-content\/uploads\/2025\/07\/fecca87fdf8bb63148d57ae536d55420-768x1024.jpg 768w, https:\/\/lydenim.com\/wp-content\/uploads\/2025\/07\/fecca87fdf8bb63148d57ae536d55420-1152x1536.jpg 1152w, https:\/\/lydenim.com\/wp-content\/uploads\/2025\/07\/fecca87fdf8bb63148d57ae536d55420-9x12.jpg 9w, https:\/\/lydenim.com\/wp-content\/uploads\/2025\/07\/fecca87fdf8bb63148d57ae536d55420-600x800.jpg 600w, https:\/\/lydenim.com\/wp-content\/uploads\/2025\/07\/fecca87fdf8bb63148d57ae536d55420-150x200.jpg 150w\" sizes=\"auto, (max-width: 600px) 100vw, 600px\" \/><p id=\"caption-attachment-5868\" class=\"wp-caption-text\">Material<\/p><\/div><\/li>\n<li><strong>T\u00e9cnica de uni\u00f3n<\/strong>Los dos materiales se fusionan mediante adhesivos, prensado t\u00e9rmico o soldadura ultras\u00f3nica. Los adhesivos garantizan una uni\u00f3n s\u00f3lida, mientras que el prensado t\u00e9rmico mejora la integridad estructural del tejido.\n<p><div id=\"attachment_5865\" style=\"width: 610px\" class=\"wp-caption aligncenter\"><img loading=\"lazy\" decoding=\"async\" aria-describedby=\"caption-attachment-5865\" class=\"wp-image-5865\" src=\"https:\/\/lydenim.com\/wp-content\/uploads\/2025\/07\/e2cc53d381c29571358cf755ab671a31.jpg\" alt=\"\" width=\"600\" height=\"450\" srcset=\"https:\/\/lydenim.com\/wp-content\/uploads\/2025\/07\/e2cc53d381c29571358cf755ab671a31.jpg 1510w, https:\/\/lydenim.com\/wp-content\/uploads\/2025\/07\/e2cc53d381c29571358cf755ab671a31-300x225.jpg 300w, https:\/\/lydenim.com\/wp-content\/uploads\/2025\/07\/e2cc53d381c29571358cf755ab671a31-1024x768.jpg 1024w, https:\/\/lydenim.com\/wp-content\/uploads\/2025\/07\/e2cc53d381c29571358cf755ab671a31-768x576.jpg 768w, https:\/\/lydenim.com\/wp-content\/uploads\/2025\/07\/e2cc53d381c29571358cf755ab671a31-16x12.jpg 16w, https:\/\/lydenim.com\/wp-content\/uploads\/2025\/07\/e2cc53d381c29571358cf755ab671a31-600x450.jpg 600w, https:\/\/lydenim.com\/wp-content\/uploads\/2025\/07\/e2cc53d381c29571358cf755ab671a31-150x112.jpg 150w\" sizes=\"auto, (max-width: 600px) 100vw, 600px\" \/><p id=\"caption-attachment-5865\" class=\"wp-caption-text\">Garantizado<\/p><\/div><\/li>\n<li><strong>Refinamiento<\/strong>: Dependiendo del dise\u00f1o, la tela puede sufrir te\u00f1ido, lavado o tratamientos superficiales para optimizar la textura y la apariencia.\n<p><div id=\"attachment_5862\" style=\"width: 610px\" class=\"wp-caption aligncenter\"><img loading=\"lazy\" decoding=\"async\" aria-describedby=\"caption-attachment-5862\" class=\"wp-image-5862\" src=\"https:\/\/lydenim.com\/wp-content\/uploads\/2025\/07\/c7a178224214c8c268b4a818b2aeed5c.jpg\" alt=\"\" width=\"600\" height=\"800\" srcset=\"https:\/\/lydenim.com\/wp-content\/uploads\/2025\/07\/c7a178224214c8c268b4a818b2aeed5c.jpg 1192w, https:\/\/lydenim.com\/wp-content\/uploads\/2025\/07\/c7a178224214c8c268b4a818b2aeed5c-225x300.jpg 225w, https:\/\/lydenim.com\/wp-content\/uploads\/2025\/07\/c7a178224214c8c268b4a818b2aeed5c-768x1024.jpg 768w, https:\/\/lydenim.com\/wp-content\/uploads\/2025\/07\/c7a178224214c8c268b4a818b2aeed5c-1152x1536.jpg 1152w, https:\/\/lydenim.com\/wp-content\/uploads\/2025\/07\/c7a178224214c8c268b4a818b2aeed5c-9x12.jpg 9w, https:\/\/lydenim.com\/wp-content\/uploads\/2025\/07\/c7a178224214c8c268b4a818b2aeed5c-600x800.jpg 600w, https:\/\/lydenim.com\/wp-content\/uploads\/2025\/07\/c7a178224214c8c268b4a818b2aeed5c-150x200.jpg 150w\" sizes=\"auto, (max-width: 600px) 100vw, 600px\" \/><p id=\"caption-attachment-5862\" class=\"wp-caption-text\">Finalizar<\/p><\/div><\/li>\n<\/ol>\n<h4>Tipos comunes de mezclilla adherida<\/h4>\n<ul>\n<li><strong>Mezclilla con cuero reforzado<\/strong>:Combina cuero con mezclilla para una mayor durabilidad y una apariencia premium, a menudo se usa en ropa de motocicleta o art\u00edculos de alta moda.\n<p><div id=\"attachment_5869\" style=\"width: 610px\" class=\"wp-caption aligncenter\"><img loading=\"lazy\" decoding=\"async\" aria-describedby=\"caption-attachment-5869\" class=\"wp-image-5869\" src=\"https:\/\/lydenim.com\/wp-content\/uploads\/2025\/07\/\u56fe\u724723.png\" alt=\"\" width=\"600\" height=\"400\" srcset=\"https:\/\/lydenim.com\/wp-content\/uploads\/2025\/07\/\u56fe\u724723.png 1090w, https:\/\/lydenim.com\/wp-content\/uploads\/2025\/07\/\u56fe\u724723-300x200.png 300w, https:\/\/lydenim.com\/wp-content\/uploads\/2025\/07\/\u56fe\u724723-1024x683.png 1024w, https:\/\/lydenim.com\/wp-content\/uploads\/2025\/07\/\u56fe\u724723-768x512.png 768w, https:\/\/lydenim.com\/wp-content\/uploads\/2025\/07\/\u56fe\u724723-18x12.png 18w, https:\/\/lydenim.com\/wp-content\/uploads\/2025\/07\/\u56fe\u724723-600x400.png 600w, https:\/\/lydenim.com\/wp-content\/uploads\/2025\/07\/\u56fe\u724723-150x100.png 150w\" sizes=\"auto, (max-width: 600px) 100vw, 600px\" \/><p id=\"caption-attachment-5869\" class=\"wp-caption-text\">Mezclilla adherida<\/p><\/div><\/li>\n<li><strong>Mezclilla unida con fibra sint\u00e9tica<\/strong>:Incorpora nailon o poli\u00e9ster para mejorar la impermeabilidad y la durabilidad, ideal para exteriores o ropa deportiva.\n<p><div id=\"attachment_5860\" style=\"width: 610px\" class=\"wp-caption aligncenter\"><img loading=\"lazy\" decoding=\"async\" aria-describedby=\"caption-attachment-5860\" class=\"wp-image-5860\" src=\"https:\/\/lydenim.com\/wp-content\/uploads\/2025\/07\/06141e753e0b853dd6e01131ed4a22d3.jpg\" alt=\"\" width=\"600\" height=\"800\" srcset=\"https:\/\/lydenim.com\/wp-content\/uploads\/2025\/07\/06141e753e0b853dd6e01131ed4a22d3.jpg 1668w, https:\/\/lydenim.com\/wp-content\/uploads\/2025\/07\/06141e753e0b853dd6e01131ed4a22d3-225x300.jpg 225w, https:\/\/lydenim.com\/wp-content\/uploads\/2025\/07\/06141e753e0b853dd6e01131ed4a22d3-768x1024.jpg 768w, https:\/\/lydenim.com\/wp-content\/uploads\/2025\/07\/06141e753e0b853dd6e01131ed4a22d3-1152x1536.jpg 1152w, https:\/\/lydenim.com\/wp-content\/uploads\/2025\/07\/06141e753e0b853dd6e01131ed4a22d3-1536x2048.jpg 1536w, https:\/\/lydenim.com\/wp-content\/uploads\/2025\/07\/06141e753e0b853dd6e01131ed4a22d3-9x12.jpg 9w, https:\/\/lydenim.com\/wp-content\/uploads\/2025\/07\/06141e753e0b853dd6e01131ed4a22d3-600x800.jpg 600w, https:\/\/lydenim.com\/wp-content\/uploads\/2025\/07\/06141e753e0b853dd6e01131ed4a22d3-150x200.jpg 150w\" sizes=\"auto, (max-width: 600px) 100vw, 600px\" \/><p id=\"caption-attachment-5860\" class=\"wp-caption-text\">Captura de pantalla<\/p><\/div><\/li>\n<li><strong>Mezclilla unida con algod\u00f3n o lino<\/strong>:Agrega suavidad y transpirabilidad, adecuado para uso casual y diario.<img loading=\"lazy\" decoding=\"async\" class=\"aligncenter wp-image-5856\" src=\"https:\/\/lydenim.com\/wp-content\/uploads\/2025\/07\/3e9053d078386a8e03383b36b4a4616a.jpg\" alt=\"\" width=\"600\" height=\"400\" srcset=\"https:\/\/lydenim.com\/wp-content\/uploads\/2025\/07\/3e9053d078386a8e03383b36b4a4616a.jpg 1668w, https:\/\/lydenim.com\/wp-content\/uploads\/2025\/07\/3e9053d078386a8e03383b36b4a4616a-300x200.jpg 300w, https:\/\/lydenim.com\/wp-content\/uploads\/2025\/07\/3e9053d078386a8e03383b36b4a4616a-1024x683.jpg 1024w, https:\/\/lydenim.com\/wp-content\/uploads\/2025\/07\/3e9053d078386a8e03383b36b4a4616a-768x512.jpg 768w, https:\/\/lydenim.com\/wp-content\/uploads\/2025\/07\/3e9053d078386a8e03383b36b4a4616a-1536x1024.jpg 1536w, https:\/\/lydenim.com\/wp-content\/uploads\/2025\/07\/3e9053d078386a8e03383b36b4a4616a-18x12.jpg 18w, https:\/\/lydenim.com\/wp-content\/uploads\/2025\/07\/3e9053d078386a8e03383b36b4a4616a-600x400.jpg 600w, https:\/\/lydenim.com\/wp-content\/uploads\/2025\/07\/3e9053d078386a8e03383b36b4a4616a-150x100.jpg 150w\" sizes=\"auto, (max-width: 600px) 100vw, 600px\" \/><\/li>\n<\/ul>\n<h2>Usos y beneficios cotidianos<\/h2>\n<p>Las propiedades \u00fanicas del denim adherido lo hacen muy vers\u00e1til para el uso diario:<\/p>\n<h3>Calor<\/h3>\n<p>Al unir la mezclilla con materiales aislantes como lana o fibras sint\u00e9ticas, proporciona mayor calidez, lo que la hace ideal para oto\u00f1o e invierno. Por ejemplo, una chaqueta de mezclilla con forro de lana ofrece un aislamiento acogedor a la vez que conserva la est\u00e9tica cl\u00e1sica de la mezclilla.<img loading=\"lazy\" decoding=\"async\" class=\"aligncenter wp-image-5863\" src=\"https:\/\/lydenim.com\/wp-content\/uploads\/2025\/07\/cdbfcaad8905fcf0ac25406f9489fd9e.jpg\" alt=\"\" width=\"600\" height=\"800\" srcset=\"https:\/\/lydenim.com\/wp-content\/uploads\/2025\/07\/cdbfcaad8905fcf0ac25406f9489fd9e.jpg 1080w, https:\/\/lydenim.com\/wp-content\/uploads\/2025\/07\/cdbfcaad8905fcf0ac25406f9489fd9e-225x300.jpg 225w, https:\/\/lydenim.com\/wp-content\/uploads\/2025\/07\/cdbfcaad8905fcf0ac25406f9489fd9e-768x1024.jpg 768w, https:\/\/lydenim.com\/wp-content\/uploads\/2025\/07\/cdbfcaad8905fcf0ac25406f9489fd9e-9x12.jpg 9w, https:\/\/lydenim.com\/wp-content\/uploads\/2025\/07\/cdbfcaad8905fcf0ac25406f9489fd9e-600x800.jpg 600w, https:\/\/lydenim.com\/wp-content\/uploads\/2025\/07\/cdbfcaad8905fcf0ac25406f9489fd9e-150x200.jpg 150w\" sizes=\"auto, (max-width: 600px) 100vw, 600px\" \/><\/p>\n<h3>Grosor y durabilidad<\/h3>\n<p>El proceso de uni\u00f3n aumenta el grosor y la resistencia al desgaste del tejido, prolongando as\u00ed la vida \u00fatil de las prendas. El denim con uni\u00f3n de cuero, por ejemplo, es muy resistente a desgarros y abrasiones, lo que lo hace ideal para ropa de trabajo o de motociclismo.<img loading=\"lazy\" decoding=\"async\" class=\"aligncenter wp-image-5857\" src=\"https:\/\/lydenim.com\/wp-content\/uploads\/2025\/07\/5a416e559b688a4c295bb1adfbe4ae6d.jpg\" alt=\"\" width=\"600\" height=\"800\" srcset=\"https:\/\/lydenim.com\/wp-content\/uploads\/2025\/07\/5a416e559b688a4c295bb1adfbe4ae6d.jpg 1080w, https:\/\/lydenim.com\/wp-content\/uploads\/2025\/07\/5a416e559b688a4c295bb1adfbe4ae6d-225x300.jpg 225w, https:\/\/lydenim.com\/wp-content\/uploads\/2025\/07\/5a416e559b688a4c295bb1adfbe4ae6d-768x1024.jpg 768w, https:\/\/lydenim.com\/wp-content\/uploads\/2025\/07\/5a416e559b688a4c295bb1adfbe4ae6d-9x12.jpg 9w, https:\/\/lydenim.com\/wp-content\/uploads\/2025\/07\/5a416e559b688a4c295bb1adfbe4ae6d-600x800.jpg 600w, https:\/\/lydenim.com\/wp-content\/uploads\/2025\/07\/5a416e559b688a4c295bb1adfbe4ae6d-150x200.jpg 150w\" sizes=\"auto, (max-width: 600px) 100vw, 600px\" \/><\/p>\n<h3>Atractivo de la moda<\/h3>\n<p>La textura y el acabado distintivos del denim reforzado lo convierten en un favorito en el mundo de la moda. Los dise\u00f1adores utilizan diferentes materiales de uni\u00f3n para crear diversos efectos visuales, como el lujoso brillo del denim reforzado con cuero o el atractivo art\u00edstico del denim patchwork.<\/p>\n<div id=\"attachment_5867\" style=\"width: 610px\" class=\"wp-caption aligncenter\"><img loading=\"lazy\" decoding=\"async\" aria-describedby=\"caption-attachment-5867\" class=\"wp-image-5867\" src=\"https:\/\/lydenim.com\/wp-content\/uploads\/2025\/07\/ebde510b285ebcd5007b9c2a0feb53f5.jpg\" alt=\"\" width=\"600\" height=\"800\" srcset=\"https:\/\/lydenim.com\/wp-content\/uploads\/2025\/07\/ebde510b285ebcd5007b9c2a0feb53f5.jpg 1668w, https:\/\/lydenim.com\/wp-content\/uploads\/2025\/07\/ebde510b285ebcd5007b9c2a0feb53f5-225x300.jpg 225w, https:\/\/lydenim.com\/wp-content\/uploads\/2025\/07\/ebde510b285ebcd5007b9c2a0feb53f5-768x1024.jpg 768w, https:\/\/lydenim.com\/wp-content\/uploads\/2025\/07\/ebde510b285ebcd5007b9c2a0feb53f5-1152x1536.jpg 1152w, https:\/\/lydenim.com\/wp-content\/uploads\/2025\/07\/ebde510b285ebcd5007b9c2a0feb53f5-1536x2048.jpg 1536w, https:\/\/lydenim.com\/wp-content\/uploads\/2025\/07\/ebde510b285ebcd5007b9c2a0feb53f5-9x12.jpg 9w, https:\/\/lydenim.com\/wp-content\/uploads\/2025\/07\/ebde510b285ebcd5007b9c2a0feb53f5-600x800.jpg 600w, https:\/\/lydenim.com\/wp-content\/uploads\/2025\/07\/ebde510b285ebcd5007b9c2a0feb53f5-150x200.jpg 150w\" sizes=\"auto, (max-width: 600px) 100vw, 600px\" \/><p id=\"caption-attachment-5867\" class=\"wp-caption-text\">Moda unida<\/p><\/div>\n<h3>Versatilidad de estilo<\/h3>\n<p>El denim reforzado se utiliza en una amplia gama de prendas, como vaqueros, chaquetas, faldas y vestidos, lo que lo hace adaptable a diversas ocasiones, desde salidas informales hasta eventos semiformales. Por ejemplo, los vaqueros reforzados con fibra sint\u00e9tica son perfectos para actividades al aire libre, mientras que las faldas de denim reforzado con algod\u00f3n y lino se adaptan a looks relajados y veraniegos.<\/p>\n<h4>Escenarios de uso<\/h4>\n<ul>\n<li><strong>Ropa casual<\/strong>:Jeans de mezclilla reforzados combinados con una camiseta y zapatillas para un estilo urbano relajado.\n<p><div id=\"attachment_5855\" style=\"width: 610px\" class=\"wp-caption aligncenter\"><img loading=\"lazy\" decoding=\"async\" aria-describedby=\"caption-attachment-5855\" class=\"wp-image-5855\" src=\"https:\/\/lydenim.com\/wp-content\/uploads\/2025\/07\/00ec17a8a493c43af24a4ce17f260980.jpg\" alt=\"\" width=\"600\" height=\"840\" srcset=\"https:\/\/lydenim.com\/wp-content\/uploads\/2025\/07\/00ec17a8a493c43af24a4ce17f260980.jpg 1571w, https:\/\/lydenim.com\/wp-content\/uploads\/2025\/07\/00ec17a8a493c43af24a4ce17f260980-214x300.jpg 214w, https:\/\/lydenim.com\/wp-content\/uploads\/2025\/07\/00ec17a8a493c43af24a4ce17f260980-731x1024.jpg 731w, https:\/\/lydenim.com\/wp-content\/uploads\/2025\/07\/00ec17a8a493c43af24a4ce17f260980-768x1075.jpg 768w, https:\/\/lydenim.com\/wp-content\/uploads\/2025\/07\/00ec17a8a493c43af24a4ce17f260980-1097x1536.jpg 1097w, https:\/\/lydenim.com\/wp-content\/uploads\/2025\/07\/00ec17a8a493c43af24a4ce17f260980-1462x2048.jpg 1462w, https:\/\/lydenim.com\/wp-content\/uploads\/2025\/07\/00ec17a8a493c43af24a4ce17f260980-9x12.jpg 9w, https:\/\/lydenim.com\/wp-content\/uploads\/2025\/07\/00ec17a8a493c43af24a4ce17f260980-600x840.jpg 600w, https:\/\/lydenim.com\/wp-content\/uploads\/2025\/07\/00ec17a8a493c43af24a4ce17f260980-150x210.jpg 150w\" sizes=\"auto, (max-width: 600px) 100vw, 600px\" \/><p id=\"caption-attachment-5855\" class=\"wp-caption-text\">Ropa casual<\/p><\/div><\/li>\n<li><strong>Actividades al aire libre<\/strong>:Pantalones de mezclilla impermeables o duraderos combinados con calzado funcional y una camiseta sencilla para practicar senderismo o ciclismo.\n<p><div id=\"attachment_5861\" style=\"width: 610px\" class=\"wp-caption aligncenter\"><img loading=\"lazy\" decoding=\"async\" aria-describedby=\"caption-attachment-5861\" class=\"wp-image-5861\" src=\"https:\/\/lydenim.com\/wp-content\/uploads\/2025\/07\/23643795611941d21dad7c3884c9bffa.jpg\" alt=\"\" width=\"600\" height=\"800\" srcset=\"https:\/\/lydenim.com\/wp-content\/uploads\/2025\/07\/23643795611941d21dad7c3884c9bffa.jpg 1668w, https:\/\/lydenim.com\/wp-content\/uploads\/2025\/07\/23643795611941d21dad7c3884c9bffa-225x300.jpg 225w, https:\/\/lydenim.com\/wp-content\/uploads\/2025\/07\/23643795611941d21dad7c3884c9bffa-768x1024.jpg 768w, https:\/\/lydenim.com\/wp-content\/uploads\/2025\/07\/23643795611941d21dad7c3884c9bffa-1152x1536.jpg 1152w, https:\/\/lydenim.com\/wp-content\/uploads\/2025\/07\/23643795611941d21dad7c3884c9bffa-1536x2048.jpg 1536w, https:\/\/lydenim.com\/wp-content\/uploads\/2025\/07\/23643795611941d21dad7c3884c9bffa-9x12.jpg 9w, https:\/\/lydenim.com\/wp-content\/uploads\/2025\/07\/23643795611941d21dad7c3884c9bffa-600x800.jpg 600w, https:\/\/lydenim.com\/wp-content\/uploads\/2025\/07\/23643795611941d21dad7c3884c9bffa-150x200.jpg 150w\" sizes=\"auto, (max-width: 600px) 100vw, 600px\" \/><p id=\"caption-attachment-5861\" class=\"wp-caption-text\">Actividades al aire libre Denim adherido<\/p><\/div><\/li>\n<li><strong>Configuraciones de vanguardia<\/strong>:Una chaqueta vaquera reforzada con cuero, con parte superior ajustada y botines para la vida nocturna o fiestas.\n<p><div id=\"attachment_5864\" style=\"width: 610px\" class=\"wp-caption aligncenter\"><img loading=\"lazy\" decoding=\"async\" aria-describedby=\"caption-attachment-5864\" class=\"wp-image-5864\" src=\"https:\/\/lydenim.com\/wp-content\/uploads\/2025\/07\/d64c9cf682b11ed678f4ba7c757124fe.jpg\" alt=\"\" width=\"600\" height=\"800\" srcset=\"https:\/\/lydenim.com\/wp-content\/uploads\/2025\/07\/d64c9cf682b11ed678f4ba7c757124fe.jpg 1080w, https:\/\/lydenim.com\/wp-content\/uploads\/2025\/07\/d64c9cf682b11ed678f4ba7c757124fe-225x300.jpg 225w, https:\/\/lydenim.com\/wp-content\/uploads\/2025\/07\/d64c9cf682b11ed678f4ba7c757124fe-768x1024.jpg 768w, https:\/\/lydenim.com\/wp-content\/uploads\/2025\/07\/d64c9cf682b11ed678f4ba7c757124fe-9x12.jpg 9w, https:\/\/lydenim.com\/wp-content\/uploads\/2025\/07\/d64c9cf682b11ed678f4ba7c757124fe-600x800.jpg 600w, https:\/\/lydenim.com\/wp-content\/uploads\/2025\/07\/d64c9cf682b11ed678f4ba7c757124fe-150x200.jpg 150w\" sizes=\"auto, (max-width: 600px) 100vw, 600px\" \/><p id=\"caption-attachment-5864\" class=\"wp-caption-text\">Vanguardia en moda<\/p><\/div><\/li>\n<li><strong>Ropa de trabajo<\/strong>Pantalones o chaquetas de mezclilla adheridos y duraderos para entornos de alto desgaste, como construcci\u00f3n o trabajos al aire libre.\n<p><div id=\"attachment_5859\" style=\"width: 610px\" class=\"wp-caption aligncenter\"><img loading=\"lazy\" decoding=\"async\" aria-describedby=\"caption-attachment-5859\" class=\"wp-image-5859\" src=\"https:\/\/lydenim.com\/wp-content\/uploads\/2025\/07\/63a8776428d8c5db61fb66a44954cdb0.jpg\" alt=\"\" width=\"600\" height=\"800\" srcset=\"https:\/\/lydenim.com\/wp-content\/uploads\/2025\/07\/63a8776428d8c5db61fb66a44954cdb0.jpg 1211w, https:\/\/lydenim.com\/wp-content\/uploads\/2025\/07\/63a8776428d8c5db61fb66a44954cdb0-225x300.jpg 225w, https:\/\/lydenim.com\/wp-content\/uploads\/2025\/07\/63a8776428d8c5db61fb66a44954cdb0-768x1024.jpg 768w, https:\/\/lydenim.com\/wp-content\/uploads\/2025\/07\/63a8776428d8c5db61fb66a44954cdb0-1152x1536.jpg 1152w, https:\/\/lydenim.com\/wp-content\/uploads\/2025\/07\/63a8776428d8c5db61fb66a44954cdb0-9x12.jpg 9w, https:\/\/lydenim.com\/wp-content\/uploads\/2025\/07\/63a8776428d8c5db61fb66a44954cdb0-600x800.jpg 600w, https:\/\/lydenim.com\/wp-content\/uploads\/2025\/07\/63a8776428d8c5db61fb66a44954cdb0-150x200.jpg 150w\" sizes=\"auto, (max-width: 600px) 100vw, 600px\" \/><p id=\"caption-attachment-5859\" class=\"wp-caption-text\">Ropa de trabajo<\/p><\/div><\/li>\n<\/ul>\n<h2>Consejos de estilo: ventajas y desventajas<\/h2>\n<h3>Consejos de estilo<\/h3>\n<p>El estilo del denim adherido var\u00eda seg\u00fan el material adherido:<\/p>\n<ul>\n<li><strong>Mezclilla con cuero reforzado<\/strong>Ideal para looks atrevidos y rebeldes. Comb\u00ednalo con una blusa negra u oscura (por ejemplo, una chaqueta de cuero o una camisa entallada) y botas militares para realzar la est\u00e9tica.<\/li>\n<li><strong>Mezclilla unida con fibra sint\u00e9tica<\/strong>:Adecuado para situaciones al aire libre o activas, comb\u00ednalo con calzado funcional (por ejemplo, botas de monta\u00f1a o zapatillas de deporte) y una camiseta minimalista para enfatizar la practicidad.<\/li>\n<li><strong>Mezclilla unida con algod\u00f3n o lino<\/strong>:Perfecto para el uso diario, comb\u00ednalo con una blusa suelta o un su\u00e9ter de punto para un look c\u00f3modo y natural, ideal para primavera o verano.<\/li>\n<li><strong>T\u00e9cnicas de estilismo<\/strong>:\n<ul>\n<li>Utilice blusas ajustadas para equilibrar la silueta m\u00e1s pesada del denim reforzado.<\/li>\n<li>Opte por accesorios minimalistas (por ejemplo, cinturones o relojes) para resaltar la textura \u00fanica de la tela.<\/li>\n<li>Elige el calzado seg\u00fan la ocasi\u00f3n: zapatillas para looks casuales, botas de tac\u00f3n para conjuntos a la moda.<\/li>\n<\/ul>\n<\/li>\n<\/ul>\n<h3>An\u00e1lisis de pros y contras<\/h3>\n<table>\n<thead>\n<tr>\n<th><strong>Aspecto<\/strong><\/th>\n<th><strong>Ventajas<\/strong><\/th>\n<th><strong>Contras<\/strong><\/th>\n<\/tr>\n<\/thead>\n<tbody>\n<tr>\n<td><strong>Durabilidad<\/strong><\/td>\n<td>Mayor resistencia al desgaste, alargando la vida \u00fatil de la prenda.<\/td>\n<td>Puede ser m\u00e1s pesado debido a la combinaci\u00f3n de materiales, lo que afecta la comodidad.<\/td>\n<\/tr>\n<tr>\n<td><strong>Calor<\/strong><\/td>\n<td>Proporciona aislamiento, ideal para climas fr\u00edos.<\/td>\n<td>Menos transpirable en climas c\u00e1lidos.<\/td>\n<\/tr>\n<tr>\n<td><strong>Atractivo de la moda<\/strong><\/td>\n<td>Textura y acabado \u00fanicos para diversos estilos.<\/td>\n<td>Los dise\u00f1os pueden ser demasiado atrevidos para entornos conservadores.<\/td>\n<\/tr>\n<tr>\n<td><strong>Funcionalidad<\/strong><\/td>\n<td>Propiedades impermeables o a prueba de viento para uso en exteriores.<\/td>\n<td>Puede requerir cuidados especiales o m\u00e9todos de limpieza.<\/td>\n<\/tr>\n<tr>\n<td><strong>Costo<\/strong><\/td>\n<td>&#8211;<\/td>\n<td>Mayor coste debido a la compleja fabricaci\u00f3n.<\/td>\n<\/tr>\n<\/tbody>\n<\/table>\n<h2>Perspectivas de expertos<\/h2>\n<p>Los expertos textiles destacan la capacidad del denim reforzado para combinar la durabilidad del denim tradicional con la funcionalidad de los materiales modernos. Grace Na, fundadora de Pistola Denim, afirma: \u00abEl denim reforzado ofrece a los dise\u00f1adores un sinf\u00edn de posibilidades, logrando un equilibrio entre utilidad y est\u00e9tica\u00bb. Caroline Maguire, directora de moda de Shopbop, a\u00f1ade: \u00abLos consumidores se sienten cada vez m\u00e1s atra\u00eddos por telas que sean pr\u00e1cticas y expresivas, y el denim reforzado se adapta perfectamente a esta tendencia\u00bb.<img loading=\"lazy\" decoding=\"async\" class=\"aligncenter wp-image-5871\" src=\"https:\/\/lydenim.com\/wp-content\/uploads\/2025\/07\/Bonded-Denim.jpeg\" alt=\"\" width=\"600\" height=\"800\" srcset=\"https:\/\/lydenim.com\/wp-content\/uploads\/2025\/07\/Bonded-Denim.jpeg 1200w, https:\/\/lydenim.com\/wp-content\/uploads\/2025\/07\/Bonded-Denim-225x300.jpeg 225w, https:\/\/lydenim.com\/wp-content\/uploads\/2025\/07\/Bonded-Denim-768x1024.jpeg 768w, https:\/\/lydenim.com\/wp-content\/uploads\/2025\/07\/Bonded-Denim-1152x1536.jpeg 1152w, https:\/\/lydenim.com\/wp-content\/uploads\/2025\/07\/Bonded-Denim-9x12.jpeg 9w, https:\/\/lydenim.com\/wp-content\/uploads\/2025\/07\/Bonded-Denim-600x800.jpeg 600w, https:\/\/lydenim.com\/wp-content\/uploads\/2025\/07\/Bonded-Denim-150x200.jpeg 150w\" sizes=\"auto, (max-width: 600px) 100vw, 600px\" \/><\/p>\n<h2>Conclusi\u00f3n<\/h2>\n<p>El denim reforzado es un tejido innovador que combina el atractivo atemporal del denim con las propiedades mejoradas de otros materiales, ofreciendo calidez, durabilidad y una versatilidad vanguardista. Sus aplicaciones abarcan desde ropa casual hasta equipamiento para actividades al aire libre y prendas de alta costura. Si bien puede tener limitaciones como el peso o el precio, un estilo y una selecci\u00f3n cuidadosos pueden convertir el denim reforzado en una prenda destacada para cualquier armario, ofreciendo practicidad y estilo.<\/p>\n<h2 dir=\"auto\">Servicios de personalizaci\u00f3n de LYDENIM<\/h2>\n<p dir=\"auto\">\ud83c\udfa8 Quiero <strong>telas de mezclilla personalizadas<\/strong> o\u00a0 <strong>\u00fanico<\/strong> <strong>prenda de mezclilla personalizada<\/strong>?LYDENIM se especializa en soluciones a medida para satisfacer sus necesidades de dise\u00f1o y producci\u00f3n.<\/p>\n<p dir=\"auto\">\ud83d\udecd\ufe0f <strong>Explora e insp\u00edrate<\/strong>:Explore nuestra selecci\u00f3n de telas y descubra ideas de dise\u00f1o en <a href=\"https:\/\/lydenim.com\/es\/\" target=\"_blank\" rel=\"noopener noreferrer nofollow\">LYDenim<\/a>.<\/p>\n<p dir=\"auto\">\ud83c\udf10 <strong>Ropa el\u00e1stica<\/strong>:Consulta nuestras ofertas en <a href=\"http:\/\/liangyuantextile.m.en.alibaba.com\" target=\"_blank\" rel=\"noopener noreferrer nofollow\">Mi Alibaba<\/a>. \ud83d\udce9 <strong>Contacto<\/strong>:Comun\u00edquese con nosotros en <a href=\"mailto:malone@lydenim.com\" target=\"_blank\" rel=\"noopener noreferrer nofollow\">malone@lydenim.com<\/a>.<\/p>\n<p dir=\"auto\">Crea tu obra maestra en denim con LYDENIM, tu socio de confianza para <strong>tejido el\u00e1stico<\/strong> y <strong>soluciones de mezclilla personalizadas<\/strong>.<\/p>","protected":false},"excerpt":{"rendered":"<p>Tiempo estimado de lectura: ~7 minutos Introducci\u00f3n El denim reforzado es una tela innovadora que combina el denim tradicional con otros materiales, creando un<\/p>","protected":false},"author":1,"featured_media":5872,"comment_status":"open","ping_status":"open","sticky":false,"template":"","format":"standard","meta":{"two_page_speed":[],"footnotes":""},"categories":[76],"tags":[],"class_list":["post-5752","post","type-post","status-publish","format-standard","has-post-thumbnail","hentry","category-garment"],"aioseo_notices":[],"_links":{"self":[{"href":"https:\/\/lydenim.com\/es\/wp-json\/wp\/v2\/posts\/5752","targetHints":{"allow":["GET"]}}],"collection":[{"href":"https:\/\/lydenim.com\/es\/wp-json\/wp\/v2\/posts"}],"about":[{"href":"https:\/\/lydenim.com\/es\/wp-json\/wp\/v2\/types\/post"}],"author":[{"embeddable":true,"href":"https:\/\/lydenim.com\/es\/wp-json\/wp\/v2\/users\/1"}],"replies":[{"embeddable":true,"href":"https:\/\/lydenim.com\/es\/wp-json\/wp\/v2\/comments?post=5752"}],"version-history":[{"count":5,"href":"https:\/\/lydenim.com\/es\/wp-json\/wp\/v2\/posts\/5752\/revisions"}],"predecessor-version":[{"id":6386,"href":"https:\/\/lydenim.com\/es\/wp-json\/wp\/v2\/posts\/5752\/revisions\/6386"}],"wp:featuredmedia":[{"embeddable":true,"href":"https:\/\/lydenim.com\/es\/wp-json\/wp\/v2\/media\/5872"}],"wp:attachment":[{"href":"https:\/\/lydenim.com\/es\/wp-json\/wp\/v2\/media?parent=5752"}],"wp:term":[{"taxonomy":"category","embeddable":true,"href":"https:\/\/lydenim.com\/es\/wp-json\/wp\/v2\/categories?post=5752"},{"taxonomy":"post_tag","embeddable":true,"href":"https:\/\/lydenim.com\/es\/wp-json\/wp\/v2\/tags?post=5752"}],"curies":[{"name":"wp","href":"https:\/\/api.w.org\/{rel}","templated":true}]}}