{"id":5775,"date":"2025-07-13T11:56:06","date_gmt":"2025-07-13T03:56:06","guid":{"rendered":"https:\/\/lydenim.com\/?p=5775"},"modified":"2025-08-24T13:45:30","modified_gmt":"2025-08-24T05:45:30","slug":"ropa-de-mujer-para-lucir-una-chaqueta-de-mezclilla-estilo-y-versatilidad-para-cualquier-momento","status":"publish","type":"post","link":"https:\/\/lydenim.com\/es\/ropa-de-mujer-para-lucir-una-chaqueta-de-mezclilla-estilo-y-versatilidad-para-cualquier-momento\/","title":{"rendered":"Ropa de Mujer para Lucir una Chaqueta de Mezclilla: Estilo y Versatilidad para Cualquier Momento"},"content":{"rendered":"<h2 dir=\"ltr\">Tiempo estimado de lectura: ~3 minutos<\/h2>\n<h2>Introducci\u00f3n<\/h2>\n<p data-start=\"218\" data-end=\"522\">La cazadora vaquera es una prenda imprescindible en el armario de una mujer por su versatilidad y estilo cl\u00e1sico que nunca pasa de moda en M\u00e9xico y se ha convertido en un s\u00edmbolo de la moda adaptable tanto para ocasiones informales como para eventos m\u00e1s elegantes. Este texto explora c\u00f3mo crear conjuntos utilizando una cazadora vaquera para mujeres seg\u00fan diferentes estilos y situaciones destacando combinaciones pr\u00e1cticas y modernas. Tambi\u00e9n se analizan las ventajas y desventajas de usar estos conjuntos en contextos inadecuados ofreciendo una gu\u00eda completa para sacar el m\u00e1ximo partido posible.<\/p>\n<div id=\"attachment_5786\" style=\"width: 610px\" class=\"wp-caption aligncenter\"><img loading=\"lazy\" decoding=\"async\" aria-describedby=\"caption-attachment-5786\" class=\"wp-image-5786\" src=\"https:\/\/lydenim.com\/wp-content\/uploads\/2025\/07\/ff8337efdac5a961ff6b36024c13a05e.jpg\" alt=\"\" width=\"600\" height=\"266\" srcset=\"https:\/\/lydenim.com\/wp-content\/uploads\/2025\/07\/ff8337efdac5a961ff6b36024c13a05e.jpg 2434w, https:\/\/lydenim.com\/wp-content\/uploads\/2025\/07\/ff8337efdac5a961ff6b36024c13a05e-300x133.jpg 300w, https:\/\/lydenim.com\/wp-content\/uploads\/2025\/07\/ff8337efdac5a961ff6b36024c13a05e-1024x454.jpg 1024w, https:\/\/lydenim.com\/wp-content\/uploads\/2025\/07\/ff8337efdac5a961ff6b36024c13a05e-768x341.jpg 768w, https:\/\/lydenim.com\/wp-content\/uploads\/2025\/07\/ff8337efdac5a961ff6b36024c13a05e-1536x682.jpg 1536w, https:\/\/lydenim.com\/wp-content\/uploads\/2025\/07\/ff8337efdac5a961ff6b36024c13a05e-2048x909.jpg 2048w, https:\/\/lydenim.com\/wp-content\/uploads\/2025\/07\/ff8337efdac5a961ff6b36024c13a05e-18x8.jpg 18w, https:\/\/lydenim.com\/wp-content\/uploads\/2025\/07\/ff8337efdac5a961ff6b36024c13a05e-600x266.jpg 600w, https:\/\/lydenim.com\/wp-content\/uploads\/2025\/07\/ff8337efdac5a961ff6b36024c13a05e-150x67.jpg 150w\" sizes=\"auto, (max-width: 600px) 100vw, 600px\" \/><p id=\"caption-attachment-5786\" class=\"wp-caption-text\">La chaqueta de mezclilla<\/p><\/div>\n<h2 data-start=\"889\" data-end=\"934\">Tipos de chaquetas vaqueras<\/h2>\n<p>Las chaquetas de mezclilla est\u00e1n disponibles en diversos estilos, cada uno con caracter\u00edsticas \u00fanicas que influyen en el outfit con chaqueta de mezclilla mujer:<\/p>\n<ul data-start=\"1090\" data-end=\"1485\">\n<li data-start=\"1090\" data-end=\"1175\"><strong>Cl\u00e1sica:<\/strong> Corte recto y longitud media, ideal para combinaciones vers\u00e1tiles.\n<p><div id=\"attachment_5781\" style=\"width: 610px\" class=\"wp-caption aligncenter\"><img loading=\"lazy\" decoding=\"async\" aria-describedby=\"caption-attachment-5781\" class=\"wp-image-5781\" src=\"https:\/\/lydenim.com\/wp-content\/uploads\/2025\/07\/4680381bd191618b81f18bd752754552.jpg\" alt=\"\" width=\"600\" height=\"414\" srcset=\"https:\/\/lydenim.com\/wp-content\/uploads\/2025\/07\/4680381bd191618b81f18bd752754552.jpg 1668w, https:\/\/lydenim.com\/wp-content\/uploads\/2025\/07\/4680381bd191618b81f18bd752754552-300x207.jpg 300w, https:\/\/lydenim.com\/wp-content\/uploads\/2025\/07\/4680381bd191618b81f18bd752754552-1024x706.jpg 1024w, https:\/\/lydenim.com\/wp-content\/uploads\/2025\/07\/4680381bd191618b81f18bd752754552-768x529.jpg 768w, https:\/\/lydenim.com\/wp-content\/uploads\/2025\/07\/4680381bd191618b81f18bd752754552-1536x1059.jpg 1536w, https:\/\/lydenim.com\/wp-content\/uploads\/2025\/07\/4680381bd191618b81f18bd752754552-18x12.jpg 18w, https:\/\/lydenim.com\/wp-content\/uploads\/2025\/07\/4680381bd191618b81f18bd752754552-600x414.jpg 600w, https:\/\/lydenim.com\/wp-content\/uploads\/2025\/07\/4680381bd191618b81f18bd752754552-150x103.jpg 150w\" sizes=\"auto, (max-width: 600px) 100vw, 600px\" \/><p id=\"caption-attachment-5781\" class=\"wp-caption-text\">Cl\u00e1sica<\/p><\/div><\/li>\n<li data-start=\"1176\" data-end=\"1289\"><strong>Corta:<\/strong> M\u00e1s ajustado y corto, perfecto para resaltar la cintura con faldas o pantalones de tiro alto.\n<p><div id=\"attachment_5783\" style=\"width: 610px\" class=\"wp-caption aligncenter\"><img loading=\"lazy\" decoding=\"async\" aria-describedby=\"caption-attachment-5783\" class=\"wp-image-5783\" src=\"https:\/\/lydenim.com\/wp-content\/uploads\/2025\/07\/bc9ca0eb5c0301f4a8d6d3a743362eb8.jpg\" alt=\"\" width=\"600\" height=\"266\" srcset=\"https:\/\/lydenim.com\/wp-content\/uploads\/2025\/07\/bc9ca0eb5c0301f4a8d6d3a743362eb8.jpg 2434w, https:\/\/lydenim.com\/wp-content\/uploads\/2025\/07\/bc9ca0eb5c0301f4a8d6d3a743362eb8-300x133.jpg 300w, https:\/\/lydenim.com\/wp-content\/uploads\/2025\/07\/bc9ca0eb5c0301f4a8d6d3a743362eb8-1024x454.jpg 1024w, https:\/\/lydenim.com\/wp-content\/uploads\/2025\/07\/bc9ca0eb5c0301f4a8d6d3a743362eb8-768x341.jpg 768w, https:\/\/lydenim.com\/wp-content\/uploads\/2025\/07\/bc9ca0eb5c0301f4a8d6d3a743362eb8-1536x682.jpg 1536w, https:\/\/lydenim.com\/wp-content\/uploads\/2025\/07\/bc9ca0eb5c0301f4a8d6d3a743362eb8-2048x909.jpg 2048w, https:\/\/lydenim.com\/wp-content\/uploads\/2025\/07\/bc9ca0eb5c0301f4a8d6d3a743362eb8-18x8.jpg 18w, https:\/\/lydenim.com\/wp-content\/uploads\/2025\/07\/bc9ca0eb5c0301f4a8d6d3a743362eb8-600x266.jpg 600w, https:\/\/lydenim.com\/wp-content\/uploads\/2025\/07\/bc9ca0eb5c0301f4a8d6d3a743362eb8-150x67.jpg 150w\" sizes=\"auto, (max-width: 600px) 100vw, 600px\" \/><p id=\"caption-attachment-5783\" class=\"wp-caption-text\">Corta<\/p><\/div><\/li>\n<li data-start=\"1290\" data-end=\"1379\"><strong>Demasiado grande:<\/strong> Estilo relajado y moderno, adecuado para looks urbanos o streetwear.\n<p><div id=\"attachment_5785\" style=\"width: 610px\" class=\"wp-caption aligncenter\"><img loading=\"lazy\" decoding=\"async\" aria-describedby=\"caption-attachment-5785\" class=\"wp-image-5785\" src=\"https:\/\/lydenim.com\/wp-content\/uploads\/2025\/07\/e6914fc565119dcfcae9c79a18049850.jpg\" alt=\"\" width=\"600\" height=\"400\" srcset=\"https:\/\/lydenim.com\/wp-content\/uploads\/2025\/07\/e6914fc565119dcfcae9c79a18049850.jpg 1668w, https:\/\/lydenim.com\/wp-content\/uploads\/2025\/07\/e6914fc565119dcfcae9c79a18049850-300x200.jpg 300w, https:\/\/lydenim.com\/wp-content\/uploads\/2025\/07\/e6914fc565119dcfcae9c79a18049850-1024x683.jpg 1024w, https:\/\/lydenim.com\/wp-content\/uploads\/2025\/07\/e6914fc565119dcfcae9c79a18049850-768x512.jpg 768w, https:\/\/lydenim.com\/wp-content\/uploads\/2025\/07\/e6914fc565119dcfcae9c79a18049850-1536x1024.jpg 1536w, https:\/\/lydenim.com\/wp-content\/uploads\/2025\/07\/e6914fc565119dcfcae9c79a18049850-18x12.jpg 18w, https:\/\/lydenim.com\/wp-content\/uploads\/2025\/07\/e6914fc565119dcfcae9c79a18049850-600x400.jpg 600w, https:\/\/lydenim.com\/wp-content\/uploads\/2025\/07\/e6914fc565119dcfcae9c79a18049850-150x100.jpg 150w\" sizes=\"auto, (max-width: 600px) 100vw, 600px\" \/><p id=\"caption-attachment-5785\" class=\"wp-caption-text\">Demasiado grande<\/p><\/div><\/li>\n<li data-start=\"1380\" data-end=\"1485\"><strong>Con detalles:<\/strong> Incluye bordados, parches o lavados especiales, aportando personalidad al atuendo.\n<p><div id=\"attachment_5778\" style=\"width: 610px\" class=\"wp-caption aligncenter\"><img loading=\"lazy\" decoding=\"async\" aria-describedby=\"caption-attachment-5778\" class=\"wp-image-5778\" src=\"https:\/\/lydenim.com\/wp-content\/uploads\/2025\/07\/9e11ec391bf0856421bcd6ed6d84d8e6.jpg\" alt=\"\" width=\"600\" height=\"400\" srcset=\"https:\/\/lydenim.com\/wp-content\/uploads\/2025\/07\/9e11ec391bf0856421bcd6ed6d84d8e6.jpg 1668w, https:\/\/lydenim.com\/wp-content\/uploads\/2025\/07\/9e11ec391bf0856421bcd6ed6d84d8e6-300x200.jpg 300w, https:\/\/lydenim.com\/wp-content\/uploads\/2025\/07\/9e11ec391bf0856421bcd6ed6d84d8e6-1024x683.jpg 1024w, https:\/\/lydenim.com\/wp-content\/uploads\/2025\/07\/9e11ec391bf0856421bcd6ed6d84d8e6-768x512.jpg 768w, https:\/\/lydenim.com\/wp-content\/uploads\/2025\/07\/9e11ec391bf0856421bcd6ed6d84d8e6-1536x1024.jpg 1536w, https:\/\/lydenim.com\/wp-content\/uploads\/2025\/07\/9e11ec391bf0856421bcd6ed6d84d8e6-18x12.jpg 18w, https:\/\/lydenim.com\/wp-content\/uploads\/2025\/07\/9e11ec391bf0856421bcd6ed6d84d8e6-600x400.jpg 600w, https:\/\/lydenim.com\/wp-content\/uploads\/2025\/07\/9e11ec391bf0856421bcd6ed6d84d8e6-150x100.jpg 150w\" sizes=\"auto, (max-width: 600px) 100vw, 600px\" \/><p id=\"caption-attachment-5778\" class=\"wp-caption-text\">Con detalles<\/p><\/div><\/li>\n<\/ul>\n<h2 data-start=\"1492\" data-end=\"1541\"><strong data-start=\"1495\" data-end=\"1541\">1. Ropa informal\u00a0<\/strong><\/h2>\n<p data-start=\"1543\" data-end=\"1816\">El conjunto de chaqueta de mezclilla para mujer en un estilo casual es perfectamente apropiado para actividades diarias como ir de compras al centro comercial o encontrarse con amigos cercanos para juntarse y pasar un buen rato juntos. Una opci\u00f3n tradicional consistir\u00e1 en una chaqueta cl\u00e1sica sobre una camisa b\u00e1sica blanca, pantalones vaqueros ajustados y zapatillas deportivas. Accesorios como bufandas o gafas de sol pueden agregar un toque \u00fanico y personal a tu atuendo.<\/p>\n<h3 data-start=\"1818\" data-end=\"1830\">Ventajas<\/h3>\n<ul data-start=\"1831\" data-end=\"1921\">\n<li data-start=\"1831\" data-end=\"1870\">\n<p data-start=\"1833\" data-end=\"1870\">Comodidad y libertad de movimiento.<\/p>\n<\/li>\n<li data-start=\"1871\" data-end=\"1921\">\n<p data-start=\"1873\" data-end=\"1921\">F\u00e1cil de combinar en m\u00faltiples looks informales.<\/p>\n<\/li>\n<\/ul>\n<h3 data-start=\"1923\" data-end=\"1965\">Desventajas en situaciones inadecuadas<\/h3>\n<ul data-start=\"1966\" data-end=\"2063\">\n<li data-start=\"1966\" data-end=\"2063\">\n<p data-start=\"1968\" data-end=\"2063\">En entrevistas de trabajo o cenas elegantes, puede lucir demasiado informal o poco profesional.<\/p>\n<p><div id=\"attachment_5776\" style=\"width: 610px\" class=\"wp-caption aligncenter\"><img loading=\"lazy\" decoding=\"async\" aria-describedby=\"caption-attachment-5776\" class=\"wp-image-5776\" src=\"https:\/\/lydenim.com\/wp-content\/uploads\/2025\/07\/3af139899f441d99ce1bff7997ca7c1d.jpg\" alt=\"\" width=\"600\" height=\"266\" srcset=\"https:\/\/lydenim.com\/wp-content\/uploads\/2025\/07\/3af139899f441d99ce1bff7997ca7c1d.jpg 2434w, https:\/\/lydenim.com\/wp-content\/uploads\/2025\/07\/3af139899f441d99ce1bff7997ca7c1d-300x133.jpg 300w, https:\/\/lydenim.com\/wp-content\/uploads\/2025\/07\/3af139899f441d99ce1bff7997ca7c1d-1024x454.jpg 1024w, https:\/\/lydenim.com\/wp-content\/uploads\/2025\/07\/3af139899f441d99ce1bff7997ca7c1d-768x341.jpg 768w, https:\/\/lydenim.com\/wp-content\/uploads\/2025\/07\/3af139899f441d99ce1bff7997ca7c1d-1536x682.jpg 1536w, https:\/\/lydenim.com\/wp-content\/uploads\/2025\/07\/3af139899f441d99ce1bff7997ca7c1d-2048x909.jpg 2048w, https:\/\/lydenim.com\/wp-content\/uploads\/2025\/07\/3af139899f441d99ce1bff7997ca7c1d-18x8.jpg 18w, https:\/\/lydenim.com\/wp-content\/uploads\/2025\/07\/3af139899f441d99ce1bff7997ca7c1d-600x266.jpg 600w, https:\/\/lydenim.com\/wp-content\/uploads\/2025\/07\/3af139899f441d99ce1bff7997ca7c1d-150x67.jpg 150w\" sizes=\"auto, (max-width: 600px) 100vw, 600px\" \/><p id=\"caption-attachment-5776\" class=\"wp-caption-text\">Conjuntos casuales<\/p><\/div><\/li>\n<\/ul>\n<h2 data-start=\"2070\" data-end=\"2131\"><strong data-start=\"2073\" data-end=\"2131\">2. Atuendos de Moda Elegante con Chaqueta de Mezclilla<\/strong><\/h2>\n<p data-start=\"2133\" data-end=\"2271\">Para eventos m\u00e1s formales, una <strong data-start=\"2164\" data-end=\"2195\">Chaqueta corta de mezclilla<\/strong> puede ser una elecci\u00f3n moderna y sofisticada.<br data-start=\"2241\" data-end=\"2244\" \/><strong data-start=\"2244\" data-end=\"2268\">Ideas de combinaci\u00f3n<\/strong>:<\/p>\n<ul data-start=\"2272\" data-end=\"2439\">\n<li data-start=\"2272\" data-end=\"2320\">\n<p data-start=\"2274\" data-end=\"2320\">Chaqueta corta + vestido ajustado (oficina).<\/p>\n<\/li>\n<li data-start=\"2321\" data-end=\"2439\">\n<p data-start=\"2323\" data-end=\"2439\">Chaqueta + vestido de c\u00f3ctel (eventos nocturnos informales).<br data-start=\"2383\" data-end=\"2386\" \/>Agrega tacones altos o botines para completar el look.<\/p>\n<\/li>\n<\/ul>\n<h3 data-start=\"2441\" data-end=\"2453\">Ventajas<\/h3>\n<ul data-start=\"2454\" data-end=\"2538\">\n<li data-start=\"2454\" data-end=\"2506\">\n<p data-start=\"2456\" data-end=\"2506\">Mezcla moderna de estilos formales e informales.<\/p>\n<\/li>\n<li data-start=\"2507\" data-end=\"2538\">\n<p data-start=\"2509\" data-end=\"2538\">Aporta autenticidad y estilo.<\/p>\n<\/li>\n<\/ul>\n<h3 data-start=\"2540\" data-end=\"2582\">Desventajas en situaciones inadecuadas<\/h3>\n<ul data-start=\"2583\" data-end=\"2672\">\n<li data-start=\"2583\" data-end=\"2672\">\n<p data-start=\"2585\" data-end=\"2672\">Puede percibirse como inapropiado en bodas u ocasiones con c\u00f3digo de vestimenta formal.<\/p>\n<p><div id=\"attachment_5777\" style=\"width: 610px\" class=\"wp-caption aligncenter\"><img loading=\"lazy\" decoding=\"async\" aria-describedby=\"caption-attachment-5777\" class=\"wp-image-5777\" src=\"https:\/\/lydenim.com\/wp-content\/uploads\/2025\/07\/6af107bb74f8895d731515341cbcf056.jpg\" alt=\"\" width=\"600\" height=\"266\" srcset=\"https:\/\/lydenim.com\/wp-content\/uploads\/2025\/07\/6af107bb74f8895d731515341cbcf056.jpg 2434w, https:\/\/lydenim.com\/wp-content\/uploads\/2025\/07\/6af107bb74f8895d731515341cbcf056-300x133.jpg 300w, https:\/\/lydenim.com\/wp-content\/uploads\/2025\/07\/6af107bb74f8895d731515341cbcf056-1024x454.jpg 1024w, https:\/\/lydenim.com\/wp-content\/uploads\/2025\/07\/6af107bb74f8895d731515341cbcf056-768x341.jpg 768w, https:\/\/lydenim.com\/wp-content\/uploads\/2025\/07\/6af107bb74f8895d731515341cbcf056-1536x682.jpg 1536w, https:\/\/lydenim.com\/wp-content\/uploads\/2025\/07\/6af107bb74f8895d731515341cbcf056-2048x909.jpg 2048w, https:\/\/lydenim.com\/wp-content\/uploads\/2025\/07\/6af107bb74f8895d731515341cbcf056-18x8.jpg 18w, https:\/\/lydenim.com\/wp-content\/uploads\/2025\/07\/6af107bb74f8895d731515341cbcf056-600x266.jpg 600w, https:\/\/lydenim.com\/wp-content\/uploads\/2025\/07\/6af107bb74f8895d731515341cbcf056-150x67.jpg 150w\" sizes=\"auto, (max-width: 600px) 100vw, 600px\" \/><p id=\"caption-attachment-5777\" class=\"wp-caption-text\">Trajes elegantes<\/p><\/div><\/li>\n<\/ul>\n<h2 data-start=\"2679\" data-end=\"2731\"><strong data-start=\"2682\" data-end=\"2731\">3. Estilo Boho Chic con Chaqueta de Mezclilla<\/strong><\/h2>\n<p data-start=\"2733\" data-end=\"2816\">Muy usado en festivales y actividades al aire libre.<br data-start=\"2785\" data-end=\"2788\" \/><strong data-start=\"2788\" data-end=\"2813\">Combinaciones t\u00edpicas<\/strong>:<\/p>\n<ul data-start=\"2817\" data-end=\"2949\">\n<li data-start=\"2817\" data-end=\"2887\">\n<p data-start=\"2819\" data-end=\"2887\">Chaqueta con parches + top tie-dye + falda larga o pantal\u00f3n ancho.<\/p>\n<\/li>\n<li data-start=\"2888\" data-end=\"2949\">\n<p data-start=\"2890\" data-end=\"2949\">Accesorios: Collares largos, sombreros, bolsos artesanales.<\/p>\n<\/li>\n<\/ul>\n<h3 data-start=\"2951\" data-end=\"2963\">Ventajas<\/h3>\n<ul data-start=\"2964\" data-end=\"3050\">\n<li data-start=\"2964\" data-end=\"3000\">\n<p data-start=\"2966\" data-end=\"3000\">Muestra creatividad y comodidad.<\/p>\n<\/li>\n<li data-start=\"3001\" data-end=\"3050\">\n<p data-start=\"3003\" data-end=\"3050\">Perfecto para ambientes relajados y art\u00edsticos.<\/p>\n<\/li>\n<\/ul>\n<h3 data-start=\"3052\" data-end=\"3094\">Desventajas en situaciones inadecuadas<\/h3>\n<ul data-start=\"3095\" data-end=\"3180\">\n<li data-start=\"3095\" data-end=\"3180\">\n<p data-start=\"3097\" data-end=\"3180\">En contextos empresariales o formales, puede parecer exc\u00e9ntrico o poco profesional.<\/p>\n<p><div id=\"attachment_5780\" style=\"width: 610px\" class=\"wp-caption aligncenter\"><img loading=\"lazy\" decoding=\"async\" aria-describedby=\"caption-attachment-5780\" class=\"wp-image-5780\" src=\"https:\/\/lydenim.com\/wp-content\/uploads\/2025\/07\/705b2361ac3ac0718d4cc2f87fa5273c.jpg\" alt=\"\" width=\"600\" height=\"800\" srcset=\"https:\/\/lydenim.com\/wp-content\/uploads\/2025\/07\/705b2361ac3ac0718d4cc2f87fa5273c.jpg 1080w, https:\/\/lydenim.com\/wp-content\/uploads\/2025\/07\/705b2361ac3ac0718d4cc2f87fa5273c-225x300.jpg 225w, https:\/\/lydenim.com\/wp-content\/uploads\/2025\/07\/705b2361ac3ac0718d4cc2f87fa5273c-768x1024.jpg 768w, https:\/\/lydenim.com\/wp-content\/uploads\/2025\/07\/705b2361ac3ac0718d4cc2f87fa5273c-9x12.jpg 9w, https:\/\/lydenim.com\/wp-content\/uploads\/2025\/07\/705b2361ac3ac0718d4cc2f87fa5273c-600x800.jpg 600w, https:\/\/lydenim.com\/wp-content\/uploads\/2025\/07\/705b2361ac3ac0718d4cc2f87fa5273c-150x200.jpg 150w\" sizes=\"auto, (max-width: 600px) 100vw, 600px\" \/><p id=\"caption-attachment-5780\" class=\"wp-caption-text\">Estilo Boho Chic<\/p><\/div><\/li>\n<\/ul>\n<h2 data-start=\"3187\" data-end=\"3232\"><strong data-start=\"3190\" data-end=\"3232\">4. Look Rom\u00e1ntico con Chaqueta Vaquera<\/strong><\/h2>\n<p data-start=\"3234\" data-end=\"3307\">Ideal para citas o salidas femeninas informales.<br data-start=\"3282\" data-end=\"3285\" \/><strong data-start=\"3285\" data-end=\"3304\">Atuendo sugerido<\/strong>:<\/p>\n<ul data-start=\"3308\" data-end=\"3421\">\n<li data-start=\"3308\" data-end=\"3369\">\n<p data-start=\"3310\" data-end=\"3369\">Chaqueta de mezclilla + blusa de encaje o vestido floral.<\/p>\n<\/li>\n<li data-start=\"3370\" data-end=\"3421\">\n<p data-start=\"3372\" data-end=\"3421\">Aporta un equilibrio entre lo rudo y lo delicado.<\/p>\n<\/li>\n<\/ul>\n<h3 data-start=\"3423\" data-end=\"3435\">Ventajas<\/h3>\n<ul data-start=\"3436\" data-end=\"3492\">\n<li data-start=\"3436\" data-end=\"3492\">\n<p data-start=\"3438\" data-end=\"3492\">Realza la feminidad y da un toque elegante e informal.<\/p>\n<\/li>\n<\/ul>\n<h3 data-start=\"3494\" data-end=\"3536\">Desventajas en situaciones inadecuadas<\/h3>\n<ul data-start=\"3537\" data-end=\"3609\">\n<li data-start=\"3537\" data-end=\"3609\">\n<p data-start=\"3539\" data-end=\"3609\">Puede percibirse como inmaduro o poco serio en entornos profesionales.<\/p>\n<p><div id=\"attachment_5779\" style=\"width: 610px\" class=\"wp-caption aligncenter\"><img loading=\"lazy\" decoding=\"async\" aria-describedby=\"caption-attachment-5779\" class=\"wp-image-5779\" src=\"https:\/\/lydenim.com\/wp-content\/uploads\/2025\/07\/352f86324f6b9c1e1ec0a1ce46cd51f4.jpg\" alt=\"\" width=\"600\" height=\"800\" srcset=\"https:\/\/lydenim.com\/wp-content\/uploads\/2025\/07\/352f86324f6b9c1e1ec0a1ce46cd51f4.jpg 1668w, https:\/\/lydenim.com\/wp-content\/uploads\/2025\/07\/352f86324f6b9c1e1ec0a1ce46cd51f4-225x300.jpg 225w, https:\/\/lydenim.com\/wp-content\/uploads\/2025\/07\/352f86324f6b9c1e1ec0a1ce46cd51f4-768x1024.jpg 768w, https:\/\/lydenim.com\/wp-content\/uploads\/2025\/07\/352f86324f6b9c1e1ec0a1ce46cd51f4-1152x1536.jpg 1152w, https:\/\/lydenim.com\/wp-content\/uploads\/2025\/07\/352f86324f6b9c1e1ec0a1ce46cd51f4-1536x2048.jpg 1536w, https:\/\/lydenim.com\/wp-content\/uploads\/2025\/07\/352f86324f6b9c1e1ec0a1ce46cd51f4-9x12.jpg 9w, https:\/\/lydenim.com\/wp-content\/uploads\/2025\/07\/352f86324f6b9c1e1ec0a1ce46cd51f4-600x800.jpg 600w, https:\/\/lydenim.com\/wp-content\/uploads\/2025\/07\/352f86324f6b9c1e1ec0a1ce46cd51f4-150x200.jpg 150w\" sizes=\"auto, (max-width: 600px) 100vw, 600px\" \/><p id=\"caption-attachment-5779\" class=\"wp-caption-text\">Estilo rom\u00e1ntico<\/p><\/div><\/li>\n<\/ul>\n<h2 data-start=\"3616\" data-end=\"3669\"><strong data-start=\"3619\" data-end=\"3669\">5. Estilo Urbano Moderno con Chaqueta Oversize<\/strong><\/h2>\n<p data-start=\"3671\" data-end=\"3728\">Perfecto para la vida en la ciudad.<br data-start=\"3706\" data-end=\"3709\" \/><strong data-start=\"3709\" data-end=\"3725\">Luce moderno<\/strong>:<\/p>\n<ul data-start=\"3729\" data-end=\"3808\">\n<li data-start=\"3729\" data-end=\"3808\">\n<p data-start=\"3731\" data-end=\"3808\">Chaqueta oversize + sudadera con capucha + pantal\u00f3n cargo o leggings de cuero + zapatillas.<\/p>\n<\/li>\n<\/ul>\n<h3 data-start=\"3810\" data-end=\"3822\">Ventajas<\/h3>\n<ul data-start=\"3823\" data-end=\"3907\">\n<li data-start=\"3823\" data-end=\"3855\">\n<p data-start=\"3825\" data-end=\"3855\">Estilo fresco y desenfadado.<\/p>\n<\/li>\n<li data-start=\"3856\" data-end=\"3907\">\n<p data-start=\"3858\" data-end=\"3907\">Ideal para eventos juveniles o salidas nocturnas.<\/p>\n<\/li>\n<\/ul>\n<h3 data-start=\"3909\" data-end=\"3951\">Desventajas en situaciones inadecuadas<\/h3>\n<ul data-start=\"3952\" data-end=\"4013\">\n<li data-start=\"3952\" data-end=\"4013\">\n<p data-start=\"3954\" data-end=\"4013\">Demasiado informal para contextos empresariales o formales.<\/p>\n<p><div id=\"attachment_5782\" style=\"width: 610px\" class=\"wp-caption aligncenter\"><img loading=\"lazy\" decoding=\"async\" aria-describedby=\"caption-attachment-5782\" class=\"wp-image-5782\" src=\"https:\/\/lydenim.com\/wp-content\/uploads\/2025\/07\/b3baa6eee181034c471b8dfa1cc28c72.jpg\" alt=\"\" width=\"600\" height=\"800\" srcset=\"https:\/\/lydenim.com\/wp-content\/uploads\/2025\/07\/b3baa6eee181034c471b8dfa1cc28c72.jpg 1614w, https:\/\/lydenim.com\/wp-content\/uploads\/2025\/07\/b3baa6eee181034c471b8dfa1cc28c72-225x300.jpg 225w, https:\/\/lydenim.com\/wp-content\/uploads\/2025\/07\/b3baa6eee181034c471b8dfa1cc28c72-768x1024.jpg 768w, https:\/\/lydenim.com\/wp-content\/uploads\/2025\/07\/b3baa6eee181034c471b8dfa1cc28c72-1152x1536.jpg 1152w, https:\/\/lydenim.com\/wp-content\/uploads\/2025\/07\/b3baa6eee181034c471b8dfa1cc28c72-1536x2048.jpg 1536w, https:\/\/lydenim.com\/wp-content\/uploads\/2025\/07\/b3baa6eee181034c471b8dfa1cc28c72-9x12.jpg 9w, https:\/\/lydenim.com\/wp-content\/uploads\/2025\/07\/b3baa6eee181034c471b8dfa1cc28c72-600x800.jpg 600w, https:\/\/lydenim.com\/wp-content\/uploads\/2025\/07\/b3baa6eee181034c471b8dfa1cc28c72-150x200.jpg 150w\" sizes=\"auto, (max-width: 600px) 100vw, 600px\" \/><p id=\"caption-attachment-5782\" class=\"wp-caption-text\">Estilo urbano moderno<\/p><\/div><\/li>\n<\/ul>\n<h2 data-start=\"4020\" data-end=\"4077\"><strong data-start=\"4023\" data-end=\"4077\">Ropa para Cada Temporada con Chaqueta de Mezclilla<\/strong><\/h2>\n<p data-start=\"4079\" data-end=\"4136\">La <strong data-start=\"4082\" data-end=\"4102\">chaqueta vaquera<\/strong> es funcional durante todo el a\u00f1o:<\/p>\n<h3 data-start=\"4138\" data-end=\"4160\">Primavera y verano<\/h3>\n<ul data-start=\"4161\" data-end=\"4290\">\n<li data-start=\"4161\" data-end=\"4219\">\n<p data-start=\"4163\" data-end=\"4219\">Combina con tops sin mangas y shorts o faldas ligeras.<\/p>\n<\/li>\n<li data-start=\"4220\" data-end=\"4290\">\n<p data-start=\"4222\" data-end=\"4290\">Ideal para d\u00edas calurosos pero con aire acondicionado en interiores.<\/p>\n<\/li>\n<\/ul>\n<h3 data-start=\"4292\" data-end=\"4312\">Oto\u00f1o e invierno<\/h3>\n<ul data-start=\"4313\" data-end=\"4424\">\n<li data-start=\"4313\" data-end=\"4375\">\n<p data-start=\"4315\" data-end=\"4375\">\u00dasala sobre su\u00e9teres o camisas gruesas + jeans o leggings.<\/p>\n<\/li>\n<li data-start=\"4376\" data-end=\"4424\">\n<p data-start=\"4378\" data-end=\"4424\">Funciona como capa intermedia en climas fr\u00edos.<\/p>\n<\/li>\n<\/ul>\n<h3 data-start=\"4426\" data-end=\"4438\">Ventajas<\/h3>\n<ul data-start=\"4439\" data-end=\"4519\">\n<li data-start=\"4439\" data-end=\"4468\">\n<p data-start=\"4441\" data-end=\"4468\">Adaptabilidad estacional.<\/p>\n<\/li>\n<li data-start=\"4469\" data-end=\"4519\">\n<p data-start=\"4471\" data-end=\"4519\">Gran capacidad de combinaci\u00f3n con otras prendas.<\/p>\n<\/li>\n<\/ul>\n<h3 data-start=\"4521\" data-end=\"4563\">Desventajas en situaciones inadecuadas<\/h3>\n<ul data-start=\"4564\" data-end=\"4672\">\n<li data-start=\"4564\" data-end=\"4613\">\n<p data-start=\"4566\" data-end=\"4613\">Puede ser calurosa en exteriores muy c\u00e1lidos.<\/p>\n<\/li>\n<li data-start=\"4614\" data-end=\"4672\">\n<p data-start=\"4616\" data-end=\"4672\">No proteja lo suficiente en climas extremadamente fr\u00edos.<\/p>\n<\/li>\n<\/ul>\n<h2 data-start=\"4679\" data-end=\"4696\"><strong data-start=\"4682\" data-end=\"4696\">Conclusi\u00f3n<\/strong><\/h2>\n<p data-start=\"4698\" data-end=\"4969\">La <strong data-start=\"4701\" data-end=\"4737\">chaqueta de mezclilla para mujer<\/strong> es una prenda vers\u00e1til que se adapta con facilidad a distintos estilos, estaciones y contextos. Desde atuendos informales hasta conjuntos elegantes o urbanos, esta prenda permite expresar la personalidad sin perder comodidad.<\/p>\n<p data-start=\"4971\" data-end=\"5216\">Sin embargo, es esencial evaluar la ocasi\u00f3n y el entorno para evitar transmitir una imagen inapropiada. Usada con criterio, la chaqueta vaquera se convierte en una pieza clave para construir un guardarropa moderno, funcional y con estilo propio.<\/p>\n<h2 dir=\"auto\">Servicios de personalizaci\u00f3n de LYDENIM<\/h2>\n<p dir=\"auto\">\ud83c\udfa8 Quiero <strong>telas de mezclilla personalizadas<\/strong> o\u00a0 <strong>\u00fanico<\/strong> <strong>prenda de mezclilla personalizada<\/strong>?LYDENIM se especializa en soluciones a medida para satisfacer sus necesidades de dise\u00f1o y producci\u00f3n.<\/p>\n<p dir=\"auto\">\ud83d\udecd\ufe0f <strong>Explora e insp\u00edrate<\/strong>:Explore nuestra selecci\u00f3n de telas y descubra ideas de dise\u00f1o en <a href=\"https:\/\/lydenim.com\/es\/\" target=\"_blank\" rel=\"noopener noreferrer nofollow\">LYDenim<\/a>.<\/p>\n<p dir=\"auto\">\ud83c\udf10 <strong>Ropa el\u00e1stica<\/strong>:Consulta nuestras ofertas en <a href=\"http:\/\/liangyuantextile.m.en.alibaba.com\" target=\"_blank\" rel=\"noopener noreferrer nofollow\">Mi Alibaba<\/a>. \ud83d\udce9 <strong>Contacto<\/strong>:Comun\u00edquese con nosotros en <a href=\"mailto:malone@lydenim.com\" target=\"_blank\" rel=\"noopener noreferrer nofollow\">malone@lydenim.com<\/a>.<\/p>\n<p dir=\"auto\">Crea tu obra maestra en denim con LYDENIM, tu socio de confianza para <strong>tejido el\u00e1stico<\/strong> y <strong>soluciones de mezclilla personalizadas<\/strong>.<\/p>","protected":false},"excerpt":{"rendered":"<p>Tiempo estimado de lectura:\uff5e3 minutos Introducci\u00f3n La cazadora vaquera es una prenda imprescindible en el armario de una mujer por su<\/p>","protected":false},"author":1,"featured_media":5788,"comment_status":"open","ping_status":"open","sticky":false,"template":"","format":"standard","meta":{"two_page_speed":[],"footnotes":""},"categories":[76],"tags":[],"class_list":["post-5775","post","type-post","status-publish","format-standard","has-post-thumbnail","hentry","category-garment"],"aioseo_notices":[],"_links":{"self":[{"href":"https:\/\/lydenim.com\/es\/wp-json\/wp\/v2\/posts\/5775","targetHints":{"allow":["GET"]}}],"collection":[{"href":"https:\/\/lydenim.com\/es\/wp-json\/wp\/v2\/posts"}],"about":[{"href":"https:\/\/lydenim.com\/es\/wp-json\/wp\/v2\/types\/post"}],"author":[{"embeddable":true,"href":"https:\/\/lydenim.com\/es\/wp-json\/wp\/v2\/users\/1"}],"replies":[{"embeddable":true,"href":"https:\/\/lydenim.com\/es\/wp-json\/wp\/v2\/comments?post=5775"}],"version-history":[{"count":3,"href":"https:\/\/lydenim.com\/es\/wp-json\/wp\/v2\/posts\/5775\/revisions"}],"predecessor-version":[{"id":6381,"href":"https:\/\/lydenim.com\/es\/wp-json\/wp\/v2\/posts\/5775\/revisions\/6381"}],"wp:featuredmedia":[{"embeddable":true,"href":"https:\/\/lydenim.com\/es\/wp-json\/wp\/v2\/media\/5788"}],"wp:attachment":[{"href":"https:\/\/lydenim.com\/es\/wp-json\/wp\/v2\/media?parent=5775"}],"wp:term":[{"taxonomy":"category","embeddable":true,"href":"https:\/\/lydenim.com\/es\/wp-json\/wp\/v2\/categories?post=5775"},{"taxonomy":"post_tag","embeddable":true,"href":"https:\/\/lydenim.com\/es\/wp-json\/wp\/v2\/tags?post=5775"}],"curies":[{"name":"wp","href":"https:\/\/api.w.org\/{rel}","templated":true}]}}