{"id":5789,"date":"2025-07-14T10:40:10","date_gmt":"2025-07-14T02:40:10","guid":{"rendered":"https:\/\/lydenim.com\/?p=5789"},"modified":"2025-08-24T13:46:05","modified_gmt":"2025-08-24T05:46:05","slug":"plus-size-jeans-trends-2025-2026-top-styles-styling-guide","status":"publish","type":"post","link":"https:\/\/lydenim.com\/es\/tendencias-de-jeans-de-talla-grande-2025-2026-guia-de-estilo-de-los-mejores-estilos\/","title":{"rendered":"Tendencias de jeans de talla grande 2025-2026: Los mejores estilos y gu\u00eda de estilo"},"content":{"rendered":"<h2 dir=\"ltr\">Tiempo estimado de lectura: \uff5e5 minutos<\/h2>\n<h2 data-pm-slice=\"1 1 []\">Introducci\u00f3n<\/h2>\n<p>La industria de la moda da la bienvenida a nuevas tendencias para todo tipo de siluetas a principios de 2025, especialmente para las tallas grandes. Toda entusiasta de la moda de tallas grandes necesita jeans que combinen estilo y comodidad con dise\u00f1os favorecedores para crear su prenda b\u00e1sica ideal.<\/p>\n<p>Este art\u00edculo eval\u00faa las principales tendencias de mezclilla de talla grande para 2025-2026 al brindar datos y conocimientos de expertos, as\u00ed como estilos de celebridades y campa\u00f1as de marca para ayudarlo a seleccionar nuevas piezas de mezclilla con confianza.<\/p>\n<h2>Principales tendencias destacadas<\/h2>\n<h3>1. Vaqueros acampanados: un resurgimiento del estilo retro<\/h3>\n<ul data-spread=\"false\">\n<li><strong>Datos<\/strong>:57% aumenta su popularidad en el mercado de EE. UU. y la UE (primer trimestre de 2025).<\/li>\n<li><strong>Ventajas<\/strong>Las ventajas de este estilo incluyen su capacidad para estirar las piernas y brindar un aspecto retro cl\u00e1sico.<\/li>\n<li><strong>Consejo de estilo<\/strong>:Comb\u00ednalo con top ajustado + zapatillas o blusa + botas de tac\u00f3n.<\/li>\n<li><strong>Selecci\u00f3n de marca<\/strong>:T\u00f3rrida (cintura alta, corte el\u00e1stico).\n<p><div id=\"attachment_5792\" style=\"width: 610px\" class=\"wp-caption aligncenter\"><img loading=\"lazy\" decoding=\"async\" aria-describedby=\"caption-attachment-5792\" class=\"wp-image-5792\" src=\"https:\/\/lydenim.com\/wp-content\/uploads\/2025\/07\/8a9e4db7099c4963eeecd9e30130f9f5.jpg\" alt=\"\" width=\"600\" height=\"435\" srcset=\"https:\/\/lydenim.com\/wp-content\/uploads\/2025\/07\/8a9e4db7099c4963eeecd9e30130f9f5.jpg 1489w, https:\/\/lydenim.com\/wp-content\/uploads\/2025\/07\/8a9e4db7099c4963eeecd9e30130f9f5-300x218.jpg 300w, https:\/\/lydenim.com\/wp-content\/uploads\/2025\/07\/8a9e4db7099c4963eeecd9e30130f9f5-1024x743.jpg 1024w, https:\/\/lydenim.com\/wp-content\/uploads\/2025\/07\/8a9e4db7099c4963eeecd9e30130f9f5-768x557.jpg 768w, https:\/\/lydenim.com\/wp-content\/uploads\/2025\/07\/8a9e4db7099c4963eeecd9e30130f9f5-18x12.jpg 18w, https:\/\/lydenim.com\/wp-content\/uploads\/2025\/07\/8a9e4db7099c4963eeecd9e30130f9f5-600x435.jpg 600w, https:\/\/lydenim.com\/wp-content\/uploads\/2025\/07\/8a9e4db7099c4963eeecd9e30130f9f5-150x109.jpg 150w\" sizes=\"auto, (max-width: 600px) 100vw, 600px\" \/><p id=\"caption-attachment-5792\" class=\"wp-caption-text\">Vaqueros acampanados<\/p><\/div><\/li>\n<\/ul>\n<h3>2. Jeans de pierna ancha: silueta estructural<\/h3>\n<ul data-spread=\"false\">\n<li><strong>Looks de celebridades<\/strong>Blake Lively y Julianne Moore muestran este estilo en sus elecciones de moda.<\/li>\n<li><strong>Beneficio<\/strong>El dise\u00f1o funciona creando una mejor forma de la parte inferior del cuerpo que luce genial cuando se ajusta correctamente.<\/li>\n<li><strong>Consejo de estilo<\/strong>El estilo funciona bien cuando lo combinas con camisetas estampadas y zapatos planos puntiagudos o monos y cinturones.<\/li>\n<li><strong>Selecci\u00f3n de marca<\/strong>:Pistola Denim (para tallas grandes).\n<p><div id=\"attachment_5799\" style=\"width: 610px\" class=\"wp-caption aligncenter\"><img loading=\"lazy\" decoding=\"async\" aria-describedby=\"caption-attachment-5799\" class=\"wp-image-5799\" src=\"https:\/\/lydenim.com\/wp-content\/uploads\/2025\/07\/b413e6dc366a0e3c458439461dc6c479.jpg\" alt=\"\" width=\"600\" height=\"267\" srcset=\"https:\/\/lydenim.com\/wp-content\/uploads\/2025\/07\/b413e6dc366a0e3c458439461dc6c479.jpg 2502w, https:\/\/lydenim.com\/wp-content\/uploads\/2025\/07\/b413e6dc366a0e3c458439461dc6c479-300x133.jpg 300w, https:\/\/lydenim.com\/wp-content\/uploads\/2025\/07\/b413e6dc366a0e3c458439461dc6c479-1024x455.jpg 1024w, https:\/\/lydenim.com\/wp-content\/uploads\/2025\/07\/b413e6dc366a0e3c458439461dc6c479-768x341.jpg 768w, https:\/\/lydenim.com\/wp-content\/uploads\/2025\/07\/b413e6dc366a0e3c458439461dc6c479-1536x683.jpg 1536w, https:\/\/lydenim.com\/wp-content\/uploads\/2025\/07\/b413e6dc366a0e3c458439461dc6c479-2048x910.jpg 2048w, https:\/\/lydenim.com\/wp-content\/uploads\/2025\/07\/b413e6dc366a0e3c458439461dc6c479-18x8.jpg 18w, https:\/\/lydenim.com\/wp-content\/uploads\/2025\/07\/b413e6dc366a0e3c458439461dc6c479-600x267.jpg 600w, https:\/\/lydenim.com\/wp-content\/uploads\/2025\/07\/b413e6dc366a0e3c458439461dc6c479-150x67.jpg 150w\" sizes=\"auto, (max-width: 600px) 100vw, 600px\" \/><p id=\"caption-attachment-5799\" class=\"wp-caption-text\">Vaqueros de pierna ancha<\/p><\/div><\/li>\n<\/ul>\n<h3>3. Jeans de pierna ancha: la comodidad se une al estilo<\/h3>\n<ul data-spread=\"false\">\n<li><strong>Crecimiento del mercado<\/strong>:25% Se prev\u00e9 un aumento del mercado femenino en la UE.<\/li>\n<li><strong>Consejo de estilo<\/strong>Un blazer combinado con mocasines crea un look profesional, mientras que una camiseta combinada con zapatillas de lona crea un atuendo informal.<\/li>\n<li><strong>Selecci\u00f3n de marca<\/strong>Buen americano, Madewell.\n<p><div id=\"attachment_5797\" style=\"width: 610px\" class=\"wp-caption aligncenter\"><img loading=\"lazy\" decoding=\"async\" aria-describedby=\"caption-attachment-5797\" class=\"wp-image-5797\" src=\"https:\/\/lydenim.com\/wp-content\/uploads\/2025\/07\/af58565dad2e17b14704067935e283d2.jpg\" alt=\"\" width=\"600\" height=\"1200\" srcset=\"https:\/\/lydenim.com\/wp-content\/uploads\/2025\/07\/af58565dad2e17b14704067935e283d2.jpg 1080w, https:\/\/lydenim.com\/wp-content\/uploads\/2025\/07\/af58565dad2e17b14704067935e283d2-150x300.jpg 150w, https:\/\/lydenim.com\/wp-content\/uploads\/2025\/07\/af58565dad2e17b14704067935e283d2-512x1024.jpg 512w, https:\/\/lydenim.com\/wp-content\/uploads\/2025\/07\/af58565dad2e17b14704067935e283d2-768x1536.jpg 768w, https:\/\/lydenim.com\/wp-content\/uploads\/2025\/07\/af58565dad2e17b14704067935e283d2-1024x2048.jpg 1024w, https:\/\/lydenim.com\/wp-content\/uploads\/2025\/07\/af58565dad2e17b14704067935e283d2-6x12.jpg 6w, https:\/\/lydenim.com\/wp-content\/uploads\/2025\/07\/af58565dad2e17b14704067935e283d2-600x1200.jpg 600w\" sizes=\"auto, (max-width: 600px) 100vw, 600px\" \/><p id=\"caption-attachment-5797\" class=\"wp-caption-text\">Vaqueros de pierna ancha<\/p><\/div><\/li>\n<\/ul>\n<h3>4. Jeans de pierna recta: un b\u00e1sico atemporal<\/h3>\n<ul data-spread=\"false\">\n<li><strong>Datos<\/strong>:4% aumento en la UE (2024-2025).<\/li>\n<li><strong>Ventaja<\/strong>:Este estilo funciona para todo tipo de cuerpo porque se adapta a todas las formas.<\/li>\n<li><strong>Selecci\u00f3n de marca<\/strong>: Levi&#039;s, Lane Bryant (hasta la talla 40).\n<p><div id=\"attachment_5804\" style=\"width: 610px\" class=\"wp-caption aligncenter\"><img loading=\"lazy\" decoding=\"async\" aria-describedby=\"caption-attachment-5804\" class=\"wp-image-5804\" src=\"https:\/\/lydenim.com\/wp-content\/uploads\/2025\/07\/f01864cc5302883c5a45a74acd0ca308.jpg\" alt=\"\" width=\"600\" height=\"355\" srcset=\"https:\/\/lydenim.com\/wp-content\/uploads\/2025\/07\/f01864cc5302883c5a45a74acd0ca308.jpg 1823w, https:\/\/lydenim.com\/wp-content\/uploads\/2025\/07\/f01864cc5302883c5a45a74acd0ca308-300x178.jpg 300w, https:\/\/lydenim.com\/wp-content\/uploads\/2025\/07\/f01864cc5302883c5a45a74acd0ca308-1024x607.jpg 1024w, https:\/\/lydenim.com\/wp-content\/uploads\/2025\/07\/f01864cc5302883c5a45a74acd0ca308-768x455.jpg 768w, https:\/\/lydenim.com\/wp-content\/uploads\/2025\/07\/f01864cc5302883c5a45a74acd0ca308-1536x910.jpg 1536w, https:\/\/lydenim.com\/wp-content\/uploads\/2025\/07\/f01864cc5302883c5a45a74acd0ca308-18x12.jpg 18w, https:\/\/lydenim.com\/wp-content\/uploads\/2025\/07\/f01864cc5302883c5a45a74acd0ca308-600x355.jpg 600w, https:\/\/lydenim.com\/wp-content\/uploads\/2025\/07\/f01864cc5302883c5a45a74acd0ca308-150x89.jpg 150w\" sizes=\"auto, (max-width: 600px) 100vw, 600px\" \/><p id=\"caption-attachment-5804\" class=\"wp-caption-text\">Vaqueros de pierna recta<\/p><\/div><\/li>\n<\/ul>\n<h3>5. Jeans Relaxed Fit: M\u00e1xima comodidad<\/h3>\n<ul data-spread=\"false\">\n<li><strong>Datos de tendencias<\/strong>:Pantalones cortos relajados para hombre UE +24% en primavera de 2025.<\/li>\n<li><strong>Consejo de estilo<\/strong>:Para festivales, combina el atuendo con una camiseta y gorra estampadas y, para eventos nocturnos, usa una camisa de seda con zapatos de cuero.<\/li>\n<li><strong>Selecci\u00f3n de marca<\/strong>:L\u00ednea Torrid \u201cJeans for Life\u201d.\n<p><div id=\"attachment_5793\" style=\"width: 610px\" class=\"wp-caption aligncenter\"><img loading=\"lazy\" decoding=\"async\" aria-describedby=\"caption-attachment-5793\" class=\"wp-image-5793\" src=\"https:\/\/lydenim.com\/wp-content\/uploads\/2025\/07\/91e0e915a1a05881d49ba91da7798b9e.jpg\" alt=\"\" width=\"600\" height=\"400\" srcset=\"https:\/\/lydenim.com\/wp-content\/uploads\/2025\/07\/91e0e915a1a05881d49ba91da7798b9e.jpg 1668w, https:\/\/lydenim.com\/wp-content\/uploads\/2025\/07\/91e0e915a1a05881d49ba91da7798b9e-300x200.jpg 300w, https:\/\/lydenim.com\/wp-content\/uploads\/2025\/07\/91e0e915a1a05881d49ba91da7798b9e-1024x683.jpg 1024w, https:\/\/lydenim.com\/wp-content\/uploads\/2025\/07\/91e0e915a1a05881d49ba91da7798b9e-768x512.jpg 768w, https:\/\/lydenim.com\/wp-content\/uploads\/2025\/07\/91e0e915a1a05881d49ba91da7798b9e-1536x1024.jpg 1536w, https:\/\/lydenim.com\/wp-content\/uploads\/2025\/07\/91e0e915a1a05881d49ba91da7798b9e-18x12.jpg 18w, https:\/\/lydenim.com\/wp-content\/uploads\/2025\/07\/91e0e915a1a05881d49ba91da7798b9e-600x400.jpg 600w, https:\/\/lydenim.com\/wp-content\/uploads\/2025\/07\/91e0e915a1a05881d49ba91da7798b9e-150x100.jpg 150w\" sizes=\"auto, (max-width: 600px) 100vw, 600px\" \/><p id=\"caption-attachment-5793\" class=\"wp-caption-text\">Vaqueros de corte relajado<\/p><\/div><\/li>\n<\/ul>\n<h3>6. Jeans desgastados: un estilo relajado<\/h3>\n<ul data-spread=\"false\">\n<li><strong>Social Buzz<\/strong>:Resurgimiento en TikTok e Instagram.<\/li>\n<li><strong>Consejo de estilo<\/strong>La combinaci\u00f3n de camisetas blancas con zapatillas deportivas funciona para el d\u00eda, pero los crop tops con tacones crean un look nocturno.<\/li>\n<li><strong>Selecci\u00f3n de marca<\/strong>:T\u00f3rrid, Antropolog\u00eda.\n<p><div id=\"attachment_5791\" style=\"width: 610px\" class=\"wp-caption aligncenter\"><img loading=\"lazy\" decoding=\"async\" aria-describedby=\"caption-attachment-5791\" class=\"wp-image-5791\" src=\"https:\/\/lydenim.com\/wp-content\/uploads\/2025\/07\/4da4832d6448d02ca5f1065b80287519.jpg\" alt=\"\" width=\"600\" height=\"400\" srcset=\"https:\/\/lydenim.com\/wp-content\/uploads\/2025\/07\/4da4832d6448d02ca5f1065b80287519.jpg 1668w, https:\/\/lydenim.com\/wp-content\/uploads\/2025\/07\/4da4832d6448d02ca5f1065b80287519-300x200.jpg 300w, https:\/\/lydenim.com\/wp-content\/uploads\/2025\/07\/4da4832d6448d02ca5f1065b80287519-1024x683.jpg 1024w, https:\/\/lydenim.com\/wp-content\/uploads\/2025\/07\/4da4832d6448d02ca5f1065b80287519-768x512.jpg 768w, https:\/\/lydenim.com\/wp-content\/uploads\/2025\/07\/4da4832d6448d02ca5f1065b80287519-1536x1024.jpg 1536w, https:\/\/lydenim.com\/wp-content\/uploads\/2025\/07\/4da4832d6448d02ca5f1065b80287519-18x12.jpg 18w, https:\/\/lydenim.com\/wp-content\/uploads\/2025\/07\/4da4832d6448d02ca5f1065b80287519-600x400.jpg 600w, https:\/\/lydenim.com\/wp-content\/uploads\/2025\/07\/4da4832d6448d02ca5f1065b80287519-150x100.jpg 150w\" sizes=\"auto, (max-width: 600px) 100vw, 600px\" \/><p id=\"caption-attachment-5791\" class=\"wp-caption-text\">Vaqueros desgastados<\/p><\/div><\/li>\n<\/ul>\n<h3>7. Jeans de cintura alta: realza la figura<\/h3>\n<ul data-spread=\"false\">\n<li><strong>Beneficio de la silueta<\/strong>:Adelgaza la cintura, define curvas.<\/li>\n<li><strong>Enfoque de marca<\/strong>:La campa\u00f1a de primavera de Torrid se centra en mostrar a sus clientes estilos de jeans de tiro alto.<\/li>\n<li><strong>Selecci\u00f3n de marca<\/strong>: Buen americano, t\u00f3rrido (estiramiento + modelado).\n<p><div id=\"attachment_5790\" style=\"width: 610px\" class=\"wp-caption aligncenter\"><img loading=\"lazy\" decoding=\"async\" aria-describedby=\"caption-attachment-5790\" class=\"wp-image-5790\" src=\"https:\/\/lydenim.com\/wp-content\/uploads\/2025\/07\/03b163db156102941789a007186e4105.jpg\" alt=\"\" width=\"600\" height=\"400\" srcset=\"https:\/\/lydenim.com\/wp-content\/uploads\/2025\/07\/03b163db156102941789a007186e4105.jpg 1668w, https:\/\/lydenim.com\/wp-content\/uploads\/2025\/07\/03b163db156102941789a007186e4105-300x200.jpg 300w, https:\/\/lydenim.com\/wp-content\/uploads\/2025\/07\/03b163db156102941789a007186e4105-1024x683.jpg 1024w, https:\/\/lydenim.com\/wp-content\/uploads\/2025\/07\/03b163db156102941789a007186e4105-768x512.jpg 768w, https:\/\/lydenim.com\/wp-content\/uploads\/2025\/07\/03b163db156102941789a007186e4105-1536x1024.jpg 1536w, https:\/\/lydenim.com\/wp-content\/uploads\/2025\/07\/03b163db156102941789a007186e4105-18x12.jpg 18w, https:\/\/lydenim.com\/wp-content\/uploads\/2025\/07\/03b163db156102941789a007186e4105-600x400.jpg 600w, https:\/\/lydenim.com\/wp-content\/uploads\/2025\/07\/03b163db156102941789a007186e4105-150x100.jpg 150w\" sizes=\"auto, (max-width: 600px) 100vw, 600px\" \/><p id=\"caption-attachment-5790\" class=\"wp-caption-text\">Vaqueros de cintura alta<\/p><\/div><\/li>\n<\/ul>\n<div><\/div>\n<h2>Momentos de mezclilla de celebridades<\/h2>\n<ul data-spread=\"false\">\n<li><strong>Kendrick Lamar<\/strong>:Durante el espect\u00e1culo de medio tiempo del Super Bowl 2025, Kendrick Lamar actu\u00f3 vistiendo jeans acampanados de Celine.<\/li>\n<li><strong>Blake Lively y Julianne Moore<\/strong>Liderando la tendencia del denim con corte de barril.\n<p><div id=\"attachment_5801\" style=\"width: 610px\" class=\"wp-caption aligncenter\"><img loading=\"lazy\" decoding=\"async\" aria-describedby=\"caption-attachment-5801\" class=\"wp-image-5801\" src=\"https:\/\/lydenim.com\/wp-content\/uploads\/2025\/07\/d6f63648272c89dacb206e58a1e0b8f2.jpg\" alt=\"\" width=\"600\" height=\"800\" srcset=\"https:\/\/lydenim.com\/wp-content\/uploads\/2025\/07\/d6f63648272c89dacb206e58a1e0b8f2.jpg 1552w, https:\/\/lydenim.com\/wp-content\/uploads\/2025\/07\/d6f63648272c89dacb206e58a1e0b8f2-225x300.jpg 225w, https:\/\/lydenim.com\/wp-content\/uploads\/2025\/07\/d6f63648272c89dacb206e58a1e0b8f2-768x1024.jpg 768w, https:\/\/lydenim.com\/wp-content\/uploads\/2025\/07\/d6f63648272c89dacb206e58a1e0b8f2-1152x1536.jpg 1152w, https:\/\/lydenim.com\/wp-content\/uploads\/2025\/07\/d6f63648272c89dacb206e58a1e0b8f2-1536x2048.jpg 1536w, https:\/\/lydenim.com\/wp-content\/uploads\/2025\/07\/d6f63648272c89dacb206e58a1e0b8f2-9x12.jpg 9w, https:\/\/lydenim.com\/wp-content\/uploads\/2025\/07\/d6f63648272c89dacb206e58a1e0b8f2-600x800.jpg 600w, https:\/\/lydenim.com\/wp-content\/uploads\/2025\/07\/d6f63648272c89dacb206e58a1e0b8f2-150x200.jpg 150w\" sizes=\"auto, (max-width: 600px) 100vw, 600px\" \/><p id=\"caption-attachment-5801\" class=\"wp-caption-text\">Kendrick Lamar actu\u00f3 vistiendo jeans acampanados de Celine.<\/p><\/div><\/li>\n<\/ul>\n<h2>Tabla de datos de tendencias<\/h2>\n<table style=\"height: 182px;\" width=\"1119\">\n<tbody>\n<tr>\n<td>Tendencia<\/td>\n<td>Regi\u00f3n<\/td>\n<td>G\u00e9nero<\/td>\n<td>Periodo de tiempo<\/td>\n<td>Crecimiento<\/td>\n<td>Notas<\/td>\n<\/tr>\n<tr>\n<td>Acampanado<\/td>\n<td>UE\/EE.UU.<\/td>\n<td>Mujer<\/td>\n<td>primer trimestre de 2025<\/td>\n<td>57%<\/td>\n<td>Incluye pata de barril<\/td>\n<\/tr>\n<tr>\n<td>Pierna ancha<\/td>\n<td>UE<\/td>\n<td>Mujer<\/td>\n<td>2025<\/td>\n<td>25%<\/td>\n<td>+7% para hombres<\/td>\n<\/tr>\n<tr>\n<td>pantalones cortos relajados<\/td>\n<td>UE<\/td>\n<td>Hombres<\/td>\n<td>Primavera de 2025<\/td>\n<td>24%<\/td>\n<td>+13% en EE. UU.<\/td>\n<\/tr>\n<tr>\n<td>Denim claro<\/td>\n<td>UE<\/td>\n<td>&#8211;<\/td>\n<td>2025<\/td>\n<td>7%<\/td>\n<td>+5% en EE. UU.<\/td>\n<\/tr>\n<\/tbody>\n<\/table>\n<div><img loading=\"lazy\" decoding=\"async\" class=\"aligncenter wp-image-5805\" src=\"https:\/\/lydenim.com\/wp-content\/uploads\/2025\/07\/denim_trend_2025_chart-scaled.png\" alt=\"\" width=\"600\" height=\"400\" srcset=\"https:\/\/lydenim.com\/wp-content\/uploads\/2025\/07\/denim_trend_2025_chart-scaled.png 2560w, https:\/\/lydenim.com\/wp-content\/uploads\/2025\/07\/denim_trend_2025_chart-300x200.png 300w, https:\/\/lydenim.com\/wp-content\/uploads\/2025\/07\/denim_trend_2025_chart-1024x683.png 1024w, https:\/\/lydenim.com\/wp-content\/uploads\/2025\/07\/denim_trend_2025_chart-768x512.png 768w, https:\/\/lydenim.com\/wp-content\/uploads\/2025\/07\/denim_trend_2025_chart-1536x1024.png 1536w, https:\/\/lydenim.com\/wp-content\/uploads\/2025\/07\/denim_trend_2025_chart-2048x1365.png 2048w, https:\/\/lydenim.com\/wp-content\/uploads\/2025\/07\/denim_trend_2025_chart-18x12.png 18w, https:\/\/lydenim.com\/wp-content\/uploads\/2025\/07\/denim_trend_2025_chart-600x400.png 600w, https:\/\/lydenim.com\/wp-content\/uploads\/2025\/07\/denim_trend_2025_chart-150x100.png 150w\" sizes=\"auto, (max-width: 600px) 100vw, 600px\" \/><\/div>\n<h2>Pros y contras<\/h2>\n<table style=\"height: 225px;\" width=\"1120\">\n<tbody>\n<tr>\n<td>Tendencia<\/td>\n<td>Ventajas<\/td>\n<td>Contras<\/td>\n<\/tr>\n<tr>\n<td>Acampanado<\/td>\n<td>Vintage, alargando<\/td>\n<td>No es ideal para todas las formas.<\/td>\n<\/tr>\n<tr>\n<td>Pierna de barril<\/td>\n<td>Corte \u00fanico, aspecto llamativo<\/td>\n<td>Necesita un estilo equilibrado<\/td>\n<\/tr>\n<tr>\n<td>Pierna ancha<\/td>\n<td>Transpirable, vers\u00e1til.<\/td>\n<td>Menos formal<\/td>\n<\/tr>\n<tr>\n<td>Pierna recta<\/td>\n<td>Cl\u00e1sico, multiusos<\/td>\n<td>Menos de moda<\/td>\n<\/tr>\n<tr>\n<td>Ajuste relajado<\/td>\n<td>S\u00faper c\u00f3modo<\/td>\n<td>Puede que quede demasiado suelto<\/td>\n<\/tr>\n<tr>\n<td>Afligido<\/td>\n<td>Vanguardista y expresivo<\/td>\n<td>No apropiado para la oficina<\/td>\n<\/tr>\n<tr>\n<td>De cintura alta<\/td>\n<td>Mejora la forma<\/td>\n<td>Puede aumentar de volumen si no se peina correctamente<\/td>\n<\/tr>\n<\/tbody>\n<\/table>\n<div><\/div>\n<h2>Opiniones de expertos<\/h2>\n<ul data-spread=\"false\">\n<li><strong>Emily Bibik (T\u00f3rrida)<\/strong>:\u201cEl denim es un b\u00e1sico de primavera, listo para cualquier destino\u201d.<\/li>\n<li><strong>Grace Na (Pistola)<\/strong>:\u201cLos jeans con corte barril son favorecedores cuando est\u00e1n bien confeccionados\u201d.<\/li>\n<li><strong>Caroline Maguire (Shopbop)<\/strong>:\u201cEl denim 2025 combina nostalgia con innovaci\u00f3n: los clientes buscan comodidad y un dise\u00f1o destacado\u201d.<\/li>\n<\/ul>\n<h2>Conclusi\u00f3n<\/h2>\n<p>Desde pantalones acampanados nost\u00e1lgicos hasta cortes holgados ultrac\u00f3modos, las tendencias de jeans de talla grande 2025-2026 ofrecen variedad y versatilidad. Con informaci\u00f3n sobre tendencias, estilos de celebridades e innovaciones de marcas, quienes compran tallas grandes pueden encontrar sus jeans perfectos y adoptar la moda con confianza.<\/p>\n<h2 dir=\"auto\">Servicios de personalizaci\u00f3n de LYDENIM<\/h2>\n<p dir=\"auto\">\ud83c\udfa8 Quiero <strong>telas de mezclilla personalizadas<\/strong> o\u00a0 <strong>\u00fanico<\/strong> <strong>prenda de mezclilla personalizada<\/strong>?LYDENIM se especializa en soluciones a medida para satisfacer sus necesidades de dise\u00f1o y producci\u00f3n.<\/p>\n<p dir=\"auto\">\ud83d\udecd\ufe0f <strong>Explora e insp\u00edrate<\/strong>:Explore nuestra selecci\u00f3n de telas y descubra ideas de dise\u00f1o en <a href=\"https:\/\/lydenim.com\/es\/\" target=\"_blank\" rel=\"noopener noreferrer nofollow\">LYDenim<\/a>.<\/p>\n<p dir=\"auto\">\ud83c\udf10 <strong>Ropa el\u00e1stica<\/strong>:Consulta nuestras ofertas en <a href=\"http:\/\/liangyuantextile.m.en.alibaba.com\" target=\"_blank\" rel=\"noopener noreferrer nofollow\">Mi Alibaba<\/a>. \ud83d\udce9 <strong>Contacto<\/strong>:Comun\u00edquese con nosotros en <a href=\"mailto:malone@lydenim.com\" target=\"_blank\" rel=\"noopener noreferrer nofollow\">malone@lydenim.com<\/a>.<\/p>\n<p dir=\"auto\">Crea tu obra maestra en denim con LYDENIM, tu socio de confianza para <strong>tejido el\u00e1stico<\/strong> y <strong>soluciones de mezclilla personalizadas<\/strong>.<\/p>","protected":false},"excerpt":{"rendered":"<p>Tiempo estimado de lectura: \uff5e5 minutos Introducci\u00f3n La industria de la moda da la bienvenida a nuevas tendencias para cada forma de cuerpo durante el inicio de 2025.<\/p>","protected":false},"author":1,"featured_media":5807,"comment_status":"open","ping_status":"open","sticky":false,"template":"","format":"standard","meta":{"two_page_speed":[],"footnotes":""},"categories":[76],"tags":[],"class_list":["post-5789","post","type-post","status-publish","format-standard","has-post-thumbnail","hentry","category-garment"],"aioseo_notices":[],"_links":{"self":[{"href":"https:\/\/lydenim.com\/es\/wp-json\/wp\/v2\/posts\/5789","targetHints":{"allow":["GET"]}}],"collection":[{"href":"https:\/\/lydenim.com\/es\/wp-json\/wp\/v2\/posts"}],"about":[{"href":"https:\/\/lydenim.com\/es\/wp-json\/wp\/v2\/types\/post"}],"author":[{"embeddable":true,"href":"https:\/\/lydenim.com\/es\/wp-json\/wp\/v2\/users\/1"}],"replies":[{"embeddable":true,"href":"https:\/\/lydenim.com\/es\/wp-json\/wp\/v2\/comments?post=5789"}],"version-history":[{"count":3,"href":"https:\/\/lydenim.com\/es\/wp-json\/wp\/v2\/posts\/5789\/revisions"}],"predecessor-version":[{"id":6383,"href":"https:\/\/lydenim.com\/es\/wp-json\/wp\/v2\/posts\/5789\/revisions\/6383"}],"wp:featuredmedia":[{"embeddable":true,"href":"https:\/\/lydenim.com\/es\/wp-json\/wp\/v2\/media\/5807"}],"wp:attachment":[{"href":"https:\/\/lydenim.com\/es\/wp-json\/wp\/v2\/media?parent=5789"}],"wp:term":[{"taxonomy":"category","embeddable":true,"href":"https:\/\/lydenim.com\/es\/wp-json\/wp\/v2\/categories?post=5789"},{"taxonomy":"post_tag","embeddable":true,"href":"https:\/\/lydenim.com\/es\/wp-json\/wp\/v2\/tags?post=5789"}],"curies":[{"name":"wp","href":"https:\/\/api.w.org\/{rel}","templated":true}]}}