{"id":5897,"date":"2025-07-27T18:29:24","date_gmt":"2025-07-27T10:29:24","guid":{"rendered":"https:\/\/lydenim.com\/?p=5897"},"modified":"2025-08-24T13:47:53","modified_gmt":"2025-08-24T05:47:53","slug":"tie-styling","status":"publish","type":"post","link":"https:\/\/lydenim.com\/es\/estilo-de-corbata\/","title":{"rendered":"Estilismo creativo de corbatas: redefiniendo el accesorio cl\u00e1sico"},"content":{"rendered":"<h2 dir=\"ltr\">Tiempo estimado de lectura: ~3 minutos<\/h2>\n<h2 dir=\"ltr\">Introducci\u00f3n<\/h2>\n<p dir=\"ltr\">Antiguamente s\u00edmbolo de formalidad, la corbata ha roto con sus restricciones tradicionales. Ya no es solo para salas de juntas o bodas, sino que ahora es un lienzo para la creatividad, combinando elegancia y rebeld\u00eda. Desde los dise\u00f1os por dentro de Saint Laurent hasta la est\u00e9tica relajada de Dior en sus \u00faltimas colecciones, las corbatas est\u00e1n redefiniendo las normas de la moda. Esta gu\u00eda profundiza en la historia, las t\u00e9cnicas de estilismo innovadoras y las tendencias del mercado de las corbatas, ofreciendo inspiraci\u00f3n para incorporarlas a tu armario. Ya sea para llevarlas en la mu\u00f1eca o como cintur\u00f3n, las corbatas, especialmente en tejidos \u00fanicos como la chenilla, son tu puerta de entrada a un estilo audaz y personalizado. Para opciones personalizadas, visita LY Denim o escribe a malone@lydenim.com.<\/p>\n<div id=\"attachment_5899\" style=\"width: 610px\" class=\"wp-caption aligncenter\"><img loading=\"lazy\" decoding=\"async\" aria-describedby=\"caption-attachment-5899\" class=\"wp-image-5899\" src=\"https:\/\/lydenim.com\/wp-content\/uploads\/2025\/07\/4e45ef0a9738d1d452bdc63cccadceac.jpg\" alt=\"\" width=\"600\" height=\"800\" srcset=\"https:\/\/lydenim.com\/wp-content\/uploads\/2025\/07\/4e45ef0a9738d1d452bdc63cccadceac.jpg 1350w, https:\/\/lydenim.com\/wp-content\/uploads\/2025\/07\/4e45ef0a9738d1d452bdc63cccadceac-225x300.jpg 225w, https:\/\/lydenim.com\/wp-content\/uploads\/2025\/07\/4e45ef0a9738d1d452bdc63cccadceac-768x1024.jpg 768w, https:\/\/lydenim.com\/wp-content\/uploads\/2025\/07\/4e45ef0a9738d1d452bdc63cccadceac-1152x1536.jpg 1152w, https:\/\/lydenim.com\/wp-content\/uploads\/2025\/07\/4e45ef0a9738d1d452bdc63cccadceac-9x12.jpg 9w, https:\/\/lydenim.com\/wp-content\/uploads\/2025\/07\/4e45ef0a9738d1d452bdc63cccadceac-600x800.jpg 600w, https:\/\/lydenim.com\/wp-content\/uploads\/2025\/07\/4e45ef0a9738d1d452bdc63cccadceac-150x200.jpg 150w\" sizes=\"auto, (max-width: 600px) 100vw, 600px\" \/><p id=\"caption-attachment-5899\" class=\"wp-caption-text\">Atar<\/p><\/div>\n<h2 dir=\"ltr\">La evoluci\u00f3n de la corbata<\/h2>\n<p dir=\"ltr\">La corbata, cuyos or\u00edgenes se remontan a los mercenarios croatas del siglo XVII que usaban pa\u00f1uelos anudados (de ah\u00ed el nombre &quot;cravat&quot;), ha sido durante mucho tiempo un elemento b\u00e1sico del atuendo formal. Para el siglo XX, se convirti\u00f3 en sin\u00f3nimo de trajes de negocios y ropa ceremonial, a menudo confeccionada en seda, algod\u00f3n o poli\u00e9ster. Sin embargo, los dise\u00f1adores est\u00e1n transformando este accesorio cl\u00e1sico en una prenda vers\u00e1til y de moda. Seg\u00fan la historiadora de moda Dra. Kimberly Chrisman-Campbell, &quot;La corbata siempre ha sido un s\u00edmbolo de estatus, pero hoy en d\u00eda se trata de individualidad y de romper con las reglas&quot; (Vogue). La chenilla, con su textura suave y aterciopelada, aporta un toque acogedor y lujoso a los dise\u00f1os de corbatas modernos, convirti\u00e9ndola en una opci\u00f3n destacada para piezas personalizadas.<\/p>\n<h2 dir=\"ltr\">La revoluci\u00f3n de la corbata metida por dentro de Saint Laurent<\/h2>\n<p dir=\"ltr\">En la reciente colecci\u00f3n Primavera\/Verano de Saint Laurent, el director creativo Anthony Vaccarello reinvent\u00f3 la corbata como un accesorio rebelde. Las modelos la llevaban suelta dentro de la camisa, con el fald\u00f3n parcialmente oculto entre la tapeta, combinando la elegancia formal con un toque desenfadado y sexy. Este estilo conserva la silueta estructurada de un traje, a la vez que a\u00f1ade un toque desenfadado. Como se\u00f1al\u00f3 Vaccarello: \u00abLa corbata ya no representa una restricci\u00f3n, sino una se\u00f1al secreta de libertad\u00bb (WWD). Para un look similar, prueba a meter una corbata fina de chenilla dentro de una camisa blanca impecable, combinada con pantalones o falda de sastre para un toque moderno.<\/p>\n<div id=\"attachment_5901\" style=\"width: 610px\" class=\"wp-caption aligncenter\"><img loading=\"lazy\" decoding=\"async\" aria-describedby=\"caption-attachment-5901\" class=\"wp-image-5901\" src=\"https:\/\/lydenim.com\/wp-content\/uploads\/2025\/07\/9edae060f78e60c7c99999895355a368.jpg\" alt=\"\" width=\"600\" height=\"266\" srcset=\"https:\/\/lydenim.com\/wp-content\/uploads\/2025\/07\/9edae060f78e60c7c99999895355a368.jpg 2434w, https:\/\/lydenim.com\/wp-content\/uploads\/2025\/07\/9edae060f78e60c7c99999895355a368-300x133.jpg 300w, https:\/\/lydenim.com\/wp-content\/uploads\/2025\/07\/9edae060f78e60c7c99999895355a368-1024x454.jpg 1024w, https:\/\/lydenim.com\/wp-content\/uploads\/2025\/07\/9edae060f78e60c7c99999895355a368-768x341.jpg 768w, https:\/\/lydenim.com\/wp-content\/uploads\/2025\/07\/9edae060f78e60c7c99999895355a368-1536x682.jpg 1536w, https:\/\/lydenim.com\/wp-content\/uploads\/2025\/07\/9edae060f78e60c7c99999895355a368-2048x909.jpg 2048w, https:\/\/lydenim.com\/wp-content\/uploads\/2025\/07\/9edae060f78e60c7c99999895355a368-18x8.jpg 18w, https:\/\/lydenim.com\/wp-content\/uploads\/2025\/07\/9edae060f78e60c7c99999895355a368-600x266.jpg 600w, https:\/\/lydenim.com\/wp-content\/uploads\/2025\/07\/9edae060f78e60c7c99999895355a368-150x67.jpg 150w\" sizes=\"auto, (max-width: 600px) 100vw, 600px\" \/><p id=\"caption-attachment-5901\" class=\"wp-caption-text\">Colecci\u00f3n Primavera\/Verano 2026 de Saint-Roland<\/p><\/div>\n<h2 dir=\"ltr\">La est\u00e9tica de la corbata invertida de Dior<\/h2>\n<p dir=\"ltr\">El \u00faltimo desfile de Dior llev\u00f3 el estilo de corbata a nuevas alturas al darle la vuelta para revelar su parte inferior, dejando al descubierto costuras, forros y etiquetas. Este enfoque deconstruido, liderado por Kim Jones, abraza la imperfecci\u00f3n, otorgando a las corbatas una atm\u00f3sfera cruda y art\u00edstica. La corbata invertida desaf\u00eda la fachada refinada de la moda tradicional, encarnando una dualidad de refinamiento y rebeld\u00eda. &quot;Se trata de mostrar el lado oculto de la elegancia, donde los defectos se convierten en car\u00e1cter&quot;, dijo Jones (Harper&#039;s Bazaar). Para recrear esto, elige una corbata con un dorso en contraste (como chenilla para la textura) y comb\u00ednala con un blazer minimalista para que los detalles de la corbata destaquen.<\/p>\n<div id=\"attachment_5903\" style=\"width: 610px\" class=\"wp-caption aligncenter\"><img loading=\"lazy\" decoding=\"async\" aria-describedby=\"caption-attachment-5903\" class=\"wp-image-5903\" src=\"https:\/\/lydenim.com\/wp-content\/uploads\/2025\/07\/c63e2b832a40f4e17a15e4c300504254.jpg\" alt=\"\" width=\"600\" height=\"400\" srcset=\"https:\/\/lydenim.com\/wp-content\/uploads\/2025\/07\/c63e2b832a40f4e17a15e4c300504254.jpg 1668w, https:\/\/lydenim.com\/wp-content\/uploads\/2025\/07\/c63e2b832a40f4e17a15e4c300504254-300x200.jpg 300w, https:\/\/lydenim.com\/wp-content\/uploads\/2025\/07\/c63e2b832a40f4e17a15e4c300504254-1024x683.jpg 1024w, https:\/\/lydenim.com\/wp-content\/uploads\/2025\/07\/c63e2b832a40f4e17a15e4c300504254-768x512.jpg 768w, https:\/\/lydenim.com\/wp-content\/uploads\/2025\/07\/c63e2b832a40f4e17a15e4c300504254-1536x1024.jpg 1536w, https:\/\/lydenim.com\/wp-content\/uploads\/2025\/07\/c63e2b832a40f4e17a15e4c300504254-18x12.jpg 18w, https:\/\/lydenim.com\/wp-content\/uploads\/2025\/07\/c63e2b832a40f4e17a15e4c300504254-600x400.jpg 600w, https:\/\/lydenim.com\/wp-content\/uploads\/2025\/07\/c63e2b832a40f4e17a15e4c300504254-150x100.jpg 150w\" sizes=\"auto, (max-width: 600px) 100vw, 600px\" \/><p id=\"caption-attachment-5903\" class=\"wp-caption-text\">La est\u00e9tica de la corbata invertida de Dior<\/p><\/div>\n<h2 dir=\"ltr\">Ideas creativas para estilizar corbatas<\/h2>\n<p dir=\"ltr\">Las corbatas han trascendido su origen como accesorios para el cuello y se han convertido en accesorios multifuncionales. Aqu\u00ed tienes algunas ideas innovadoras para combinarlas, inspiradas en la moda urbana y la alta costura:<\/p>\n<ul class=\"tight\" dir=\"ltr\" data-tight=\"true\">\n<li>\n<p dir=\"ltr\"><strong>Mu\u00f1equera<\/strong>Enrolle una corbata fina y suelta alrededor de su mu\u00f1eca o antebrazo como una pulsera llamativa, combin\u00e1ndola con una camisa sencilla para a\u00f1adir textura. Una corbata de chenilla realza su atractivo t\u00e1ctil.<\/p>\n<p><div id=\"attachment_5898\" style=\"width: 610px\" class=\"wp-caption aligncenter\"><img loading=\"lazy\" decoding=\"async\" aria-describedby=\"caption-attachment-5898\" class=\"wp-image-5898\" src=\"https:\/\/lydenim.com\/wp-content\/uploads\/2025\/07\/0a667b0ec5c1dc56aca0828e179200ee.jpg\" alt=\"\" width=\"600\" height=\"266\" srcset=\"https:\/\/lydenim.com\/wp-content\/uploads\/2025\/07\/0a667b0ec5c1dc56aca0828e179200ee.jpg 2434w, https:\/\/lydenim.com\/wp-content\/uploads\/2025\/07\/0a667b0ec5c1dc56aca0828e179200ee-300x133.jpg 300w, https:\/\/lydenim.com\/wp-content\/uploads\/2025\/07\/0a667b0ec5c1dc56aca0828e179200ee-1024x454.jpg 1024w, https:\/\/lydenim.com\/wp-content\/uploads\/2025\/07\/0a667b0ec5c1dc56aca0828e179200ee-768x341.jpg 768w, https:\/\/lydenim.com\/wp-content\/uploads\/2025\/07\/0a667b0ec5c1dc56aca0828e179200ee-1536x682.jpg 1536w, https:\/\/lydenim.com\/wp-content\/uploads\/2025\/07\/0a667b0ec5c1dc56aca0828e179200ee-2048x909.jpg 2048w, https:\/\/lydenim.com\/wp-content\/uploads\/2025\/07\/0a667b0ec5c1dc56aca0828e179200ee-18x8.jpg 18w, https:\/\/lydenim.com\/wp-content\/uploads\/2025\/07\/0a667b0ec5c1dc56aca0828e179200ee-600x266.jpg 600w, https:\/\/lydenim.com\/wp-content\/uploads\/2025\/07\/0a667b0ec5c1dc56aca0828e179200ee-150x67.jpg 150w\" sizes=\"auto, (max-width: 600px) 100vw, 600px\" \/><p id=\"caption-attachment-5898\" class=\"wp-caption-text\">Mu\u00f1equera<\/p><\/div><\/li>\n<li>\n<p dir=\"ltr\"><strong>Alternativa al cintur\u00f3n<\/strong>Pasa una corbata larga por las trabillas del pantal\u00f3n y haz un lazo o un nudo, dejando que los extremos cuelguen para un look alegre y din\u00e1mico. Combina bien con vaqueros o faldas de cintura alta.<\/p>\n<p><div id=\"attachment_5900\" style=\"width: 610px\" class=\"wp-caption aligncenter\"><img loading=\"lazy\" decoding=\"async\" aria-describedby=\"caption-attachment-5900\" class=\"wp-image-5900\" src=\"https:\/\/lydenim.com\/wp-content\/uploads\/2025\/07\/9a11ea5da71b3b1166380b1025081dc8.jpg\" alt=\"\" width=\"600\" height=\"266\" srcset=\"https:\/\/lydenim.com\/wp-content\/uploads\/2025\/07\/9a11ea5da71b3b1166380b1025081dc8.jpg 2434w, https:\/\/lydenim.com\/wp-content\/uploads\/2025\/07\/9a11ea5da71b3b1166380b1025081dc8-300x133.jpg 300w, https:\/\/lydenim.com\/wp-content\/uploads\/2025\/07\/9a11ea5da71b3b1166380b1025081dc8-1024x454.jpg 1024w, https:\/\/lydenim.com\/wp-content\/uploads\/2025\/07\/9a11ea5da71b3b1166380b1025081dc8-768x341.jpg 768w, https:\/\/lydenim.com\/wp-content\/uploads\/2025\/07\/9a11ea5da71b3b1166380b1025081dc8-1536x682.jpg 1536w, https:\/\/lydenim.com\/wp-content\/uploads\/2025\/07\/9a11ea5da71b3b1166380b1025081dc8-2048x909.jpg 2048w, https:\/\/lydenim.com\/wp-content\/uploads\/2025\/07\/9a11ea5da71b3b1166380b1025081dc8-18x8.jpg 18w, https:\/\/lydenim.com\/wp-content\/uploads\/2025\/07\/9a11ea5da71b3b1166380b1025081dc8-600x266.jpg 600w, https:\/\/lydenim.com\/wp-content\/uploads\/2025\/07\/9a11ea5da71b3b1166380b1025081dc8-150x67.jpg 150w\" sizes=\"auto, (max-width: 600px) 100vw, 600px\" \/><p id=\"caption-attachment-5900\" class=\"wp-caption-text\">Alternativa al cintur\u00f3n<\/p><\/div><\/li>\n<li>\n<p dir=\"ltr\"><strong>Decoraci\u00f3n de bolsos<\/strong>Enrolla una corbata estampada o de chenilla alrededor del asa de un bolso tote o de la cadena de un bolso, transformando un accesorio b\u00e1sico en una pieza personalizada. Esta tendencia es popular en redes sociales, y #TieBag est\u00e1 ganando terreno (Tendencias de Instagram).<\/p>\n<p><div id=\"attachment_5904\" style=\"width: 610px\" class=\"wp-caption aligncenter\"><img loading=\"lazy\" decoding=\"async\" aria-describedby=\"caption-attachment-5904\" class=\"wp-image-5904\" src=\"https:\/\/lydenim.com\/wp-content\/uploads\/2025\/07\/fe180e95858acc2e168649924580b96f.jpg\" alt=\"\" width=\"600\" height=\"400\" srcset=\"https:\/\/lydenim.com\/wp-content\/uploads\/2025\/07\/fe180e95858acc2e168649924580b96f.jpg 1668w, https:\/\/lydenim.com\/wp-content\/uploads\/2025\/07\/fe180e95858acc2e168649924580b96f-300x200.jpg 300w, https:\/\/lydenim.com\/wp-content\/uploads\/2025\/07\/fe180e95858acc2e168649924580b96f-1024x683.jpg 1024w, https:\/\/lydenim.com\/wp-content\/uploads\/2025\/07\/fe180e95858acc2e168649924580b96f-768x512.jpg 768w, https:\/\/lydenim.com\/wp-content\/uploads\/2025\/07\/fe180e95858acc2e168649924580b96f-1536x1024.jpg 1536w, https:\/\/lydenim.com\/wp-content\/uploads\/2025\/07\/fe180e95858acc2e168649924580b96f-18x12.jpg 18w, https:\/\/lydenim.com\/wp-content\/uploads\/2025\/07\/fe180e95858acc2e168649924580b96f-600x400.jpg 600w, https:\/\/lydenim.com\/wp-content\/uploads\/2025\/07\/fe180e95858acc2e168649924580b96f-150x100.jpg 150w\" sizes=\"auto, (max-width: 600px) 100vw, 600px\" \/><p id=\"caption-attachment-5904\" class=\"wp-caption-text\">Decoraci\u00f3n de bolsos<\/p><\/div><\/li>\n<li>\n<p dir=\"ltr\"><strong>Accesorio para el cabello<\/strong>Trenza una corbata estrecha en una cola de caballo o \u00fasala como diadema para lograr un estilo que une lo urbano con lo de alta costura, perfecto para festivales o salidas informales.<\/p>\n<p><div id=\"attachment_5902\" style=\"width: 610px\" class=\"wp-caption aligncenter\"><img loading=\"lazy\" decoding=\"async\" aria-describedby=\"caption-attachment-5902\" class=\"wp-image-5902\" src=\"https:\/\/lydenim.com\/wp-content\/uploads\/2025\/07\/94c81a2a38b58f597db97c45c4ab1f85.jpg\" alt=\"\" width=\"600\" height=\"266\" srcset=\"https:\/\/lydenim.com\/wp-content\/uploads\/2025\/07\/94c81a2a38b58f597db97c45c4ab1f85.jpg 2434w, https:\/\/lydenim.com\/wp-content\/uploads\/2025\/07\/94c81a2a38b58f597db97c45c4ab1f85-300x133.jpg 300w, https:\/\/lydenim.com\/wp-content\/uploads\/2025\/07\/94c81a2a38b58f597db97c45c4ab1f85-1024x454.jpg 1024w, https:\/\/lydenim.com\/wp-content\/uploads\/2025\/07\/94c81a2a38b58f597db97c45c4ab1f85-768x341.jpg 768w, https:\/\/lydenim.com\/wp-content\/uploads\/2025\/07\/94c81a2a38b58f597db97c45c4ab1f85-1536x682.jpg 1536w, https:\/\/lydenim.com\/wp-content\/uploads\/2025\/07\/94c81a2a38b58f597db97c45c4ab1f85-2048x909.jpg 2048w, https:\/\/lydenim.com\/wp-content\/uploads\/2025\/07\/94c81a2a38b58f597db97c45c4ab1f85-18x8.jpg 18w, https:\/\/lydenim.com\/wp-content\/uploads\/2025\/07\/94c81a2a38b58f597db97c45c4ab1f85-600x266.jpg 600w, https:\/\/lydenim.com\/wp-content\/uploads\/2025\/07\/94c81a2a38b58f597db97c45c4ab1f85-150x67.jpg 150w\" sizes=\"auto, (max-width: 600px) 100vw, 600px\" \/><p id=\"caption-attachment-5902\" class=\"wp-caption-text\">Accesorio para el cabello<\/p><\/div><\/li>\n<\/ul>\n<table style=\"height: 317px;\" width=\"1256\">\n<colgroup>\n<col \/>\n<col \/>\n<col \/><\/colgroup>\n<tbody>\n<tr class=\"border-border\">\n<th colspan=\"1\" rowspan=\"1\">\n<p dir=\"ltr\">M\u00e9todo de estilismo<\/p>\n<\/th>\n<th colspan=\"1\" rowspan=\"1\">\n<p dir=\"ltr\">Descripci\u00f3n<\/p>\n<\/th>\n<th colspan=\"1\" rowspan=\"1\">\n<p dir=\"ltr\">Combina mejor con<\/p>\n<\/th>\n<\/tr>\n<tr class=\"border-border\">\n<td colspan=\"1\" rowspan=\"1\">\n<p dir=\"ltr\">Mu\u00f1equera<\/p>\n<\/td>\n<td colspan=\"1\" rowspan=\"1\">\n<p dir=\"ltr\">Corbata enrollada alrededor de la mu\u00f1eca como una pulsera<\/p>\n<\/td>\n<td colspan=\"1\" rowspan=\"1\">\n<p dir=\"ltr\">Camisas minimalistas, chaquetas casuales.<\/p>\n<\/td>\n<\/tr>\n<tr class=\"border-border\">\n<td colspan=\"1\" rowspan=\"1\">\n<p dir=\"ltr\">Alternativa al cintur\u00f3n<\/p>\n<\/td>\n<td colspan=\"1\" rowspan=\"1\">\n<p dir=\"ltr\">Corbata utilizada como cintur\u00f3n con lazo o nudo.<\/p>\n<\/td>\n<td colspan=\"1\" rowspan=\"1\">\n<p dir=\"ltr\">Vaqueros de cintura alta, faldas<\/p>\n<\/td>\n<\/tr>\n<tr class=\"border-border\">\n<td colspan=\"1\" rowspan=\"1\">\n<p dir=\"ltr\">Decoraci\u00f3n de bolsos<\/p>\n<\/td>\n<td colspan=\"1\" rowspan=\"1\">\n<p dir=\"ltr\">Corbata enrollada alrededor de las asas del bolso<\/p>\n<\/td>\n<td colspan=\"1\" rowspan=\"1\">\n<p dir=\"ltr\">Bolsos de mano, bolsos con correa de cadena<\/p>\n<\/td>\n<\/tr>\n<tr class=\"border-border\">\n<td colspan=\"1\" rowspan=\"1\">\n<p dir=\"ltr\">Accesorio para el cabello<\/p>\n<\/td>\n<td colspan=\"1\" rowspan=\"1\">\n<p dir=\"ltr\">\u00c1talo trenzado al cabello o \u00fasalo como diadema.<\/p>\n<\/td>\n<td colspan=\"1\" rowspan=\"1\">\n<p dir=\"ltr\">Ropa de calle, conjuntos para festivales<\/p>\n<\/td>\n<\/tr>\n<\/tbody>\n<\/table>\n<h2 dir=\"ltr\">Tendencias y perspectivas del mercado<\/h2>\n<p dir=\"ltr\">Las corbatas est\u00e1n experimentando un renacimiento como accesorio vers\u00e1til, impulsado por la tendencia hacia una moda personalizada y rompedora. Plataformas de redes sociales como Instagram muestran un creciente inter\u00e9s en el dise\u00f1o creativo de corbatas, con hashtags como #TieFashion y #ChenilleTie ganando popularidad. Marcas como Supreme y Balenciaga han incorporado parches y bordados de chenilla a sus colecciones, mientras que LY Denim ofrece corbatas de chenilla personalizadas para armarios a medida (LY Denim). El mercado global de accesorios est\u00e1 en auge, con la demanda de dise\u00f1os \u00fanicos y sostenibles que impulsan las corbatas hacia un nuevo territorio creativo (Grand View Research).<\/p>\n<table style=\"height: 311px;\" width=\"1288\">\n<colgroup>\n<col \/>\n<col \/>\n<col \/><\/colgroup>\n<tbody>\n<tr class=\"border-border\">\n<th colspan=\"1\" rowspan=\"1\">\n<p dir=\"ltr\">Tendencia<\/p>\n<\/th>\n<th colspan=\"1\" rowspan=\"1\">\n<p dir=\"ltr\">Descripci\u00f3n<\/p>\n<\/th>\n<th colspan=\"1\" rowspan=\"1\">\n<p dir=\"ltr\">Impacto en el mercado<\/p>\n<\/th>\n<\/tr>\n<tr class=\"border-border\">\n<td colspan=\"1\" rowspan=\"1\">\n<p dir=\"ltr\">Corbatas texturizadas<\/p>\n<\/td>\n<td colspan=\"1\" rowspan=\"1\">\n<p dir=\"ltr\">Las corbatas de chenilla y seda ganan popularidad<\/p>\n<\/td>\n<td colspan=\"1\" rowspan=\"1\">\n<p dir=\"ltr\">Apela a la juventud y a la moda premium<\/p>\n<\/td>\n<\/tr>\n<tr class=\"border-border\">\n<td colspan=\"1\" rowspan=\"1\">\n<p dir=\"ltr\">Uso no tradicional<\/p>\n<\/td>\n<td colspan=\"1\" rowspan=\"1\">\n<p dir=\"ltr\">Corbatas como cinturones, pulseras o decoraci\u00f3n de bolsos.<\/p>\n<\/td>\n<td colspan=\"1\" rowspan=\"1\">\n<p dir=\"ltr\">Impulsa tendencias de estilo creativo<\/p>\n<\/td>\n<\/tr>\n<tr class=\"border-border\">\n<td colspan=\"1\" rowspan=\"1\">\n<p dir=\"ltr\">Sostenibilidad<\/p>\n<\/td>\n<td colspan=\"1\" rowspan=\"1\">\n<p dir=\"ltr\">Demanda de tejidos ecol\u00f3gicos<\/p>\n<\/td>\n<td colspan=\"1\" rowspan=\"1\">\n<p dir=\"ltr\">Impulsa las corbatas de chenilla a base de algod\u00f3n<\/p>\n<\/td>\n<\/tr>\n<tr class=\"border-border\">\n<td colspan=\"1\" rowspan=\"1\">\n<p dir=\"ltr\">Influencia de la pista<\/p>\n<\/td>\n<td colspan=\"1\" rowspan=\"1\">\n<p dir=\"ltr\">Saint Laurent y Dior apuestan por dise\u00f1os atrevidos<\/p>\n<\/td>\n<td colspan=\"1\" rowspan=\"1\">\n<p dir=\"ltr\">Aumenta la adopci\u00f3n generalizada<\/p>\n<\/td>\n<\/tr>\n<\/tbody>\n<\/table>\n<h2 dir=\"ltr\">Conclusi\u00f3n<\/h2>\n<p dir=\"ltr\">La corbata ha evolucionado de una necesidad formal a una declaraci\u00f3n de estilo rebelde. Desde las corbatas metidas por dentro de Saint Laurent hasta los dise\u00f1os invertidos de Dior, este accesorio rompe con los nudos tradicionales para envolver mu\u00f1ecas, cinturas y bolsos. Las corbatas de chenilla, con su textura suave y aterciopelada, aportan un toque acogedor y lujoso, perfecto para looks modernos y texturizados. A medida que la moda abraza la individualidad y la sostenibilidad, las corbatas ya no son solo para el cuello: son un lienzo para la creatividad.<\/p>\n<h2 dir=\"auto\">Servicios de personalizaci\u00f3n de LYDENIM<\/h2>\n<p dir=\"auto\">\ud83c\udfa8 Quiero <strong>telas de mezclilla personalizadas<\/strong> o\u00a0 <strong>\u00fanico<\/strong> <strong>prenda de mezclilla personalizada<\/strong>?LYDENIM se especializa en soluciones a medida para satisfacer sus necesidades de dise\u00f1o y producci\u00f3n.<\/p>\n<p dir=\"auto\">\ud83d\udecd\ufe0f <strong>Explora e insp\u00edrate<\/strong>:Explore nuestra selecci\u00f3n de telas y descubra ideas de dise\u00f1o en <a href=\"https:\/\/lydenim.com\/es\/\" target=\"_blank\" rel=\"noopener noreferrer nofollow\">LYDenim<\/a>.<\/p>\n<p dir=\"auto\">\ud83c\udf10 <strong>Ropa el\u00e1stica<\/strong>:Consulta nuestras ofertas en <a href=\"http:\/\/liangyuantextile.m.en.alibaba.com\" target=\"_blank\" rel=\"noopener noreferrer nofollow\">Mi Alibaba<\/a>. \ud83d\udce9 <strong>Contacto<\/strong>:Comun\u00edquese con nosotros en <a href=\"mailto:malone@lydenim.com\" target=\"_blank\" rel=\"noopener noreferrer nofollow\">malone@lydenim.com<\/a>.<\/p>\n<p dir=\"auto\">Crea tu obra maestra en denim con LYDENIM, tu socio de confianza para <strong>tejido el\u00e1stico<\/strong> y <strong>soluciones de mezclilla personalizadas<\/strong>.<\/p>","protected":false},"excerpt":{"rendered":"<p>Tiempo estimado de lectura: ~3 minutos Introducci\u00f3n La corbata, que en su d\u00eda fue un s\u00edmbolo de formalidad, se ha liberado de sus limitaciones tradicionales.<\/p>","protected":false},"author":1,"featured_media":5905,"comment_status":"open","ping_status":"open","sticky":false,"template":"","format":"standard","meta":{"two_page_speed":[],"footnotes":""},"categories":[76],"tags":[],"class_list":["post-5897","post","type-post","status-publish","format-standard","has-post-thumbnail","hentry","category-garment"],"aioseo_notices":[],"_links":{"self":[{"href":"https:\/\/lydenim.com\/es\/wp-json\/wp\/v2\/posts\/5897","targetHints":{"allow":["GET"]}}],"collection":[{"href":"https:\/\/lydenim.com\/es\/wp-json\/wp\/v2\/posts"}],"about":[{"href":"https:\/\/lydenim.com\/es\/wp-json\/wp\/v2\/types\/post"}],"author":[{"embeddable":true,"href":"https:\/\/lydenim.com\/es\/wp-json\/wp\/v2\/users\/1"}],"replies":[{"embeddable":true,"href":"https:\/\/lydenim.com\/es\/wp-json\/wp\/v2\/comments?post=5897"}],"version-history":[{"count":3,"href":"https:\/\/lydenim.com\/es\/wp-json\/wp\/v2\/posts\/5897\/revisions"}],"predecessor-version":[{"id":6388,"href":"https:\/\/lydenim.com\/es\/wp-json\/wp\/v2\/posts\/5897\/revisions\/6388"}],"wp:featuredmedia":[{"embeddable":true,"href":"https:\/\/lydenim.com\/es\/wp-json\/wp\/v2\/media\/5905"}],"wp:attachment":[{"href":"https:\/\/lydenim.com\/es\/wp-json\/wp\/v2\/media?parent=5897"}],"wp:term":[{"taxonomy":"category","embeddable":true,"href":"https:\/\/lydenim.com\/es\/wp-json\/wp\/v2\/categories?post=5897"},{"taxonomy":"post_tag","embeddable":true,"href":"https:\/\/lydenim.com\/es\/wp-json\/wp\/v2\/tags?post=5897"}],"curies":[{"name":"wp","href":"https:\/\/api.w.org\/{rel}","templated":true}]}}